{"id":257214,"date":"2025-04-24T18:35:37","date_gmt":"2025-04-24T21:35:37","guid":{"rendered":"https:\/\/www.gaveanews.com\/?p=257214"},"modified":"2025-04-24T18:35:40","modified_gmt":"2025-04-24T21:35:40","slug":"a-declaracao-de-john-apos-a-derrota-do-botafogo-na-libertadores","status":"publish","type":"post","link":"https:\/\/www.gaveanews.com\/index.php\/2025\/04\/24\/a-declaracao-de-john-apos-a-derrota-do-botafogo-na-libertadores\/","title":{"rendered":"A declara\u00e7\u00e3o de John ap\u00f3s a derrota do Botafogo na Libertadores"},"content":{"rendered":"\n<h2 class=\"wp-block-heading\" id=\"h-tive-um-azar-na-hora-fui-infeliz-disse-o-goleiro\">&#8220;Tive um azar na hora, fui infeliz&#8221;, disse o goleiro<\/h2>\n\n\n\n<p>O Botafogo foi derrotado por 1 a 0 pelo Estudiantes, na Argentina, com uma falha bizarra do goleiro John. Ap\u00f3s o apito final, o arqueiro do Glorioso admitiu o azar e a infelicidade no lance, mas disse que n\u00e3o foi um erro.<\/p>\n\n\n\n<p>&#8220;Creio que tive um azar na hora, fui infeliz. Acontece, no futebol \u00e0s vezes temos de saber reconhecer nossos erros. N\u00e3o consigo ver como erro, acho que foi mais um detalhe do gramado. Tenho certeza que agora vamos trabalhar bem. Acredito nos meus companheiros. Hoje n\u00e3o fizemos um bom trabalho. N\u00e3o pelo gol, mas toda a equipe hoje n\u00e3o teve uma noite feliz&#8221;, iniciou. <\/p>\n\n\n\n<p>Guido Carrillo inaugurou o placar no est\u00e1dio Jorge Lu\u00eds Hirschi com um chute da entrada da \u00e1rea. A bola desviou em Gregore, ganhou efeito e acabou enganando John. Ap\u00f3s o lance, o goleiro apontou para o gramado e reclamou das condi\u00e7\u00f5es do campo.<\/p>\n\n\n\n<p>&#8220;Fiz o movimento certo. (A bola) Tomou um curva a mais e \u00e9 algo que acontece. \u00c9 levantar a cabe\u00e7a e tenho a cabe\u00e7a a boa. Fui infeliz\u00a0no\u00a0lance&#8221;, finalizou John.<\/p>\n\n\n\n<p>Agora, a vida do Botafogo ficou complicada na competi\u00e7\u00e3o. O Glorioso soma apenas tr\u00eas pontos e ocupa a terceira coloca\u00e7\u00e3o do Grupo A da Copa Libertadores de 2025. A Universidad de Chile lidera com sete e o Estudiantes vem logo atr\u00e1s com seis. Carabobo, da Venezuela, \u00e9 o \u00faltimo colocado com um ponto.<\/p>\n\n\n\n<p>O pr\u00f3ximo advers\u00e1rio do Botafogo na Libertadores \u00e9 justamente o Carabobo, fora de casa. A partida est\u00e1 marcada para o dia 6 de maio, \u00e0s 19h (hor\u00e1rio de Bras\u00edlia). Antes, o Glorioso ter\u00e1 tr\u00eas compromissos, sendo dois pelo Brasileir\u00e3o e um pela Copa do Brasil. <\/p>\n\n\n\n<h2 class=\"wp-block-heading\" id=\"h-proximos-jogos-do-botafogo\">Pr\u00f3ximos jogos do Botafogo:<\/h2>\n\n\n\n<ul class=\"wp-block-list\">\n<li>Botafogo x Fluminense &#8211; 26\/04 &#8211; Brasileir\u00e3o S\u00e9rie A<\/li>\n\n\n\n<li>Botafogo x Capital &#8211; 30\/04 &#8211; Copa do Brasil (jogo de ida da terceira fase)<\/li>\n\n\n\n<li>Bahia x Botafogo &#8211; 03\/05 &#8211; Brasileir\u00e3o S\u00e9rie A <\/li>\n\n\n\n<li>Carabobo x Botafogo &#8211; 06\/05 &#8211; Copa Libertadores <\/li>\n<\/ul>\n","protected":false},"excerpt":{"rendered":"<p>&#8220;Tive um azar na hora, fui infeliz&#8221;, disse o goleiro O Botafogo foi derrotado por 1 a 0 pelo Estudiantes, na Argentina, com uma falha bizarra do goleiro John. Ap\u00f3s o apito final, o arqueiro do Glorioso admitiu o azar e a infelicidade no lance, mas disse que n\u00e3o foi um erro. &#8220;Creio que tive [&hellip;]<\/p>\n","protected":false},"author":21,"featured_media":125909,"comment_status":"open","ping_status":"closed","sticky":false,"template":"","format":"standard","meta":{"footnotes":""},"categories":[138],"tags":[],"class_list":["post-257214","post","type-post","status-publish","format-standard","has-post-thumbnail","hentry","category-botafogo"],"yoast_head":"<!-- This site is optimized with the Yoast SEO Premium plugin v24.2 (Yoast SEO v26.9) - https:\/\/yoast.com\/product\/yoast-seo-premium-wordpress\/ -->\n<title>A declara\u00e7\u00e3o de John ap\u00f3s a derrota do Botafogo na Libertadores<\/title>\n<meta name=\"robots\" content=\"index, follow, max-snippet:-1, max-image-preview:large, max-video-preview:-1\" \/>\n<link rel=\"canonical\" href=\"https:\/\/www.gaveanews.com\/index.php\/2025\/04\/24\/a-declaracao-de-john-apos-a-derrota-do-botafogo-na-libertadores\/\" \/>\n<meta property=\"og:locale\" content=\"pt_BR\" \/>\n<meta property=\"og:type\" content=\"article\" \/>\n<meta property=\"og:title\" content=\"A declara\u00e7\u00e3o de John ap\u00f3s a derrota do Botafogo na Libertadores\" \/>\n<meta property=\"og:description\" content=\"&#8220;Tive um azar na hora, fui infeliz&#8221;, disse o goleiro O Botafogo foi derrotado por 1 a 0 pelo Estudiantes, na Argentina, com uma falha bizarra do goleiro John. Ap\u00f3s o apito final, o arqueiro do Glorioso admitiu o azar e a infelicidade no lance, mas disse que n\u00e3o foi um erro. &#8220;Creio que tive [&hellip;]\" \/>\n<meta property=\"og:url\" content=\"https:\/\/www.gaveanews.com\/index.php\/2025\/04\/24\/a-declaracao-de-john-apos-a-derrota-do-botafogo-na-libertadores\/\" \/>\n<meta property=\"og:site_name\" content=\"G\u00e1vea News\" \/>\n<meta property=\"article:publisher\" content=\"https:\/\/facebook.com\/gaveaNews\/\" \/>\n<meta property=\"article:published_time\" content=\"2025-04-24T21:35:37+00:00\" \/>\n<meta property=\"article:modified_time\" content=\"2025-04-24T21:35:40+00:00\" \/>\n<meta property=\"og:image\" content=\"http:\/\/www.gaveanews.com\/wp-content\/uploads\/johnvictor_1707255982338.webp\" \/>\n\t<meta property=\"og:image:width\" content=\"1440\" \/>\n\t<meta property=\"og:image:height\" content=\"1800\" \/>\n\t<meta property=\"og:image:type\" content=\"image\/jpeg\" \/>\n<meta name=\"author\" content=\"Andr\u00e9 Serra\" \/>\n<meta name=\"twitter:card\" content=\"summary_large_image\" \/>\n<meta name=\"twitter:label1\" content=\"Escrito por\" \/>\n\t<meta name=\"twitter:data1\" content=\"Andr\u00e9 Serra\" \/>\n\t<meta name=\"twitter:label2\" content=\"Est. tempo de leitura\" \/>\n\t<meta name=\"twitter:data2\" content=\"3 minutos\" \/>\n<script type=\"application\/ld+json\" class=\"yoast-schema-graph\">{\"@context\":\"https:\/\/schema.org\",\"@graph\":[{\"@type\":\"NewsArticle\",\"@id\":\"https:\/\/www.gaveanews.com\/index.php\/2025\/04\/24\/a-declaracao-de-john-apos-a-derrota-do-botafogo-na-libertadores\/#article\",\"isPartOf\":{\"@id\":\"https:\/\/www.gaveanews.com\/index.php\/2025\/04\/24\/a-declaracao-de-john-apos-a-derrota-do-botafogo-na-libertadores\/\"},\"author\":{\"name\":\"Andr\u00e9 Serra\",\"@id\":\"https:\/\/www.gaveanews.com\/#\/schema\/person\/0277a79a1289c451c281ec0411d84f0c\"},\"headline\":\"A declara\u00e7\u00e3o de John ap\u00f3s a derrota do Botafogo na Libertadores\",\"datePublished\":\"2025-04-24T21:35:37+00:00\",\"dateModified\":\"2025-04-24T21:35:40+00:00\",\"mainEntityOfPage\":{\"@id\":\"https:\/\/www.gaveanews.com\/index.php\/2025\/04\/24\/a-declaracao-de-john-apos-a-derrota-do-botafogo-na-libertadores\/\"},\"wordCount\":362,\"commentCount\":0,\"image\":{\"@id\":\"https:\/\/www.gaveanews.com\/index.php\/2025\/04\/24\/a-declaracao-de-john-apos-a-derrota-do-botafogo-na-libertadores\/#primaryimage\"},\"thumbnailUrl\":\"https:\/\/www.gaveanews.com\/wp-content\/uploads\/johnvictor_1707255982338.webp\",\"articleSection\":[\"Botafogo\"],\"inLanguage\":\"pt-BR\",\"potentialAction\":[{\"@type\":\"CommentAction\",\"name\":\"Comment\",\"target\":[\"https:\/\/www.gaveanews.com\/index.php\/2025\/04\/24\/a-declaracao-de-john-apos-a-derrota-do-botafogo-na-libertadores\/#respond\"]}],\"copyrightYear\":\"2025\",\"copyrightHolder\":{\"@id\":\"https:\/\/www.gaveanews.com\/#organization\"}},{\"@type\":\"WebPage\",\"@id\":\"https:\/\/www.gaveanews.com\/index.php\/2025\/04\/24\/a-declaracao-de-john-apos-a-derrota-do-botafogo-na-libertadores\/\",\"url\":\"https:\/\/www.gaveanews.com\/index.php\/2025\/04\/24\/a-declaracao-de-john-apos-a-derrota-do-botafogo-na-libertadores\/\",\"name\":\"A declara\u00e7\u00e3o de John ap\u00f3s a derrota do Botafogo na Libertadores\",\"isPartOf\":{\"@id\":\"https:\/\/www.gaveanews.com\/#website\"},\"primaryImageOfPage\":{\"@id\":\"https:\/\/www.gaveanews.com\/index.php\/2025\/04\/24\/a-declaracao-de-john-apos-a-derrota-do-botafogo-na-libertadores\/#primaryimage\"},\"image\":{\"@id\":\"https:\/\/www.gaveanews.com\/index.php\/2025\/04\/24\/a-declaracao-de-john-apos-a-derrota-do-botafogo-na-libertadores\/#primaryimage\"},\"thumbnailUrl\":\"https:\/\/www.gaveanews.com\/wp-content\/uploads\/johnvictor_1707255982338.webp\",\"datePublished\":\"2025-04-24T21:35:37+00:00\",\"dateModified\":\"2025-04-24T21:35:40+00:00\",\"author\":{\"@id\":\"https:\/\/www.gaveanews.com\/#\/schema\/person\/0277a79a1289c451c281ec0411d84f0c\"},\"breadcrumb\":{\"@id\":\"https:\/\/www.gaveanews.com\/index.php\/2025\/04\/24\/a-declaracao-de-john-apos-a-derrota-do-botafogo-na-libertadores\/#breadcrumb\"},\"inLanguage\":\"pt-BR\",\"potentialAction\":[{\"@type\":\"ReadAction\",\"target\":[\"https:\/\/www.gaveanews.com\/index.php\/2025\/04\/24\/a-declaracao-de-john-apos-a-derrota-do-botafogo-na-libertadores\/\"]}]},{\"@type\":\"ImageObject\",\"inLanguage\":\"pt-BR\",\"@id\":\"https:\/\/www.gaveanews.com\/index.php\/2025\/04\/24\/a-declaracao-de-john-apos-a-derrota-do-botafogo-na-libertadores\/#primaryimage\",\"url\":\"https:\/\/www.gaveanews.com\/wp-content\/uploads\/johnvictor_1707255982338.webp\",\"contentUrl\":\"https:\/\/www.gaveanews.com\/wp-content\/uploads\/johnvictor_1707255982338.webp\",\"width\":1440,\"height\":1800,\"caption\":\"John, goleiro do Botafogo (Foto: Reprodu\u00e7\u00e3o\/Instagram)\"},{\"@type\":\"BreadcrumbList\",\"@id\":\"https:\/\/www.gaveanews.com\/index.php\/2025\/04\/24\/a-declaracao-de-john-apos-a-derrota-do-botafogo-na-libertadores\/#breadcrumb\",\"itemListElement\":[{\"@type\":\"ListItem\",\"position\":1,\"name\":\"Home\",\"item\":\"https:\/\/www.gaveanews.com\/\"},{\"@type\":\"ListItem\",\"position\":2,\"name\":\"A declara\u00e7\u00e3o de John ap\u00f3s a derrota do Botafogo na Libertadores\"}]},{\"@type\":\"WebSite\",\"@id\":\"https:\/\/www.gaveanews.com\/#website\",\"url\":\"https:\/\/www.gaveanews.com\/\",\"name\":\"G\u00e1vea News\",\"description\":\"Veja todas as not\u00edcias sobre o Flamengo: Contrata\u00e7\u00f5es, categorias de base, resultados das partidas, tabela de classifica\u00e7\u00e3o, pr\u00f3ximos jogos!\",\"potentialAction\":[{\"@type\":\"SearchAction\",\"target\":{\"@type\":\"EntryPoint\",\"urlTemplate\":\"https:\/\/www.gaveanews.com\/?s={search_term_string}\"},\"query-input\":{\"@type\":\"PropertyValueSpecification\",\"valueRequired\":true,\"valueName\":\"search_term_string\"}}],\"inLanguage\":\"pt-BR\"},{\"@type\":\"Person\",\"@id\":\"https:\/\/www.gaveanews.com\/#\/schema\/person\/0277a79a1289c451c281ec0411d84f0c\",\"name\":\"Andr\u00e9 Serra\",\"image\":{\"@type\":\"ImageObject\",\"inLanguage\":\"pt-BR\",\"@id\":\"https:\/\/www.gaveanews.com\/#\/schema\/person\/image\/\",\"url\":\"https:\/\/secure.gravatar.com\/avatar\/d7231369fe48db93292b3e88eb2162dbd9a34a47a8437d9ef3bcaca2a86a83d7?s=96&d=mm&r=g\",\"contentUrl\":\"https:\/\/secure.gravatar.com\/avatar\/d7231369fe48db93292b3e88eb2162dbd9a34a47a8437d9ef3bcaca2a86a83d7?s=96&d=mm&r=g\",\"caption\":\"Andr\u00e9 Serra\"}}]}<\/script>\n<!-- \/ Yoast SEO Premium plugin. -->","yoast_head_json":{"title":"A declara\u00e7\u00e3o de John ap\u00f3s a derrota do Botafogo na Libertadores","robots":{"index":"index","follow":"follow","max-snippet":"max-snippet:-1","max-image-preview":"max-image-preview:large","max-video-preview":"max-video-preview:-1"},"canonical":"https:\/\/www.gaveanews.com\/index.php\/2025\/04\/24\/a-declaracao-de-john-apos-a-derrota-do-botafogo-na-libertadores\/","og_locale":"pt_BR","og_type":"article","og_title":"A declara\u00e7\u00e3o de John ap\u00f3s a derrota do Botafogo na Libertadores","og_description":"&#8220;Tive um azar na hora, fui infeliz&#8221;, disse o goleiro O Botafogo foi derrotado por 1 a 0 pelo Estudiantes, na Argentina, com uma falha bizarra do goleiro John. Ap\u00f3s o apito final, o arqueiro do Glorioso admitiu o azar e a infelicidade no lance, mas disse que n\u00e3o foi um erro. &#8220;Creio que tive [&hellip;]","og_url":"https:\/\/www.gaveanews.com\/index.php\/2025\/04\/24\/a-declaracao-de-john-apos-a-derrota-do-botafogo-na-libertadores\/","og_site_name":"G\u00e1vea News","article_publisher":"https:\/\/facebook.com\/gaveaNews\/","article_published_time":"2025-04-24T21:35:37+00:00","article_modified_time":"2025-04-24T21:35:40+00:00","og_image":[{"width":1440,"height":1800,"url":"http:\/\/www.gaveanews.com\/wp-content\/uploads\/johnvictor_1707255982338.webp","type":"image\/jpeg"}],"author":"Andr\u00e9 Serra","twitter_card":"summary_large_image","twitter_misc":{"Escrito por":"Andr\u00e9 Serra","Est. tempo de leitura":"3 minutos"},"schema":{"@context":"https:\/\/schema.org","@graph":[{"@type":"NewsArticle","@id":"https:\/\/www.gaveanews.com\/index.php\/2025\/04\/24\/a-declaracao-de-john-apos-a-derrota-do-botafogo-na-libertadores\/#article","isPartOf":{"@id":"https:\/\/www.gaveanews.com\/index.php\/2025\/04\/24\/a-declaracao-de-john-apos-a-derrota-do-botafogo-na-libertadores\/"},"author":{"name":"Andr\u00e9 Serra","@id":"https:\/\/www.gaveanews.com\/#\/schema\/person\/0277a79a1289c451c281ec0411d84f0c"},"headline":"A declara\u00e7\u00e3o de John ap\u00f3s a derrota do Botafogo na Libertadores","datePublished":"2025-04-24T21:35:37+00:00","dateModified":"2025-04-24T21:35:40+00:00","mainEntityOfPage":{"@id":"https:\/\/www.gaveanews.com\/index.php\/2025\/04\/24\/a-declaracao-de-john-apos-a-derrota-do-botafogo-na-libertadores\/"},"wordCount":362,"commentCount":0,"image":{"@id":"https:\/\/www.gaveanews.com\/index.php\/2025\/04\/24\/a-declaracao-de-john-apos-a-derrota-do-botafogo-na-libertadores\/#primaryimage"},"thumbnailUrl":"https:\/\/www.gaveanews.com\/wp-content\/uploads\/johnvictor_1707255982338.webp","articleSection":["Botafogo"],"inLanguage":"pt-BR","potentialAction":[{"@type":"CommentAction","name":"Comment","target":["https:\/\/www.gaveanews.com\/index.php\/2025\/04\/24\/a-declaracao-de-john-apos-a-derrota-do-botafogo-na-libertadores\/#respond"]}],"copyrightYear":"2025","copyrightHolder":{"@id":"https:\/\/www.gaveanews.com\/#organization"}},{"@type":"WebPage","@id":"https:\/\/www.gaveanews.com\/index.php\/2025\/04\/24\/a-declaracao-de-john-apos-a-derrota-do-botafogo-na-libertadores\/","url":"https:\/\/www.gaveanews.com\/index.php\/2025\/04\/24\/a-declaracao-de-john-apos-a-derrota-do-botafogo-na-libertadores\/","name":"A declara\u00e7\u00e3o de John ap\u00f3s a derrota do Botafogo na Libertadores","isPartOf":{"@id":"https:\/\/www.gaveanews.com\/#website"},"primaryImageOfPage":{"@id":"https:\/\/www.gaveanews.com\/index.php\/2025\/04\/24\/a-declaracao-de-john-apos-a-derrota-do-botafogo-na-libertadores\/#primaryimage"},"image":{"@id":"https:\/\/www.gaveanews.com\/index.php\/2025\/04\/24\/a-declaracao-de-john-apos-a-derrota-do-botafogo-na-libertadores\/#primaryimage"},"thumbnailUrl":"https:\/\/www.gaveanews.com\/wp-content\/uploads\/johnvictor_1707255982338.webp","datePublished":"2025-04-24T21:35:37+00:00","dateModified":"2025-04-24T21:35:40+00:00","author":{"@id":"https:\/\/www.gaveanews.com\/#\/schema\/person\/0277a79a1289c451c281ec0411d84f0c"},"breadcrumb":{"@id":"https:\/\/www.gaveanews.com\/index.php\/2025\/04\/24\/a-declaracao-de-john-apos-a-derrota-do-botafogo-na-libertadores\/#breadcrumb"},"inLanguage":"pt-BR","potentialAction":[{"@type":"ReadAction","target":["https:\/\/www.gaveanews.com\/index.php\/2025\/04\/24\/a-declaracao-de-john-apos-a-derrota-do-botafogo-na-libertadores\/"]}]},{"@type":"ImageObject","inLanguage":"pt-BR","@id":"https:\/\/www.gaveanews.com\/index.php\/2025\/04\/24\/a-declaracao-de-john-apos-a-derrota-do-botafogo-na-libertadores\/#primaryimage","url":"https:\/\/www.gaveanews.com\/wp-content\/uploads\/johnvictor_1707255982338.webp","contentUrl":"https:\/\/www.gaveanews.com\/wp-content\/uploads\/johnvictor_1707255982338.webp","width":1440,"height":1800,"caption":"John, goleiro do Botafogo (Foto: Reprodu\u00e7\u00e3o\/Instagram)"},{"@type":"BreadcrumbList","@id":"https:\/\/www.gaveanews.com\/index.php\/2025\/04\/24\/a-declaracao-de-john-apos-a-derrota-do-botafogo-na-libertadores\/#breadcrumb","itemListElement":[{"@type":"ListItem","position":1,"name":"Home","item":"https:\/\/www.gaveanews.com\/"},{"@type":"ListItem","position":2,"name":"A declara\u00e7\u00e3o de John ap\u00f3s a derrota do Botafogo na Libertadores"}]},{"@type":"WebSite","@id":"https:\/\/www.gaveanews.com\/#website","url":"https:\/\/www.gaveanews.com\/","name":"G\u00e1vea News","description":"Veja todas as not\u00edcias sobre o Flamengo: Contrata\u00e7\u00f5es, categorias de base, resultados das partidas, tabela de classifica\u00e7\u00e3o, pr\u00f3ximos jogos!","potentialAction":[{"@type":"SearchAction","target":{"@type":"EntryPoint","urlTemplate":"https:\/\/www.gaveanews.com\/?s={search_term_string}"},"query-input":{"@type":"PropertyValueSpecification","valueRequired":true,"valueName":"search_term_string"}}],"inLanguage":"pt-BR"},{"@type":"Person","@id":"https:\/\/www.gaveanews.com\/#\/schema\/person\/0277a79a1289c451c281ec0411d84f0c","name":"Andr\u00e9 Serra","image":{"@type":"ImageObject","inLanguage":"pt-BR","@id":"https:\/\/www.gaveanews.com\/#\/schema\/person\/image\/","url":"https:\/\/secure.gravatar.com\/avatar\/d7231369fe48db93292b3e88eb2162dbd9a34a47a8437d9ef3bcaca2a86a83d7?s=96&d=mm&r=g","contentUrl":"https:\/\/secure.gravatar.com\/avatar\/d7231369fe48db93292b3e88eb2162dbd9a34a47a8437d9ef3bcaca2a86a83d7?s=96&d=mm&r=g","caption":"Andr\u00e9 Serra"}}]}},"_links":{"self":[{"href":"https:\/\/www.gaveanews.com\/index.php\/wp-json\/wp\/v2\/posts\/257214","targetHints":{"allow":["GET"]}}],"collection":[{"href":"https:\/\/www.gaveanews.com\/index.php\/wp-json\/wp\/v2\/posts"}],"about":[{"href":"https:\/\/www.gaveanews.com\/index.php\/wp-json\/wp\/v2\/types\/post"}],"author":[{"embeddable":true,"href":"https:\/\/www.gaveanews.com\/index.php\/wp-json\/wp\/v2\/users\/21"}],"replies":[{"embeddable":true,"href":"https:\/\/www.gaveanews.com\/index.php\/wp-json\/wp\/v2\/comments?post=257214"}],"version-history":[{"count":1,"href":"https:\/\/www.gaveanews.com\/index.php\/wp-json\/wp\/v2\/posts\/257214\/revisions"}],"predecessor-version":[{"id":257232,"href":"https:\/\/www.gaveanews.com\/index.php\/wp-json\/wp\/v2\/posts\/257214\/revisions\/257232"}],"wp:featuredmedia":[{"embeddable":true,"href":"https:\/\/www.gaveanews.com\/index.php\/wp-json\/wp\/v2\/media\/125909"}],"wp:attachment":[{"href":"https:\/\/www.gaveanews.com\/index.php\/wp-json\/wp\/v2\/media?parent=257214"}],"wp:term":[{"taxonomy":"category","embeddable":true,"href":"https:\/\/www.gaveanews.com\/index.php\/wp-json\/wp\/v2\/categories?post=257214"},{"taxonomy":"post_tag","embeddable":true,"href":"https:\/\/www.gaveanews.com\/index.php\/wp-json\/wp\/v2\/tags?post=257214"}],"curies":[{"name":"wp","href":"https:\/\/api.w.org\/{rel}","templated":true}]}}