{"id":257215,"date":"2025-04-24T18:15:00","date_gmt":"2025-04-24T21:15:00","guid":{"rendered":"https:\/\/www.gaveanews.com\/?p=257215"},"modified":"2025-04-24T18:11:16","modified_gmt":"2025-04-24T21:11:16","slug":"reforco-vindo-da-europa-orcamento-bilionario-e-declaracao-de-petkovic-as-ultimas-noticias-do-flamengo","status":"publish","type":"post","link":"https:\/\/www.gaveanews.com\/index.php\/2025\/04\/24\/reforco-vindo-da-europa-orcamento-bilionario-e-declaracao-de-petkovic-as-ultimas-noticias-do-flamengo\/","title":{"rendered":"Refor\u00e7o vindo da Europa, or\u00e7amento bilion\u00e1rio e declara\u00e7\u00e3o de Petkovic: as \u00faltimas not\u00edcias do Flamengo"},"content":{"rendered":"\n<p>Nas \u00faltimas horas, o foco das not\u00edcias sobre o Flamengo se concentram nos bastidores do clube, com destaques do dia a dia do time.<\/p>\n\n\n\n<p>Por conta deste contexto, leia abaixo um resumo preparado pela equipe do portal G\u00e1vea News para lhe manter muito bem informado!<\/p>\n\n\n\n<h2 class=\"wp-block-heading\" id=\"h-declaracao-de-petkovic\">Declara\u00e7\u00e3o de Petkovic<\/h2>\n\n\n\n<p>Durante o evento de lan\u00e7amento do time master do Flamengo, Petkovic e Andrade se reencontraram para celebrar o in\u00edcio do projeto que visa dar profissionaliza\u00e7\u00e3o ao elenco de veteranos do clube. O ex-camisa 10 aproveitou a ocasi\u00e3o para exaltar o desempenho de Arrascaeta, afirmando que o uruguaio superou seu pr\u00f3prio legado em gols pelo time, o que, segundo ele, demonstra uma heran\u00e7a bem constru\u00edda no futebol. Petkovic ainda fez cr\u00edticas sutis ao aumento de jogadores estrangeiros no Brasil, questionando se os talentos nacionais est\u00e3o sendo devidamente desenvolvidos<strong><a href=\"https:\/\/www.gaveanews.com\/index.php\/2025\/04\/18\/flamengo-a-declaracao-de-petkovic-direcionada-a-arrascaeta\/\"> (leia a mat\u00e9ria completa).<\/a><\/strong><\/p>\n\n\n\n<figure class=\"wp-block-image size-full\"><img decoding=\"async\" src=\"http:\/\/www.gaveanews.com\/wp-content\/uploads\/2019\/02\/Petckovic-durante-o-programa-Selecao-SporTV.webp\" alt=\"\" class=\"wp-image-16273\"\/><figcaption class=\"wp-element-caption\">Petkovic durante o programa Sele\u00e7\u00e3o SporTV (Foto: Reprodu\u00e7\u00e3o)<\/figcaption><\/figure>\n\n\n\n<p>Andrade, \u00eddolo do elenco campe\u00e3o mundial de 1981, tamb\u00e9m se mostrou confiante em rela\u00e7\u00e3o ao atual momento da equipe profissional, especialmente com vistas ao Mundial de Clubes. <\/p>\n\n\n\n<p>Ele destacou a import\u00e2ncia da prepara\u00e7\u00e3o mental dos atletas e afirmou que o imposs\u00edvel pode ser alcan\u00e7ado com dedica\u00e7\u00e3o. O projeto do time master, do qual ser\u00e1 treinador, pretende preservar a hist\u00f3ria do clube ao mesmo tempo em que mant\u00e9m seus \u00eddolos pr\u00f3ximos da torcida.<\/p>\n\n\n\n<p>O elenco master conta com nomes hist\u00f3ricos como L\u00e9o Moura, N\u00e9lio e Tor\u00f3, e disputar\u00e1 o Campeonato Carioca da categoria ao lado de Botafogo, Vasco e Fluminense. A iniciativa refor\u00e7a os la\u00e7os entre gera\u00e7\u00f5es, valorizando as mem\u00f3rias de conquistas passadas e fortalecendo a identidade do Flamengo. O projeto tamb\u00e9m serve como ponte entre o passado glorioso e o presente competitivo, mantendo viva a paix\u00e3o da torcida rubro-negra.<\/p>\n\n\n\n<h2 class=\"wp-block-heading\" id=\"h-orcamento-bilionario\">Or\u00e7amento bilion\u00e1rio<\/h2>\n\n\n\n<p>O Flamengo aprovou seu or\u00e7amento para 2025, projetando uma receita de R$ 1,33 bilh\u00e3o, o que representa um crescimento de 9,2% em rela\u00e7\u00e3o ao ano anterior. Embora o valor fique abaixo do recorde alcan\u00e7ado em 2023, a equipe carioca segue firme como uma das maiores pot\u00eancias econ\u00f4micas do futebol brasileiro. A gest\u00e3o de Luiz Eduardo Baptista, o Bap, \u00e9 respons\u00e1vel pelo novo planejamento, que prioriza equil\u00edbrio financeiro e competitividade em campo <strong><a href=\"https:\/\/www.gaveanews.com\/index.php\/2025\/04\/18\/flamengo-divulga-orcamento-de-2025-com-previsao-de-receita-bilionaria\/\">(leia a mat\u00e9ria completa).<\/a><\/strong><\/p>\n\n\n\n<figure class=\"wp-block-image size-large\"><img loading=\"lazy\" decoding=\"async\" width=\"1024\" height=\"576\" src=\"http:\/\/www.gaveanews.com\/wp-content\/uploads\/Futebol-e-dinheiro-1-1024x576.webp\" alt=\"\" class=\"wp-image-167418\" srcset=\"https:\/\/www.gaveanews.com\/wp-content\/uploads\/Futebol-e-dinheiro-1-1024x576.webp 1024w, https:\/\/www.gaveanews.com\/wp-content\/uploads\/Futebol-e-dinheiro-1-300x169.webp 300w, https:\/\/www.gaveanews.com\/wp-content\/uploads\/Futebol-e-dinheiro-1-768x432.webp 768w, https:\/\/www.gaveanews.com\/wp-content\/uploads\/Futebol-e-dinheiro-1-747x420.webp 747w, https:\/\/www.gaveanews.com\/wp-content\/uploads\/Futebol-e-dinheiro-1-640x360.webp 640w, https:\/\/www.gaveanews.com\/wp-content\/uploads\/Futebol-e-dinheiro-1-681x383.webp 681w, https:\/\/www.gaveanews.com\/wp-content\/uploads\/Futebol-e-dinheiro-1-100x56.webp 100w, https:\/\/www.gaveanews.com\/wp-content\/uploads\/Futebol-e-dinheiro-1.webp 1280w\" sizes=\"auto, (max-width: 1024px) 100vw, 1024px\" \/><figcaption class=\"wp-element-caption\">Futebol e dinheiro (Imagem: Editoria de arte\/G\u00e1vea News\/Henrique Machado)<\/figcaption><\/figure>\n\n\n\n<p>O clube prev\u00ea um super\u00e1vit de R$ 106,9 milh\u00f5es no caixa at\u00e9 o fim da temporada e elevou o investimento em refor\u00e7os de 20 para 25 milh\u00f5es de euros. Parte desses recursos j\u00e1 foi usada na contrata\u00e7\u00e3o de Juninho e nas negocia\u00e7\u00f5es por Danilo e Jorginho. Em contrapartida, a previs\u00e3o de vendas tamb\u00e9m subiu, com expectativa de arrecadar 35 milh\u00f5es de euros, especialmente na janela do meio do ano. Jogadores como Wesley e Alcaraz s\u00e3o vistos como pe\u00e7as-chave para atingir essa meta.<\/p>\n\n\n\n<p>No campo esportivo, o planejamento inclui metas ambiciosas: chegar \u00e0s semifinais da Copa do Brasil e da Libertadores, garantir o segundo lugar no Brasileir\u00e3o e disputar o Mundial de Clubes, cuja premia\u00e7\u00e3o de at\u00e9 R$ 115 milh\u00f5es n\u00e3o foi incorporada ao or\u00e7amento por se tratar de receita incerta. A postura da diretoria rubro-negra demonstra ousadia no mercado, mas tamb\u00e9m responsabilidade na administra\u00e7\u00e3o, combinando investimentos estrat\u00e9gicos com metas realistas para sustentar a hegemonia recente do clube.<\/p>\n\n\n\n<h2 class=\"wp-block-heading\" id=\"h-reforco-vindo-da-europa\">Refor\u00e7o vindo da Europa<\/h2>\n\n\n\n<p>A diretoria do Flamengo j\u00e1 se movimenta nos bastidores visando a pr\u00f3xima janela de transfer\u00eancias. Com a poss\u00edvel sa\u00edda do lateral-direito Wesley, o clube intensifica a busca por um substituto \u00e0 altura, focando em nomes que atuam no futebol europeu. Entre os alvos, destacam-se Arthur, do Bayer Leverkusen, e Vinicius Tobias, do Shakhtar Donetsk, ambos jovens promissores e com passagens por grandes clubes e sele\u00e7\u00f5es de base <strong><a href=\"https:\/\/www.gaveanews.com\/index.php\/2025\/04\/18\/flamengo-vai-buscar-seu-proximo-reforco-na-europa\/\">(leia a mat\u00e9ria completa).<\/a><\/strong><\/p>\n\n\n\n<figure class=\"wp-block-image size-full\"><img loading=\"lazy\" decoding=\"async\" width=\"640\" height=\"426\" src=\"http:\/\/www.gaveanews.com\/wp-content\/uploads\/Bandeira-do-Flamengo-no-estadio-do-Corinthians-antes-do-jogo-contra-o-Fluminense-pelo-Campeonato-Brasileiro-de-2021-640x426-1.webp\" alt=\"\" class=\"wp-image-256243\" srcset=\"https:\/\/www.gaveanews.com\/wp-content\/uploads\/Bandeira-do-Flamengo-no-estadio-do-Corinthians-antes-do-jogo-contra-o-Fluminense-pelo-Campeonato-Brasileiro-de-2021-640x426-1.webp 640w, https:\/\/www.gaveanews.com\/wp-content\/uploads\/Bandeira-do-Flamengo-no-estadio-do-Corinthians-antes-do-jogo-contra-o-Fluminense-pelo-Campeonato-Brasileiro-de-2021-640x426-1-300x200.webp 300w, https:\/\/www.gaveanews.com\/wp-content\/uploads\/Bandeira-do-Flamengo-no-estadio-do-Corinthians-antes-do-jogo-contra-o-Fluminense-pelo-Campeonato-Brasileiro-de-2021-640x426-1-631x420.webp 631w, https:\/\/www.gaveanews.com\/wp-content\/uploads\/Bandeira-do-Flamengo-no-estadio-do-Corinthians-antes-do-jogo-contra-o-Fluminense-pelo-Campeonato-Brasileiro-de-2021-640x426-1-100x67.webp 100w\" sizes=\"auto, (max-width: 640px) 100vw, 640px\" \/><\/figure>\n\n\n\n<p>Arthur, revelado pelo Am\u00e9rica-MG e atualmente sob o comando de Xabi Alonso na Alemanha, \u00e9 visto com bons olhos pela c\u00fapula rubro-negra devido \u00e0 sua versatilidade e desempenho ofensivo. Mesmo ainda sem tratativas oficiais, seu nome aparece com for\u00e7a nos relat\u00f3rios do setor de scout. J\u00e1 Vinicius Tobias, ex-Real Madrid e hoje no Shakhtar, tem liga\u00e7\u00e3o direta com o diretor Jos\u00e9 Boto, que participou de sua contrata\u00e7\u00e3o quando atuava no futebol ucraniano.<\/p>\n\n\n\n<p>Com esse cen\u00e1rio, o Flamengo busca manter o alto n\u00edvel de seu elenco sem comprometer o planejamento estrat\u00e9gico. A atua\u00e7\u00e3o no mercado europeu demonstra a inten\u00e7\u00e3o do clube de antecipar poss\u00edveis sa\u00eddas e garantir op\u00e7\u00f5es de qualidade para a sequ\u00eancia da temporada. A torcida pode, portanto, esperar novidades no setor defensivo em breve, especialmente se a sa\u00edda de Wesley for concretizada.<\/p>\n","protected":false},"excerpt":{"rendered":"<p>Nas \u00faltimas horas, o foco das not\u00edcias sobre o Flamengo se concentram nos bastidores do clube, com destaques do dia a dia do time. Por conta deste contexto, leia abaixo um resumo preparado pela equipe do portal G\u00e1vea News para lhe manter muito bem informado! Declara\u00e7\u00e3o de Petkovic Durante o evento de lan\u00e7amento do time [&hellip;]<\/p>\n","protected":false},"author":33,"featured_media":149729,"comment_status":"open","ping_status":"closed","sticky":false,"template":"","format":"standard","meta":{"footnotes":""},"categories":[1],"tags":[],"class_list":["post-257215","post","type-post","status-publish","format-standard","has-post-thumbnail","hentry","category-flamengo"],"yoast_head":"<!-- This site is optimized with the Yoast SEO Premium plugin v24.2 (Yoast SEO v26.9) - https:\/\/yoast.com\/product\/yoast-seo-premium-wordpress\/ -->\n<title>Refor\u00e7o vindo da Europa, or\u00e7amento bilion\u00e1rio e declara\u00e7\u00e3o de Petkovic: as \u00faltimas not\u00edcias do Flamengo<\/title>\n<meta name=\"robots\" content=\"index, follow, max-snippet:-1, max-image-preview:large, max-video-preview:-1\" \/>\n<link rel=\"canonical\" href=\"https:\/\/www.gaveanews.com\/index.php\/2025\/04\/24\/reforco-vindo-da-europa-orcamento-bilionario-e-declaracao-de-petkovic-as-ultimas-noticias-do-flamengo\/\" \/>\n<meta property=\"og:locale\" content=\"pt_BR\" \/>\n<meta property=\"og:type\" content=\"article\" \/>\n<meta property=\"og:title\" content=\"Refor\u00e7o vindo da Europa, or\u00e7amento bilion\u00e1rio e declara\u00e7\u00e3o de Petkovic: as \u00faltimas not\u00edcias do Flamengo\" \/>\n<meta property=\"og:description\" content=\"Nas \u00faltimas horas, o foco das not\u00edcias sobre o Flamengo se concentram nos bastidores do clube, com destaques do dia a dia do time. Por conta deste contexto, leia abaixo um resumo preparado pela equipe do portal G\u00e1vea News para lhe manter muito bem informado! Declara\u00e7\u00e3o de Petkovic Durante o evento de lan\u00e7amento do time [&hellip;]\" \/>\n<meta property=\"og:url\" content=\"https:\/\/www.gaveanews.com\/index.php\/2025\/04\/24\/reforco-vindo-da-europa-orcamento-bilionario-e-declaracao-de-petkovic-as-ultimas-noticias-do-flamengo\/\" \/>\n<meta property=\"og:site_name\" content=\"G\u00e1vea News\" \/>\n<meta property=\"article:publisher\" content=\"https:\/\/facebook.com\/gaveaNews\/\" \/>\n<meta property=\"article:published_time\" content=\"2025-04-24T21:15:00+00:00\" \/>\n<meta property=\"og:image\" content=\"https:\/\/www.gaveanews.com\/wp-content\/uploads\/Adidas-promove-mundaca-na-camisa-do-Flamengo.webp\" \/>\n\t<meta property=\"og:image:width\" content=\"711\" \/>\n\t<meta property=\"og:image:height\" content=\"708\" \/>\n\t<meta property=\"og:image:type\" content=\"image\/jpeg\" \/>\n<meta name=\"author\" content=\"Brenda Cezillo\" \/>\n<meta name=\"twitter:card\" content=\"summary_large_image\" \/>\n<meta name=\"twitter:label1\" content=\"Escrito por\" \/>\n\t<meta name=\"twitter:data1\" content=\"Brenda Cezillo\" \/>\n\t<meta name=\"twitter:label2\" content=\"Est. tempo de leitura\" \/>\n\t<meta name=\"twitter:data2\" content=\"5 minutos\" \/>\n<script type=\"application\/ld+json\" class=\"yoast-schema-graph\">{\"@context\":\"https:\/\/schema.org\",\"@graph\":[{\"@type\":\"NewsArticle\",\"@id\":\"https:\/\/www.gaveanews.com\/index.php\/2025\/04\/24\/reforco-vindo-da-europa-orcamento-bilionario-e-declaracao-de-petkovic-as-ultimas-noticias-do-flamengo\/#article\",\"isPartOf\":{\"@id\":\"https:\/\/www.gaveanews.com\/index.php\/2025\/04\/24\/reforco-vindo-da-europa-orcamento-bilionario-e-declaracao-de-petkovic-as-ultimas-noticias-do-flamengo\/\"},\"author\":{\"name\":\"Brenda Cezillo\",\"@id\":\"https:\/\/www.gaveanews.com\/#\/schema\/person\/c79759ca337c40791ae8d08e2923d403\"},\"headline\":\"Refor\u00e7o vindo da Europa, or\u00e7amento bilion\u00e1rio e declara\u00e7\u00e3o de Petkovic: as \u00faltimas not\u00edcias do Flamengo\",\"datePublished\":\"2025-04-24T21:15:00+00:00\",\"mainEntityOfPage\":{\"@id\":\"https:\/\/www.gaveanews.com\/index.php\/2025\/04\/24\/reforco-vindo-da-europa-orcamento-bilionario-e-declaracao-de-petkovic-as-ultimas-noticias-do-flamengo\/\"},\"wordCount\":834,\"commentCount\":0,\"image\":{\"@id\":\"https:\/\/www.gaveanews.com\/index.php\/2025\/04\/24\/reforco-vindo-da-europa-orcamento-bilionario-e-declaracao-de-petkovic-as-ultimas-noticias-do-flamengo\/#primaryimage\"},\"thumbnailUrl\":\"https:\/\/www.gaveanews.com\/wp-content\/uploads\/Adidas-promove-mundaca-na-camisa-do-Flamengo.webp\",\"articleSection\":[\"Flamengo\"],\"inLanguage\":\"pt-BR\",\"potentialAction\":[{\"@type\":\"CommentAction\",\"name\":\"Comment\",\"target\":[\"https:\/\/www.gaveanews.com\/index.php\/2025\/04\/24\/reforco-vindo-da-europa-orcamento-bilionario-e-declaracao-de-petkovic-as-ultimas-noticias-do-flamengo\/#respond\"]}],\"copyrightYear\":\"2025\",\"copyrightHolder\":{\"@id\":\"https:\/\/www.gaveanews.com\/#organization\"}},{\"@type\":\"WebPage\",\"@id\":\"https:\/\/www.gaveanews.com\/index.php\/2025\/04\/24\/reforco-vindo-da-europa-orcamento-bilionario-e-declaracao-de-petkovic-as-ultimas-noticias-do-flamengo\/\",\"url\":\"https:\/\/www.gaveanews.com\/index.php\/2025\/04\/24\/reforco-vindo-da-europa-orcamento-bilionario-e-declaracao-de-petkovic-as-ultimas-noticias-do-flamengo\/\",\"name\":\"Refor\u00e7o vindo da Europa, or\u00e7amento bilion\u00e1rio e declara\u00e7\u00e3o de Petkovic: as \u00faltimas not\u00edcias do Flamengo\",\"isPartOf\":{\"@id\":\"https:\/\/www.gaveanews.com\/#website\"},\"primaryImageOfPage\":{\"@id\":\"https:\/\/www.gaveanews.com\/index.php\/2025\/04\/24\/reforco-vindo-da-europa-orcamento-bilionario-e-declaracao-de-petkovic-as-ultimas-noticias-do-flamengo\/#primaryimage\"},\"image\":{\"@id\":\"https:\/\/www.gaveanews.com\/index.php\/2025\/04\/24\/reforco-vindo-da-europa-orcamento-bilionario-e-declaracao-de-petkovic-as-ultimas-noticias-do-flamengo\/#primaryimage\"},\"thumbnailUrl\":\"https:\/\/www.gaveanews.com\/wp-content\/uploads\/Adidas-promove-mundaca-na-camisa-do-Flamengo.webp\",\"datePublished\":\"2025-04-24T21:15:00+00:00\",\"author\":{\"@id\":\"https:\/\/www.gaveanews.com\/#\/schema\/person\/c79759ca337c40791ae8d08e2923d403\"},\"breadcrumb\":{\"@id\":\"https:\/\/www.gaveanews.com\/index.php\/2025\/04\/24\/reforco-vindo-da-europa-orcamento-bilionario-e-declaracao-de-petkovic-as-ultimas-noticias-do-flamengo\/#breadcrumb\"},\"inLanguage\":\"pt-BR\",\"potentialAction\":[{\"@type\":\"ReadAction\",\"target\":[\"https:\/\/www.gaveanews.com\/index.php\/2025\/04\/24\/reforco-vindo-da-europa-orcamento-bilionario-e-declaracao-de-petkovic-as-ultimas-noticias-do-flamengo\/\"]}]},{\"@type\":\"ImageObject\",\"inLanguage\":\"pt-BR\",\"@id\":\"https:\/\/www.gaveanews.com\/index.php\/2025\/04\/24\/reforco-vindo-da-europa-orcamento-bilionario-e-declaracao-de-petkovic-as-ultimas-noticias-do-flamengo\/#primaryimage\",\"url\":\"https:\/\/www.gaveanews.com\/wp-content\/uploads\/Adidas-promove-mundaca-na-camisa-do-Flamengo.webp\",\"contentUrl\":\"https:\/\/www.gaveanews.com\/wp-content\/uploads\/Adidas-promove-mundaca-na-camisa-do-Flamengo.webp\",\"width\":711,\"height\":708,\"caption\":\"Adidas promove mudan\u00e7a na camisa do Flamengo (Imagem: Editoria de arte\/G\u00e1vea News\/Henrique Machado)\"},{\"@type\":\"BreadcrumbList\",\"@id\":\"https:\/\/www.gaveanews.com\/index.php\/2025\/04\/24\/reforco-vindo-da-europa-orcamento-bilionario-e-declaracao-de-petkovic-as-ultimas-noticias-do-flamengo\/#breadcrumb\",\"itemListElement\":[{\"@type\":\"ListItem\",\"position\":1,\"name\":\"Home\",\"item\":\"https:\/\/www.gaveanews.com\/\"},{\"@type\":\"ListItem\",\"position\":2,\"name\":\"Refor\u00e7o vindo da Europa, or\u00e7amento bilion\u00e1rio e declara\u00e7\u00e3o de Petkovic: as \u00faltimas not\u00edcias do Flamengo\"}]},{\"@type\":\"WebSite\",\"@id\":\"https:\/\/www.gaveanews.com\/#website\",\"url\":\"https:\/\/www.gaveanews.com\/\",\"name\":\"G\u00e1vea News\",\"description\":\"Veja todas as not\u00edcias sobre o Flamengo: Contrata\u00e7\u00f5es, categorias de base, resultados das partidas, tabela de classifica\u00e7\u00e3o, pr\u00f3ximos jogos!\",\"potentialAction\":[{\"@type\":\"SearchAction\",\"target\":{\"@type\":\"EntryPoint\",\"urlTemplate\":\"https:\/\/www.gaveanews.com\/?s={search_term_string}\"},\"query-input\":{\"@type\":\"PropertyValueSpecification\",\"valueRequired\":true,\"valueName\":\"search_term_string\"}}],\"inLanguage\":\"pt-BR\"},{\"@type\":\"Person\",\"@id\":\"https:\/\/www.gaveanews.com\/#\/schema\/person\/c79759ca337c40791ae8d08e2923d403\",\"name\":\"Brenda Cezillo\",\"image\":{\"@type\":\"ImageObject\",\"inLanguage\":\"pt-BR\",\"@id\":\"https:\/\/www.gaveanews.com\/#\/schema\/person\/image\/\",\"url\":\"https:\/\/secure.gravatar.com\/avatar\/1738d75cee7317f9c29ae61dd67620c5883d80a92e42a6fff88ae5d527af217a?s=96&d=mm&r=g\",\"contentUrl\":\"https:\/\/secure.gravatar.com\/avatar\/1738d75cee7317f9c29ae61dd67620c5883d80a92e42a6fff88ae5d527af217a?s=96&d=mm&r=g\",\"caption\":\"Brenda Cezillo\"}}]}<\/script>\n<!-- \/ Yoast SEO Premium plugin. -->","yoast_head_json":{"title":"Refor\u00e7o vindo da Europa, or\u00e7amento bilion\u00e1rio e declara\u00e7\u00e3o de Petkovic: as \u00faltimas not\u00edcias do Flamengo","robots":{"index":"index","follow":"follow","max-snippet":"max-snippet:-1","max-image-preview":"max-image-preview:large","max-video-preview":"max-video-preview:-1"},"canonical":"https:\/\/www.gaveanews.com\/index.php\/2025\/04\/24\/reforco-vindo-da-europa-orcamento-bilionario-e-declaracao-de-petkovic-as-ultimas-noticias-do-flamengo\/","og_locale":"pt_BR","og_type":"article","og_title":"Refor\u00e7o vindo da Europa, or\u00e7amento bilion\u00e1rio e declara\u00e7\u00e3o de Petkovic: as \u00faltimas not\u00edcias do Flamengo","og_description":"Nas \u00faltimas horas, o foco das not\u00edcias sobre o Flamengo se concentram nos bastidores do clube, com destaques do dia a dia do time. Por conta deste contexto, leia abaixo um resumo preparado pela equipe do portal G\u00e1vea News para lhe manter muito bem informado! Declara\u00e7\u00e3o de Petkovic Durante o evento de lan\u00e7amento do time [&hellip;]","og_url":"https:\/\/www.gaveanews.com\/index.php\/2025\/04\/24\/reforco-vindo-da-europa-orcamento-bilionario-e-declaracao-de-petkovic-as-ultimas-noticias-do-flamengo\/","og_site_name":"G\u00e1vea News","article_publisher":"https:\/\/facebook.com\/gaveaNews\/","article_published_time":"2025-04-24T21:15:00+00:00","og_image":[{"width":711,"height":708,"url":"https:\/\/www.gaveanews.com\/wp-content\/uploads\/Adidas-promove-mundaca-na-camisa-do-Flamengo.webp","type":"image\/jpeg"}],"author":"Brenda Cezillo","twitter_card":"summary_large_image","twitter_misc":{"Escrito por":"Brenda Cezillo","Est. tempo de leitura":"5 minutos"},"schema":{"@context":"https:\/\/schema.org","@graph":[{"@type":"NewsArticle","@id":"https:\/\/www.gaveanews.com\/index.php\/2025\/04\/24\/reforco-vindo-da-europa-orcamento-bilionario-e-declaracao-de-petkovic-as-ultimas-noticias-do-flamengo\/#article","isPartOf":{"@id":"https:\/\/www.gaveanews.com\/index.php\/2025\/04\/24\/reforco-vindo-da-europa-orcamento-bilionario-e-declaracao-de-petkovic-as-ultimas-noticias-do-flamengo\/"},"author":{"name":"Brenda Cezillo","@id":"https:\/\/www.gaveanews.com\/#\/schema\/person\/c79759ca337c40791ae8d08e2923d403"},"headline":"Refor\u00e7o vindo da Europa, or\u00e7amento bilion\u00e1rio e declara\u00e7\u00e3o de Petkovic: as \u00faltimas not\u00edcias do Flamengo","datePublished":"2025-04-24T21:15:00+00:00","mainEntityOfPage":{"@id":"https:\/\/www.gaveanews.com\/index.php\/2025\/04\/24\/reforco-vindo-da-europa-orcamento-bilionario-e-declaracao-de-petkovic-as-ultimas-noticias-do-flamengo\/"},"wordCount":834,"commentCount":0,"image":{"@id":"https:\/\/www.gaveanews.com\/index.php\/2025\/04\/24\/reforco-vindo-da-europa-orcamento-bilionario-e-declaracao-de-petkovic-as-ultimas-noticias-do-flamengo\/#primaryimage"},"thumbnailUrl":"https:\/\/www.gaveanews.com\/wp-content\/uploads\/Adidas-promove-mundaca-na-camisa-do-Flamengo.webp","articleSection":["Flamengo"],"inLanguage":"pt-BR","potentialAction":[{"@type":"CommentAction","name":"Comment","target":["https:\/\/www.gaveanews.com\/index.php\/2025\/04\/24\/reforco-vindo-da-europa-orcamento-bilionario-e-declaracao-de-petkovic-as-ultimas-noticias-do-flamengo\/#respond"]}],"copyrightYear":"2025","copyrightHolder":{"@id":"https:\/\/www.gaveanews.com\/#organization"}},{"@type":"WebPage","@id":"https:\/\/www.gaveanews.com\/index.php\/2025\/04\/24\/reforco-vindo-da-europa-orcamento-bilionario-e-declaracao-de-petkovic-as-ultimas-noticias-do-flamengo\/","url":"https:\/\/www.gaveanews.com\/index.php\/2025\/04\/24\/reforco-vindo-da-europa-orcamento-bilionario-e-declaracao-de-petkovic-as-ultimas-noticias-do-flamengo\/","name":"Refor\u00e7o vindo da Europa, or\u00e7amento bilion\u00e1rio e declara\u00e7\u00e3o de Petkovic: as \u00faltimas not\u00edcias do Flamengo","isPartOf":{"@id":"https:\/\/www.gaveanews.com\/#website"},"primaryImageOfPage":{"@id":"https:\/\/www.gaveanews.com\/index.php\/2025\/04\/24\/reforco-vindo-da-europa-orcamento-bilionario-e-declaracao-de-petkovic-as-ultimas-noticias-do-flamengo\/#primaryimage"},"image":{"@id":"https:\/\/www.gaveanews.com\/index.php\/2025\/04\/24\/reforco-vindo-da-europa-orcamento-bilionario-e-declaracao-de-petkovic-as-ultimas-noticias-do-flamengo\/#primaryimage"},"thumbnailUrl":"https:\/\/www.gaveanews.com\/wp-content\/uploads\/Adidas-promove-mundaca-na-camisa-do-Flamengo.webp","datePublished":"2025-04-24T21:15:00+00:00","author":{"@id":"https:\/\/www.gaveanews.com\/#\/schema\/person\/c79759ca337c40791ae8d08e2923d403"},"breadcrumb":{"@id":"https:\/\/www.gaveanews.com\/index.php\/2025\/04\/24\/reforco-vindo-da-europa-orcamento-bilionario-e-declaracao-de-petkovic-as-ultimas-noticias-do-flamengo\/#breadcrumb"},"inLanguage":"pt-BR","potentialAction":[{"@type":"ReadAction","target":["https:\/\/www.gaveanews.com\/index.php\/2025\/04\/24\/reforco-vindo-da-europa-orcamento-bilionario-e-declaracao-de-petkovic-as-ultimas-noticias-do-flamengo\/"]}]},{"@type":"ImageObject","inLanguage":"pt-BR","@id":"https:\/\/www.gaveanews.com\/index.php\/2025\/04\/24\/reforco-vindo-da-europa-orcamento-bilionario-e-declaracao-de-petkovic-as-ultimas-noticias-do-flamengo\/#primaryimage","url":"https:\/\/www.gaveanews.com\/wp-content\/uploads\/Adidas-promove-mundaca-na-camisa-do-Flamengo.webp","contentUrl":"https:\/\/www.gaveanews.com\/wp-content\/uploads\/Adidas-promove-mundaca-na-camisa-do-Flamengo.webp","width":711,"height":708,"caption":"Adidas promove mudan\u00e7a na camisa do Flamengo (Imagem: Editoria de arte\/G\u00e1vea News\/Henrique Machado)"},{"@type":"BreadcrumbList","@id":"https:\/\/www.gaveanews.com\/index.php\/2025\/04\/24\/reforco-vindo-da-europa-orcamento-bilionario-e-declaracao-de-petkovic-as-ultimas-noticias-do-flamengo\/#breadcrumb","itemListElement":[{"@type":"ListItem","position":1,"name":"Home","item":"https:\/\/www.gaveanews.com\/"},{"@type":"ListItem","position":2,"name":"Refor\u00e7o vindo da Europa, or\u00e7amento bilion\u00e1rio e declara\u00e7\u00e3o de Petkovic: as \u00faltimas not\u00edcias do Flamengo"}]},{"@type":"WebSite","@id":"https:\/\/www.gaveanews.com\/#website","url":"https:\/\/www.gaveanews.com\/","name":"G\u00e1vea News","description":"Veja todas as not\u00edcias sobre o Flamengo: Contrata\u00e7\u00f5es, categorias de base, resultados das partidas, tabela de classifica\u00e7\u00e3o, pr\u00f3ximos jogos!","potentialAction":[{"@type":"SearchAction","target":{"@type":"EntryPoint","urlTemplate":"https:\/\/www.gaveanews.com\/?s={search_term_string}"},"query-input":{"@type":"PropertyValueSpecification","valueRequired":true,"valueName":"search_term_string"}}],"inLanguage":"pt-BR"},{"@type":"Person","@id":"https:\/\/www.gaveanews.com\/#\/schema\/person\/c79759ca337c40791ae8d08e2923d403","name":"Brenda Cezillo","image":{"@type":"ImageObject","inLanguage":"pt-BR","@id":"https:\/\/www.gaveanews.com\/#\/schema\/person\/image\/","url":"https:\/\/secure.gravatar.com\/avatar\/1738d75cee7317f9c29ae61dd67620c5883d80a92e42a6fff88ae5d527af217a?s=96&d=mm&r=g","contentUrl":"https:\/\/secure.gravatar.com\/avatar\/1738d75cee7317f9c29ae61dd67620c5883d80a92e42a6fff88ae5d527af217a?s=96&d=mm&r=g","caption":"Brenda Cezillo"}}]}},"_links":{"self":[{"href":"https:\/\/www.gaveanews.com\/index.php\/wp-json\/wp\/v2\/posts\/257215","targetHints":{"allow":["GET"]}}],"collection":[{"href":"https:\/\/www.gaveanews.com\/index.php\/wp-json\/wp\/v2\/posts"}],"about":[{"href":"https:\/\/www.gaveanews.com\/index.php\/wp-json\/wp\/v2\/types\/post"}],"author":[{"embeddable":true,"href":"https:\/\/www.gaveanews.com\/index.php\/wp-json\/wp\/v2\/users\/33"}],"replies":[{"embeddable":true,"href":"https:\/\/www.gaveanews.com\/index.php\/wp-json\/wp\/v2\/comments?post=257215"}],"version-history":[{"count":1,"href":"https:\/\/www.gaveanews.com\/index.php\/wp-json\/wp\/v2\/posts\/257215\/revisions"}],"predecessor-version":[{"id":257218,"href":"https:\/\/www.gaveanews.com\/index.php\/wp-json\/wp\/v2\/posts\/257215\/revisions\/257218"}],"wp:featuredmedia":[{"embeddable":true,"href":"https:\/\/www.gaveanews.com\/index.php\/wp-json\/wp\/v2\/media\/149729"}],"wp:attachment":[{"href":"https:\/\/www.gaveanews.com\/index.php\/wp-json\/wp\/v2\/media?parent=257215"}],"wp:term":[{"taxonomy":"category","embeddable":true,"href":"https:\/\/www.gaveanews.com\/index.php\/wp-json\/wp\/v2\/categories?post=257215"},{"taxonomy":"post_tag","embeddable":true,"href":"https:\/\/www.gaveanews.com\/index.php\/wp-json\/wp\/v2\/tags?post=257215"}],"curies":[{"name":"wp","href":"https:\/\/api.w.org\/{rel}","templated":true}]}}