{"id":257219,"date":"2025-04-24T18:25:00","date_gmt":"2025-04-24T21:25:00","guid":{"rendered":"https:\/\/www.gaveanews.com\/?p=257219"},"modified":"2025-04-24T18:20:46","modified_gmt":"2025-04-24T21:20:46","slug":"lesao-de-mbappe-ancelotti-na-selecao-e-real-mira-reforco-no-mundial-as-ultimas-noticias-do-real-madrid","status":"publish","type":"post","link":"https:\/\/www.gaveanews.com\/index.php\/2025\/04\/24\/lesao-de-mbappe-ancelotti-na-selecao-e-real-mira-reforco-no-mundial-as-ultimas-noticias-do-real-madrid\/","title":{"rendered":"Les\u00e3o de Mbapp\u00e9, Ancelotti na sele\u00e7\u00e3o e Real mira refor\u00e7o no Mundial: as \u00faltimas not\u00edcias do Real Madrid"},"content":{"rendered":"\n<p>Nas \u00faltimas horas, o foco das not\u00edcias sobre o Real Madrid se concentram nos bastidores do clube, com destaques do dia a dia do time.<\/p>\n\n\n\n<p>Por conta deste contexto, leia abaixo um resumo preparado pela equipe do portal G\u00e1vea News para lhe manter muito bem informado!<\/p>\n\n\n\n<h2 class=\"wp-block-heading\" id=\"h-real-mira-reforco-no-mundial\">Real mira refor\u00e7o no Mundial<\/h2>\n\n\n\n<p>O Real Madrid poder\u00e1 contar com um importante refor\u00e7o para o Super Mundial de Clubes da FIFA: \u00c9der Milit\u00e3o est\u00e1 em fase final de recupera\u00e7\u00e3o de uma grave les\u00e3o no joelho. O zagueiro brasileiro, pe\u00e7a essencial no esquema defensivo de Ancelotti, vinha sendo desfalque desde novembro devido \u00e0 ruptura no ligamento cruzado anterior. Apesar da previs\u00e3o inicial apontar retorno apenas em agosto, a evolu\u00e7\u00e3o positiva nos treinos em Valdebebas reacendeu a esperan\u00e7a da comiss\u00e3o t\u00e9cnica sobre sua participa\u00e7\u00e3o no torneio <strong><a href=\"https:\/\/www.gaveanews.com\/index.php\/2025\/04\/18\/real-madrid-deve-ganhar-reforco-para-o-mundial-de-clubes\/\">(leia a mat\u00e9ria completa).<\/a><\/strong><\/p>\n\n\n\n<figure class=\"wp-block-image size-full\"><img loading=\"lazy\" decoding=\"async\" width=\"509\" height=\"436\" src=\"http:\/\/www.gaveanews.com\/wp-content\/uploads\/Eder-Militao-passa-por-cirurgia-no-joelho.webp\" alt=\"\" class=\"wp-image-187570\" srcset=\"https:\/\/www.gaveanews.com\/wp-content\/uploads\/Eder-Militao-passa-por-cirurgia-no-joelho.webp 509w, https:\/\/www.gaveanews.com\/wp-content\/uploads\/Eder-Militao-passa-por-cirurgia-no-joelho-300x257.webp 300w, https:\/\/www.gaveanews.com\/wp-content\/uploads\/Eder-Militao-passa-por-cirurgia-no-joelho-490x420.webp 490w, https:\/\/www.gaveanews.com\/wp-content\/uploads\/Eder-Militao-passa-por-cirurgia-no-joelho-100x86.webp 100w\" sizes=\"auto, (max-width: 509px) 100vw, 509px\" \/><figcaption class=\"wp-element-caption\">Eder Milit\u00e3o passa por cirurgia no joelho (Foto: Reprodu\u00e7\u00e3o\/Instagram)<\/figcaption><\/figure>\n\n\n\n<p>Durante sua aus\u00eancia, a zaga merengue teve que se adaptar, com o jovem Ra\u00fal Asencio dividindo responsabilidades com R\u00fcdiger. Embora a dupla tenha mostrado momentos s\u00f3lidos, a inconsist\u00eancia defensiva se tornou um problema evidente diante de advers\u00e1rios mais agressivos. <\/p>\n\n\n\n<p>Milit\u00e3o, al\u00e9m de sua capacidade t\u00e9cnica, representa um l\u00edder no vesti\u00e1rio, o que tem sido ressaltado por membros da equipe t\u00e9cnica. A presen\u00e7a constante do jogador nos treinos e sua postura vibrante com os colegas refor\u00e7am essa influ\u00eancia.<\/p>\n\n\n\n<p>O Super Mundial de Clubes, que estreia com novo formato e contar\u00e1 com 32 clubes, ser\u00e1 disputado entre junho e julho nos Estados Unidos. A diretoria do Real Madrid, por\u00e9m, adota cautela e afirma que s\u00f3 utilizar\u00e1 Milit\u00e3o se ele estiver plenamente recuperado. O retorno do defensor no momento decisivo da temporada pode ser um diferencial importante para os merengues, que buscam reafirmar seu protagonismo global.<\/p>\n\n\n\n<h2 class=\"wp-block-heading\" id=\"h-ancelotti-na-selecao\">Ancelotti na sele\u00e7\u00e3o<\/h2>\n\n\n\n<p>Carlo Ancelotti voltou a ser questionado sobre um poss\u00edvel acerto com a CBF para comandar a Sele\u00e7\u00e3o Brasileira, mas o t\u00e9cnico do Real Madrid preferiu adotar uma postura cautelosa. Durante entrevista ap\u00f3s a elimina\u00e7\u00e3o da equipe na Liga dos Campe\u00f5es, o italiano afirmou que s\u00f3 tratar\u00e1 do assunto ao fim da temporada europeia. Ele tamb\u00e9m negou qualquer atrito com a diretoria merengue, apesar das recentes especula\u00e7\u00f5es na imprensa<strong><a href=\"https:\/\/www.gaveanews.com\/index.php\/2025\/04\/19\/ancelotti-da-nova-versao-sobre-possivel-acordo-com-a-cbf\/\"> (leia a mat\u00e9ria completa).<\/a><\/strong><\/p>\n\n\n\n<figure class=\"wp-block-image size-full\"><img loading=\"lazy\" decoding=\"async\" width=\"984\" height=\"678\" src=\"http:\/\/www.gaveanews.com\/wp-content\/uploads\/2023-04-29t184531z-1598421574-up1ej4t1g3tth-rtrmadp-3-soccer-spain-mad-uda-report.webp\" alt=\"\" class=\"wp-image-119629\" srcset=\"https:\/\/www.gaveanews.com\/wp-content\/uploads\/2023-04-29t184531z-1598421574-up1ej4t1g3tth-rtrmadp-3-soccer-spain-mad-uda-report.webp 984w, https:\/\/www.gaveanews.com\/wp-content\/uploads\/2023-04-29t184531z-1598421574-up1ej4t1g3tth-rtrmadp-3-soccer-spain-mad-uda-report-300x207.webp 300w, https:\/\/www.gaveanews.com\/wp-content\/uploads\/2023-04-29t184531z-1598421574-up1ej4t1g3tth-rtrmadp-3-soccer-spain-mad-uda-report-768x529.webp 768w, https:\/\/www.gaveanews.com\/wp-content\/uploads\/2023-04-29t184531z-1598421574-up1ej4t1g3tth-rtrmadp-3-soccer-spain-mad-uda-report-610x420.webp 610w, https:\/\/www.gaveanews.com\/wp-content\/uploads\/2023-04-29t184531z-1598421574-up1ej4t1g3tth-rtrmadp-3-soccer-spain-mad-uda-report-640x441.webp 640w, https:\/\/www.gaveanews.com\/wp-content\/uploads\/2023-04-29t184531z-1598421574-up1ej4t1g3tth-rtrmadp-3-soccer-spain-mad-uda-report-681x469.webp 681w, https:\/\/www.gaveanews.com\/wp-content\/uploads\/2023-04-29t184531z-1598421574-up1ej4t1g3tth-rtrmadp-3-soccer-spain-mad-uda-report-100x69.webp 100w\" sizes=\"auto, (max-width: 984px) 100vw, 984px\" \/><figcaption class=\"wp-element-caption\">Carlo Ancelotti, t\u00e9cnico do Real Madrid (Foto: Reuters)<\/figcaption><\/figure>\n\n\n\n<p>A press\u00e3o sobre Ancelotti aumentou ap\u00f3s a queda diante do Arsenal nas quartas da Champions e os resultados inconsistentes em La Liga, onde o Real Madrid ocupa a vice-lideran\u00e7a, atr\u00e1s do Barcelona. Mesmo com contrato at\u00e9 2026, rumores indicam uma poss\u00edvel sa\u00edda antecipada. O treinador demonstrou irrita\u00e7\u00e3o com a insist\u00eancia das perguntas sobre seu futuro e refor\u00e7ou que sua prioridade, por ora, \u00e9 concluir a temporada com foco nas competi\u00e7\u00f5es restantes: o Campeonato Espanhol, a Copa do Rei e o novo Mundial de Clubes da FIFA.<\/p>\n\n\n\n<p>Do lado da CBF, o nome de Ancelotti segue sendo o favorito do presidente Ednaldo Rodrigues, que foi reeleito recentemente. Contudo, outros nomes tamb\u00e9m est\u00e3o no radar, como Jorge Jesus e Abel Ferreira. A indefini\u00e7\u00e3o gera debates constantes sobre o comando da Sele\u00e7\u00e3o, ainda mais em meio \u00e0 aus\u00eancia de Neymar e \u00e0 press\u00e3o por um novo ciclo competitivo. Enquanto isso, Ancelotti mant\u00e9m o discurso de comprometimento com o Real Madrid, apesar das incertezas sobre seu destino p\u00f3s-temporada.<\/p>\n\n\n\n<h2 class=\"wp-block-heading\" id=\"h-lesao-de-mbappe\">Les\u00e3o de Mbapp\u00e9<\/h2>\n\n\n\n<p>A semana foi de apreens\u00e3o para o Real Madrid ap\u00f3s a elimina\u00e7\u00e3o para o Arsenal na Champions League e a not\u00edcia de uma entorse no tornozelo direito de Kylian Mbapp\u00e9. O franc\u00eas, no entanto, n\u00e3o deve desfalcar a equipe na final da Copa del Rey contra o Barcelona. Segundo o jornalista Melchor Ruiz, trata-se de uma les\u00e3o leve, e o t\u00e9cnico Carlo Ancelotti poder\u00e1 contar com seu principal atacante para o cl\u00e1ssico decisivo no pr\u00f3ximo s\u00e1bado, 26 de abril<strong><a href=\"https:\/\/www.gaveanews.com\/index.php\/2025\/04\/18\/informacoes-sobre-a-lesao-de-mbappe\/\"> (leia a mat\u00e9ria completa).<\/a><\/strong><\/p>\n\n\n\n<figure class=\"wp-block-image size-large\"><img loading=\"lazy\" decoding=\"async\" width=\"1024\" height=\"769\" src=\"http:\/\/www.gaveanews.com\/wp-content\/uploads\/Kylian-Mbappe-com-a-camisa-do-Real-Madrid-em-2024-1024x769.webp\" alt=\"\" class=\"wp-image-158543\" srcset=\"https:\/\/www.gaveanews.com\/wp-content\/uploads\/Kylian-Mbappe-com-a-camisa-do-Real-Madrid-em-2024-1024x769.webp 1024w, https:\/\/www.gaveanews.com\/wp-content\/uploads\/Kylian-Mbappe-com-a-camisa-do-Real-Madrid-em-2024-300x225.webp 300w, https:\/\/www.gaveanews.com\/wp-content\/uploads\/Kylian-Mbappe-com-a-camisa-do-Real-Madrid-em-2024-768x577.webp 768w, https:\/\/www.gaveanews.com\/wp-content\/uploads\/Kylian-Mbappe-com-a-camisa-do-Real-Madrid-em-2024-559x420.webp 559w, https:\/\/www.gaveanews.com\/wp-content\/uploads\/Kylian-Mbappe-com-a-camisa-do-Real-Madrid-em-2024-1119x840.webp 1119w, https:\/\/www.gaveanews.com\/wp-content\/uploads\/Kylian-Mbappe-com-a-camisa-do-Real-Madrid-em-2024-80x60.webp 80w, https:\/\/www.gaveanews.com\/wp-content\/uploads\/Kylian-Mbappe-com-a-camisa-do-Real-Madrid-em-2024-160x120.webp 160w, https:\/\/www.gaveanews.com\/wp-content\/uploads\/Kylian-Mbappe-com-a-camisa-do-Real-Madrid-em-2024-100x75.webp 100w, https:\/\/www.gaveanews.com\/wp-content\/uploads\/Kylian-Mbappe-com-a-camisa-do-Real-Madrid-em-2024-200x150.webp 200w, https:\/\/www.gaveanews.com\/wp-content\/uploads\/Kylian-Mbappe-com-a-camisa-do-Real-Madrid-em-2024-180x135.webp 180w, https:\/\/www.gaveanews.com\/wp-content\/uploads\/Kylian-Mbappe-com-a-camisa-do-Real-Madrid-em-2024-360x270.webp 360w, https:\/\/www.gaveanews.com\/wp-content\/uploads\/Kylian-Mbappe-com-a-camisa-do-Real-Madrid-em-2024-238x178.webp 238w, https:\/\/www.gaveanews.com\/wp-content\/uploads\/Kylian-Mbappe-com-a-camisa-do-Real-Madrid-em-2024-476x356.webp 476w, https:\/\/www.gaveanews.com\/wp-content\/uploads\/Kylian-Mbappe-com-a-camisa-do-Real-Madrid-em-2024-640x481.webp 640w, https:\/\/www.gaveanews.com\/wp-content\/uploads\/Kylian-Mbappe-com-a-camisa-do-Real-Madrid-em-2024-681x511.webp 681w, https:\/\/www.gaveanews.com\/wp-content\/uploads\/Kylian-Mbappe-com-a-camisa-do-Real-Madrid-em-2024.webp 1208w\" sizes=\"auto, (max-width: 1024px) 100vw, 1024px\" \/><figcaption class=\"wp-element-caption\">Kylian Mbapp\u00e9 com a camisa do Real Madrid em 2024 (Foto: Reprodu\u00e7\u00e3o\/Real Madrid)<\/figcaption><\/figure>\n\n\n\n<p>Mbapp\u00e9, que tem se destacado por sua regularidade nesta temporada, \u00e9 pe\u00e7a central no esquema ofensivo merengue. Sua presen\u00e7a em campo, al\u00e9m de refor\u00e7ar a confian\u00e7a da torcida, aumenta as chances do Real apagar a frustra\u00e7\u00e3o europeia com uma conquista nacional. A partida, marcada para o Est\u00e1dio Ol\u00edmpico Llu\u00eds Companys, promete clima quente e casa cheia, apesar das cr\u00edticas em rela\u00e7\u00e3o aos altos pre\u00e7os dos ingressos. A vit\u00f3ria no cl\u00e1ssico pode servir como uma reden\u00e7\u00e3o para a equipe.<\/p>\n\n\n\n<p>Al\u00e9m do t\u00edtulo, a decis\u00e3o pode marcar o fim do ciclo de Carlo Ancelotti no comando do Real. O treinador, que tem seu nome ventilado para assumir a Sele\u00e7\u00e3o Brasileira, enfrenta a possibilidade de fazer sua despedida diante do maior rival. O desfecho do jogo ter\u00e1 impacto n\u00e3o apenas nas conquistas da temporada, mas tamb\u00e9m no futuro do clube e da comiss\u00e3o t\u00e9cnica. A expectativa agora se volta \u00e0 recupera\u00e7\u00e3o plena de Mbapp\u00e9 e ao desempenho do Real Madrid sob intensa press\u00e3o.<\/p>\n","protected":false},"excerpt":{"rendered":"<p>Nas \u00faltimas horas, o foco das not\u00edcias sobre o Real Madrid se concentram nos bastidores do clube, com destaques do dia a dia do time. Por conta deste contexto, leia abaixo um resumo preparado pela equipe do portal G\u00e1vea News para lhe manter muito bem informado! Real mira refor\u00e7o no Mundial O Real Madrid poder\u00e1 [&hellip;]<\/p>\n","protected":false},"author":33,"featured_media":141707,"comment_status":"open","ping_status":"closed","sticky":false,"template":"","format":"standard","meta":{"footnotes":""},"categories":[88],"tags":[],"class_list":["post-257219","post","type-post","status-publish","format-standard","has-post-thumbnail","hentry","category-real-madrid"],"yoast_head":"<!-- This site is optimized with the Yoast SEO Premium plugin v24.2 (Yoast SEO v26.9) - https:\/\/yoast.com\/product\/yoast-seo-premium-wordpress\/ -->\n<title>Les\u00e3o de Mbapp\u00e9, Ancelotti na sele\u00e7\u00e3o e Real mira refor\u00e7o no Mundial: as \u00faltimas not\u00edcias do Real Madrid<\/title>\n<meta name=\"robots\" content=\"index, follow, max-snippet:-1, max-image-preview:large, max-video-preview:-1\" \/>\n<link rel=\"canonical\" href=\"https:\/\/www.gaveanews.com\/index.php\/2025\/04\/24\/lesao-de-mbappe-ancelotti-na-selecao-e-real-mira-reforco-no-mundial-as-ultimas-noticias-do-real-madrid\/\" \/>\n<meta property=\"og:locale\" content=\"pt_BR\" \/>\n<meta property=\"og:type\" content=\"article\" \/>\n<meta property=\"og:title\" content=\"Les\u00e3o de Mbapp\u00e9, Ancelotti na sele\u00e7\u00e3o e Real mira refor\u00e7o no Mundial: as \u00faltimas not\u00edcias do Real Madrid\" \/>\n<meta property=\"og:description\" content=\"Nas \u00faltimas horas, o foco das not\u00edcias sobre o Real Madrid se concentram nos bastidores do clube, com destaques do dia a dia do time. Por conta deste contexto, leia abaixo um resumo preparado pela equipe do portal G\u00e1vea News para lhe manter muito bem informado! Real mira refor\u00e7o no Mundial O Real Madrid poder\u00e1 [&hellip;]\" \/>\n<meta property=\"og:url\" content=\"https:\/\/www.gaveanews.com\/index.php\/2025\/04\/24\/lesao-de-mbappe-ancelotti-na-selecao-e-real-mira-reforco-no-mundial-as-ultimas-noticias-do-real-madrid\/\" \/>\n<meta property=\"og:site_name\" content=\"G\u00e1vea News\" \/>\n<meta property=\"article:publisher\" content=\"https:\/\/facebook.com\/gaveaNews\/\" \/>\n<meta property=\"article:published_time\" content=\"2025-04-24T21:25:00+00:00\" \/>\n<meta property=\"og:image\" content=\"https:\/\/www.gaveanews.com\/wp-content\/uploads\/Real-Madrid-jogadores-1024x576.jpg.webp\" \/>\n\t<meta property=\"og:image:width\" content=\"1024\" \/>\n\t<meta property=\"og:image:height\" content=\"576\" \/>\n\t<meta property=\"og:image:type\" content=\"image\/webp\" \/>\n<meta name=\"author\" content=\"Brenda Cezillo\" \/>\n<meta name=\"twitter:card\" content=\"summary_large_image\" \/>\n<meta name=\"twitter:label1\" content=\"Escrito por\" \/>\n\t<meta name=\"twitter:data1\" content=\"Brenda Cezillo\" \/>\n\t<meta name=\"twitter:label2\" content=\"Est. tempo de leitura\" \/>\n\t<meta name=\"twitter:data2\" content=\"6 minutos\" \/>\n<script type=\"application\/ld+json\" class=\"yoast-schema-graph\">{\"@context\":\"https:\/\/schema.org\",\"@graph\":[{\"@type\":\"NewsArticle\",\"@id\":\"https:\/\/www.gaveanews.com\/index.php\/2025\/04\/24\/lesao-de-mbappe-ancelotti-na-selecao-e-real-mira-reforco-no-mundial-as-ultimas-noticias-do-real-madrid\/#article\",\"isPartOf\":{\"@id\":\"https:\/\/www.gaveanews.com\/index.php\/2025\/04\/24\/lesao-de-mbappe-ancelotti-na-selecao-e-real-mira-reforco-no-mundial-as-ultimas-noticias-do-real-madrid\/\"},\"author\":{\"name\":\"Brenda Cezillo\",\"@id\":\"https:\/\/www.gaveanews.com\/#\/schema\/person\/c79759ca337c40791ae8d08e2923d403\"},\"headline\":\"Les\u00e3o de Mbapp\u00e9, Ancelotti na sele\u00e7\u00e3o e Real mira refor\u00e7o no Mundial: as \u00faltimas not\u00edcias do Real Madrid\",\"datePublished\":\"2025-04-24T21:25:00+00:00\",\"mainEntityOfPage\":{\"@id\":\"https:\/\/www.gaveanews.com\/index.php\/2025\/04\/24\/lesao-de-mbappe-ancelotti-na-selecao-e-real-mira-reforco-no-mundial-as-ultimas-noticias-do-real-madrid\/\"},\"wordCount\":909,\"commentCount\":0,\"image\":{\"@id\":\"https:\/\/www.gaveanews.com\/index.php\/2025\/04\/24\/lesao-de-mbappe-ancelotti-na-selecao-e-real-mira-reforco-no-mundial-as-ultimas-noticias-do-real-madrid\/#primaryimage\"},\"thumbnailUrl\":\"https:\/\/www.gaveanews.com\/wp-content\/uploads\/Real-Madrid-jogadores-1024x576.jpg.webp\",\"articleSection\":[\"Real Madrid\"],\"inLanguage\":\"pt-BR\",\"potentialAction\":[{\"@type\":\"CommentAction\",\"name\":\"Comment\",\"target\":[\"https:\/\/www.gaveanews.com\/index.php\/2025\/04\/24\/lesao-de-mbappe-ancelotti-na-selecao-e-real-mira-reforco-no-mundial-as-ultimas-noticias-do-real-madrid\/#respond\"]}],\"copyrightYear\":\"2025\",\"copyrightHolder\":{\"@id\":\"https:\/\/www.gaveanews.com\/#organization\"}},{\"@type\":\"WebPage\",\"@id\":\"https:\/\/www.gaveanews.com\/index.php\/2025\/04\/24\/lesao-de-mbappe-ancelotti-na-selecao-e-real-mira-reforco-no-mundial-as-ultimas-noticias-do-real-madrid\/\",\"url\":\"https:\/\/www.gaveanews.com\/index.php\/2025\/04\/24\/lesao-de-mbappe-ancelotti-na-selecao-e-real-mira-reforco-no-mundial-as-ultimas-noticias-do-real-madrid\/\",\"name\":\"Les\u00e3o de Mbapp\u00e9, Ancelotti na sele\u00e7\u00e3o e Real mira refor\u00e7o no Mundial: as \u00faltimas not\u00edcias do Real Madrid\",\"isPartOf\":{\"@id\":\"https:\/\/www.gaveanews.com\/#website\"},\"primaryImageOfPage\":{\"@id\":\"https:\/\/www.gaveanews.com\/index.php\/2025\/04\/24\/lesao-de-mbappe-ancelotti-na-selecao-e-real-mira-reforco-no-mundial-as-ultimas-noticias-do-real-madrid\/#primaryimage\"},\"image\":{\"@id\":\"https:\/\/www.gaveanews.com\/index.php\/2025\/04\/24\/lesao-de-mbappe-ancelotti-na-selecao-e-real-mira-reforco-no-mundial-as-ultimas-noticias-do-real-madrid\/#primaryimage\"},\"thumbnailUrl\":\"https:\/\/www.gaveanews.com\/wp-content\/uploads\/Real-Madrid-jogadores-1024x576.jpg.webp\",\"datePublished\":\"2025-04-24T21:25:00+00:00\",\"author\":{\"@id\":\"https:\/\/www.gaveanews.com\/#\/schema\/person\/c79759ca337c40791ae8d08e2923d403\"},\"breadcrumb\":{\"@id\":\"https:\/\/www.gaveanews.com\/index.php\/2025\/04\/24\/lesao-de-mbappe-ancelotti-na-selecao-e-real-mira-reforco-no-mundial-as-ultimas-noticias-do-real-madrid\/#breadcrumb\"},\"inLanguage\":\"pt-BR\",\"potentialAction\":[{\"@type\":\"ReadAction\",\"target\":[\"https:\/\/www.gaveanews.com\/index.php\/2025\/04\/24\/lesao-de-mbappe-ancelotti-na-selecao-e-real-mira-reforco-no-mundial-as-ultimas-noticias-do-real-madrid\/\"]}]},{\"@type\":\"ImageObject\",\"inLanguage\":\"pt-BR\",\"@id\":\"https:\/\/www.gaveanews.com\/index.php\/2025\/04\/24\/lesao-de-mbappe-ancelotti-na-selecao-e-real-mira-reforco-no-mundial-as-ultimas-noticias-do-real-madrid\/#primaryimage\",\"url\":\"https:\/\/www.gaveanews.com\/wp-content\/uploads\/Real-Madrid-jogadores-1024x576.jpg.webp\",\"contentUrl\":\"https:\/\/www.gaveanews.com\/wp-content\/uploads\/Real-Madrid-jogadores-1024x576.jpg.webp\",\"width\":1024,\"height\":576,\"caption\":\"Jogadores do Real Madrid (Foto: Real Madrid CF)\"},{\"@type\":\"BreadcrumbList\",\"@id\":\"https:\/\/www.gaveanews.com\/index.php\/2025\/04\/24\/lesao-de-mbappe-ancelotti-na-selecao-e-real-mira-reforco-no-mundial-as-ultimas-noticias-do-real-madrid\/#breadcrumb\",\"itemListElement\":[{\"@type\":\"ListItem\",\"position\":1,\"name\":\"Home\",\"item\":\"https:\/\/www.gaveanews.com\/\"},{\"@type\":\"ListItem\",\"position\":2,\"name\":\"Les\u00e3o de Mbapp\u00e9, Ancelotti na sele\u00e7\u00e3o e Real mira refor\u00e7o no Mundial: as \u00faltimas not\u00edcias do Real Madrid\"}]},{\"@type\":\"WebSite\",\"@id\":\"https:\/\/www.gaveanews.com\/#website\",\"url\":\"https:\/\/www.gaveanews.com\/\",\"name\":\"G\u00e1vea News\",\"description\":\"Veja todas as not\u00edcias sobre o Flamengo: Contrata\u00e7\u00f5es, categorias de base, resultados das partidas, tabela de classifica\u00e7\u00e3o, pr\u00f3ximos jogos!\",\"potentialAction\":[{\"@type\":\"SearchAction\",\"target\":{\"@type\":\"EntryPoint\",\"urlTemplate\":\"https:\/\/www.gaveanews.com\/?s={search_term_string}\"},\"query-input\":{\"@type\":\"PropertyValueSpecification\",\"valueRequired\":true,\"valueName\":\"search_term_string\"}}],\"inLanguage\":\"pt-BR\"},{\"@type\":\"Person\",\"@id\":\"https:\/\/www.gaveanews.com\/#\/schema\/person\/c79759ca337c40791ae8d08e2923d403\",\"name\":\"Brenda Cezillo\",\"image\":{\"@type\":\"ImageObject\",\"inLanguage\":\"pt-BR\",\"@id\":\"https:\/\/www.gaveanews.com\/#\/schema\/person\/image\/\",\"url\":\"https:\/\/secure.gravatar.com\/avatar\/1738d75cee7317f9c29ae61dd67620c5883d80a92e42a6fff88ae5d527af217a?s=96&d=mm&r=g\",\"contentUrl\":\"https:\/\/secure.gravatar.com\/avatar\/1738d75cee7317f9c29ae61dd67620c5883d80a92e42a6fff88ae5d527af217a?s=96&d=mm&r=g\",\"caption\":\"Brenda Cezillo\"}}]}<\/script>\n<!-- \/ Yoast SEO Premium plugin. -->","yoast_head_json":{"title":"Les\u00e3o de Mbapp\u00e9, Ancelotti na sele\u00e7\u00e3o e Real mira refor\u00e7o no Mundial: as \u00faltimas not\u00edcias do Real Madrid","robots":{"index":"index","follow":"follow","max-snippet":"max-snippet:-1","max-image-preview":"max-image-preview:large","max-video-preview":"max-video-preview:-1"},"canonical":"https:\/\/www.gaveanews.com\/index.php\/2025\/04\/24\/lesao-de-mbappe-ancelotti-na-selecao-e-real-mira-reforco-no-mundial-as-ultimas-noticias-do-real-madrid\/","og_locale":"pt_BR","og_type":"article","og_title":"Les\u00e3o de Mbapp\u00e9, Ancelotti na sele\u00e7\u00e3o e Real mira refor\u00e7o no Mundial: as \u00faltimas not\u00edcias do Real Madrid","og_description":"Nas \u00faltimas horas, o foco das not\u00edcias sobre o Real Madrid se concentram nos bastidores do clube, com destaques do dia a dia do time. Por conta deste contexto, leia abaixo um resumo preparado pela equipe do portal G\u00e1vea News para lhe manter muito bem informado! Real mira refor\u00e7o no Mundial O Real Madrid poder\u00e1 [&hellip;]","og_url":"https:\/\/www.gaveanews.com\/index.php\/2025\/04\/24\/lesao-de-mbappe-ancelotti-na-selecao-e-real-mira-reforco-no-mundial-as-ultimas-noticias-do-real-madrid\/","og_site_name":"G\u00e1vea News","article_publisher":"https:\/\/facebook.com\/gaveaNews\/","article_published_time":"2025-04-24T21:25:00+00:00","og_image":[{"width":1024,"height":576,"url":"https:\/\/www.gaveanews.com\/wp-content\/uploads\/Real-Madrid-jogadores-1024x576.jpg.webp","type":"image\/webp"}],"author":"Brenda Cezillo","twitter_card":"summary_large_image","twitter_misc":{"Escrito por":"Brenda Cezillo","Est. tempo de leitura":"6 minutos"},"schema":{"@context":"https:\/\/schema.org","@graph":[{"@type":"NewsArticle","@id":"https:\/\/www.gaveanews.com\/index.php\/2025\/04\/24\/lesao-de-mbappe-ancelotti-na-selecao-e-real-mira-reforco-no-mundial-as-ultimas-noticias-do-real-madrid\/#article","isPartOf":{"@id":"https:\/\/www.gaveanews.com\/index.php\/2025\/04\/24\/lesao-de-mbappe-ancelotti-na-selecao-e-real-mira-reforco-no-mundial-as-ultimas-noticias-do-real-madrid\/"},"author":{"name":"Brenda Cezillo","@id":"https:\/\/www.gaveanews.com\/#\/schema\/person\/c79759ca337c40791ae8d08e2923d403"},"headline":"Les\u00e3o de Mbapp\u00e9, Ancelotti na sele\u00e7\u00e3o e Real mira refor\u00e7o no Mundial: as \u00faltimas not\u00edcias do Real Madrid","datePublished":"2025-04-24T21:25:00+00:00","mainEntityOfPage":{"@id":"https:\/\/www.gaveanews.com\/index.php\/2025\/04\/24\/lesao-de-mbappe-ancelotti-na-selecao-e-real-mira-reforco-no-mundial-as-ultimas-noticias-do-real-madrid\/"},"wordCount":909,"commentCount":0,"image":{"@id":"https:\/\/www.gaveanews.com\/index.php\/2025\/04\/24\/lesao-de-mbappe-ancelotti-na-selecao-e-real-mira-reforco-no-mundial-as-ultimas-noticias-do-real-madrid\/#primaryimage"},"thumbnailUrl":"https:\/\/www.gaveanews.com\/wp-content\/uploads\/Real-Madrid-jogadores-1024x576.jpg.webp","articleSection":["Real Madrid"],"inLanguage":"pt-BR","potentialAction":[{"@type":"CommentAction","name":"Comment","target":["https:\/\/www.gaveanews.com\/index.php\/2025\/04\/24\/lesao-de-mbappe-ancelotti-na-selecao-e-real-mira-reforco-no-mundial-as-ultimas-noticias-do-real-madrid\/#respond"]}],"copyrightYear":"2025","copyrightHolder":{"@id":"https:\/\/www.gaveanews.com\/#organization"}},{"@type":"WebPage","@id":"https:\/\/www.gaveanews.com\/index.php\/2025\/04\/24\/lesao-de-mbappe-ancelotti-na-selecao-e-real-mira-reforco-no-mundial-as-ultimas-noticias-do-real-madrid\/","url":"https:\/\/www.gaveanews.com\/index.php\/2025\/04\/24\/lesao-de-mbappe-ancelotti-na-selecao-e-real-mira-reforco-no-mundial-as-ultimas-noticias-do-real-madrid\/","name":"Les\u00e3o de Mbapp\u00e9, Ancelotti na sele\u00e7\u00e3o e Real mira refor\u00e7o no Mundial: as \u00faltimas not\u00edcias do Real Madrid","isPartOf":{"@id":"https:\/\/www.gaveanews.com\/#website"},"primaryImageOfPage":{"@id":"https:\/\/www.gaveanews.com\/index.php\/2025\/04\/24\/lesao-de-mbappe-ancelotti-na-selecao-e-real-mira-reforco-no-mundial-as-ultimas-noticias-do-real-madrid\/#primaryimage"},"image":{"@id":"https:\/\/www.gaveanews.com\/index.php\/2025\/04\/24\/lesao-de-mbappe-ancelotti-na-selecao-e-real-mira-reforco-no-mundial-as-ultimas-noticias-do-real-madrid\/#primaryimage"},"thumbnailUrl":"https:\/\/www.gaveanews.com\/wp-content\/uploads\/Real-Madrid-jogadores-1024x576.jpg.webp","datePublished":"2025-04-24T21:25:00+00:00","author":{"@id":"https:\/\/www.gaveanews.com\/#\/schema\/person\/c79759ca337c40791ae8d08e2923d403"},"breadcrumb":{"@id":"https:\/\/www.gaveanews.com\/index.php\/2025\/04\/24\/lesao-de-mbappe-ancelotti-na-selecao-e-real-mira-reforco-no-mundial-as-ultimas-noticias-do-real-madrid\/#breadcrumb"},"inLanguage":"pt-BR","potentialAction":[{"@type":"ReadAction","target":["https:\/\/www.gaveanews.com\/index.php\/2025\/04\/24\/lesao-de-mbappe-ancelotti-na-selecao-e-real-mira-reforco-no-mundial-as-ultimas-noticias-do-real-madrid\/"]}]},{"@type":"ImageObject","inLanguage":"pt-BR","@id":"https:\/\/www.gaveanews.com\/index.php\/2025\/04\/24\/lesao-de-mbappe-ancelotti-na-selecao-e-real-mira-reforco-no-mundial-as-ultimas-noticias-do-real-madrid\/#primaryimage","url":"https:\/\/www.gaveanews.com\/wp-content\/uploads\/Real-Madrid-jogadores-1024x576.jpg.webp","contentUrl":"https:\/\/www.gaveanews.com\/wp-content\/uploads\/Real-Madrid-jogadores-1024x576.jpg.webp","width":1024,"height":576,"caption":"Jogadores do Real Madrid (Foto: Real Madrid CF)"},{"@type":"BreadcrumbList","@id":"https:\/\/www.gaveanews.com\/index.php\/2025\/04\/24\/lesao-de-mbappe-ancelotti-na-selecao-e-real-mira-reforco-no-mundial-as-ultimas-noticias-do-real-madrid\/#breadcrumb","itemListElement":[{"@type":"ListItem","position":1,"name":"Home","item":"https:\/\/www.gaveanews.com\/"},{"@type":"ListItem","position":2,"name":"Les\u00e3o de Mbapp\u00e9, Ancelotti na sele\u00e7\u00e3o e Real mira refor\u00e7o no Mundial: as \u00faltimas not\u00edcias do Real Madrid"}]},{"@type":"WebSite","@id":"https:\/\/www.gaveanews.com\/#website","url":"https:\/\/www.gaveanews.com\/","name":"G\u00e1vea News","description":"Veja todas as not\u00edcias sobre o Flamengo: Contrata\u00e7\u00f5es, categorias de base, resultados das partidas, tabela de classifica\u00e7\u00e3o, pr\u00f3ximos jogos!","potentialAction":[{"@type":"SearchAction","target":{"@type":"EntryPoint","urlTemplate":"https:\/\/www.gaveanews.com\/?s={search_term_string}"},"query-input":{"@type":"PropertyValueSpecification","valueRequired":true,"valueName":"search_term_string"}}],"inLanguage":"pt-BR"},{"@type":"Person","@id":"https:\/\/www.gaveanews.com\/#\/schema\/person\/c79759ca337c40791ae8d08e2923d403","name":"Brenda Cezillo","image":{"@type":"ImageObject","inLanguage":"pt-BR","@id":"https:\/\/www.gaveanews.com\/#\/schema\/person\/image\/","url":"https:\/\/secure.gravatar.com\/avatar\/1738d75cee7317f9c29ae61dd67620c5883d80a92e42a6fff88ae5d527af217a?s=96&d=mm&r=g","contentUrl":"https:\/\/secure.gravatar.com\/avatar\/1738d75cee7317f9c29ae61dd67620c5883d80a92e42a6fff88ae5d527af217a?s=96&d=mm&r=g","caption":"Brenda Cezillo"}}]}},"_links":{"self":[{"href":"https:\/\/www.gaveanews.com\/index.php\/wp-json\/wp\/v2\/posts\/257219","targetHints":{"allow":["GET"]}}],"collection":[{"href":"https:\/\/www.gaveanews.com\/index.php\/wp-json\/wp\/v2\/posts"}],"about":[{"href":"https:\/\/www.gaveanews.com\/index.php\/wp-json\/wp\/v2\/types\/post"}],"author":[{"embeddable":true,"href":"https:\/\/www.gaveanews.com\/index.php\/wp-json\/wp\/v2\/users\/33"}],"replies":[{"embeddable":true,"href":"https:\/\/www.gaveanews.com\/index.php\/wp-json\/wp\/v2\/comments?post=257219"}],"version-history":[{"count":1,"href":"https:\/\/www.gaveanews.com\/index.php\/wp-json\/wp\/v2\/posts\/257219\/revisions"}],"predecessor-version":[{"id":257222,"href":"https:\/\/www.gaveanews.com\/index.php\/wp-json\/wp\/v2\/posts\/257219\/revisions\/257222"}],"wp:featuredmedia":[{"embeddable":true,"href":"https:\/\/www.gaveanews.com\/index.php\/wp-json\/wp\/v2\/media\/141707"}],"wp:attachment":[{"href":"https:\/\/www.gaveanews.com\/index.php\/wp-json\/wp\/v2\/media?parent=257219"}],"wp:term":[{"taxonomy":"category","embeddable":true,"href":"https:\/\/www.gaveanews.com\/index.php\/wp-json\/wp\/v2\/categories?post=257219"},{"taxonomy":"post_tag","embeddable":true,"href":"https:\/\/www.gaveanews.com\/index.php\/wp-json\/wp\/v2\/tags?post=257219"}],"curies":[{"name":"wp","href":"https:\/\/api.w.org\/{rel}","templated":true}]}}