{"id":257221,"date":"2025-04-24T18:30:00","date_gmt":"2025-04-24T21:30:00","guid":{"rendered":"https:\/\/www.gaveanews.com\/?p=257221"},"modified":"2025-04-24T18:25:43","modified_gmt":"2025-04-24T21:25:43","slug":"atacante-insatisfeito-felipao-entra-no-radar-e-a-declaracao-de-braithwaite-as-ultimas-noticias-do-gremio","status":"publish","type":"post","link":"https:\/\/www.gaveanews.com\/index.php\/2025\/04\/24\/atacante-insatisfeito-felipao-entra-no-radar-e-a-declaracao-de-braithwaite-as-ultimas-noticias-do-gremio\/","title":{"rendered":"Atacante insatisfeito, Felip\u00e3o entra no radar e a declara\u00e7\u00e3o de Braithwaite: as \u00faltimas not\u00edcias do Gr\u00eamio"},"content":{"rendered":"\n<p>Nas \u00faltimas horas, o foco das not\u00edcias sobre o Gr\u00eamio se concentram nos bastidores do clube, com destaques do dia a dia do time.<\/p>\n\n\n\n<p>Por conta deste contexto, leia abaixo um resumo preparado pela equipe do portal G\u00e1vea News para lhe manter muito bem informado!<\/p>\n\n\n\n<h2 class=\"wp-block-heading\" id=\"h-a-declaracao-de-braithwaite\">A declara\u00e7\u00e3o de Braithwaite<\/h2>\n\n\n\n<p>O Gr\u00eamio sofreu uma dura derrota para o Mirassol por 4 a 1, resultado que provocou forte rea\u00e7\u00e3o do atacante Martin Braithwaite. Autor do \u00fanico gol gremista, o dinamarqu\u00eas classificou a atua\u00e7\u00e3o do time como \u201cvergonhosa\u201d e cobrou uma mudan\u00e7a urgente de postura. A equipe foi vazada logo aos dois minutos de jogo \u2014 repetindo falha semelhante \u00e0 da rodada anterior \u2014 o que comprometeu toda a estrat\u00e9gia t\u00e1tica da partida. A declara\u00e7\u00e3o de Braithwaite evidencia o clima tenso que tomou conta do elenco ap\u00f3s mais um trope\u00e7o<strong><a href=\"https:\/\/www.gaveanews.com\/index.php\/2025\/04\/18\/mirassol-x-gremio-a-declaracao-de-braithwaite\/\"> (leia a mat\u00e9ria completa).<\/a><\/strong><\/p>\n\n\n\n<figure class=\"wp-block-image size-full\"><img loading=\"lazy\" decoding=\"async\" width=\"579\" height=\"499\" src=\"http:\/\/www.gaveanews.com\/wp-content\/uploads\/braithwaite-em-acao-pelo-gremio-na-libertadores.webp\" alt=\"\" class=\"wp-image-248299\"\/><figcaption class=\"wp-element-caption\">braithwaite em a\u00e7\u00e3o pelo gr\u00eamio na libertadores (foto: divulga\u00e7\u00e3o\/conmebol)<\/figcaption><\/figure>\n\n\n\n<p>A goleada foi o estopim para a demiss\u00e3o do t\u00e9cnico Gustavo Quinteros. Com 20 jogos no comando, ele somou 9 vit\u00f3rias, 5 empates e 6 derrotas, com um aproveitamento de 53%. <\/p>\n\n\n\n<p>Apesar de n\u00fameros medianos, a instabilidade nas atua\u00e7\u00f5es e os resultados negativos recentes enfraqueceram sua perman\u00eancia no cargo. A dire\u00e7\u00e3o do clube j\u00e1 iniciou a busca por um novo treinador e sondou Mano Menezes e Dorival Jr., que est\u00e3o dispon\u00edveis no mercado, embora o segundo esteja em conversas com o Corinthians.<\/p>\n\n\n\n<p>Al\u00e9m da mudan\u00e7a no comando t\u00e9cnico, o Gr\u00eamio enfrenta o desafio de reorganizar seu elenco e reconstruir a confian\u00e7a diante da torcida. A sequ\u00eancia de jogos e o desempenho aqu\u00e9m do esperado acenderam um alerta na diretoria, que trabalha para evitar uma crise ainda maior. A poss\u00edvel chegada de um novo treinador pode marcar um recome\u00e7o necess\u00e1rio para que o time reencontre sua identidade competitiva no restante da temporada.<\/p>\n\n\n\n<h2 class=\"wp-block-heading\" id=\"h-felipao-entra-no-radar\">Felip\u00e3o entra no radar<\/h2>\n\n\n\n<p>O Gr\u00eamio analisa a possibilidade de contratar um novo coordenador t\u00e9cnico ap\u00f3s a sa\u00edda de Gustavo Quinteros, e Luiz Felipe Scolari desponta como o nome mais comentado nos bastidores. A diretoria reavaliou a fun\u00e7\u00e3o ap\u00f3s notar a influ\u00eancia constante dos auxiliares t\u00e9cnicos, o que havia reduzido a necessidade de um coordenador. No entanto, o atual momento do clube reacendeu a discuss\u00e3o. Apesar de ainda n\u00e3o haver uma proposta formal, a torcida pressiona nas redes sociais pela volta de Felip\u00e3o, multicampe\u00e3o pelo Tricolor ga\u00facho<strong><a href=\"https:\/\/www.gaveanews.com\/index.php\/2025\/04\/19\/felipao-no-gremio-saiba-tudo-sobre-a-possibilidade\/\"> (leia a mat\u00e9ria completa).<\/a><\/strong><\/p>\n\n\n\n<figure class=\"wp-block-image size-full\"><img loading=\"lazy\" decoding=\"async\" width=\"1459\" height=\"863\" src=\"http:\/\/www.gaveanews.com\/wp-content\/uploads\/Felipao-pelo-Gremio.webp\" alt=\"\" class=\"wp-image-255608\"\/><figcaption class=\"wp-element-caption\">Felip\u00e3o pelo Gr\u00eamio (Foto: LUCAS UEBEL\/GREMIO FBPA<\/figcaption><\/figure>\n\n\n\n<p>Aos 76 anos, Scolari est\u00e1 dispon\u00edvel no mercado desde que deixou o Atl\u00e9tico-MG em 2024 e j\u00e1 expressou vontade de voltar ao trabalho, inclusive como t\u00e9cnico. Embora tenha sido procurado pelo Gr\u00eamio no fim do ano passado, compromissos pessoais em Portugal adiaram qualquer acerto. Agora, residindo no Rio Grande do Sul e com agenda livre, ele estaria mais acess\u00edvel, mas seu retorno depende tamb\u00e9m da escolha do novo treinador, com quem dividiria os bastidores sem exigir indica\u00e7\u00e3o direta.<\/p>\n\n\n\n<p>Felip\u00e3o tem longa hist\u00f3ria no Gr\u00eamio, com passagens marcantes nos anos 1990, 2014 e 2021, o que fortalece o apelo emocional de sua poss\u00edvel volta. O clube, no entanto, ainda avalia nomes como Mano Menezes, Dorival J\u00fanior e Fernando Diniz para o cargo de t\u00e9cnico. Enquanto isso, James Freitas assume interinamente a equipe no cl\u00e1ssico Gre-Nal, enquanto o planejamento para reestrutura\u00e7\u00e3o segue em andamento e a figura de Felip\u00e3o permanece em alta na pauta interna do clube.<\/p>\n\n\n\n<h2 class=\"wp-block-heading\" id=\"h-atacante-insatisfeito\">Atacante insatisfeito<\/h2>\n\n\n\n<p>O ambiente no Gr\u00eamio se deteriorou ap\u00f3s a goleada sofrida para o Mirassol por 4 a 1, resultado que aproximou o clube da zona de rebaixamento do Brasileir\u00e3o. Entre os reflexos da crise, destaca-se o descontentamento de Martin Braithwaite. O atacante dinamarqu\u00eas classificou a atua\u00e7\u00e3o como \u201cuma vergonha\u201d e criticou abertamente o rendimento coletivo. Suas declara\u00e7\u00f5es indicam um vesti\u00e1rio fragilizado e refor\u00e7am a percep\u00e7\u00e3o de que a insatisfa\u00e7\u00e3o pode culminar em sua sa\u00edda <strong><a href=\"https:\/\/www.gaveanews.com\/index.php\/2025\/04\/18\/atacante-de-saida-ele-esta-insatisfeito-no-gremio\/\">(leia a mat\u00e9ria completa).<\/a><\/strong><\/p>\n\n\n\n<figure class=\"wp-block-image size-large\"><img loading=\"lazy\" decoding=\"async\" width=\"1024\" height=\"682\" src=\"http:\/\/www.gaveanews.com\/wp-content\/uploads\/Escudo-do-Gremio-1024x682.webp\" alt=\"\" class=\"wp-image-154785\" srcset=\"https:\/\/www.gaveanews.com\/wp-content\/uploads\/Escudo-do-Gremio-1024x682.webp 1024w, https:\/\/www.gaveanews.com\/wp-content\/uploads\/Escudo-do-Gremio-300x200.webp 300w, https:\/\/www.gaveanews.com\/wp-content\/uploads\/Escudo-do-Gremio-768x512.webp 768w, https:\/\/www.gaveanews.com\/wp-content\/uploads\/Escudo-do-Gremio-630x420.webp 630w, https:\/\/www.gaveanews.com\/wp-content\/uploads\/Escudo-do-Gremio-640x426.webp 640w, https:\/\/www.gaveanews.com\/wp-content\/uploads\/Escudo-do-Gremio-681x454.webp 681w, https:\/\/www.gaveanews.com\/wp-content\/uploads\/Escudo-do-Gremio-100x67.webp 100w, https:\/\/www.gaveanews.com\/wp-content\/uploads\/Escudo-do-Gremio.webp 1163w\" sizes=\"auto, (max-width: 1024px) 100vw, 1024px\" \/><figcaption class=\"wp-element-caption\">Escudo do Gr\u00eamio (Foto: Reprodu\u00e7\u00e3o\/Gr\u00eamio)<\/figcaption><\/figure>\n\n\n\n<p>A press\u00e3o aumentou com a demiss\u00e3o do t\u00e9cnico Gustavo, anunciada ap\u00f3s a derrota. A repeti\u00e7\u00e3o de erros defensivos e a falta de rea\u00e7\u00e3o nos jogos recentes agravaram a situa\u00e7\u00e3o. Sem um nome definido para comandar a equipe, o clima de incerteza se intensifica \u00e0s v\u00e9speras do Gre-Nal 447, que ocorrer\u00e1 neste s\u00e1bado (19). A partida, al\u00e9m do peso hist\u00f3rico, se tornou decisiva para tentar reverter o cen\u00e1rio negativo, tanto em termos t\u00e9cnicos quanto emocionais.<\/p>\n\n\n\n<p>Apesar do descontentamento, Braithwaite garantiu que o elenco est\u00e1 empenhado, embora tenha confessado que \u201cn\u00e3o tem mais clima\u201d \u2014 frase que sintetiza o momento turbulento vivido pelo grupo. O cl\u00e1ssico contra o Internacional pode ser um divisor de \u00e1guas: uma vit\u00f3ria pode representar o in\u00edcio da recupera\u00e7\u00e3o, enquanto um novo rev\u00e9s tende a aprofundar ainda mais a crise interna e possivelmente acelerar mudan\u00e7as no elenco.<\/p>\n","protected":false},"excerpt":{"rendered":"<p>Nas \u00faltimas horas, o foco das not\u00edcias sobre o Gr\u00eamio se concentram nos bastidores do clube, com destaques do dia a dia do time. Por conta deste contexto, leia abaixo um resumo preparado pela equipe do portal G\u00e1vea News para lhe manter muito bem informado! A declara\u00e7\u00e3o de Braithwaite O Gr\u00eamio sofreu uma dura derrota [&hellip;]<\/p>\n","protected":false},"author":33,"featured_media":165925,"comment_status":"open","ping_status":"closed","sticky":false,"template":"","format":"standard","meta":{"footnotes":""},"categories":[147],"tags":[],"class_list":["post-257221","post","type-post","status-publish","format-standard","has-post-thumbnail","hentry","category-gremio"],"yoast_head":"<!-- This site is optimized with the Yoast SEO Premium plugin v24.2 (Yoast SEO v26.9) - https:\/\/yoast.com\/product\/yoast-seo-premium-wordpress\/ -->\n<title>Atacante insatisfeito, Felip\u00e3o entra no radar e a declara\u00e7\u00e3o de Braithwaite: as \u00faltimas not\u00edcias do Gr\u00eamio<\/title>\n<meta name=\"robots\" content=\"index, follow, max-snippet:-1, max-image-preview:large, max-video-preview:-1\" \/>\n<link rel=\"canonical\" href=\"https:\/\/www.gaveanews.com\/index.php\/2025\/04\/24\/atacante-insatisfeito-felipao-entra-no-radar-e-a-declaracao-de-braithwaite-as-ultimas-noticias-do-gremio\/\" \/>\n<meta property=\"og:locale\" content=\"pt_BR\" \/>\n<meta property=\"og:type\" content=\"article\" \/>\n<meta property=\"og:title\" content=\"Atacante insatisfeito, Felip\u00e3o entra no radar e a declara\u00e7\u00e3o de Braithwaite: as \u00faltimas not\u00edcias do Gr\u00eamio\" \/>\n<meta property=\"og:description\" content=\"Nas \u00faltimas horas, o foco das not\u00edcias sobre o Gr\u00eamio se concentram nos bastidores do clube, com destaques do dia a dia do time. Por conta deste contexto, leia abaixo um resumo preparado pela equipe do portal G\u00e1vea News para lhe manter muito bem informado! A declara\u00e7\u00e3o de Braithwaite O Gr\u00eamio sofreu uma dura derrota [&hellip;]\" \/>\n<meta property=\"og:url\" content=\"https:\/\/www.gaveanews.com\/index.php\/2025\/04\/24\/atacante-insatisfeito-felipao-entra-no-radar-e-a-declaracao-de-braithwaite-as-ultimas-noticias-do-gremio\/\" \/>\n<meta property=\"og:site_name\" content=\"G\u00e1vea News\" \/>\n<meta property=\"article:publisher\" content=\"https:\/\/facebook.com\/gaveaNews\/\" \/>\n<meta property=\"article:published_time\" content=\"2025-04-24T21:30:00+00:00\" \/>\n<meta property=\"og:image\" content=\"https:\/\/www.gaveanews.com\/wp-content\/uploads\/Bandeira-do-Gremio.webp\" \/>\n\t<meta property=\"og:image:width\" content=\"1043\" \/>\n\t<meta property=\"og:image:height\" content=\"695\" \/>\n\t<meta property=\"og:image:type\" content=\"image\/webp\" \/>\n<meta name=\"author\" content=\"Brenda Cezillo\" \/>\n<meta name=\"twitter:card\" content=\"summary_large_image\" \/>\n<meta name=\"twitter:label1\" content=\"Escrito por\" \/>\n\t<meta name=\"twitter:data1\" content=\"Brenda Cezillo\" \/>\n\t<meta name=\"twitter:label2\" content=\"Est. tempo de leitura\" \/>\n\t<meta name=\"twitter:data2\" content=\"6 minutos\" \/>\n<script type=\"application\/ld+json\" class=\"yoast-schema-graph\">{\"@context\":\"https:\/\/schema.org\",\"@graph\":[{\"@type\":\"NewsArticle\",\"@id\":\"https:\/\/www.gaveanews.com\/index.php\/2025\/04\/24\/atacante-insatisfeito-felipao-entra-no-radar-e-a-declaracao-de-braithwaite-as-ultimas-noticias-do-gremio\/#article\",\"isPartOf\":{\"@id\":\"https:\/\/www.gaveanews.com\/index.php\/2025\/04\/24\/atacante-insatisfeito-felipao-entra-no-radar-e-a-declaracao-de-braithwaite-as-ultimas-noticias-do-gremio\/\"},\"author\":{\"name\":\"Brenda Cezillo\",\"@id\":\"https:\/\/www.gaveanews.com\/#\/schema\/person\/c79759ca337c40791ae8d08e2923d403\"},\"headline\":\"Atacante insatisfeito, Felip\u00e3o entra no radar e a declara\u00e7\u00e3o de Braithwaite: as \u00faltimas not\u00edcias do Gr\u00eamio\",\"datePublished\":\"2025-04-24T21:30:00+00:00\",\"mainEntityOfPage\":{\"@id\":\"https:\/\/www.gaveanews.com\/index.php\/2025\/04\/24\/atacante-insatisfeito-felipao-entra-no-radar-e-a-declaracao-de-braithwaite-as-ultimas-noticias-do-gremio\/\"},\"wordCount\":885,\"commentCount\":0,\"image\":{\"@id\":\"https:\/\/www.gaveanews.com\/index.php\/2025\/04\/24\/atacante-insatisfeito-felipao-entra-no-radar-e-a-declaracao-de-braithwaite-as-ultimas-noticias-do-gremio\/#primaryimage\"},\"thumbnailUrl\":\"https:\/\/www.gaveanews.com\/wp-content\/uploads\/Bandeira-do-Gremio.webp\",\"articleSection\":[\"Gr\u00eamio\"],\"inLanguage\":\"pt-BR\",\"potentialAction\":[{\"@type\":\"CommentAction\",\"name\":\"Comment\",\"target\":[\"https:\/\/www.gaveanews.com\/index.php\/2025\/04\/24\/atacante-insatisfeito-felipao-entra-no-radar-e-a-declaracao-de-braithwaite-as-ultimas-noticias-do-gremio\/#respond\"]}],\"copyrightYear\":\"2025\",\"copyrightHolder\":{\"@id\":\"https:\/\/www.gaveanews.com\/#organization\"}},{\"@type\":\"WebPage\",\"@id\":\"https:\/\/www.gaveanews.com\/index.php\/2025\/04\/24\/atacante-insatisfeito-felipao-entra-no-radar-e-a-declaracao-de-braithwaite-as-ultimas-noticias-do-gremio\/\",\"url\":\"https:\/\/www.gaveanews.com\/index.php\/2025\/04\/24\/atacante-insatisfeito-felipao-entra-no-radar-e-a-declaracao-de-braithwaite-as-ultimas-noticias-do-gremio\/\",\"name\":\"Atacante insatisfeito, Felip\u00e3o entra no radar e a declara\u00e7\u00e3o de Braithwaite: as \u00faltimas not\u00edcias do Gr\u00eamio\",\"isPartOf\":{\"@id\":\"https:\/\/www.gaveanews.com\/#website\"},\"primaryImageOfPage\":{\"@id\":\"https:\/\/www.gaveanews.com\/index.php\/2025\/04\/24\/atacante-insatisfeito-felipao-entra-no-radar-e-a-declaracao-de-braithwaite-as-ultimas-noticias-do-gremio\/#primaryimage\"},\"image\":{\"@id\":\"https:\/\/www.gaveanews.com\/index.php\/2025\/04\/24\/atacante-insatisfeito-felipao-entra-no-radar-e-a-declaracao-de-braithwaite-as-ultimas-noticias-do-gremio\/#primaryimage\"},\"thumbnailUrl\":\"https:\/\/www.gaveanews.com\/wp-content\/uploads\/Bandeira-do-Gremio.webp\",\"datePublished\":\"2025-04-24T21:30:00+00:00\",\"author\":{\"@id\":\"https:\/\/www.gaveanews.com\/#\/schema\/person\/c79759ca337c40791ae8d08e2923d403\"},\"breadcrumb\":{\"@id\":\"https:\/\/www.gaveanews.com\/index.php\/2025\/04\/24\/atacante-insatisfeito-felipao-entra-no-radar-e-a-declaracao-de-braithwaite-as-ultimas-noticias-do-gremio\/#breadcrumb\"},\"inLanguage\":\"pt-BR\",\"potentialAction\":[{\"@type\":\"ReadAction\",\"target\":[\"https:\/\/www.gaveanews.com\/index.php\/2025\/04\/24\/atacante-insatisfeito-felipao-entra-no-radar-e-a-declaracao-de-braithwaite-as-ultimas-noticias-do-gremio\/\"]}]},{\"@type\":\"ImageObject\",\"inLanguage\":\"pt-BR\",\"@id\":\"https:\/\/www.gaveanews.com\/index.php\/2025\/04\/24\/atacante-insatisfeito-felipao-entra-no-radar-e-a-declaracao-de-braithwaite-as-ultimas-noticias-do-gremio\/#primaryimage\",\"url\":\"https:\/\/www.gaveanews.com\/wp-content\/uploads\/Bandeira-do-Gremio.webp\",\"contentUrl\":\"https:\/\/www.gaveanews.com\/wp-content\/uploads\/Bandeira-do-Gremio.webp\",\"width\":1043,\"height\":695,\"caption\":\"Bandeira do Gr\u00eamio (Foto: Reprodu\u00e7\u00e3o\/Gr\u00eamio)\"},{\"@type\":\"BreadcrumbList\",\"@id\":\"https:\/\/www.gaveanews.com\/index.php\/2025\/04\/24\/atacante-insatisfeito-felipao-entra-no-radar-e-a-declaracao-de-braithwaite-as-ultimas-noticias-do-gremio\/#breadcrumb\",\"itemListElement\":[{\"@type\":\"ListItem\",\"position\":1,\"name\":\"Home\",\"item\":\"https:\/\/www.gaveanews.com\/\"},{\"@type\":\"ListItem\",\"position\":2,\"name\":\"Atacante insatisfeito, Felip\u00e3o entra no radar e a declara\u00e7\u00e3o de Braithwaite: as \u00faltimas not\u00edcias do Gr\u00eamio\"}]},{\"@type\":\"WebSite\",\"@id\":\"https:\/\/www.gaveanews.com\/#website\",\"url\":\"https:\/\/www.gaveanews.com\/\",\"name\":\"G\u00e1vea News\",\"description\":\"Veja todas as not\u00edcias sobre o Flamengo: Contrata\u00e7\u00f5es, categorias de base, resultados das partidas, tabela de classifica\u00e7\u00e3o, pr\u00f3ximos jogos!\",\"potentialAction\":[{\"@type\":\"SearchAction\",\"target\":{\"@type\":\"EntryPoint\",\"urlTemplate\":\"https:\/\/www.gaveanews.com\/?s={search_term_string}\"},\"query-input\":{\"@type\":\"PropertyValueSpecification\",\"valueRequired\":true,\"valueName\":\"search_term_string\"}}],\"inLanguage\":\"pt-BR\"},{\"@type\":\"Person\",\"@id\":\"https:\/\/www.gaveanews.com\/#\/schema\/person\/c79759ca337c40791ae8d08e2923d403\",\"name\":\"Brenda Cezillo\",\"image\":{\"@type\":\"ImageObject\",\"inLanguage\":\"pt-BR\",\"@id\":\"https:\/\/www.gaveanews.com\/#\/schema\/person\/image\/\",\"url\":\"https:\/\/secure.gravatar.com\/avatar\/1738d75cee7317f9c29ae61dd67620c5883d80a92e42a6fff88ae5d527af217a?s=96&d=mm&r=g\",\"contentUrl\":\"https:\/\/secure.gravatar.com\/avatar\/1738d75cee7317f9c29ae61dd67620c5883d80a92e42a6fff88ae5d527af217a?s=96&d=mm&r=g\",\"caption\":\"Brenda Cezillo\"}}]}<\/script>\n<!-- \/ Yoast SEO Premium plugin. -->","yoast_head_json":{"title":"Atacante insatisfeito, Felip\u00e3o entra no radar e a declara\u00e7\u00e3o de Braithwaite: as \u00faltimas not\u00edcias do Gr\u00eamio","robots":{"index":"index","follow":"follow","max-snippet":"max-snippet:-1","max-image-preview":"max-image-preview:large","max-video-preview":"max-video-preview:-1"},"canonical":"https:\/\/www.gaveanews.com\/index.php\/2025\/04\/24\/atacante-insatisfeito-felipao-entra-no-radar-e-a-declaracao-de-braithwaite-as-ultimas-noticias-do-gremio\/","og_locale":"pt_BR","og_type":"article","og_title":"Atacante insatisfeito, Felip\u00e3o entra no radar e a declara\u00e7\u00e3o de Braithwaite: as \u00faltimas not\u00edcias do Gr\u00eamio","og_description":"Nas \u00faltimas horas, o foco das not\u00edcias sobre o Gr\u00eamio se concentram nos bastidores do clube, com destaques do dia a dia do time. Por conta deste contexto, leia abaixo um resumo preparado pela equipe do portal G\u00e1vea News para lhe manter muito bem informado! A declara\u00e7\u00e3o de Braithwaite O Gr\u00eamio sofreu uma dura derrota [&hellip;]","og_url":"https:\/\/www.gaveanews.com\/index.php\/2025\/04\/24\/atacante-insatisfeito-felipao-entra-no-radar-e-a-declaracao-de-braithwaite-as-ultimas-noticias-do-gremio\/","og_site_name":"G\u00e1vea News","article_publisher":"https:\/\/facebook.com\/gaveaNews\/","article_published_time":"2025-04-24T21:30:00+00:00","og_image":[{"width":1043,"height":695,"url":"https:\/\/www.gaveanews.com\/wp-content\/uploads\/Bandeira-do-Gremio.webp","type":"image\/webp"}],"author":"Brenda Cezillo","twitter_card":"summary_large_image","twitter_misc":{"Escrito por":"Brenda Cezillo","Est. tempo de leitura":"6 minutos"},"schema":{"@context":"https:\/\/schema.org","@graph":[{"@type":"NewsArticle","@id":"https:\/\/www.gaveanews.com\/index.php\/2025\/04\/24\/atacante-insatisfeito-felipao-entra-no-radar-e-a-declaracao-de-braithwaite-as-ultimas-noticias-do-gremio\/#article","isPartOf":{"@id":"https:\/\/www.gaveanews.com\/index.php\/2025\/04\/24\/atacante-insatisfeito-felipao-entra-no-radar-e-a-declaracao-de-braithwaite-as-ultimas-noticias-do-gremio\/"},"author":{"name":"Brenda Cezillo","@id":"https:\/\/www.gaveanews.com\/#\/schema\/person\/c79759ca337c40791ae8d08e2923d403"},"headline":"Atacante insatisfeito, Felip\u00e3o entra no radar e a declara\u00e7\u00e3o de Braithwaite: as \u00faltimas not\u00edcias do Gr\u00eamio","datePublished":"2025-04-24T21:30:00+00:00","mainEntityOfPage":{"@id":"https:\/\/www.gaveanews.com\/index.php\/2025\/04\/24\/atacante-insatisfeito-felipao-entra-no-radar-e-a-declaracao-de-braithwaite-as-ultimas-noticias-do-gremio\/"},"wordCount":885,"commentCount":0,"image":{"@id":"https:\/\/www.gaveanews.com\/index.php\/2025\/04\/24\/atacante-insatisfeito-felipao-entra-no-radar-e-a-declaracao-de-braithwaite-as-ultimas-noticias-do-gremio\/#primaryimage"},"thumbnailUrl":"https:\/\/www.gaveanews.com\/wp-content\/uploads\/Bandeira-do-Gremio.webp","articleSection":["Gr\u00eamio"],"inLanguage":"pt-BR","potentialAction":[{"@type":"CommentAction","name":"Comment","target":["https:\/\/www.gaveanews.com\/index.php\/2025\/04\/24\/atacante-insatisfeito-felipao-entra-no-radar-e-a-declaracao-de-braithwaite-as-ultimas-noticias-do-gremio\/#respond"]}],"copyrightYear":"2025","copyrightHolder":{"@id":"https:\/\/www.gaveanews.com\/#organization"}},{"@type":"WebPage","@id":"https:\/\/www.gaveanews.com\/index.php\/2025\/04\/24\/atacante-insatisfeito-felipao-entra-no-radar-e-a-declaracao-de-braithwaite-as-ultimas-noticias-do-gremio\/","url":"https:\/\/www.gaveanews.com\/index.php\/2025\/04\/24\/atacante-insatisfeito-felipao-entra-no-radar-e-a-declaracao-de-braithwaite-as-ultimas-noticias-do-gremio\/","name":"Atacante insatisfeito, Felip\u00e3o entra no radar e a declara\u00e7\u00e3o de Braithwaite: as \u00faltimas not\u00edcias do Gr\u00eamio","isPartOf":{"@id":"https:\/\/www.gaveanews.com\/#website"},"primaryImageOfPage":{"@id":"https:\/\/www.gaveanews.com\/index.php\/2025\/04\/24\/atacante-insatisfeito-felipao-entra-no-radar-e-a-declaracao-de-braithwaite-as-ultimas-noticias-do-gremio\/#primaryimage"},"image":{"@id":"https:\/\/www.gaveanews.com\/index.php\/2025\/04\/24\/atacante-insatisfeito-felipao-entra-no-radar-e-a-declaracao-de-braithwaite-as-ultimas-noticias-do-gremio\/#primaryimage"},"thumbnailUrl":"https:\/\/www.gaveanews.com\/wp-content\/uploads\/Bandeira-do-Gremio.webp","datePublished":"2025-04-24T21:30:00+00:00","author":{"@id":"https:\/\/www.gaveanews.com\/#\/schema\/person\/c79759ca337c40791ae8d08e2923d403"},"breadcrumb":{"@id":"https:\/\/www.gaveanews.com\/index.php\/2025\/04\/24\/atacante-insatisfeito-felipao-entra-no-radar-e-a-declaracao-de-braithwaite-as-ultimas-noticias-do-gremio\/#breadcrumb"},"inLanguage":"pt-BR","potentialAction":[{"@type":"ReadAction","target":["https:\/\/www.gaveanews.com\/index.php\/2025\/04\/24\/atacante-insatisfeito-felipao-entra-no-radar-e-a-declaracao-de-braithwaite-as-ultimas-noticias-do-gremio\/"]}]},{"@type":"ImageObject","inLanguage":"pt-BR","@id":"https:\/\/www.gaveanews.com\/index.php\/2025\/04\/24\/atacante-insatisfeito-felipao-entra-no-radar-e-a-declaracao-de-braithwaite-as-ultimas-noticias-do-gremio\/#primaryimage","url":"https:\/\/www.gaveanews.com\/wp-content\/uploads\/Bandeira-do-Gremio.webp","contentUrl":"https:\/\/www.gaveanews.com\/wp-content\/uploads\/Bandeira-do-Gremio.webp","width":1043,"height":695,"caption":"Bandeira do Gr\u00eamio (Foto: Reprodu\u00e7\u00e3o\/Gr\u00eamio)"},{"@type":"BreadcrumbList","@id":"https:\/\/www.gaveanews.com\/index.php\/2025\/04\/24\/atacante-insatisfeito-felipao-entra-no-radar-e-a-declaracao-de-braithwaite-as-ultimas-noticias-do-gremio\/#breadcrumb","itemListElement":[{"@type":"ListItem","position":1,"name":"Home","item":"https:\/\/www.gaveanews.com\/"},{"@type":"ListItem","position":2,"name":"Atacante insatisfeito, Felip\u00e3o entra no radar e a declara\u00e7\u00e3o de Braithwaite: as \u00faltimas not\u00edcias do Gr\u00eamio"}]},{"@type":"WebSite","@id":"https:\/\/www.gaveanews.com\/#website","url":"https:\/\/www.gaveanews.com\/","name":"G\u00e1vea News","description":"Veja todas as not\u00edcias sobre o Flamengo: Contrata\u00e7\u00f5es, categorias de base, resultados das partidas, tabela de classifica\u00e7\u00e3o, pr\u00f3ximos jogos!","potentialAction":[{"@type":"SearchAction","target":{"@type":"EntryPoint","urlTemplate":"https:\/\/www.gaveanews.com\/?s={search_term_string}"},"query-input":{"@type":"PropertyValueSpecification","valueRequired":true,"valueName":"search_term_string"}}],"inLanguage":"pt-BR"},{"@type":"Person","@id":"https:\/\/www.gaveanews.com\/#\/schema\/person\/c79759ca337c40791ae8d08e2923d403","name":"Brenda Cezillo","image":{"@type":"ImageObject","inLanguage":"pt-BR","@id":"https:\/\/www.gaveanews.com\/#\/schema\/person\/image\/","url":"https:\/\/secure.gravatar.com\/avatar\/1738d75cee7317f9c29ae61dd67620c5883d80a92e42a6fff88ae5d527af217a?s=96&d=mm&r=g","contentUrl":"https:\/\/secure.gravatar.com\/avatar\/1738d75cee7317f9c29ae61dd67620c5883d80a92e42a6fff88ae5d527af217a?s=96&d=mm&r=g","caption":"Brenda Cezillo"}}]}},"_links":{"self":[{"href":"https:\/\/www.gaveanews.com\/index.php\/wp-json\/wp\/v2\/posts\/257221","targetHints":{"allow":["GET"]}}],"collection":[{"href":"https:\/\/www.gaveanews.com\/index.php\/wp-json\/wp\/v2\/posts"}],"about":[{"href":"https:\/\/www.gaveanews.com\/index.php\/wp-json\/wp\/v2\/types\/post"}],"author":[{"embeddable":true,"href":"https:\/\/www.gaveanews.com\/index.php\/wp-json\/wp\/v2\/users\/33"}],"replies":[{"embeddable":true,"href":"https:\/\/www.gaveanews.com\/index.php\/wp-json\/wp\/v2\/comments?post=257221"}],"version-history":[{"count":1,"href":"https:\/\/www.gaveanews.com\/index.php\/wp-json\/wp\/v2\/posts\/257221\/revisions"}],"predecessor-version":[{"id":257224,"href":"https:\/\/www.gaveanews.com\/index.php\/wp-json\/wp\/v2\/posts\/257221\/revisions\/257224"}],"wp:featuredmedia":[{"embeddable":true,"href":"https:\/\/www.gaveanews.com\/index.php\/wp-json\/wp\/v2\/media\/165925"}],"wp:attachment":[{"href":"https:\/\/www.gaveanews.com\/index.php\/wp-json\/wp\/v2\/media?parent=257221"}],"wp:term":[{"taxonomy":"category","embeddable":true,"href":"https:\/\/www.gaveanews.com\/index.php\/wp-json\/wp\/v2\/categories?post=257221"},{"taxonomy":"post_tag","embeddable":true,"href":"https:\/\/www.gaveanews.com\/index.php\/wp-json\/wp\/v2\/tags?post=257221"}],"curies":[{"name":"wp","href":"https:\/\/api.w.org\/{rel}","templated":true}]}}