{"id":257226,"date":"2025-04-24T18:40:00","date_gmt":"2025-04-24T21:40:00","guid":{"rendered":"https:\/\/www.gaveanews.com\/?p=257226"},"modified":"2025-04-24T18:34:45","modified_gmt":"2025-04-24T21:34:45","slug":"real-madrid-tera-reforcos-para-final-contra-o-barcelona","status":"publish","type":"post","link":"https:\/\/www.gaveanews.com\/index.php\/2025\/04\/24\/real-madrid-tera-reforcos-para-final-contra-o-barcelona\/","title":{"rendered":"Real Madrid ter\u00e1 refor\u00e7os para final contra o Barcelona"},"content":{"rendered":"\n<p>O Real Madrid recebeu not\u00edcias animadoras em meio aos preparativos para a final da Copa do Rei, marcada para s\u00e1bado (26 de abril), \u00e0s 16h30 (hor\u00e1rio de Bras\u00edlia). O confronto contra o Barcelona, que reedita um cl\u00e1ssico que n\u00e3o acontecia em uma decis\u00e3o do torneio h\u00e1 mais de uma d\u00e9cada, poder\u00e1 contar com o retorno de nomes relevantes ao elenco merengue.<\/p>\n\n\n\n<p>Kylian Mbapp\u00e9, que sofreu uma entorse no tornozelo durante a elimina\u00e7\u00e3o da equipe na Champions League diante do Arsenal, participou normalmente do treino desta quinta-feira (24 de abril). A presen\u00e7a do atacante franc\u00eas nos trabalhos alimenta as esperan\u00e7as da torcida e da comiss\u00e3o t\u00e9cnica para o duelo decisivo. \u201cMbapp\u00e9 treinou ao lado dos companheiros e mostrou boa evolu\u00e7\u00e3o\u201d, apontou o clube em suas redes sociais.<\/p>\n\n\n\n<figure class=\"wp-block-image size-large\"><img loading=\"lazy\" decoding=\"async\" width=\"1024\" height=\"576\" src=\"http:\/\/www.gaveanews.com\/wp-content\/uploads\/Real-Madrid-e-Barcelona-1024x576.webp\" alt=\"\" class=\"wp-image-120885\" srcset=\"https:\/\/www.gaveanews.com\/wp-content\/uploads\/Real-Madrid-e-Barcelona-1024x576.webp 1024w, https:\/\/www.gaveanews.com\/wp-content\/uploads\/Real-Madrid-e-Barcelona-300x169.webp 300w, https:\/\/www.gaveanews.com\/wp-content\/uploads\/Real-Madrid-e-Barcelona-768x432.webp 768w, https:\/\/www.gaveanews.com\/wp-content\/uploads\/Real-Madrid-e-Barcelona-747x420.webp 747w, https:\/\/www.gaveanews.com\/wp-content\/uploads\/Real-Madrid-e-Barcelona-640x360.webp 640w, https:\/\/www.gaveanews.com\/wp-content\/uploads\/Real-Madrid-e-Barcelona-1280x720.webp 1280w, https:\/\/www.gaveanews.com\/wp-content\/uploads\/Real-Madrid-e-Barcelona-681x383.webp 681w, https:\/\/www.gaveanews.com\/wp-content\/uploads\/Real-Madrid-e-Barcelona-100x56.webp 100w, https:\/\/www.gaveanews.com\/wp-content\/uploads\/Real-Madrid-e-Barcelona.webp 1296w\" sizes=\"auto, (max-width: 1024px) 100vw, 1024px\" \/><figcaption class=\"wp-element-caption\">Escudo do Real Madrid e Barcelona (Foto: Divulga\u00e7\u00e3o)<\/figcaption><\/figure>\n\n\n\n<p>Al\u00e9m dele, Ferland Mendy tamb\u00e9m surgiu como possibilidade para refor\u00e7ar o setor defensivo. O lateral-esquerdo, ausente dos gramados desde que se lesionou na partida contra o Atl\u00e9tico de Madrid pela Liga dos Campe\u00f5es, voltou a treinar com bola. O t\u00e9cnico Carlo Ancelotti, ali\u00e1s, elogiou o jogador e revelou a expectativa de t\u00ea-lo \u00e0 disposi\u00e7\u00e3o. \u201cPara mim, Mendy \u00e9 o melhor jogador do mundo em sua posi\u00e7\u00e3o\u201d, afirmou o treinador italiano.<\/p>\n\n\n\n<p>Outro nome que pode se somar ao grupo \u00e9 David Alaba. Embora n\u00e3o tenha participado da atividade desta quinta-feira, o zagueiro \u00e9 esperado no treino desta sexta-feira (25 de abril), v\u00e9spera da final. Sua presen\u00e7a ainda depende de avalia\u00e7\u00e3o m\u00e9dica, mas o clube mant\u00e9m o otimismo.<\/p>\n\n\n\n<p>Por outro lado, o Real Madrid ter\u00e1 uma baixa confirmada: o meio-campista Eduardo Camavinga est\u00e1 fora do restante da temporada por conta de uma grave les\u00e3o. A aus\u00eancia do jovem franc\u00eas representa um desfalque significativo para a equipe em um momento crucial da temporada.<\/p>\n\n\n\n<p>O confronto entre Barcelona e Real Madrid ser\u00e1 o oitavo entre os clubes em finais de Copa do Rei. No hist\u00f3rico, os merengues levam vantagem com quatro t\u00edtulos conquistados (1936, 1974, 2011 e 2014), enquanto os catal\u00e3es venceram tr\u00eas vezes (1968, 1983 e 1990). Assim, a disputa n\u00e3o se resume apenas ao t\u00edtulo atual, mas tamb\u00e9m ao equil\u00edbrio hist\u00f3rico entre os rivais.<\/p>\n","protected":false},"excerpt":{"rendered":"<p>O Real Madrid recebeu not\u00edcias animadoras em meio aos preparativos para a final da Copa do Rei, marcada para s\u00e1bado (26 de abril), \u00e0s 16h30 (hor\u00e1rio de Bras\u00edlia). O confronto contra o Barcelona, que reedita um cl\u00e1ssico que n\u00e3o acontecia em uma decis\u00e3o do torneio h\u00e1 mais de uma d\u00e9cada, poder\u00e1 contar com o retorno [&hellip;]<\/p>\n","protected":false},"author":33,"featured_media":141707,"comment_status":"open","ping_status":"closed","sticky":false,"template":"","format":"standard","meta":{"footnotes":""},"categories":[87,88],"tags":[],"class_list":["post-257226","post","type-post","status-publish","format-standard","has-post-thumbnail","hentry","category-barcelona","category-real-madrid"],"yoast_head":"<!-- This site is optimized with the Yoast SEO Premium plugin v24.2 (Yoast SEO v26.9) - https:\/\/yoast.com\/product\/yoast-seo-premium-wordpress\/ -->\n<title>Real Madrid ter\u00e1 refor\u00e7os para final contra o Barcelona<\/title>\n<meta name=\"robots\" content=\"index, follow, max-snippet:-1, max-image-preview:large, max-video-preview:-1\" \/>\n<link rel=\"canonical\" href=\"https:\/\/www.gaveanews.com\/index.php\/2025\/04\/24\/real-madrid-tera-reforcos-para-final-contra-o-barcelona\/\" \/>\n<meta property=\"og:locale\" content=\"pt_BR\" \/>\n<meta property=\"og:type\" content=\"article\" \/>\n<meta property=\"og:title\" content=\"Real Madrid ter\u00e1 refor\u00e7os para final contra o Barcelona\" \/>\n<meta property=\"og:description\" content=\"O Real Madrid recebeu not\u00edcias animadoras em meio aos preparativos para a final da Copa do Rei, marcada para s\u00e1bado (26 de abril), \u00e0s 16h30 (hor\u00e1rio de Bras\u00edlia). O confronto contra o Barcelona, que reedita um cl\u00e1ssico que n\u00e3o acontecia em uma decis\u00e3o do torneio h\u00e1 mais de uma d\u00e9cada, poder\u00e1 contar com o retorno [&hellip;]\" \/>\n<meta property=\"og:url\" content=\"https:\/\/www.gaveanews.com\/index.php\/2025\/04\/24\/real-madrid-tera-reforcos-para-final-contra-o-barcelona\/\" \/>\n<meta property=\"og:site_name\" content=\"G\u00e1vea News\" \/>\n<meta property=\"article:publisher\" content=\"https:\/\/facebook.com\/gaveaNews\/\" \/>\n<meta property=\"article:published_time\" content=\"2025-04-24T21:40:00+00:00\" \/>\n<meta property=\"og:image\" content=\"https:\/\/www.gaveanews.com\/wp-content\/uploads\/Real-Madrid-jogadores-1024x576.jpg.webp\" \/>\n\t<meta property=\"og:image:width\" content=\"1024\" \/>\n\t<meta property=\"og:image:height\" content=\"576\" \/>\n\t<meta property=\"og:image:type\" content=\"image\/webp\" \/>\n<meta name=\"author\" content=\"Brenda Cezillo\" \/>\n<meta name=\"twitter:card\" content=\"summary_large_image\" \/>\n<meta name=\"twitter:label1\" content=\"Escrito por\" \/>\n\t<meta name=\"twitter:data1\" content=\"Brenda Cezillo\" \/>\n\t<meta name=\"twitter:label2\" content=\"Est. tempo de leitura\" \/>\n\t<meta name=\"twitter:data2\" content=\"3 minutos\" \/>\n<script type=\"application\/ld+json\" class=\"yoast-schema-graph\">{\"@context\":\"https:\/\/schema.org\",\"@graph\":[{\"@type\":\"NewsArticle\",\"@id\":\"https:\/\/www.gaveanews.com\/index.php\/2025\/04\/24\/real-madrid-tera-reforcos-para-final-contra-o-barcelona\/#article\",\"isPartOf\":{\"@id\":\"https:\/\/www.gaveanews.com\/index.php\/2025\/04\/24\/real-madrid-tera-reforcos-para-final-contra-o-barcelona\/\"},\"author\":{\"name\":\"Brenda Cezillo\",\"@id\":\"https:\/\/www.gaveanews.com\/#\/schema\/person\/c79759ca337c40791ae8d08e2923d403\"},\"headline\":\"Real Madrid ter\u00e1 refor\u00e7os para final contra o Barcelona\",\"datePublished\":\"2025-04-24T21:40:00+00:00\",\"mainEntityOfPage\":{\"@id\":\"https:\/\/www.gaveanews.com\/index.php\/2025\/04\/24\/real-madrid-tera-reforcos-para-final-contra-o-barcelona\/\"},\"wordCount\":396,\"commentCount\":0,\"image\":{\"@id\":\"https:\/\/www.gaveanews.com\/index.php\/2025\/04\/24\/real-madrid-tera-reforcos-para-final-contra-o-barcelona\/#primaryimage\"},\"thumbnailUrl\":\"https:\/\/www.gaveanews.com\/wp-content\/uploads\/Real-Madrid-jogadores-1024x576.jpg.webp\",\"articleSection\":[\"Barcelona\",\"Real Madrid\"],\"inLanguage\":\"pt-BR\",\"potentialAction\":[{\"@type\":\"CommentAction\",\"name\":\"Comment\",\"target\":[\"https:\/\/www.gaveanews.com\/index.php\/2025\/04\/24\/real-madrid-tera-reforcos-para-final-contra-o-barcelona\/#respond\"]}],\"copyrightYear\":\"2025\",\"copyrightHolder\":{\"@id\":\"https:\/\/www.gaveanews.com\/#organization\"}},{\"@type\":\"WebPage\",\"@id\":\"https:\/\/www.gaveanews.com\/index.php\/2025\/04\/24\/real-madrid-tera-reforcos-para-final-contra-o-barcelona\/\",\"url\":\"https:\/\/www.gaveanews.com\/index.php\/2025\/04\/24\/real-madrid-tera-reforcos-para-final-contra-o-barcelona\/\",\"name\":\"Real Madrid ter\u00e1 refor\u00e7os para final contra o Barcelona\",\"isPartOf\":{\"@id\":\"https:\/\/www.gaveanews.com\/#website\"},\"primaryImageOfPage\":{\"@id\":\"https:\/\/www.gaveanews.com\/index.php\/2025\/04\/24\/real-madrid-tera-reforcos-para-final-contra-o-barcelona\/#primaryimage\"},\"image\":{\"@id\":\"https:\/\/www.gaveanews.com\/index.php\/2025\/04\/24\/real-madrid-tera-reforcos-para-final-contra-o-barcelona\/#primaryimage\"},\"thumbnailUrl\":\"https:\/\/www.gaveanews.com\/wp-content\/uploads\/Real-Madrid-jogadores-1024x576.jpg.webp\",\"datePublished\":\"2025-04-24T21:40:00+00:00\",\"author\":{\"@id\":\"https:\/\/www.gaveanews.com\/#\/schema\/person\/c79759ca337c40791ae8d08e2923d403\"},\"breadcrumb\":{\"@id\":\"https:\/\/www.gaveanews.com\/index.php\/2025\/04\/24\/real-madrid-tera-reforcos-para-final-contra-o-barcelona\/#breadcrumb\"},\"inLanguage\":\"pt-BR\",\"potentialAction\":[{\"@type\":\"ReadAction\",\"target\":[\"https:\/\/www.gaveanews.com\/index.php\/2025\/04\/24\/real-madrid-tera-reforcos-para-final-contra-o-barcelona\/\"]}]},{\"@type\":\"ImageObject\",\"inLanguage\":\"pt-BR\",\"@id\":\"https:\/\/www.gaveanews.com\/index.php\/2025\/04\/24\/real-madrid-tera-reforcos-para-final-contra-o-barcelona\/#primaryimage\",\"url\":\"https:\/\/www.gaveanews.com\/wp-content\/uploads\/Real-Madrid-jogadores-1024x576.jpg.webp\",\"contentUrl\":\"https:\/\/www.gaveanews.com\/wp-content\/uploads\/Real-Madrid-jogadores-1024x576.jpg.webp\",\"width\":1024,\"height\":576,\"caption\":\"Jogadores do Real Madrid (Foto: Real Madrid CF)\"},{\"@type\":\"BreadcrumbList\",\"@id\":\"https:\/\/www.gaveanews.com\/index.php\/2025\/04\/24\/real-madrid-tera-reforcos-para-final-contra-o-barcelona\/#breadcrumb\",\"itemListElement\":[{\"@type\":\"ListItem\",\"position\":1,\"name\":\"Home\",\"item\":\"https:\/\/www.gaveanews.com\/\"},{\"@type\":\"ListItem\",\"position\":2,\"name\":\"Real Madrid ter\u00e1 refor\u00e7os para final contra o Barcelona\"}]},{\"@type\":\"WebSite\",\"@id\":\"https:\/\/www.gaveanews.com\/#website\",\"url\":\"https:\/\/www.gaveanews.com\/\",\"name\":\"G\u00e1vea News\",\"description\":\"Veja todas as not\u00edcias sobre o Flamengo: Contrata\u00e7\u00f5es, categorias de base, resultados das partidas, tabela de classifica\u00e7\u00e3o, pr\u00f3ximos jogos!\",\"potentialAction\":[{\"@type\":\"SearchAction\",\"target\":{\"@type\":\"EntryPoint\",\"urlTemplate\":\"https:\/\/www.gaveanews.com\/?s={search_term_string}\"},\"query-input\":{\"@type\":\"PropertyValueSpecification\",\"valueRequired\":true,\"valueName\":\"search_term_string\"}}],\"inLanguage\":\"pt-BR\"},{\"@type\":\"Person\",\"@id\":\"https:\/\/www.gaveanews.com\/#\/schema\/person\/c79759ca337c40791ae8d08e2923d403\",\"name\":\"Brenda Cezillo\",\"image\":{\"@type\":\"ImageObject\",\"inLanguage\":\"pt-BR\",\"@id\":\"https:\/\/www.gaveanews.com\/#\/schema\/person\/image\/\",\"url\":\"https:\/\/secure.gravatar.com\/avatar\/1738d75cee7317f9c29ae61dd67620c5883d80a92e42a6fff88ae5d527af217a?s=96&d=mm&r=g\",\"contentUrl\":\"https:\/\/secure.gravatar.com\/avatar\/1738d75cee7317f9c29ae61dd67620c5883d80a92e42a6fff88ae5d527af217a?s=96&d=mm&r=g\",\"caption\":\"Brenda Cezillo\"}}]}<\/script>\n<!-- \/ Yoast SEO Premium plugin. -->","yoast_head_json":{"title":"Real Madrid ter\u00e1 refor\u00e7os para final contra o Barcelona","robots":{"index":"index","follow":"follow","max-snippet":"max-snippet:-1","max-image-preview":"max-image-preview:large","max-video-preview":"max-video-preview:-1"},"canonical":"https:\/\/www.gaveanews.com\/index.php\/2025\/04\/24\/real-madrid-tera-reforcos-para-final-contra-o-barcelona\/","og_locale":"pt_BR","og_type":"article","og_title":"Real Madrid ter\u00e1 refor\u00e7os para final contra o Barcelona","og_description":"O Real Madrid recebeu not\u00edcias animadoras em meio aos preparativos para a final da Copa do Rei, marcada para s\u00e1bado (26 de abril), \u00e0s 16h30 (hor\u00e1rio de Bras\u00edlia). O confronto contra o Barcelona, que reedita um cl\u00e1ssico que n\u00e3o acontecia em uma decis\u00e3o do torneio h\u00e1 mais de uma d\u00e9cada, poder\u00e1 contar com o retorno [&hellip;]","og_url":"https:\/\/www.gaveanews.com\/index.php\/2025\/04\/24\/real-madrid-tera-reforcos-para-final-contra-o-barcelona\/","og_site_name":"G\u00e1vea News","article_publisher":"https:\/\/facebook.com\/gaveaNews\/","article_published_time":"2025-04-24T21:40:00+00:00","og_image":[{"width":1024,"height":576,"url":"https:\/\/www.gaveanews.com\/wp-content\/uploads\/Real-Madrid-jogadores-1024x576.jpg.webp","type":"image\/webp"}],"author":"Brenda Cezillo","twitter_card":"summary_large_image","twitter_misc":{"Escrito por":"Brenda Cezillo","Est. tempo de leitura":"3 minutos"},"schema":{"@context":"https:\/\/schema.org","@graph":[{"@type":"NewsArticle","@id":"https:\/\/www.gaveanews.com\/index.php\/2025\/04\/24\/real-madrid-tera-reforcos-para-final-contra-o-barcelona\/#article","isPartOf":{"@id":"https:\/\/www.gaveanews.com\/index.php\/2025\/04\/24\/real-madrid-tera-reforcos-para-final-contra-o-barcelona\/"},"author":{"name":"Brenda Cezillo","@id":"https:\/\/www.gaveanews.com\/#\/schema\/person\/c79759ca337c40791ae8d08e2923d403"},"headline":"Real Madrid ter\u00e1 refor\u00e7os para final contra o Barcelona","datePublished":"2025-04-24T21:40:00+00:00","mainEntityOfPage":{"@id":"https:\/\/www.gaveanews.com\/index.php\/2025\/04\/24\/real-madrid-tera-reforcos-para-final-contra-o-barcelona\/"},"wordCount":396,"commentCount":0,"image":{"@id":"https:\/\/www.gaveanews.com\/index.php\/2025\/04\/24\/real-madrid-tera-reforcos-para-final-contra-o-barcelona\/#primaryimage"},"thumbnailUrl":"https:\/\/www.gaveanews.com\/wp-content\/uploads\/Real-Madrid-jogadores-1024x576.jpg.webp","articleSection":["Barcelona","Real Madrid"],"inLanguage":"pt-BR","potentialAction":[{"@type":"CommentAction","name":"Comment","target":["https:\/\/www.gaveanews.com\/index.php\/2025\/04\/24\/real-madrid-tera-reforcos-para-final-contra-o-barcelona\/#respond"]}],"copyrightYear":"2025","copyrightHolder":{"@id":"https:\/\/www.gaveanews.com\/#organization"}},{"@type":"WebPage","@id":"https:\/\/www.gaveanews.com\/index.php\/2025\/04\/24\/real-madrid-tera-reforcos-para-final-contra-o-barcelona\/","url":"https:\/\/www.gaveanews.com\/index.php\/2025\/04\/24\/real-madrid-tera-reforcos-para-final-contra-o-barcelona\/","name":"Real Madrid ter\u00e1 refor\u00e7os para final contra o Barcelona","isPartOf":{"@id":"https:\/\/www.gaveanews.com\/#website"},"primaryImageOfPage":{"@id":"https:\/\/www.gaveanews.com\/index.php\/2025\/04\/24\/real-madrid-tera-reforcos-para-final-contra-o-barcelona\/#primaryimage"},"image":{"@id":"https:\/\/www.gaveanews.com\/index.php\/2025\/04\/24\/real-madrid-tera-reforcos-para-final-contra-o-barcelona\/#primaryimage"},"thumbnailUrl":"https:\/\/www.gaveanews.com\/wp-content\/uploads\/Real-Madrid-jogadores-1024x576.jpg.webp","datePublished":"2025-04-24T21:40:00+00:00","author":{"@id":"https:\/\/www.gaveanews.com\/#\/schema\/person\/c79759ca337c40791ae8d08e2923d403"},"breadcrumb":{"@id":"https:\/\/www.gaveanews.com\/index.php\/2025\/04\/24\/real-madrid-tera-reforcos-para-final-contra-o-barcelona\/#breadcrumb"},"inLanguage":"pt-BR","potentialAction":[{"@type":"ReadAction","target":["https:\/\/www.gaveanews.com\/index.php\/2025\/04\/24\/real-madrid-tera-reforcos-para-final-contra-o-barcelona\/"]}]},{"@type":"ImageObject","inLanguage":"pt-BR","@id":"https:\/\/www.gaveanews.com\/index.php\/2025\/04\/24\/real-madrid-tera-reforcos-para-final-contra-o-barcelona\/#primaryimage","url":"https:\/\/www.gaveanews.com\/wp-content\/uploads\/Real-Madrid-jogadores-1024x576.jpg.webp","contentUrl":"https:\/\/www.gaveanews.com\/wp-content\/uploads\/Real-Madrid-jogadores-1024x576.jpg.webp","width":1024,"height":576,"caption":"Jogadores do Real Madrid (Foto: Real Madrid CF)"},{"@type":"BreadcrumbList","@id":"https:\/\/www.gaveanews.com\/index.php\/2025\/04\/24\/real-madrid-tera-reforcos-para-final-contra-o-barcelona\/#breadcrumb","itemListElement":[{"@type":"ListItem","position":1,"name":"Home","item":"https:\/\/www.gaveanews.com\/"},{"@type":"ListItem","position":2,"name":"Real Madrid ter\u00e1 refor\u00e7os para final contra o Barcelona"}]},{"@type":"WebSite","@id":"https:\/\/www.gaveanews.com\/#website","url":"https:\/\/www.gaveanews.com\/","name":"G\u00e1vea News","description":"Veja todas as not\u00edcias sobre o Flamengo: Contrata\u00e7\u00f5es, categorias de base, resultados das partidas, tabela de classifica\u00e7\u00e3o, pr\u00f3ximos jogos!","potentialAction":[{"@type":"SearchAction","target":{"@type":"EntryPoint","urlTemplate":"https:\/\/www.gaveanews.com\/?s={search_term_string}"},"query-input":{"@type":"PropertyValueSpecification","valueRequired":true,"valueName":"search_term_string"}}],"inLanguage":"pt-BR"},{"@type":"Person","@id":"https:\/\/www.gaveanews.com\/#\/schema\/person\/c79759ca337c40791ae8d08e2923d403","name":"Brenda Cezillo","image":{"@type":"ImageObject","inLanguage":"pt-BR","@id":"https:\/\/www.gaveanews.com\/#\/schema\/person\/image\/","url":"https:\/\/secure.gravatar.com\/avatar\/1738d75cee7317f9c29ae61dd67620c5883d80a92e42a6fff88ae5d527af217a?s=96&d=mm&r=g","contentUrl":"https:\/\/secure.gravatar.com\/avatar\/1738d75cee7317f9c29ae61dd67620c5883d80a92e42a6fff88ae5d527af217a?s=96&d=mm&r=g","caption":"Brenda Cezillo"}}]}},"_links":{"self":[{"href":"https:\/\/www.gaveanews.com\/index.php\/wp-json\/wp\/v2\/posts\/257226","targetHints":{"allow":["GET"]}}],"collection":[{"href":"https:\/\/www.gaveanews.com\/index.php\/wp-json\/wp\/v2\/posts"}],"about":[{"href":"https:\/\/www.gaveanews.com\/index.php\/wp-json\/wp\/v2\/types\/post"}],"author":[{"embeddable":true,"href":"https:\/\/www.gaveanews.com\/index.php\/wp-json\/wp\/v2\/users\/33"}],"replies":[{"embeddable":true,"href":"https:\/\/www.gaveanews.com\/index.php\/wp-json\/wp\/v2\/comments?post=257226"}],"version-history":[{"count":1,"href":"https:\/\/www.gaveanews.com\/index.php\/wp-json\/wp\/v2\/posts\/257226\/revisions"}],"predecessor-version":[{"id":257231,"href":"https:\/\/www.gaveanews.com\/index.php\/wp-json\/wp\/v2\/posts\/257226\/revisions\/257231"}],"wp:featuredmedia":[{"embeddable":true,"href":"https:\/\/www.gaveanews.com\/index.php\/wp-json\/wp\/v2\/media\/141707"}],"wp:attachment":[{"href":"https:\/\/www.gaveanews.com\/index.php\/wp-json\/wp\/v2\/media?parent=257226"}],"wp:term":[{"taxonomy":"category","embeddable":true,"href":"https:\/\/www.gaveanews.com\/index.php\/wp-json\/wp\/v2\/categories?post=257226"},{"taxonomy":"post_tag","embeddable":true,"href":"https:\/\/www.gaveanews.com\/index.php\/wp-json\/wp\/v2\/tags?post=257226"}],"curies":[{"name":"wp","href":"https:\/\/api.w.org\/{rel}","templated":true}]}}