{"id":257229,"date":"2025-04-24T18:35:00","date_gmt":"2025-04-24T21:35:00","guid":{"rendered":"https:\/\/www.gaveanews.com\/?p=257229"},"modified":"2025-04-24T18:34:03","modified_gmt":"2025-04-24T21:34:03","slug":"vasco-tem-divida-milionaria-com-o-corinthians","status":"publish","type":"post","link":"https:\/\/www.gaveanews.com\/index.php\/2025\/04\/24\/vasco-tem-divida-milionaria-com-o-corinthians\/","title":{"rendered":"Vasco tem d\u00edvida milion\u00e1ria com o Corinthians"},"content":{"rendered":"\n<p>Mesmo ap\u00f3s a transforma\u00e7\u00e3o em SAF, o Vasco da Gama ainda enfrenta desafios significativos em seu planejamento financeiro. Uma das pend\u00eancias mais relevantes diz respeito a um d\u00e9bito acumulado com o Corinthians, que atualmente gira em torno de <strong>R$ 5,1 milh\u00f5es<\/strong>.<\/p>\n\n\n\n<p>A d\u00edvida em quest\u00e3o envolve a negocia\u00e7\u00e3o de tr\u00eas jogadores: o lateral-esquerdo <strong>Lucas Piton<\/strong>, que atualmente integra o elenco vasca\u00edno, al\u00e9m dos ex-meias <strong>Fellipe Bastos<\/strong> e <strong>Giovanni Augusto<\/strong>, que j\u00e1 deixaram S\u00e3o Janu\u00e1rio. O valor representa um aumento em rela\u00e7\u00e3o ao montante de <strong>R$ 4,6 milh\u00f5es registrado em 2023<\/strong>, conforme apontado por informa\u00e7\u00f5es divulgadas recentemente.<\/p>\n\n\n\n<figure class=\"wp-block-image size-large\"><img loading=\"lazy\" decoding=\"async\" width=\"1024\" height=\"576\" src=\"http:\/\/www.gaveanews.com\/wp-content\/uploads\/Futebol-e-dinheiro-1-1024x576.webp\" alt=\"\" class=\"wp-image-167418\" srcset=\"https:\/\/www.gaveanews.com\/wp-content\/uploads\/Futebol-e-dinheiro-1-1024x576.webp 1024w, https:\/\/www.gaveanews.com\/wp-content\/uploads\/Futebol-e-dinheiro-1-300x169.webp 300w, https:\/\/www.gaveanews.com\/wp-content\/uploads\/Futebol-e-dinheiro-1-768x432.webp 768w, https:\/\/www.gaveanews.com\/wp-content\/uploads\/Futebol-e-dinheiro-1-747x420.webp 747w, https:\/\/www.gaveanews.com\/wp-content\/uploads\/Futebol-e-dinheiro-1-640x360.webp 640w, https:\/\/www.gaveanews.com\/wp-content\/uploads\/Futebol-e-dinheiro-1-681x383.webp 681w, https:\/\/www.gaveanews.com\/wp-content\/uploads\/Futebol-e-dinheiro-1-100x56.webp 100w, https:\/\/www.gaveanews.com\/wp-content\/uploads\/Futebol-e-dinheiro-1.webp 1280w\" sizes=\"auto, (max-width: 1024px) 100vw, 1024px\" \/><figcaption class=\"wp-element-caption\">Futebol e dinheiro (Imagem: Editoria de arte\/G\u00e1vea News\/Henrique Machado)<\/figcaption><\/figure>\n\n\n\n<p>Esse crescimento do d\u00e9bito, ali\u00e1s, refor\u00e7a a necessidade urgente de reorganiza\u00e7\u00e3o nas finan\u00e7as do clube. O presidente <strong>Pedrinho<\/strong>, ao comentar a situa\u00e7\u00e3o, afirmou: <em>\u201cTenho d\u00edvidas, tenho compromissos e preciso fazer uma reestrutura\u00e7\u00e3o financeira. O torcedor tem todo direito de nunca mais querer ouvir a palavra reestrutura\u00e7\u00e3o, porque ela foi dita milh\u00f5es de vezes e nunca foi feito nada\u201d<\/em>.<\/p>\n\n\n\n<p>A d\u00edvida com o Corinthians simboliza apenas uma parte das obriga\u00e7\u00f5es pendentes da gest\u00e3o vasca\u00edna. Conforme foi observado, a expectativa inicial era de que o modelo de SAF trouxesse maior estabilidade, o que, at\u00e9 agora, n\u00e3o se concretizou plenamente. O cen\u00e1rio atual exige medidas mais firmes para honrar os compromissos assumidos em anos anteriores.<\/p>\n\n\n\n<p>Enquanto enfrenta esses entraves fora de campo, o Vasco mant\u00e9m o foco nas competi\u00e7\u00f5es. O pr\u00f3ximo desafio da equipe ser\u00e1 neste <strong>domingo (27)<\/strong>, \u00e0s 16 horas (hor\u00e1rio de Bras\u00edlia), contra o <strong>Cruzeiro<\/strong>, no <strong>Mineir\u00e3o<\/strong>, pela <strong>sexta rodada do Brasileir\u00e3o Betano<\/strong>.<\/p>\n\n\n\n<p>Em meio a esse contexto, a press\u00e3o da torcida e a cobran\u00e7a por resultados se intensificam. Afinal, as promessas de reorganiza\u00e7\u00e3o feitas anteriormente ainda carecem de realiza\u00e7\u00f5es concretas. Portanto, a quita\u00e7\u00e3o dessas d\u00edvidas e a transpar\u00eancia nos processos administrativos se tornam primordiais para recuperar a confian\u00e7a dos torcedores.<\/p>\n","protected":false},"excerpt":{"rendered":"<p>Mesmo ap\u00f3s a transforma\u00e7\u00e3o em SAF, o Vasco da Gama ainda enfrenta desafios significativos em seu planejamento financeiro. Uma das pend\u00eancias mais relevantes diz respeito a um d\u00e9bito acumulado com o Corinthians, que atualmente gira em torno de R$ 5,1 milh\u00f5es. A d\u00edvida em quest\u00e3o envolve a negocia\u00e7\u00e3o de tr\u00eas jogadores: o lateral-esquerdo Lucas Piton, [&hellip;]<\/p>\n","protected":false},"author":33,"featured_media":161261,"comment_status":"open","ping_status":"closed","sticky":false,"template":"","format":"standard","meta":{"footnotes":""},"categories":[141,152],"tags":[],"class_list":["post-257229","post","type-post","status-publish","format-standard","has-post-thumbnail","hentry","category-corinthians","category-vasco"],"yoast_head":"<!-- This site is optimized with the Yoast SEO Premium plugin v24.2 (Yoast SEO v26.9) - https:\/\/yoast.com\/product\/yoast-seo-premium-wordpress\/ -->\n<title>Vasco tem d\u00edvida milion\u00e1ria com o Corinthians<\/title>\n<meta name=\"robots\" content=\"index, follow, max-snippet:-1, max-image-preview:large, max-video-preview:-1\" \/>\n<link rel=\"canonical\" href=\"https:\/\/www.gaveanews.com\/index.php\/2025\/04\/24\/vasco-tem-divida-milionaria-com-o-corinthians\/\" \/>\n<meta property=\"og:locale\" content=\"pt_BR\" \/>\n<meta property=\"og:type\" content=\"article\" \/>\n<meta property=\"og:title\" content=\"Vasco tem d\u00edvida milion\u00e1ria com o Corinthians\" \/>\n<meta property=\"og:description\" content=\"Mesmo ap\u00f3s a transforma\u00e7\u00e3o em SAF, o Vasco da Gama ainda enfrenta desafios significativos em seu planejamento financeiro. Uma das pend\u00eancias mais relevantes diz respeito a um d\u00e9bito acumulado com o Corinthians, que atualmente gira em torno de R$ 5,1 milh\u00f5es. A d\u00edvida em quest\u00e3o envolve a negocia\u00e7\u00e3o de tr\u00eas jogadores: o lateral-esquerdo Lucas Piton, [&hellip;]\" \/>\n<meta property=\"og:url\" content=\"https:\/\/www.gaveanews.com\/index.php\/2025\/04\/24\/vasco-tem-divida-milionaria-com-o-corinthians\/\" \/>\n<meta property=\"og:site_name\" content=\"G\u00e1vea News\" \/>\n<meta property=\"article:publisher\" content=\"https:\/\/facebook.com\/gaveaNews\/\" \/>\n<meta property=\"article:published_time\" content=\"2025-04-24T21:35:00+00:00\" \/>\n<meta property=\"og:image\" content=\"http:\/\/www.gaveanews.com\/wp-content\/uploads\/Camisa-do-Vasco-2024.webp\" \/>\n\t<meta property=\"og:image:width\" content=\"1059\" \/>\n\t<meta property=\"og:image:height\" content=\"794\" \/>\n\t<meta property=\"og:image:type\" content=\"image\/webp\" \/>\n<meta name=\"author\" content=\"Brenda Cezillo\" \/>\n<meta name=\"twitter:card\" content=\"summary_large_image\" \/>\n<meta name=\"twitter:label1\" content=\"Escrito por\" \/>\n\t<meta name=\"twitter:data1\" content=\"Brenda Cezillo\" \/>\n\t<meta name=\"twitter:label2\" content=\"Est. tempo de leitura\" \/>\n\t<meta name=\"twitter:data2\" content=\"3 minutos\" \/>\n<script type=\"application\/ld+json\" class=\"yoast-schema-graph\">{\"@context\":\"https:\/\/schema.org\",\"@graph\":[{\"@type\":\"NewsArticle\",\"@id\":\"https:\/\/www.gaveanews.com\/index.php\/2025\/04\/24\/vasco-tem-divida-milionaria-com-o-corinthians\/#article\",\"isPartOf\":{\"@id\":\"https:\/\/www.gaveanews.com\/index.php\/2025\/04\/24\/vasco-tem-divida-milionaria-com-o-corinthians\/\"},\"author\":{\"name\":\"Brenda Cezillo\",\"@id\":\"https:\/\/www.gaveanews.com\/#\/schema\/person\/c79759ca337c40791ae8d08e2923d403\"},\"headline\":\"Vasco tem d\u00edvida milion\u00e1ria com o Corinthians\",\"datePublished\":\"2025-04-24T21:35:00+00:00\",\"mainEntityOfPage\":{\"@id\":\"https:\/\/www.gaveanews.com\/index.php\/2025\/04\/24\/vasco-tem-divida-milionaria-com-o-corinthians\/\"},\"wordCount\":359,\"commentCount\":0,\"image\":{\"@id\":\"https:\/\/www.gaveanews.com\/index.php\/2025\/04\/24\/vasco-tem-divida-milionaria-com-o-corinthians\/#primaryimage\"},\"thumbnailUrl\":\"https:\/\/www.gaveanews.com\/wp-content\/uploads\/Camisa-do-Vasco-2024.webp\",\"articleSection\":[\"Corinthians\",\"Vasco\"],\"inLanguage\":\"pt-BR\",\"potentialAction\":[{\"@type\":\"CommentAction\",\"name\":\"Comment\",\"target\":[\"https:\/\/www.gaveanews.com\/index.php\/2025\/04\/24\/vasco-tem-divida-milionaria-com-o-corinthians\/#respond\"]}],\"copyrightYear\":\"2025\",\"copyrightHolder\":{\"@id\":\"https:\/\/www.gaveanews.com\/#organization\"}},{\"@type\":\"WebPage\",\"@id\":\"https:\/\/www.gaveanews.com\/index.php\/2025\/04\/24\/vasco-tem-divida-milionaria-com-o-corinthians\/\",\"url\":\"https:\/\/www.gaveanews.com\/index.php\/2025\/04\/24\/vasco-tem-divida-milionaria-com-o-corinthians\/\",\"name\":\"Vasco tem d\u00edvida milion\u00e1ria com o Corinthians\",\"isPartOf\":{\"@id\":\"https:\/\/www.gaveanews.com\/#website\"},\"primaryImageOfPage\":{\"@id\":\"https:\/\/www.gaveanews.com\/index.php\/2025\/04\/24\/vasco-tem-divida-milionaria-com-o-corinthians\/#primaryimage\"},\"image\":{\"@id\":\"https:\/\/www.gaveanews.com\/index.php\/2025\/04\/24\/vasco-tem-divida-milionaria-com-o-corinthians\/#primaryimage\"},\"thumbnailUrl\":\"https:\/\/www.gaveanews.com\/wp-content\/uploads\/Camisa-do-Vasco-2024.webp\",\"datePublished\":\"2025-04-24T21:35:00+00:00\",\"author\":{\"@id\":\"https:\/\/www.gaveanews.com\/#\/schema\/person\/c79759ca337c40791ae8d08e2923d403\"},\"breadcrumb\":{\"@id\":\"https:\/\/www.gaveanews.com\/index.php\/2025\/04\/24\/vasco-tem-divida-milionaria-com-o-corinthians\/#breadcrumb\"},\"inLanguage\":\"pt-BR\",\"potentialAction\":[{\"@type\":\"ReadAction\",\"target\":[\"https:\/\/www.gaveanews.com\/index.php\/2025\/04\/24\/vasco-tem-divida-milionaria-com-o-corinthians\/\"]}]},{\"@type\":\"ImageObject\",\"inLanguage\":\"pt-BR\",\"@id\":\"https:\/\/www.gaveanews.com\/index.php\/2025\/04\/24\/vasco-tem-divida-milionaria-com-o-corinthians\/#primaryimage\",\"url\":\"https:\/\/www.gaveanews.com\/wp-content\/uploads\/Camisa-do-Vasco-2024.webp\",\"contentUrl\":\"https:\/\/www.gaveanews.com\/wp-content\/uploads\/Camisa-do-Vasco-2024.webp\",\"width\":1059,\"height\":794,\"caption\":\"Camisa do Vasco 2024 (Foto: Reprodu\u00e7\u00e3o\/Instagram)\"},{\"@type\":\"BreadcrumbList\",\"@id\":\"https:\/\/www.gaveanews.com\/index.php\/2025\/04\/24\/vasco-tem-divida-milionaria-com-o-corinthians\/#breadcrumb\",\"itemListElement\":[{\"@type\":\"ListItem\",\"position\":1,\"name\":\"Home\",\"item\":\"https:\/\/www.gaveanews.com\/\"},{\"@type\":\"ListItem\",\"position\":2,\"name\":\"Vasco tem d\u00edvida milion\u00e1ria com o Corinthians\"}]},{\"@type\":\"WebSite\",\"@id\":\"https:\/\/www.gaveanews.com\/#website\",\"url\":\"https:\/\/www.gaveanews.com\/\",\"name\":\"G\u00e1vea News\",\"description\":\"Veja todas as not\u00edcias sobre o Flamengo: Contrata\u00e7\u00f5es, categorias de base, resultados das partidas, tabela de classifica\u00e7\u00e3o, pr\u00f3ximos jogos!\",\"potentialAction\":[{\"@type\":\"SearchAction\",\"target\":{\"@type\":\"EntryPoint\",\"urlTemplate\":\"https:\/\/www.gaveanews.com\/?s={search_term_string}\"},\"query-input\":{\"@type\":\"PropertyValueSpecification\",\"valueRequired\":true,\"valueName\":\"search_term_string\"}}],\"inLanguage\":\"pt-BR\"},{\"@type\":\"Person\",\"@id\":\"https:\/\/www.gaveanews.com\/#\/schema\/person\/c79759ca337c40791ae8d08e2923d403\",\"name\":\"Brenda Cezillo\",\"image\":{\"@type\":\"ImageObject\",\"inLanguage\":\"pt-BR\",\"@id\":\"https:\/\/www.gaveanews.com\/#\/schema\/person\/image\/\",\"url\":\"https:\/\/secure.gravatar.com\/avatar\/1738d75cee7317f9c29ae61dd67620c5883d80a92e42a6fff88ae5d527af217a?s=96&d=mm&r=g\",\"contentUrl\":\"https:\/\/secure.gravatar.com\/avatar\/1738d75cee7317f9c29ae61dd67620c5883d80a92e42a6fff88ae5d527af217a?s=96&d=mm&r=g\",\"caption\":\"Brenda Cezillo\"}}]}<\/script>\n<!-- \/ Yoast SEO Premium plugin. -->","yoast_head_json":{"title":"Vasco tem d\u00edvida milion\u00e1ria com o Corinthians","robots":{"index":"index","follow":"follow","max-snippet":"max-snippet:-1","max-image-preview":"max-image-preview:large","max-video-preview":"max-video-preview:-1"},"canonical":"https:\/\/www.gaveanews.com\/index.php\/2025\/04\/24\/vasco-tem-divida-milionaria-com-o-corinthians\/","og_locale":"pt_BR","og_type":"article","og_title":"Vasco tem d\u00edvida milion\u00e1ria com o Corinthians","og_description":"Mesmo ap\u00f3s a transforma\u00e7\u00e3o em SAF, o Vasco da Gama ainda enfrenta desafios significativos em seu planejamento financeiro. Uma das pend\u00eancias mais relevantes diz respeito a um d\u00e9bito acumulado com o Corinthians, que atualmente gira em torno de R$ 5,1 milh\u00f5es. A d\u00edvida em quest\u00e3o envolve a negocia\u00e7\u00e3o de tr\u00eas jogadores: o lateral-esquerdo Lucas Piton, [&hellip;]","og_url":"https:\/\/www.gaveanews.com\/index.php\/2025\/04\/24\/vasco-tem-divida-milionaria-com-o-corinthians\/","og_site_name":"G\u00e1vea News","article_publisher":"https:\/\/facebook.com\/gaveaNews\/","article_published_time":"2025-04-24T21:35:00+00:00","og_image":[{"width":1059,"height":794,"url":"http:\/\/www.gaveanews.com\/wp-content\/uploads\/Camisa-do-Vasco-2024.webp","type":"image\/webp"}],"author":"Brenda Cezillo","twitter_card":"summary_large_image","twitter_misc":{"Escrito por":"Brenda Cezillo","Est. tempo de leitura":"3 minutos"},"schema":{"@context":"https:\/\/schema.org","@graph":[{"@type":"NewsArticle","@id":"https:\/\/www.gaveanews.com\/index.php\/2025\/04\/24\/vasco-tem-divida-milionaria-com-o-corinthians\/#article","isPartOf":{"@id":"https:\/\/www.gaveanews.com\/index.php\/2025\/04\/24\/vasco-tem-divida-milionaria-com-o-corinthians\/"},"author":{"name":"Brenda Cezillo","@id":"https:\/\/www.gaveanews.com\/#\/schema\/person\/c79759ca337c40791ae8d08e2923d403"},"headline":"Vasco tem d\u00edvida milion\u00e1ria com o Corinthians","datePublished":"2025-04-24T21:35:00+00:00","mainEntityOfPage":{"@id":"https:\/\/www.gaveanews.com\/index.php\/2025\/04\/24\/vasco-tem-divida-milionaria-com-o-corinthians\/"},"wordCount":359,"commentCount":0,"image":{"@id":"https:\/\/www.gaveanews.com\/index.php\/2025\/04\/24\/vasco-tem-divida-milionaria-com-o-corinthians\/#primaryimage"},"thumbnailUrl":"https:\/\/www.gaveanews.com\/wp-content\/uploads\/Camisa-do-Vasco-2024.webp","articleSection":["Corinthians","Vasco"],"inLanguage":"pt-BR","potentialAction":[{"@type":"CommentAction","name":"Comment","target":["https:\/\/www.gaveanews.com\/index.php\/2025\/04\/24\/vasco-tem-divida-milionaria-com-o-corinthians\/#respond"]}],"copyrightYear":"2025","copyrightHolder":{"@id":"https:\/\/www.gaveanews.com\/#organization"}},{"@type":"WebPage","@id":"https:\/\/www.gaveanews.com\/index.php\/2025\/04\/24\/vasco-tem-divida-milionaria-com-o-corinthians\/","url":"https:\/\/www.gaveanews.com\/index.php\/2025\/04\/24\/vasco-tem-divida-milionaria-com-o-corinthians\/","name":"Vasco tem d\u00edvida milion\u00e1ria com o Corinthians","isPartOf":{"@id":"https:\/\/www.gaveanews.com\/#website"},"primaryImageOfPage":{"@id":"https:\/\/www.gaveanews.com\/index.php\/2025\/04\/24\/vasco-tem-divida-milionaria-com-o-corinthians\/#primaryimage"},"image":{"@id":"https:\/\/www.gaveanews.com\/index.php\/2025\/04\/24\/vasco-tem-divida-milionaria-com-o-corinthians\/#primaryimage"},"thumbnailUrl":"https:\/\/www.gaveanews.com\/wp-content\/uploads\/Camisa-do-Vasco-2024.webp","datePublished":"2025-04-24T21:35:00+00:00","author":{"@id":"https:\/\/www.gaveanews.com\/#\/schema\/person\/c79759ca337c40791ae8d08e2923d403"},"breadcrumb":{"@id":"https:\/\/www.gaveanews.com\/index.php\/2025\/04\/24\/vasco-tem-divida-milionaria-com-o-corinthians\/#breadcrumb"},"inLanguage":"pt-BR","potentialAction":[{"@type":"ReadAction","target":["https:\/\/www.gaveanews.com\/index.php\/2025\/04\/24\/vasco-tem-divida-milionaria-com-o-corinthians\/"]}]},{"@type":"ImageObject","inLanguage":"pt-BR","@id":"https:\/\/www.gaveanews.com\/index.php\/2025\/04\/24\/vasco-tem-divida-milionaria-com-o-corinthians\/#primaryimage","url":"https:\/\/www.gaveanews.com\/wp-content\/uploads\/Camisa-do-Vasco-2024.webp","contentUrl":"https:\/\/www.gaveanews.com\/wp-content\/uploads\/Camisa-do-Vasco-2024.webp","width":1059,"height":794,"caption":"Camisa do Vasco 2024 (Foto: Reprodu\u00e7\u00e3o\/Instagram)"},{"@type":"BreadcrumbList","@id":"https:\/\/www.gaveanews.com\/index.php\/2025\/04\/24\/vasco-tem-divida-milionaria-com-o-corinthians\/#breadcrumb","itemListElement":[{"@type":"ListItem","position":1,"name":"Home","item":"https:\/\/www.gaveanews.com\/"},{"@type":"ListItem","position":2,"name":"Vasco tem d\u00edvida milion\u00e1ria com o Corinthians"}]},{"@type":"WebSite","@id":"https:\/\/www.gaveanews.com\/#website","url":"https:\/\/www.gaveanews.com\/","name":"G\u00e1vea News","description":"Veja todas as not\u00edcias sobre o Flamengo: Contrata\u00e7\u00f5es, categorias de base, resultados das partidas, tabela de classifica\u00e7\u00e3o, pr\u00f3ximos jogos!","potentialAction":[{"@type":"SearchAction","target":{"@type":"EntryPoint","urlTemplate":"https:\/\/www.gaveanews.com\/?s={search_term_string}"},"query-input":{"@type":"PropertyValueSpecification","valueRequired":true,"valueName":"search_term_string"}}],"inLanguage":"pt-BR"},{"@type":"Person","@id":"https:\/\/www.gaveanews.com\/#\/schema\/person\/c79759ca337c40791ae8d08e2923d403","name":"Brenda Cezillo","image":{"@type":"ImageObject","inLanguage":"pt-BR","@id":"https:\/\/www.gaveanews.com\/#\/schema\/person\/image\/","url":"https:\/\/secure.gravatar.com\/avatar\/1738d75cee7317f9c29ae61dd67620c5883d80a92e42a6fff88ae5d527af217a?s=96&d=mm&r=g","contentUrl":"https:\/\/secure.gravatar.com\/avatar\/1738d75cee7317f9c29ae61dd67620c5883d80a92e42a6fff88ae5d527af217a?s=96&d=mm&r=g","caption":"Brenda Cezillo"}}]}},"_links":{"self":[{"href":"https:\/\/www.gaveanews.com\/index.php\/wp-json\/wp\/v2\/posts\/257229","targetHints":{"allow":["GET"]}}],"collection":[{"href":"https:\/\/www.gaveanews.com\/index.php\/wp-json\/wp\/v2\/posts"}],"about":[{"href":"https:\/\/www.gaveanews.com\/index.php\/wp-json\/wp\/v2\/types\/post"}],"author":[{"embeddable":true,"href":"https:\/\/www.gaveanews.com\/index.php\/wp-json\/wp\/v2\/users\/33"}],"replies":[{"embeddable":true,"href":"https:\/\/www.gaveanews.com\/index.php\/wp-json\/wp\/v2\/comments?post=257229"}],"version-history":[{"count":1,"href":"https:\/\/www.gaveanews.com\/index.php\/wp-json\/wp\/v2\/posts\/257229\/revisions"}],"predecessor-version":[{"id":257230,"href":"https:\/\/www.gaveanews.com\/index.php\/wp-json\/wp\/v2\/posts\/257229\/revisions\/257230"}],"wp:featuredmedia":[{"embeddable":true,"href":"https:\/\/www.gaveanews.com\/index.php\/wp-json\/wp\/v2\/media\/161261"}],"wp:attachment":[{"href":"https:\/\/www.gaveanews.com\/index.php\/wp-json\/wp\/v2\/media?parent=257229"}],"wp:term":[{"taxonomy":"category","embeddable":true,"href":"https:\/\/www.gaveanews.com\/index.php\/wp-json\/wp\/v2\/categories?post=257229"},{"taxonomy":"post_tag","embeddable":true,"href":"https:\/\/www.gaveanews.com\/index.php\/wp-json\/wp\/v2\/tags?post=257229"}],"curies":[{"name":"wp","href":"https:\/\/api.w.org\/{rel}","templated":true}]}}