{"id":257234,"date":"2025-04-24T18:45:00","date_gmt":"2025-04-24T21:45:00","guid":{"rendered":"https:\/\/www.gaveanews.com\/?p=257234"},"modified":"2025-04-24T18:39:21","modified_gmt":"2025-04-24T21:39:21","slug":"renovacao-de-alphonso-davies-gera-polemica","status":"publish","type":"post","link":"https:\/\/www.gaveanews.com\/index.php\/2025\/04\/24\/renovacao-de-alphonso-davies-gera-polemica\/","title":{"rendered":"Renova\u00e7\u00e3o de Alphonso Davies gera pol\u00eamica"},"content":{"rendered":"\n<p>A recente renova\u00e7\u00e3o contratual de Alphonso Davies com o Bayern de Munique gerou um efeito inesperado nos bastidores do clube alem\u00e3o. Embora o v\u00ednculo tenha sido estendido at\u00e9 2030, o valor envolvido na negocia\u00e7\u00e3o causou desconforto entre dirigentes, jogadores e conselheiros.<\/p>\n\n\n\n<p>Davies, que chegou a ser especulado como poss\u00edvel refor\u00e7o do Real Madrid, recebeu 22 milh\u00f5es de euros apenas em luvas para renovar com o clube b\u00e1varo. Al\u00e9m disso, o canadense passar\u00e1 a ganhar cerca de 15 milh\u00f5es de euros por temporada, o que alterou o clima no vesti\u00e1rio. A quantia elevada surpreendeu, principalmente porque ultrapassou valores praticados em renova\u00e7\u00f5es recentes de outros jogadores importantes do elenco.<\/p>\n\n\n\n<figure class=\"wp-block-image size-large\"><img loading=\"lazy\" decoding=\"async\" width=\"1024\" height=\"683\" src=\"http:\/\/www.gaveanews.com\/wp-content\/uploads\/Alphonso-Davies-durante-treino-do-Bayern-de-Munique-edited-1024x683.webp\" alt=\"\" class=\"wp-image-120401\" srcset=\"https:\/\/www.gaveanews.com\/wp-content\/uploads\/Alphonso-Davies-durante-treino-do-Bayern-de-Munique-edited-1024x683.webp 1024w, https:\/\/www.gaveanews.com\/wp-content\/uploads\/Alphonso-Davies-durante-treino-do-Bayern-de-Munique-edited-300x200.webp 300w, https:\/\/www.gaveanews.com\/wp-content\/uploads\/Alphonso-Davies-durante-treino-do-Bayern-de-Munique-edited-768x512.webp 768w, https:\/\/www.gaveanews.com\/wp-content\/uploads\/Alphonso-Davies-durante-treino-do-Bayern-de-Munique-edited-630x420.webp 630w, https:\/\/www.gaveanews.com\/wp-content\/uploads\/Alphonso-Davies-durante-treino-do-Bayern-de-Munique-edited-640x427.webp 640w, https:\/\/www.gaveanews.com\/wp-content\/uploads\/Alphonso-Davies-durante-treino-do-Bayern-de-Munique-edited-681x454.webp 681w, https:\/\/www.gaveanews.com\/wp-content\/uploads\/Alphonso-Davies-durante-treino-do-Bayern-de-Munique-edited-100x67.webp 100w, https:\/\/www.gaveanews.com\/wp-content\/uploads\/Alphonso-Davies-durante-treino-do-Bayern-de-Munique-edited.webp 1080w\" sizes=\"auto, (max-width: 1024px) 100vw, 1024px\" \/><figcaption class=\"wp-element-caption\">Alphonso Davies durante treino do Bayern de Munique (Foto: Reprodu\u00e7\u00e3o\/Instagram)<\/figcaption><\/figure>\n\n\n\n<p>Entre os atletas que recentemente firmaram novos contratos com o Bayern est\u00e3o Jamal Musiala e Joshua Kimmich. Ambos receberam cifras inferiores \u00e0s de Davies, o que, segundo a imprensa alem\u00e3, abriu precedentes para que outros jogadores exijam valores mais altos nas pr\u00f3ximas negocia\u00e7\u00f5es. Dayot Upamecano, por exemplo, j\u00e1 estaria utilizando o caso do lateral como base para sua pr\u00f3pria renova\u00e7\u00e3o.<\/p>\n\n\n\n<p>O diretor esportivo Max Eberl passou a ser alvo de cr\u00edticas internas ap\u00f3s a condu\u00e7\u00e3o do processo. Conforme relatos da imprensa local, membros influentes do clube avaliam que as decis\u00f5es recentes colocam em risco a estabilidade financeira constru\u00edda ao longo dos anos. A insatisfa\u00e7\u00e3o teria se intensificado com o impacto das cifras no ambiente do clube.<\/p>\n\n\n\n<p>Uli Hoeness, um dos nomes mais emblem\u00e1ticos da hist\u00f3ria do Bayern, expressou publicamente sua preocupa\u00e7\u00e3o com o rumo das finan\u00e7as da equipe. \u201cJ\u00e1 n\u00e3o resta muito na nossa conta a prazo fixo. Precisamos repensar nossa economia\u201d, declarou em entrevista ao jornal <em>Welt am Sonntag<\/em>. Atualmente membro do conselho de supervis\u00e3o do clube, Hoeness destacou que os pr\u00f3ximos investimentos podem depender da contrata\u00e7\u00e3o de empr\u00e9stimos.<\/p>\n\n\n\n<p>Apesar do objetivo de manter suas principais pe\u00e7as, o Bayern de Munique vive um momento de revis\u00e3o estrat\u00e9gica. Afinal, a manuten\u00e7\u00e3o de talentos no elenco precisa ser equilibrada com a responsabilidade financeira que sempre caracterizou a gest\u00e3o do clube b\u00e1varo. O caso de Alphonso Davies, portanto, reacende o debate sobre os limites entre competitividade e sustentabilidade no futebol europeu.<\/p>\n","protected":false},"excerpt":{"rendered":"<p>A recente renova\u00e7\u00e3o contratual de Alphonso Davies com o Bayern de Munique gerou um efeito inesperado nos bastidores do clube alem\u00e3o. Embora o v\u00ednculo tenha sido estendido at\u00e9 2030, o valor envolvido na negocia\u00e7\u00e3o causou desconforto entre dirigentes, jogadores e conselheiros. Davies, que chegou a ser especulado como poss\u00edvel refor\u00e7o do Real Madrid, recebeu 22 [&hellip;]<\/p>\n","protected":false},"author":33,"featured_media":120172,"comment_status":"open","ping_status":"closed","sticky":false,"template":"","format":"standard","meta":{"footnotes":""},"categories":[96],"tags":[],"class_list":["post-257234","post","type-post","status-publish","format-standard","has-post-thumbnail","hentry","category-bayern-de-munique"],"yoast_head":"<!-- This site is optimized with the Yoast SEO Premium plugin v24.2 (Yoast SEO v26.9) - https:\/\/yoast.com\/product\/yoast-seo-premium-wordpress\/ -->\n<title>Renova\u00e7\u00e3o de Alphonso Davies gera pol\u00eamica<\/title>\n<meta name=\"robots\" content=\"index, follow, max-snippet:-1, max-image-preview:large, max-video-preview:-1\" \/>\n<link rel=\"canonical\" href=\"https:\/\/www.gaveanews.com\/index.php\/2025\/04\/24\/renovacao-de-alphonso-davies-gera-polemica\/\" \/>\n<meta property=\"og:locale\" content=\"pt_BR\" \/>\n<meta property=\"og:type\" content=\"article\" \/>\n<meta property=\"og:title\" content=\"Renova\u00e7\u00e3o de Alphonso Davies gera pol\u00eamica\" \/>\n<meta property=\"og:description\" content=\"A recente renova\u00e7\u00e3o contratual de Alphonso Davies com o Bayern de Munique gerou um efeito inesperado nos bastidores do clube alem\u00e3o. Embora o v\u00ednculo tenha sido estendido at\u00e9 2030, o valor envolvido na negocia\u00e7\u00e3o causou desconforto entre dirigentes, jogadores e conselheiros. Davies, que chegou a ser especulado como poss\u00edvel refor\u00e7o do Real Madrid, recebeu 22 [&hellip;]\" \/>\n<meta property=\"og:url\" content=\"https:\/\/www.gaveanews.com\/index.php\/2025\/04\/24\/renovacao-de-alphonso-davies-gera-polemica\/\" \/>\n<meta property=\"og:site_name\" content=\"G\u00e1vea News\" \/>\n<meta property=\"article:publisher\" content=\"https:\/\/facebook.com\/gaveaNews\/\" \/>\n<meta property=\"article:published_time\" content=\"2025-04-24T21:45:00+00:00\" \/>\n<meta property=\"og:image\" content=\"https:\/\/www.gaveanews.com\/wp-content\/uploads\/bayern.webp\" \/>\n\t<meta property=\"og:image:width\" content=\"917\" \/>\n\t<meta property=\"og:image:height\" content=\"611\" \/>\n\t<meta property=\"og:image:type\" content=\"image\/webp\" \/>\n<meta name=\"author\" content=\"Brenda Cezillo\" \/>\n<meta name=\"twitter:card\" content=\"summary_large_image\" \/>\n<meta name=\"twitter:label1\" content=\"Escrito por\" \/>\n\t<meta name=\"twitter:data1\" content=\"Brenda Cezillo\" \/>\n\t<meta name=\"twitter:label2\" content=\"Est. tempo de leitura\" \/>\n\t<meta name=\"twitter:data2\" content=\"3 minutos\" \/>\n<script type=\"application\/ld+json\" class=\"yoast-schema-graph\">{\"@context\":\"https:\/\/schema.org\",\"@graph\":[{\"@type\":\"NewsArticle\",\"@id\":\"https:\/\/www.gaveanews.com\/index.php\/2025\/04\/24\/renovacao-de-alphonso-davies-gera-polemica\/#article\",\"isPartOf\":{\"@id\":\"https:\/\/www.gaveanews.com\/index.php\/2025\/04\/24\/renovacao-de-alphonso-davies-gera-polemica\/\"},\"author\":{\"name\":\"Brenda Cezillo\",\"@id\":\"https:\/\/www.gaveanews.com\/#\/schema\/person\/c79759ca337c40791ae8d08e2923d403\"},\"headline\":\"Renova\u00e7\u00e3o de Alphonso Davies gera pol\u00eamica\",\"datePublished\":\"2025-04-24T21:45:00+00:00\",\"mainEntityOfPage\":{\"@id\":\"https:\/\/www.gaveanews.com\/index.php\/2025\/04\/24\/renovacao-de-alphonso-davies-gera-polemica\/\"},\"wordCount\":401,\"commentCount\":0,\"image\":{\"@id\":\"https:\/\/www.gaveanews.com\/index.php\/2025\/04\/24\/renovacao-de-alphonso-davies-gera-polemica\/#primaryimage\"},\"thumbnailUrl\":\"https:\/\/www.gaveanews.com\/wp-content\/uploads\/bayern.webp\",\"articleSection\":[\"Bayern de Munique\"],\"inLanguage\":\"pt-BR\",\"potentialAction\":[{\"@type\":\"CommentAction\",\"name\":\"Comment\",\"target\":[\"https:\/\/www.gaveanews.com\/index.php\/2025\/04\/24\/renovacao-de-alphonso-davies-gera-polemica\/#respond\"]}],\"copyrightYear\":\"2025\",\"copyrightHolder\":{\"@id\":\"https:\/\/www.gaveanews.com\/#organization\"}},{\"@type\":\"WebPage\",\"@id\":\"https:\/\/www.gaveanews.com\/index.php\/2025\/04\/24\/renovacao-de-alphonso-davies-gera-polemica\/\",\"url\":\"https:\/\/www.gaveanews.com\/index.php\/2025\/04\/24\/renovacao-de-alphonso-davies-gera-polemica\/\",\"name\":\"Renova\u00e7\u00e3o de Alphonso Davies gera pol\u00eamica\",\"isPartOf\":{\"@id\":\"https:\/\/www.gaveanews.com\/#website\"},\"primaryImageOfPage\":{\"@id\":\"https:\/\/www.gaveanews.com\/index.php\/2025\/04\/24\/renovacao-de-alphonso-davies-gera-polemica\/#primaryimage\"},\"image\":{\"@id\":\"https:\/\/www.gaveanews.com\/index.php\/2025\/04\/24\/renovacao-de-alphonso-davies-gera-polemica\/#primaryimage\"},\"thumbnailUrl\":\"https:\/\/www.gaveanews.com\/wp-content\/uploads\/bayern.webp\",\"datePublished\":\"2025-04-24T21:45:00+00:00\",\"author\":{\"@id\":\"https:\/\/www.gaveanews.com\/#\/schema\/person\/c79759ca337c40791ae8d08e2923d403\"},\"breadcrumb\":{\"@id\":\"https:\/\/www.gaveanews.com\/index.php\/2025\/04\/24\/renovacao-de-alphonso-davies-gera-polemica\/#breadcrumb\"},\"inLanguage\":\"pt-BR\",\"potentialAction\":[{\"@type\":\"ReadAction\",\"target\":[\"https:\/\/www.gaveanews.com\/index.php\/2025\/04\/24\/renovacao-de-alphonso-davies-gera-polemica\/\"]}]},{\"@type\":\"ImageObject\",\"inLanguage\":\"pt-BR\",\"@id\":\"https:\/\/www.gaveanews.com\/index.php\/2025\/04\/24\/renovacao-de-alphonso-davies-gera-polemica\/#primaryimage\",\"url\":\"https:\/\/www.gaveanews.com\/wp-content\/uploads\/bayern.webp\",\"contentUrl\":\"https:\/\/www.gaveanews.com\/wp-content\/uploads\/bayern.webp\",\"width\":917,\"height\":611,\"caption\":\"Escudo do Bayern de Munique (Foto: Reprodu\u00e7\u00e3o)\"},{\"@type\":\"BreadcrumbList\",\"@id\":\"https:\/\/www.gaveanews.com\/index.php\/2025\/04\/24\/renovacao-de-alphonso-davies-gera-polemica\/#breadcrumb\",\"itemListElement\":[{\"@type\":\"ListItem\",\"position\":1,\"name\":\"Home\",\"item\":\"https:\/\/www.gaveanews.com\/\"},{\"@type\":\"ListItem\",\"position\":2,\"name\":\"Renova\u00e7\u00e3o de Alphonso Davies gera pol\u00eamica\"}]},{\"@type\":\"WebSite\",\"@id\":\"https:\/\/www.gaveanews.com\/#website\",\"url\":\"https:\/\/www.gaveanews.com\/\",\"name\":\"G\u00e1vea News\",\"description\":\"Veja todas as not\u00edcias sobre o Flamengo: Contrata\u00e7\u00f5es, categorias de base, resultados das partidas, tabela de classifica\u00e7\u00e3o, pr\u00f3ximos jogos!\",\"potentialAction\":[{\"@type\":\"SearchAction\",\"target\":{\"@type\":\"EntryPoint\",\"urlTemplate\":\"https:\/\/www.gaveanews.com\/?s={search_term_string}\"},\"query-input\":{\"@type\":\"PropertyValueSpecification\",\"valueRequired\":true,\"valueName\":\"search_term_string\"}}],\"inLanguage\":\"pt-BR\"},{\"@type\":\"Person\",\"@id\":\"https:\/\/www.gaveanews.com\/#\/schema\/person\/c79759ca337c40791ae8d08e2923d403\",\"name\":\"Brenda Cezillo\",\"image\":{\"@type\":\"ImageObject\",\"inLanguage\":\"pt-BR\",\"@id\":\"https:\/\/www.gaveanews.com\/#\/schema\/person\/image\/\",\"url\":\"https:\/\/secure.gravatar.com\/avatar\/1738d75cee7317f9c29ae61dd67620c5883d80a92e42a6fff88ae5d527af217a?s=96&d=mm&r=g\",\"contentUrl\":\"https:\/\/secure.gravatar.com\/avatar\/1738d75cee7317f9c29ae61dd67620c5883d80a92e42a6fff88ae5d527af217a?s=96&d=mm&r=g\",\"caption\":\"Brenda Cezillo\"}}]}<\/script>\n<!-- \/ Yoast SEO Premium plugin. -->","yoast_head_json":{"title":"Renova\u00e7\u00e3o de Alphonso Davies gera pol\u00eamica","robots":{"index":"index","follow":"follow","max-snippet":"max-snippet:-1","max-image-preview":"max-image-preview:large","max-video-preview":"max-video-preview:-1"},"canonical":"https:\/\/www.gaveanews.com\/index.php\/2025\/04\/24\/renovacao-de-alphonso-davies-gera-polemica\/","og_locale":"pt_BR","og_type":"article","og_title":"Renova\u00e7\u00e3o de Alphonso Davies gera pol\u00eamica","og_description":"A recente renova\u00e7\u00e3o contratual de Alphonso Davies com o Bayern de Munique gerou um efeito inesperado nos bastidores do clube alem\u00e3o. Embora o v\u00ednculo tenha sido estendido at\u00e9 2030, o valor envolvido na negocia\u00e7\u00e3o causou desconforto entre dirigentes, jogadores e conselheiros. Davies, que chegou a ser especulado como poss\u00edvel refor\u00e7o do Real Madrid, recebeu 22 [&hellip;]","og_url":"https:\/\/www.gaveanews.com\/index.php\/2025\/04\/24\/renovacao-de-alphonso-davies-gera-polemica\/","og_site_name":"G\u00e1vea News","article_publisher":"https:\/\/facebook.com\/gaveaNews\/","article_published_time":"2025-04-24T21:45:00+00:00","og_image":[{"width":917,"height":611,"url":"https:\/\/www.gaveanews.com\/wp-content\/uploads\/bayern.webp","type":"image\/webp"}],"author":"Brenda Cezillo","twitter_card":"summary_large_image","twitter_misc":{"Escrito por":"Brenda Cezillo","Est. tempo de leitura":"3 minutos"},"schema":{"@context":"https:\/\/schema.org","@graph":[{"@type":"NewsArticle","@id":"https:\/\/www.gaveanews.com\/index.php\/2025\/04\/24\/renovacao-de-alphonso-davies-gera-polemica\/#article","isPartOf":{"@id":"https:\/\/www.gaveanews.com\/index.php\/2025\/04\/24\/renovacao-de-alphonso-davies-gera-polemica\/"},"author":{"name":"Brenda Cezillo","@id":"https:\/\/www.gaveanews.com\/#\/schema\/person\/c79759ca337c40791ae8d08e2923d403"},"headline":"Renova\u00e7\u00e3o de Alphonso Davies gera pol\u00eamica","datePublished":"2025-04-24T21:45:00+00:00","mainEntityOfPage":{"@id":"https:\/\/www.gaveanews.com\/index.php\/2025\/04\/24\/renovacao-de-alphonso-davies-gera-polemica\/"},"wordCount":401,"commentCount":0,"image":{"@id":"https:\/\/www.gaveanews.com\/index.php\/2025\/04\/24\/renovacao-de-alphonso-davies-gera-polemica\/#primaryimage"},"thumbnailUrl":"https:\/\/www.gaveanews.com\/wp-content\/uploads\/bayern.webp","articleSection":["Bayern de Munique"],"inLanguage":"pt-BR","potentialAction":[{"@type":"CommentAction","name":"Comment","target":["https:\/\/www.gaveanews.com\/index.php\/2025\/04\/24\/renovacao-de-alphonso-davies-gera-polemica\/#respond"]}],"copyrightYear":"2025","copyrightHolder":{"@id":"https:\/\/www.gaveanews.com\/#organization"}},{"@type":"WebPage","@id":"https:\/\/www.gaveanews.com\/index.php\/2025\/04\/24\/renovacao-de-alphonso-davies-gera-polemica\/","url":"https:\/\/www.gaveanews.com\/index.php\/2025\/04\/24\/renovacao-de-alphonso-davies-gera-polemica\/","name":"Renova\u00e7\u00e3o de Alphonso Davies gera pol\u00eamica","isPartOf":{"@id":"https:\/\/www.gaveanews.com\/#website"},"primaryImageOfPage":{"@id":"https:\/\/www.gaveanews.com\/index.php\/2025\/04\/24\/renovacao-de-alphonso-davies-gera-polemica\/#primaryimage"},"image":{"@id":"https:\/\/www.gaveanews.com\/index.php\/2025\/04\/24\/renovacao-de-alphonso-davies-gera-polemica\/#primaryimage"},"thumbnailUrl":"https:\/\/www.gaveanews.com\/wp-content\/uploads\/bayern.webp","datePublished":"2025-04-24T21:45:00+00:00","author":{"@id":"https:\/\/www.gaveanews.com\/#\/schema\/person\/c79759ca337c40791ae8d08e2923d403"},"breadcrumb":{"@id":"https:\/\/www.gaveanews.com\/index.php\/2025\/04\/24\/renovacao-de-alphonso-davies-gera-polemica\/#breadcrumb"},"inLanguage":"pt-BR","potentialAction":[{"@type":"ReadAction","target":["https:\/\/www.gaveanews.com\/index.php\/2025\/04\/24\/renovacao-de-alphonso-davies-gera-polemica\/"]}]},{"@type":"ImageObject","inLanguage":"pt-BR","@id":"https:\/\/www.gaveanews.com\/index.php\/2025\/04\/24\/renovacao-de-alphonso-davies-gera-polemica\/#primaryimage","url":"https:\/\/www.gaveanews.com\/wp-content\/uploads\/bayern.webp","contentUrl":"https:\/\/www.gaveanews.com\/wp-content\/uploads\/bayern.webp","width":917,"height":611,"caption":"Escudo do Bayern de Munique (Foto: Reprodu\u00e7\u00e3o)"},{"@type":"BreadcrumbList","@id":"https:\/\/www.gaveanews.com\/index.php\/2025\/04\/24\/renovacao-de-alphonso-davies-gera-polemica\/#breadcrumb","itemListElement":[{"@type":"ListItem","position":1,"name":"Home","item":"https:\/\/www.gaveanews.com\/"},{"@type":"ListItem","position":2,"name":"Renova\u00e7\u00e3o de Alphonso Davies gera pol\u00eamica"}]},{"@type":"WebSite","@id":"https:\/\/www.gaveanews.com\/#website","url":"https:\/\/www.gaveanews.com\/","name":"G\u00e1vea News","description":"Veja todas as not\u00edcias sobre o Flamengo: Contrata\u00e7\u00f5es, categorias de base, resultados das partidas, tabela de classifica\u00e7\u00e3o, pr\u00f3ximos jogos!","potentialAction":[{"@type":"SearchAction","target":{"@type":"EntryPoint","urlTemplate":"https:\/\/www.gaveanews.com\/?s={search_term_string}"},"query-input":{"@type":"PropertyValueSpecification","valueRequired":true,"valueName":"search_term_string"}}],"inLanguage":"pt-BR"},{"@type":"Person","@id":"https:\/\/www.gaveanews.com\/#\/schema\/person\/c79759ca337c40791ae8d08e2923d403","name":"Brenda Cezillo","image":{"@type":"ImageObject","inLanguage":"pt-BR","@id":"https:\/\/www.gaveanews.com\/#\/schema\/person\/image\/","url":"https:\/\/secure.gravatar.com\/avatar\/1738d75cee7317f9c29ae61dd67620c5883d80a92e42a6fff88ae5d527af217a?s=96&d=mm&r=g","contentUrl":"https:\/\/secure.gravatar.com\/avatar\/1738d75cee7317f9c29ae61dd67620c5883d80a92e42a6fff88ae5d527af217a?s=96&d=mm&r=g","caption":"Brenda Cezillo"}}]}},"_links":{"self":[{"href":"https:\/\/www.gaveanews.com\/index.php\/wp-json\/wp\/v2\/posts\/257234","targetHints":{"allow":["GET"]}}],"collection":[{"href":"https:\/\/www.gaveanews.com\/index.php\/wp-json\/wp\/v2\/posts"}],"about":[{"href":"https:\/\/www.gaveanews.com\/index.php\/wp-json\/wp\/v2\/types\/post"}],"author":[{"embeddable":true,"href":"https:\/\/www.gaveanews.com\/index.php\/wp-json\/wp\/v2\/users\/33"}],"replies":[{"embeddable":true,"href":"https:\/\/www.gaveanews.com\/index.php\/wp-json\/wp\/v2\/comments?post=257234"}],"version-history":[{"count":1,"href":"https:\/\/www.gaveanews.com\/index.php\/wp-json\/wp\/v2\/posts\/257234\/revisions"}],"predecessor-version":[{"id":257236,"href":"https:\/\/www.gaveanews.com\/index.php\/wp-json\/wp\/v2\/posts\/257234\/revisions\/257236"}],"wp:featuredmedia":[{"embeddable":true,"href":"https:\/\/www.gaveanews.com\/index.php\/wp-json\/wp\/v2\/media\/120172"}],"wp:attachment":[{"href":"https:\/\/www.gaveanews.com\/index.php\/wp-json\/wp\/v2\/media?parent=257234"}],"wp:term":[{"taxonomy":"category","embeddable":true,"href":"https:\/\/www.gaveanews.com\/index.php\/wp-json\/wp\/v2\/categories?post=257234"},{"taxonomy":"post_tag","embeddable":true,"href":"https:\/\/www.gaveanews.com\/index.php\/wp-json\/wp\/v2\/tags?post=257234"}],"curies":[{"name":"wp","href":"https:\/\/api.w.org\/{rel}","templated":true}]}}