{"id":257398,"date":"2025-04-24T23:12:05","date_gmt":"2025-04-25T02:12:05","guid":{"rendered":"https:\/\/www.gaveanews.com\/?p=257398"},"modified":"2025-04-24T23:12:08","modified_gmt":"2025-04-25T02:12:08","slug":"a-declaracao-de-mauricio-apos-a-vitoria-do-palmeiras-na-libertadores","status":"publish","type":"post","link":"https:\/\/www.gaveanews.com\/index.php\/2025\/04\/24\/a-declaracao-de-mauricio-apos-a-vitoria-do-palmeiras-na-libertadores\/","title":{"rendered":"A declara\u00e7\u00e3o de Mauricio ap\u00f3s a vit\u00f3ria do Palmeiras na Libertadores"},"content":{"rendered":"\n<h2 class=\"wp-block-heading\" id=\"h-a-gente-sabe-que-jogar-aqui-e-muito-dificil\">&#8220;A gente sabe que jogar aqui \u00e9 muito dif\u00edcil&#8230;&#8221;<\/h2>\n\n\n\n<p>O Palmeiras foi at\u00e9 La Paz e venceu o Bol\u00edvar por 3 a 2, com gols de Flaco L\u00f3pez, Est\u00eav\u00e3o e Mauricio. A partida aconteceu no Est\u00e1dio Hernando Siles, localizado na maior altitude desta edi\u00e7\u00e3o do torneio: 3,6 mil metros. Este fator inclusive fez Est\u00eav\u00e3o vomitar e deixar o campo no segundo tempo da partida.<\/p>\n\n\n\n<p>Em entrevista ap\u00f3s o apito final, Mauricio comemorou muito o triunfo palmeirense na altitude de La Paz e comentou sobre a dificuldade que \u00e9 jogar l\u00e1. O gol do meia aos 28 minutos do segundo tempo manteve o Verd\u00e3o com 100% de aproveitamento na Libertadores 2025.<\/p>\n\n\n\n<p>&#8220;Muito feliz. A gente sabe que jogar aqui \u00e9 muito dif\u00edcil, complicado. Mas viemos com uma proposta de jogo muito bem e observada pelo comiss\u00e3o e por n\u00f3s jogadores. Conseguimos fazer um bom excelente primeiro tempo. No segundo custou um pouquinho ali na bola a\u00e9rea em que eles tiveram felicidade. Feliz de poder entrar, ajudar, por voltar a marcar um gol que \u00e9 muito importante para mim&#8221;, disse o meia em entrevista \u00e0\u00a0Paramount+.<\/p>\n\n\n\n<p>Mauricio passou quase dois meses afastado dos gramados por conta de uma cirurgia no ombro direito. Desde que voltou, este foi seu terceiro jogo entrando como reserva e, desta vez foi decisivo para o Palmeiras sair vitorioso. Na etapa final, o time sentiu a queda de desempenho, algo que Mauricio atribuiu \u00e0 altitude. Ainda assim, ele destacou a for\u00e7a do grupo para conquistar o resultado na Bol\u00edvia.<\/p>\n\n\n\n<p>&#8220;Claro que \u00e9 determinante (a altitude), a gente sabe. O problema n\u00e3o \u00e9 o primeiro pique, mas a recupera\u00e7\u00e3o que voc\u00ea d\u00e1, demora mais. Sab\u00edamos disso. Viemos dois dias antes para poder tentar se acostumar um pouquinho mais com a movimenta\u00e7\u00e3o da bola que \u00e9 diferente. Isso \u00e9 um fator determinante, n\u00e3o \u00e9 desculpa, mas mostramos ser uma equipe forte&#8221;, finalizou Mauricio. <\/p>\n\n\n\n<p>Agora, o Palmeiras volta a campo neste domingo (27) quando recebe o Bahia no Allianz Parque, pela sexta rodada do Brasileir\u00e3o. A bola rola \u00e0s 18h30 (hor\u00e1rio de Bras\u00edlia). <\/p>\n","protected":false},"excerpt":{"rendered":"<p>&#8220;A gente sabe que jogar aqui \u00e9 muito dif\u00edcil&#8230;&#8221; O Palmeiras foi at\u00e9 La Paz e venceu o Bol\u00edvar por 3 a 2, com gols de Flaco L\u00f3pez, Est\u00eav\u00e3o e Mauricio. A partida aconteceu no Est\u00e1dio Hernando Siles, localizado na maior altitude desta edi\u00e7\u00e3o do torneio: 3,6 mil metros. Este fator inclusive fez Est\u00eav\u00e3o vomitar [&hellip;]<\/p>\n","protected":false},"author":21,"featured_media":227508,"comment_status":"open","ping_status":"closed","sticky":false,"template":"","format":"standard","meta":{"footnotes":""},"categories":[150],"tags":[],"class_list":["post-257398","post","type-post","status-publish","format-standard","has-post-thumbnail","hentry","category-palmeiras"],"yoast_head":"<!-- This site is optimized with the Yoast SEO Premium plugin v24.2 (Yoast SEO v26.9) - https:\/\/yoast.com\/product\/yoast-seo-premium-wordpress\/ -->\n<title>A declara\u00e7\u00e3o de Mauricio ap\u00f3s a vit\u00f3ria do Palmeiras na Libertadores<\/title>\n<meta name=\"robots\" content=\"index, follow, max-snippet:-1, max-image-preview:large, max-video-preview:-1\" \/>\n<link rel=\"canonical\" href=\"https:\/\/www.gaveanews.com\/index.php\/2025\/04\/24\/a-declaracao-de-mauricio-apos-a-vitoria-do-palmeiras-na-libertadores\/\" \/>\n<meta property=\"og:locale\" content=\"pt_BR\" \/>\n<meta property=\"og:type\" content=\"article\" \/>\n<meta property=\"og:title\" content=\"A declara\u00e7\u00e3o de Mauricio ap\u00f3s a vit\u00f3ria do Palmeiras na Libertadores\" \/>\n<meta property=\"og:description\" content=\"&#8220;A gente sabe que jogar aqui \u00e9 muito dif\u00edcil&#8230;&#8221; O Palmeiras foi at\u00e9 La Paz e venceu o Bol\u00edvar por 3 a 2, com gols de Flaco L\u00f3pez, Est\u00eav\u00e3o e Mauricio. A partida aconteceu no Est\u00e1dio Hernando Siles, localizado na maior altitude desta edi\u00e7\u00e3o do torneio: 3,6 mil metros. Este fator inclusive fez Est\u00eav\u00e3o vomitar [&hellip;]\" \/>\n<meta property=\"og:url\" content=\"https:\/\/www.gaveanews.com\/index.php\/2025\/04\/24\/a-declaracao-de-mauricio-apos-a-vitoria-do-palmeiras-na-libertadores\/\" \/>\n<meta property=\"og:site_name\" content=\"G\u00e1vea News\" \/>\n<meta property=\"article:publisher\" content=\"https:\/\/facebook.com\/gaveaNews\/\" \/>\n<meta property=\"article:published_time\" content=\"2025-04-25T02:12:05+00:00\" \/>\n<meta property=\"article:modified_time\" content=\"2025-04-25T02:12:08+00:00\" \/>\n<meta property=\"og:image\" content=\"http:\/\/www.gaveanews.com\/wp-content\/uploads\/Mauricio-em-acao-pelo-Palmeiras.webp\" \/>\n\t<meta property=\"og:image:width\" content=\"447\" \/>\n\t<meta property=\"og:image:height\" content=\"570\" \/>\n\t<meta property=\"og:image:type\" content=\"image\/jpeg\" \/>\n<meta name=\"author\" content=\"Andr\u00e9 Serra\" \/>\n<meta name=\"twitter:card\" content=\"summary_large_image\" \/>\n<meta name=\"twitter:label1\" content=\"Escrito por\" \/>\n\t<meta name=\"twitter:data1\" content=\"Andr\u00e9 Serra\" \/>\n\t<meta name=\"twitter:label2\" content=\"Est. tempo de leitura\" \/>\n\t<meta name=\"twitter:data2\" content=\"3 minutos\" \/>\n<script type=\"application\/ld+json\" class=\"yoast-schema-graph\">{\"@context\":\"https:\/\/schema.org\",\"@graph\":[{\"@type\":\"NewsArticle\",\"@id\":\"https:\/\/www.gaveanews.com\/index.php\/2025\/04\/24\/a-declaracao-de-mauricio-apos-a-vitoria-do-palmeiras-na-libertadores\/#article\",\"isPartOf\":{\"@id\":\"https:\/\/www.gaveanews.com\/index.php\/2025\/04\/24\/a-declaracao-de-mauricio-apos-a-vitoria-do-palmeiras-na-libertadores\/\"},\"author\":{\"name\":\"Andr\u00e9 Serra\",\"@id\":\"https:\/\/www.gaveanews.com\/#\/schema\/person\/0277a79a1289c451c281ec0411d84f0c\"},\"headline\":\"A declara\u00e7\u00e3o de Mauricio ap\u00f3s a vit\u00f3ria do Palmeiras na Libertadores\",\"datePublished\":\"2025-04-25T02:12:05+00:00\",\"dateModified\":\"2025-04-25T02:12:08+00:00\",\"mainEntityOfPage\":{\"@id\":\"https:\/\/www.gaveanews.com\/index.php\/2025\/04\/24\/a-declaracao-de-mauricio-apos-a-vitoria-do-palmeiras-na-libertadores\/\"},\"wordCount\":363,\"commentCount\":0,\"image\":{\"@id\":\"https:\/\/www.gaveanews.com\/index.php\/2025\/04\/24\/a-declaracao-de-mauricio-apos-a-vitoria-do-palmeiras-na-libertadores\/#primaryimage\"},\"thumbnailUrl\":\"https:\/\/www.gaveanews.com\/wp-content\/uploads\/Mauricio-em-acao-pelo-Palmeiras.webp\",\"articleSection\":[\"Palmeiras\"],\"inLanguage\":\"pt-BR\",\"potentialAction\":[{\"@type\":\"CommentAction\",\"name\":\"Comment\",\"target\":[\"https:\/\/www.gaveanews.com\/index.php\/2025\/04\/24\/a-declaracao-de-mauricio-apos-a-vitoria-do-palmeiras-na-libertadores\/#respond\"]}],\"copyrightYear\":\"2025\",\"copyrightHolder\":{\"@id\":\"https:\/\/www.gaveanews.com\/#organization\"}},{\"@type\":\"WebPage\",\"@id\":\"https:\/\/www.gaveanews.com\/index.php\/2025\/04\/24\/a-declaracao-de-mauricio-apos-a-vitoria-do-palmeiras-na-libertadores\/\",\"url\":\"https:\/\/www.gaveanews.com\/index.php\/2025\/04\/24\/a-declaracao-de-mauricio-apos-a-vitoria-do-palmeiras-na-libertadores\/\",\"name\":\"A declara\u00e7\u00e3o de Mauricio ap\u00f3s a vit\u00f3ria do Palmeiras na Libertadores\",\"isPartOf\":{\"@id\":\"https:\/\/www.gaveanews.com\/#website\"},\"primaryImageOfPage\":{\"@id\":\"https:\/\/www.gaveanews.com\/index.php\/2025\/04\/24\/a-declaracao-de-mauricio-apos-a-vitoria-do-palmeiras-na-libertadores\/#primaryimage\"},\"image\":{\"@id\":\"https:\/\/www.gaveanews.com\/index.php\/2025\/04\/24\/a-declaracao-de-mauricio-apos-a-vitoria-do-palmeiras-na-libertadores\/#primaryimage\"},\"thumbnailUrl\":\"https:\/\/www.gaveanews.com\/wp-content\/uploads\/Mauricio-em-acao-pelo-Palmeiras.webp\",\"datePublished\":\"2025-04-25T02:12:05+00:00\",\"dateModified\":\"2025-04-25T02:12:08+00:00\",\"author\":{\"@id\":\"https:\/\/www.gaveanews.com\/#\/schema\/person\/0277a79a1289c451c281ec0411d84f0c\"},\"breadcrumb\":{\"@id\":\"https:\/\/www.gaveanews.com\/index.php\/2025\/04\/24\/a-declaracao-de-mauricio-apos-a-vitoria-do-palmeiras-na-libertadores\/#breadcrumb\"},\"inLanguage\":\"pt-BR\",\"potentialAction\":[{\"@type\":\"ReadAction\",\"target\":[\"https:\/\/www.gaveanews.com\/index.php\/2025\/04\/24\/a-declaracao-de-mauricio-apos-a-vitoria-do-palmeiras-na-libertadores\/\"]}]},{\"@type\":\"ImageObject\",\"inLanguage\":\"pt-BR\",\"@id\":\"https:\/\/www.gaveanews.com\/index.php\/2025\/04\/24\/a-declaracao-de-mauricio-apos-a-vitoria-do-palmeiras-na-libertadores\/#primaryimage\",\"url\":\"https:\/\/www.gaveanews.com\/wp-content\/uploads\/Mauricio-em-acao-pelo-Palmeiras.webp\",\"contentUrl\":\"https:\/\/www.gaveanews.com\/wp-content\/uploads\/Mauricio-em-acao-pelo-Palmeiras.webp\",\"width\":447,\"height\":570,\"caption\":\"Maur\u00edcio em a\u00e7\u00e3o pelo Palmeiras (Foto: Cesar Greco\/Palmeiras)\"},{\"@type\":\"BreadcrumbList\",\"@id\":\"https:\/\/www.gaveanews.com\/index.php\/2025\/04\/24\/a-declaracao-de-mauricio-apos-a-vitoria-do-palmeiras-na-libertadores\/#breadcrumb\",\"itemListElement\":[{\"@type\":\"ListItem\",\"position\":1,\"name\":\"Home\",\"item\":\"https:\/\/www.gaveanews.com\/\"},{\"@type\":\"ListItem\",\"position\":2,\"name\":\"A declara\u00e7\u00e3o de Mauricio ap\u00f3s a vit\u00f3ria do Palmeiras na Libertadores\"}]},{\"@type\":\"WebSite\",\"@id\":\"https:\/\/www.gaveanews.com\/#website\",\"url\":\"https:\/\/www.gaveanews.com\/\",\"name\":\"G\u00e1vea News\",\"description\":\"Veja todas as not\u00edcias sobre o Flamengo: Contrata\u00e7\u00f5es, categorias de base, resultados das partidas, tabela de classifica\u00e7\u00e3o, pr\u00f3ximos jogos!\",\"potentialAction\":[{\"@type\":\"SearchAction\",\"target\":{\"@type\":\"EntryPoint\",\"urlTemplate\":\"https:\/\/www.gaveanews.com\/?s={search_term_string}\"},\"query-input\":{\"@type\":\"PropertyValueSpecification\",\"valueRequired\":true,\"valueName\":\"search_term_string\"}}],\"inLanguage\":\"pt-BR\"},{\"@type\":\"Person\",\"@id\":\"https:\/\/www.gaveanews.com\/#\/schema\/person\/0277a79a1289c451c281ec0411d84f0c\",\"name\":\"Andr\u00e9 Serra\",\"image\":{\"@type\":\"ImageObject\",\"inLanguage\":\"pt-BR\",\"@id\":\"https:\/\/www.gaveanews.com\/#\/schema\/person\/image\/\",\"url\":\"https:\/\/secure.gravatar.com\/avatar\/d7231369fe48db93292b3e88eb2162dbd9a34a47a8437d9ef3bcaca2a86a83d7?s=96&d=mm&r=g\",\"contentUrl\":\"https:\/\/secure.gravatar.com\/avatar\/d7231369fe48db93292b3e88eb2162dbd9a34a47a8437d9ef3bcaca2a86a83d7?s=96&d=mm&r=g\",\"caption\":\"Andr\u00e9 Serra\"}}]}<\/script>\n<!-- \/ Yoast SEO Premium plugin. -->","yoast_head_json":{"title":"A declara\u00e7\u00e3o de Mauricio ap\u00f3s a vit\u00f3ria do Palmeiras na Libertadores","robots":{"index":"index","follow":"follow","max-snippet":"max-snippet:-1","max-image-preview":"max-image-preview:large","max-video-preview":"max-video-preview:-1"},"canonical":"https:\/\/www.gaveanews.com\/index.php\/2025\/04\/24\/a-declaracao-de-mauricio-apos-a-vitoria-do-palmeiras-na-libertadores\/","og_locale":"pt_BR","og_type":"article","og_title":"A declara\u00e7\u00e3o de Mauricio ap\u00f3s a vit\u00f3ria do Palmeiras na Libertadores","og_description":"&#8220;A gente sabe que jogar aqui \u00e9 muito dif\u00edcil&#8230;&#8221; O Palmeiras foi at\u00e9 La Paz e venceu o Bol\u00edvar por 3 a 2, com gols de Flaco L\u00f3pez, Est\u00eav\u00e3o e Mauricio. A partida aconteceu no Est\u00e1dio Hernando Siles, localizado na maior altitude desta edi\u00e7\u00e3o do torneio: 3,6 mil metros. Este fator inclusive fez Est\u00eav\u00e3o vomitar [&hellip;]","og_url":"https:\/\/www.gaveanews.com\/index.php\/2025\/04\/24\/a-declaracao-de-mauricio-apos-a-vitoria-do-palmeiras-na-libertadores\/","og_site_name":"G\u00e1vea News","article_publisher":"https:\/\/facebook.com\/gaveaNews\/","article_published_time":"2025-04-25T02:12:05+00:00","article_modified_time":"2025-04-25T02:12:08+00:00","og_image":[{"width":447,"height":570,"url":"http:\/\/www.gaveanews.com\/wp-content\/uploads\/Mauricio-em-acao-pelo-Palmeiras.webp","type":"image\/jpeg"}],"author":"Andr\u00e9 Serra","twitter_card":"summary_large_image","twitter_misc":{"Escrito por":"Andr\u00e9 Serra","Est. tempo de leitura":"3 minutos"},"schema":{"@context":"https:\/\/schema.org","@graph":[{"@type":"NewsArticle","@id":"https:\/\/www.gaveanews.com\/index.php\/2025\/04\/24\/a-declaracao-de-mauricio-apos-a-vitoria-do-palmeiras-na-libertadores\/#article","isPartOf":{"@id":"https:\/\/www.gaveanews.com\/index.php\/2025\/04\/24\/a-declaracao-de-mauricio-apos-a-vitoria-do-palmeiras-na-libertadores\/"},"author":{"name":"Andr\u00e9 Serra","@id":"https:\/\/www.gaveanews.com\/#\/schema\/person\/0277a79a1289c451c281ec0411d84f0c"},"headline":"A declara\u00e7\u00e3o de Mauricio ap\u00f3s a vit\u00f3ria do Palmeiras na Libertadores","datePublished":"2025-04-25T02:12:05+00:00","dateModified":"2025-04-25T02:12:08+00:00","mainEntityOfPage":{"@id":"https:\/\/www.gaveanews.com\/index.php\/2025\/04\/24\/a-declaracao-de-mauricio-apos-a-vitoria-do-palmeiras-na-libertadores\/"},"wordCount":363,"commentCount":0,"image":{"@id":"https:\/\/www.gaveanews.com\/index.php\/2025\/04\/24\/a-declaracao-de-mauricio-apos-a-vitoria-do-palmeiras-na-libertadores\/#primaryimage"},"thumbnailUrl":"https:\/\/www.gaveanews.com\/wp-content\/uploads\/Mauricio-em-acao-pelo-Palmeiras.webp","articleSection":["Palmeiras"],"inLanguage":"pt-BR","potentialAction":[{"@type":"CommentAction","name":"Comment","target":["https:\/\/www.gaveanews.com\/index.php\/2025\/04\/24\/a-declaracao-de-mauricio-apos-a-vitoria-do-palmeiras-na-libertadores\/#respond"]}],"copyrightYear":"2025","copyrightHolder":{"@id":"https:\/\/www.gaveanews.com\/#organization"}},{"@type":"WebPage","@id":"https:\/\/www.gaveanews.com\/index.php\/2025\/04\/24\/a-declaracao-de-mauricio-apos-a-vitoria-do-palmeiras-na-libertadores\/","url":"https:\/\/www.gaveanews.com\/index.php\/2025\/04\/24\/a-declaracao-de-mauricio-apos-a-vitoria-do-palmeiras-na-libertadores\/","name":"A declara\u00e7\u00e3o de Mauricio ap\u00f3s a vit\u00f3ria do Palmeiras na Libertadores","isPartOf":{"@id":"https:\/\/www.gaveanews.com\/#website"},"primaryImageOfPage":{"@id":"https:\/\/www.gaveanews.com\/index.php\/2025\/04\/24\/a-declaracao-de-mauricio-apos-a-vitoria-do-palmeiras-na-libertadores\/#primaryimage"},"image":{"@id":"https:\/\/www.gaveanews.com\/index.php\/2025\/04\/24\/a-declaracao-de-mauricio-apos-a-vitoria-do-palmeiras-na-libertadores\/#primaryimage"},"thumbnailUrl":"https:\/\/www.gaveanews.com\/wp-content\/uploads\/Mauricio-em-acao-pelo-Palmeiras.webp","datePublished":"2025-04-25T02:12:05+00:00","dateModified":"2025-04-25T02:12:08+00:00","author":{"@id":"https:\/\/www.gaveanews.com\/#\/schema\/person\/0277a79a1289c451c281ec0411d84f0c"},"breadcrumb":{"@id":"https:\/\/www.gaveanews.com\/index.php\/2025\/04\/24\/a-declaracao-de-mauricio-apos-a-vitoria-do-palmeiras-na-libertadores\/#breadcrumb"},"inLanguage":"pt-BR","potentialAction":[{"@type":"ReadAction","target":["https:\/\/www.gaveanews.com\/index.php\/2025\/04\/24\/a-declaracao-de-mauricio-apos-a-vitoria-do-palmeiras-na-libertadores\/"]}]},{"@type":"ImageObject","inLanguage":"pt-BR","@id":"https:\/\/www.gaveanews.com\/index.php\/2025\/04\/24\/a-declaracao-de-mauricio-apos-a-vitoria-do-palmeiras-na-libertadores\/#primaryimage","url":"https:\/\/www.gaveanews.com\/wp-content\/uploads\/Mauricio-em-acao-pelo-Palmeiras.webp","contentUrl":"https:\/\/www.gaveanews.com\/wp-content\/uploads\/Mauricio-em-acao-pelo-Palmeiras.webp","width":447,"height":570,"caption":"Maur\u00edcio em a\u00e7\u00e3o pelo Palmeiras (Foto: Cesar Greco\/Palmeiras)"},{"@type":"BreadcrumbList","@id":"https:\/\/www.gaveanews.com\/index.php\/2025\/04\/24\/a-declaracao-de-mauricio-apos-a-vitoria-do-palmeiras-na-libertadores\/#breadcrumb","itemListElement":[{"@type":"ListItem","position":1,"name":"Home","item":"https:\/\/www.gaveanews.com\/"},{"@type":"ListItem","position":2,"name":"A declara\u00e7\u00e3o de Mauricio ap\u00f3s a vit\u00f3ria do Palmeiras na Libertadores"}]},{"@type":"WebSite","@id":"https:\/\/www.gaveanews.com\/#website","url":"https:\/\/www.gaveanews.com\/","name":"G\u00e1vea News","description":"Veja todas as not\u00edcias sobre o Flamengo: Contrata\u00e7\u00f5es, categorias de base, resultados das partidas, tabela de classifica\u00e7\u00e3o, pr\u00f3ximos jogos!","potentialAction":[{"@type":"SearchAction","target":{"@type":"EntryPoint","urlTemplate":"https:\/\/www.gaveanews.com\/?s={search_term_string}"},"query-input":{"@type":"PropertyValueSpecification","valueRequired":true,"valueName":"search_term_string"}}],"inLanguage":"pt-BR"},{"@type":"Person","@id":"https:\/\/www.gaveanews.com\/#\/schema\/person\/0277a79a1289c451c281ec0411d84f0c","name":"Andr\u00e9 Serra","image":{"@type":"ImageObject","inLanguage":"pt-BR","@id":"https:\/\/www.gaveanews.com\/#\/schema\/person\/image\/","url":"https:\/\/secure.gravatar.com\/avatar\/d7231369fe48db93292b3e88eb2162dbd9a34a47a8437d9ef3bcaca2a86a83d7?s=96&d=mm&r=g","contentUrl":"https:\/\/secure.gravatar.com\/avatar\/d7231369fe48db93292b3e88eb2162dbd9a34a47a8437d9ef3bcaca2a86a83d7?s=96&d=mm&r=g","caption":"Andr\u00e9 Serra"}}]}},"_links":{"self":[{"href":"https:\/\/www.gaveanews.com\/index.php\/wp-json\/wp\/v2\/posts\/257398","targetHints":{"allow":["GET"]}}],"collection":[{"href":"https:\/\/www.gaveanews.com\/index.php\/wp-json\/wp\/v2\/posts"}],"about":[{"href":"https:\/\/www.gaveanews.com\/index.php\/wp-json\/wp\/v2\/types\/post"}],"author":[{"embeddable":true,"href":"https:\/\/www.gaveanews.com\/index.php\/wp-json\/wp\/v2\/users\/21"}],"replies":[{"embeddable":true,"href":"https:\/\/www.gaveanews.com\/index.php\/wp-json\/wp\/v2\/comments?post=257398"}],"version-history":[{"count":1,"href":"https:\/\/www.gaveanews.com\/index.php\/wp-json\/wp\/v2\/posts\/257398\/revisions"}],"predecessor-version":[{"id":257400,"href":"https:\/\/www.gaveanews.com\/index.php\/wp-json\/wp\/v2\/posts\/257398\/revisions\/257400"}],"wp:featuredmedia":[{"embeddable":true,"href":"https:\/\/www.gaveanews.com\/index.php\/wp-json\/wp\/v2\/media\/227508"}],"wp:attachment":[{"href":"https:\/\/www.gaveanews.com\/index.php\/wp-json\/wp\/v2\/media?parent=257398"}],"wp:term":[{"taxonomy":"category","embeddable":true,"href":"https:\/\/www.gaveanews.com\/index.php\/wp-json\/wp\/v2\/categories?post=257398"},{"taxonomy":"post_tag","embeddable":true,"href":"https:\/\/www.gaveanews.com\/index.php\/wp-json\/wp\/v2\/tags?post=257398"}],"curies":[{"name":"wp","href":"https:\/\/api.w.org\/{rel}","templated":true}]}}