{"id":257509,"date":"2025-04-25T14:20:00","date_gmt":"2025-04-25T17:20:00","guid":{"rendered":"https:\/\/www.gaveanews.com\/?p=257509"},"modified":"2025-04-25T13:07:21","modified_gmt":"2025-04-25T16:07:21","slug":"abel-ferreira-do-palmeiras-e-punido-pelo-tribunal-de-justica","status":"publish","type":"post","link":"https:\/\/www.gaveanews.com\/index.php\/2025\/04\/25\/abel-ferreira-do-palmeiras-e-punido-pelo-tribunal-de-justica\/","title":{"rendered":"Abel Ferreira, do Palmeiras, \u00e9 punido pelo Tribunal de Justi\u00e7a"},"content":{"rendered":"\n<p>Mesmo vivendo uma fase de destaque no cen\u00e1rio nacional e continental, o Palmeiras enfrenta consequ\u00eancias de epis\u00f3dios recentes ocorridos no futebol estadual. A equipe comandada por Abel Ferreira, atual l\u00edder do Brasileir\u00e3o Betano e com 100% de aproveitamento na Libertadores, viu seu t\u00e9cnico ser punido pelo Tribunal de Justi\u00e7a Desportiva de S\u00e3o Paulo (TJD-SP) por conta de declara\u00e7\u00f5es pol\u00eamicas durante a final do Paulist\u00e3o contra o Corinthians.<\/p>\n\n\n\n<p>Conforme divulgado nesta sexta-feira (25 de abril), Abel foi suspenso por quatro jogos no Paulist\u00e3o 2026 e multado em R$ 10 mil. A decis\u00e3o foi motivada por sua conduta \u00e0 beira do gramado, quando proferiu cr\u00edticas \u00e0 arbitragem, alegando: \u201cvoc\u00eas t\u00eam que ver direito, e tudo contra n\u00f3s, isso \u00e9 absurdo, tais a roubar\u201d. A frase foi registrada na s\u00famula da partida realizada na Neo Qu\u00edmica Arena.<\/p>\n\n\n\n<figure class=\"wp-block-image size-large\"><img loading=\"lazy\" decoding=\"async\" width=\"1024\" height=\"1024\" src=\"http:\/\/www.gaveanews.com\/wp-content\/uploads\/Abel-Ferreira-fazendo-anotacoes-apos-um-treino-do-Palmeiras-1024x1024.webp\" alt=\"\" class=\"wp-image-157842\" srcset=\"https:\/\/www.gaveanews.com\/wp-content\/uploads\/Abel-Ferreira-fazendo-anotacoes-apos-um-treino-do-Palmeiras-1024x1024.webp 1024w, https:\/\/www.gaveanews.com\/wp-content\/uploads\/Abel-Ferreira-fazendo-anotacoes-apos-um-treino-do-Palmeiras-300x300.webp 300w, https:\/\/www.gaveanews.com\/wp-content\/uploads\/Abel-Ferreira-fazendo-anotacoes-apos-um-treino-do-Palmeiras-150x150.webp 150w, https:\/\/www.gaveanews.com\/wp-content\/uploads\/Abel-Ferreira-fazendo-anotacoes-apos-um-treino-do-Palmeiras-768x768.webp 768w, https:\/\/www.gaveanews.com\/wp-content\/uploads\/Abel-Ferreira-fazendo-anotacoes-apos-um-treino-do-Palmeiras-420x420.webp 420w, https:\/\/www.gaveanews.com\/wp-content\/uploads\/Abel-Ferreira-fazendo-anotacoes-apos-um-treino-do-Palmeiras-840x840.webp 840w, https:\/\/www.gaveanews.com\/wp-content\/uploads\/Abel-Ferreira-fazendo-anotacoes-apos-um-treino-do-Palmeiras-640x640.webp 640w, https:\/\/www.gaveanews.com\/wp-content\/uploads\/Abel-Ferreira-fazendo-anotacoes-apos-um-treino-do-Palmeiras-1280x1280.webp 1280w, https:\/\/www.gaveanews.com\/wp-content\/uploads\/Abel-Ferreira-fazendo-anotacoes-apos-um-treino-do-Palmeiras-681x681.webp 681w, https:\/\/www.gaveanews.com\/wp-content\/uploads\/Abel-Ferreira-fazendo-anotacoes-apos-um-treino-do-Palmeiras-1362x1362.webp 1362w, https:\/\/www.gaveanews.com\/wp-content\/uploads\/Abel-Ferreira-fazendo-anotacoes-apos-um-treino-do-Palmeiras-100x100.webp 100w, https:\/\/www.gaveanews.com\/wp-content\/uploads\/Abel-Ferreira-fazendo-anotacoes-apos-um-treino-do-Palmeiras.webp 1500w\" sizes=\"auto, (max-width: 1024px) 100vw, 1024px\" \/><figcaption class=\"wp-element-caption\">Abel Ferreira fazendo anota\u00e7\u00f5es ap\u00f3s um treino do Palmeiras (Foto: Cesar Greco\/Palmeiras)<\/figcaption><\/figure>\n\n\n\n<p>Ali\u00e1s, o duelo decisivo do estadual tamb\u00e9m trouxe puni\u00e7\u00f5es aos dois clubes. O Palmeiras foi multado em R$ 1.000 pelo atraso no in\u00edcio da final. J\u00e1 o Corinthians recebeu san\u00e7\u00f5es mais severas: multa de R$ 220 mil e a obriga\u00e7\u00e3o de disputar duas partidas com port\u00f5es fechados, em raz\u00e3o do uso de fogos de artif\u00edcio por parte da torcida.<\/p>\n\n\n\n<p>Al\u00e9m disso, jogadores tamb\u00e9m foram penalizados pelos acontecimentos em campo. Marcelo Lomba, goleiro do Verd\u00e3o, foi suspenso por cinco jogos, enquadrado no artigo 254-A por agress\u00e3o f\u00edsica. Pelo lado corintiano, Jos\u00e9 Mart\u00ednez e Rodrigo Garro tamb\u00e9m receberam gancho, por participarem da confus\u00e3o generalizada que marcou o cl\u00e1ssico.<\/p>\n\n\n\n<p>Enquanto isso, no cen\u00e1rio internacional, o Palmeiras segue em alta. A equipe venceu o Bol\u00edvar por 3 a 2 na altitude de La Paz, em partida v\u00e1lida pela fase de grupos da Libertadores. O destaque ficou por conta de Flaco L\u00f3pez, autor de atua\u00e7\u00e3o consistente e elogiado at\u00e9 por companheiros como Richard R\u00edos, que brincou nas redes sociais comparando o atacante a Ronaldo Fen\u00f4meno.<\/p>\n\n\n\n<p>Ap\u00f3s o jogo na Bol\u00edvia, Abel Ferreira valorizou a entrega dos atletas, mas aproveitou para relembrar os momentos dif\u00edceis enfrentados no in\u00edcio da temporada. \u201cA imprensa, que hoje elogia, criticava com for\u00e7a antes. N\u00e3o me iludo\u201d, afirmou o portugu\u00eas, em tom direto. A fala refor\u00e7a o perfil combativo do t\u00e9cnico, conhecido por n\u00e3o recuar diante das cobran\u00e7as externas.<\/p>\n\n\n\n<p>Enfim, apesar das puni\u00e7\u00f5es recentes, o momento atual da equipe \u00e9 positivo dentro de campo. A sequ\u00eancia de vit\u00f3rias e o bom desempenho nas competi\u00e7\u00f5es refor\u00e7am a solidez do trabalho de Abel, mesmo que epis\u00f3dios extracampo ainda reverberem no cotidiano alviverde.<\/p>\n","protected":false},"excerpt":{"rendered":"<p>Mesmo vivendo uma fase de destaque no cen\u00e1rio nacional e continental, o Palmeiras enfrenta consequ\u00eancias de epis\u00f3dios recentes ocorridos no futebol estadual. A equipe comandada por Abel Ferreira, atual l\u00edder do Brasileir\u00e3o Betano e com 100% de aproveitamento na Libertadores, viu seu t\u00e9cnico ser punido pelo Tribunal de Justi\u00e7a Desportiva de S\u00e3o Paulo (TJD-SP) por [&hellip;]<\/p>\n","protected":false},"author":27,"featured_media":157845,"comment_status":"open","ping_status":"closed","sticky":false,"template":"","format":"standard","meta":{"footnotes":""},"categories":[150],"tags":[],"class_list":["post-257509","post","type-post","status-publish","format-standard","has-post-thumbnail","hentry","category-palmeiras"],"yoast_head":"<!-- This site is optimized with the Yoast SEO Premium plugin v24.2 (Yoast SEO v26.9) - https:\/\/yoast.com\/product\/yoast-seo-premium-wordpress\/ -->\n<title>Abel Ferreira, do Palmeiras, \u00e9 punido pelo Tribunal de Justi\u00e7a<\/title>\n<meta name=\"robots\" content=\"index, follow, max-snippet:-1, max-image-preview:large, max-video-preview:-1\" \/>\n<link rel=\"canonical\" href=\"https:\/\/www.gaveanews.com\/index.php\/2025\/04\/25\/abel-ferreira-do-palmeiras-e-punido-pelo-tribunal-de-justica\/\" \/>\n<meta property=\"og:locale\" content=\"pt_BR\" \/>\n<meta property=\"og:type\" content=\"article\" \/>\n<meta property=\"og:title\" content=\"Abel Ferreira, do Palmeiras, \u00e9 punido pelo Tribunal de Justi\u00e7a\" \/>\n<meta property=\"og:description\" content=\"Mesmo vivendo uma fase de destaque no cen\u00e1rio nacional e continental, o Palmeiras enfrenta consequ\u00eancias de epis\u00f3dios recentes ocorridos no futebol estadual. A equipe comandada por Abel Ferreira, atual l\u00edder do Brasileir\u00e3o Betano e com 100% de aproveitamento na Libertadores, viu seu t\u00e9cnico ser punido pelo Tribunal de Justi\u00e7a Desportiva de S\u00e3o Paulo (TJD-SP) por [&hellip;]\" \/>\n<meta property=\"og:url\" content=\"https:\/\/www.gaveanews.com\/index.php\/2025\/04\/25\/abel-ferreira-do-palmeiras-e-punido-pelo-tribunal-de-justica\/\" \/>\n<meta property=\"og:site_name\" content=\"G\u00e1vea News\" \/>\n<meta property=\"article:publisher\" content=\"https:\/\/facebook.com\/gaveaNews\/\" \/>\n<meta property=\"article:published_time\" content=\"2025-04-25T17:20:00+00:00\" \/>\n<meta property=\"og:image\" content=\"https:\/\/www.gaveanews.com\/wp-content\/uploads\/Abel-Ferreira-e-fotografado-passando-instrucoes-durante-um-jogo-do-Palmeiras.webp\" \/>\n\t<meta property=\"og:image:width\" content=\"1500\" \/>\n\t<meta property=\"og:image:height\" content=\"844\" \/>\n\t<meta property=\"og:image:type\" content=\"image\/jpeg\" \/>\n<meta name=\"author\" content=\"Matheus Felipe\" \/>\n<meta name=\"twitter:card\" content=\"summary_large_image\" \/>\n<meta name=\"twitter:label1\" content=\"Escrito por\" \/>\n\t<meta name=\"twitter:data1\" content=\"Matheus Felipe\" \/>\n\t<meta name=\"twitter:label2\" content=\"Est. tempo de leitura\" \/>\n\t<meta name=\"twitter:data2\" content=\"3 minutos\" \/>\n<script type=\"application\/ld+json\" class=\"yoast-schema-graph\">{\"@context\":\"https:\/\/schema.org\",\"@graph\":[{\"@type\":\"NewsArticle\",\"@id\":\"https:\/\/www.gaveanews.com\/index.php\/2025\/04\/25\/abel-ferreira-do-palmeiras-e-punido-pelo-tribunal-de-justica\/#article\",\"isPartOf\":{\"@id\":\"https:\/\/www.gaveanews.com\/index.php\/2025\/04\/25\/abel-ferreira-do-palmeiras-e-punido-pelo-tribunal-de-justica\/\"},\"author\":{\"name\":\"Matheus Felipe\",\"@id\":\"https:\/\/www.gaveanews.com\/#\/schema\/person\/8207cd4627f56151707418bfc835b2fb\"},\"headline\":\"Abel Ferreira, do Palmeiras, \u00e9 punido pelo Tribunal de Justi\u00e7a\",\"datePublished\":\"2025-04-25T17:20:00+00:00\",\"mainEntityOfPage\":{\"@id\":\"https:\/\/www.gaveanews.com\/index.php\/2025\/04\/25\/abel-ferreira-do-palmeiras-e-punido-pelo-tribunal-de-justica\/\"},\"wordCount\":477,\"commentCount\":0,\"image\":{\"@id\":\"https:\/\/www.gaveanews.com\/index.php\/2025\/04\/25\/abel-ferreira-do-palmeiras-e-punido-pelo-tribunal-de-justica\/#primaryimage\"},\"thumbnailUrl\":\"https:\/\/www.gaveanews.com\/wp-content\/uploads\/Abel-Ferreira-e-fotografado-passando-instrucoes-durante-um-jogo-do-Palmeiras.webp\",\"articleSection\":[\"Palmeiras\"],\"inLanguage\":\"pt-BR\",\"potentialAction\":[{\"@type\":\"CommentAction\",\"name\":\"Comment\",\"target\":[\"https:\/\/www.gaveanews.com\/index.php\/2025\/04\/25\/abel-ferreira-do-palmeiras-e-punido-pelo-tribunal-de-justica\/#respond\"]}],\"copyrightYear\":\"2025\",\"copyrightHolder\":{\"@id\":\"https:\/\/www.gaveanews.com\/#organization\"}},{\"@type\":\"WebPage\",\"@id\":\"https:\/\/www.gaveanews.com\/index.php\/2025\/04\/25\/abel-ferreira-do-palmeiras-e-punido-pelo-tribunal-de-justica\/\",\"url\":\"https:\/\/www.gaveanews.com\/index.php\/2025\/04\/25\/abel-ferreira-do-palmeiras-e-punido-pelo-tribunal-de-justica\/\",\"name\":\"Abel Ferreira, do Palmeiras, \u00e9 punido pelo Tribunal de Justi\u00e7a\",\"isPartOf\":{\"@id\":\"https:\/\/www.gaveanews.com\/#website\"},\"primaryImageOfPage\":{\"@id\":\"https:\/\/www.gaveanews.com\/index.php\/2025\/04\/25\/abel-ferreira-do-palmeiras-e-punido-pelo-tribunal-de-justica\/#primaryimage\"},\"image\":{\"@id\":\"https:\/\/www.gaveanews.com\/index.php\/2025\/04\/25\/abel-ferreira-do-palmeiras-e-punido-pelo-tribunal-de-justica\/#primaryimage\"},\"thumbnailUrl\":\"https:\/\/www.gaveanews.com\/wp-content\/uploads\/Abel-Ferreira-e-fotografado-passando-instrucoes-durante-um-jogo-do-Palmeiras.webp\",\"datePublished\":\"2025-04-25T17:20:00+00:00\",\"author\":{\"@id\":\"https:\/\/www.gaveanews.com\/#\/schema\/person\/8207cd4627f56151707418bfc835b2fb\"},\"breadcrumb\":{\"@id\":\"https:\/\/www.gaveanews.com\/index.php\/2025\/04\/25\/abel-ferreira-do-palmeiras-e-punido-pelo-tribunal-de-justica\/#breadcrumb\"},\"inLanguage\":\"pt-BR\",\"potentialAction\":[{\"@type\":\"ReadAction\",\"target\":[\"https:\/\/www.gaveanews.com\/index.php\/2025\/04\/25\/abel-ferreira-do-palmeiras-e-punido-pelo-tribunal-de-justica\/\"]}]},{\"@type\":\"ImageObject\",\"inLanguage\":\"pt-BR\",\"@id\":\"https:\/\/www.gaveanews.com\/index.php\/2025\/04\/25\/abel-ferreira-do-palmeiras-e-punido-pelo-tribunal-de-justica\/#primaryimage\",\"url\":\"https:\/\/www.gaveanews.com\/wp-content\/uploads\/Abel-Ferreira-e-fotografado-passando-instrucoes-durante-um-jogo-do-Palmeiras.webp\",\"contentUrl\":\"https:\/\/www.gaveanews.com\/wp-content\/uploads\/Abel-Ferreira-e-fotografado-passando-instrucoes-durante-um-jogo-do-Palmeiras.webp\",\"width\":1500,\"height\":844,\"caption\":\"Abel Ferreira \u00e9 fotografado passando instru\u00e7\u00f5es durante um jogo do Palmeiras (Foto: Cesar Greco\/Palmeiras)\"},{\"@type\":\"BreadcrumbList\",\"@id\":\"https:\/\/www.gaveanews.com\/index.php\/2025\/04\/25\/abel-ferreira-do-palmeiras-e-punido-pelo-tribunal-de-justica\/#breadcrumb\",\"itemListElement\":[{\"@type\":\"ListItem\",\"position\":1,\"name\":\"Home\",\"item\":\"https:\/\/www.gaveanews.com\/\"},{\"@type\":\"ListItem\",\"position\":2,\"name\":\"Abel Ferreira, do Palmeiras, \u00e9 punido pelo Tribunal de Justi\u00e7a\"}]},{\"@type\":\"WebSite\",\"@id\":\"https:\/\/www.gaveanews.com\/#website\",\"url\":\"https:\/\/www.gaveanews.com\/\",\"name\":\"G\u00e1vea News\",\"description\":\"Veja todas as not\u00edcias sobre o Flamengo: Contrata\u00e7\u00f5es, categorias de base, resultados das partidas, tabela de classifica\u00e7\u00e3o, pr\u00f3ximos jogos!\",\"potentialAction\":[{\"@type\":\"SearchAction\",\"target\":{\"@type\":\"EntryPoint\",\"urlTemplate\":\"https:\/\/www.gaveanews.com\/?s={search_term_string}\"},\"query-input\":{\"@type\":\"PropertyValueSpecification\",\"valueRequired\":true,\"valueName\":\"search_term_string\"}}],\"inLanguage\":\"pt-BR\"},{\"@type\":\"Person\",\"@id\":\"https:\/\/www.gaveanews.com\/#\/schema\/person\/8207cd4627f56151707418bfc835b2fb\",\"name\":\"Matheus Felipe\",\"image\":{\"@type\":\"ImageObject\",\"inLanguage\":\"pt-BR\",\"@id\":\"https:\/\/www.gaveanews.com\/#\/schema\/person\/image\/\",\"url\":\"https:\/\/secure.gravatar.com\/avatar\/a452ffbed9130f726358b298bb3a99ce4bd3c5338411f8440e87e14d74c7c087?s=96&d=mm&r=g\",\"contentUrl\":\"https:\/\/secure.gravatar.com\/avatar\/a452ffbed9130f726358b298bb3a99ce4bd3c5338411f8440e87e14d74c7c087?s=96&d=mm&r=g\",\"caption\":\"Matheus Felipe\"}}]}<\/script>\n<!-- \/ Yoast SEO Premium plugin. -->","yoast_head_json":{"title":"Abel Ferreira, do Palmeiras, \u00e9 punido pelo Tribunal de Justi\u00e7a","robots":{"index":"index","follow":"follow","max-snippet":"max-snippet:-1","max-image-preview":"max-image-preview:large","max-video-preview":"max-video-preview:-1"},"canonical":"https:\/\/www.gaveanews.com\/index.php\/2025\/04\/25\/abel-ferreira-do-palmeiras-e-punido-pelo-tribunal-de-justica\/","og_locale":"pt_BR","og_type":"article","og_title":"Abel Ferreira, do Palmeiras, \u00e9 punido pelo Tribunal de Justi\u00e7a","og_description":"Mesmo vivendo uma fase de destaque no cen\u00e1rio nacional e continental, o Palmeiras enfrenta consequ\u00eancias de epis\u00f3dios recentes ocorridos no futebol estadual. A equipe comandada por Abel Ferreira, atual l\u00edder do Brasileir\u00e3o Betano e com 100% de aproveitamento na Libertadores, viu seu t\u00e9cnico ser punido pelo Tribunal de Justi\u00e7a Desportiva de S\u00e3o Paulo (TJD-SP) por [&hellip;]","og_url":"https:\/\/www.gaveanews.com\/index.php\/2025\/04\/25\/abel-ferreira-do-palmeiras-e-punido-pelo-tribunal-de-justica\/","og_site_name":"G\u00e1vea News","article_publisher":"https:\/\/facebook.com\/gaveaNews\/","article_published_time":"2025-04-25T17:20:00+00:00","og_image":[{"width":1500,"height":844,"url":"https:\/\/www.gaveanews.com\/wp-content\/uploads\/Abel-Ferreira-e-fotografado-passando-instrucoes-durante-um-jogo-do-Palmeiras.webp","type":"image\/jpeg"}],"author":"Matheus Felipe","twitter_card":"summary_large_image","twitter_misc":{"Escrito por":"Matheus Felipe","Est. tempo de leitura":"3 minutos"},"schema":{"@context":"https:\/\/schema.org","@graph":[{"@type":"NewsArticle","@id":"https:\/\/www.gaveanews.com\/index.php\/2025\/04\/25\/abel-ferreira-do-palmeiras-e-punido-pelo-tribunal-de-justica\/#article","isPartOf":{"@id":"https:\/\/www.gaveanews.com\/index.php\/2025\/04\/25\/abel-ferreira-do-palmeiras-e-punido-pelo-tribunal-de-justica\/"},"author":{"name":"Matheus Felipe","@id":"https:\/\/www.gaveanews.com\/#\/schema\/person\/8207cd4627f56151707418bfc835b2fb"},"headline":"Abel Ferreira, do Palmeiras, \u00e9 punido pelo Tribunal de Justi\u00e7a","datePublished":"2025-04-25T17:20:00+00:00","mainEntityOfPage":{"@id":"https:\/\/www.gaveanews.com\/index.php\/2025\/04\/25\/abel-ferreira-do-palmeiras-e-punido-pelo-tribunal-de-justica\/"},"wordCount":477,"commentCount":0,"image":{"@id":"https:\/\/www.gaveanews.com\/index.php\/2025\/04\/25\/abel-ferreira-do-palmeiras-e-punido-pelo-tribunal-de-justica\/#primaryimage"},"thumbnailUrl":"https:\/\/www.gaveanews.com\/wp-content\/uploads\/Abel-Ferreira-e-fotografado-passando-instrucoes-durante-um-jogo-do-Palmeiras.webp","articleSection":["Palmeiras"],"inLanguage":"pt-BR","potentialAction":[{"@type":"CommentAction","name":"Comment","target":["https:\/\/www.gaveanews.com\/index.php\/2025\/04\/25\/abel-ferreira-do-palmeiras-e-punido-pelo-tribunal-de-justica\/#respond"]}],"copyrightYear":"2025","copyrightHolder":{"@id":"https:\/\/www.gaveanews.com\/#organization"}},{"@type":"WebPage","@id":"https:\/\/www.gaveanews.com\/index.php\/2025\/04\/25\/abel-ferreira-do-palmeiras-e-punido-pelo-tribunal-de-justica\/","url":"https:\/\/www.gaveanews.com\/index.php\/2025\/04\/25\/abel-ferreira-do-palmeiras-e-punido-pelo-tribunal-de-justica\/","name":"Abel Ferreira, do Palmeiras, \u00e9 punido pelo Tribunal de Justi\u00e7a","isPartOf":{"@id":"https:\/\/www.gaveanews.com\/#website"},"primaryImageOfPage":{"@id":"https:\/\/www.gaveanews.com\/index.php\/2025\/04\/25\/abel-ferreira-do-palmeiras-e-punido-pelo-tribunal-de-justica\/#primaryimage"},"image":{"@id":"https:\/\/www.gaveanews.com\/index.php\/2025\/04\/25\/abel-ferreira-do-palmeiras-e-punido-pelo-tribunal-de-justica\/#primaryimage"},"thumbnailUrl":"https:\/\/www.gaveanews.com\/wp-content\/uploads\/Abel-Ferreira-e-fotografado-passando-instrucoes-durante-um-jogo-do-Palmeiras.webp","datePublished":"2025-04-25T17:20:00+00:00","author":{"@id":"https:\/\/www.gaveanews.com\/#\/schema\/person\/8207cd4627f56151707418bfc835b2fb"},"breadcrumb":{"@id":"https:\/\/www.gaveanews.com\/index.php\/2025\/04\/25\/abel-ferreira-do-palmeiras-e-punido-pelo-tribunal-de-justica\/#breadcrumb"},"inLanguage":"pt-BR","potentialAction":[{"@type":"ReadAction","target":["https:\/\/www.gaveanews.com\/index.php\/2025\/04\/25\/abel-ferreira-do-palmeiras-e-punido-pelo-tribunal-de-justica\/"]}]},{"@type":"ImageObject","inLanguage":"pt-BR","@id":"https:\/\/www.gaveanews.com\/index.php\/2025\/04\/25\/abel-ferreira-do-palmeiras-e-punido-pelo-tribunal-de-justica\/#primaryimage","url":"https:\/\/www.gaveanews.com\/wp-content\/uploads\/Abel-Ferreira-e-fotografado-passando-instrucoes-durante-um-jogo-do-Palmeiras.webp","contentUrl":"https:\/\/www.gaveanews.com\/wp-content\/uploads\/Abel-Ferreira-e-fotografado-passando-instrucoes-durante-um-jogo-do-Palmeiras.webp","width":1500,"height":844,"caption":"Abel Ferreira \u00e9 fotografado passando instru\u00e7\u00f5es durante um jogo do Palmeiras (Foto: Cesar Greco\/Palmeiras)"},{"@type":"BreadcrumbList","@id":"https:\/\/www.gaveanews.com\/index.php\/2025\/04\/25\/abel-ferreira-do-palmeiras-e-punido-pelo-tribunal-de-justica\/#breadcrumb","itemListElement":[{"@type":"ListItem","position":1,"name":"Home","item":"https:\/\/www.gaveanews.com\/"},{"@type":"ListItem","position":2,"name":"Abel Ferreira, do Palmeiras, \u00e9 punido pelo Tribunal de Justi\u00e7a"}]},{"@type":"WebSite","@id":"https:\/\/www.gaveanews.com\/#website","url":"https:\/\/www.gaveanews.com\/","name":"G\u00e1vea News","description":"Veja todas as not\u00edcias sobre o Flamengo: Contrata\u00e7\u00f5es, categorias de base, resultados das partidas, tabela de classifica\u00e7\u00e3o, pr\u00f3ximos jogos!","potentialAction":[{"@type":"SearchAction","target":{"@type":"EntryPoint","urlTemplate":"https:\/\/www.gaveanews.com\/?s={search_term_string}"},"query-input":{"@type":"PropertyValueSpecification","valueRequired":true,"valueName":"search_term_string"}}],"inLanguage":"pt-BR"},{"@type":"Person","@id":"https:\/\/www.gaveanews.com\/#\/schema\/person\/8207cd4627f56151707418bfc835b2fb","name":"Matheus Felipe","image":{"@type":"ImageObject","inLanguage":"pt-BR","@id":"https:\/\/www.gaveanews.com\/#\/schema\/person\/image\/","url":"https:\/\/secure.gravatar.com\/avatar\/a452ffbed9130f726358b298bb3a99ce4bd3c5338411f8440e87e14d74c7c087?s=96&d=mm&r=g","contentUrl":"https:\/\/secure.gravatar.com\/avatar\/a452ffbed9130f726358b298bb3a99ce4bd3c5338411f8440e87e14d74c7c087?s=96&d=mm&r=g","caption":"Matheus Felipe"}}]}},"_links":{"self":[{"href":"https:\/\/www.gaveanews.com\/index.php\/wp-json\/wp\/v2\/posts\/257509","targetHints":{"allow":["GET"]}}],"collection":[{"href":"https:\/\/www.gaveanews.com\/index.php\/wp-json\/wp\/v2\/posts"}],"about":[{"href":"https:\/\/www.gaveanews.com\/index.php\/wp-json\/wp\/v2\/types\/post"}],"author":[{"embeddable":true,"href":"https:\/\/www.gaveanews.com\/index.php\/wp-json\/wp\/v2\/users\/27"}],"replies":[{"embeddable":true,"href":"https:\/\/www.gaveanews.com\/index.php\/wp-json\/wp\/v2\/comments?post=257509"}],"version-history":[{"count":1,"href":"https:\/\/www.gaveanews.com\/index.php\/wp-json\/wp\/v2\/posts\/257509\/revisions"}],"predecessor-version":[{"id":257511,"href":"https:\/\/www.gaveanews.com\/index.php\/wp-json\/wp\/v2\/posts\/257509\/revisions\/257511"}],"wp:featuredmedia":[{"embeddable":true,"href":"https:\/\/www.gaveanews.com\/index.php\/wp-json\/wp\/v2\/media\/157845"}],"wp:attachment":[{"href":"https:\/\/www.gaveanews.com\/index.php\/wp-json\/wp\/v2\/media?parent=257509"}],"wp:term":[{"taxonomy":"category","embeddable":true,"href":"https:\/\/www.gaveanews.com\/index.php\/wp-json\/wp\/v2\/categories?post=257509"},{"taxonomy":"post_tag","embeddable":true,"href":"https:\/\/www.gaveanews.com\/index.php\/wp-json\/wp\/v2\/tags?post=257509"}],"curies":[{"name":"wp","href":"https:\/\/api.w.org\/{rel}","templated":true}]}}