{"id":257559,"date":"2025-04-25T16:30:00","date_gmt":"2025-04-25T19:30:00","guid":{"rendered":"https:\/\/www.gaveanews.com\/?p=257559"},"modified":"2025-04-25T14:30:09","modified_gmt":"2025-04-25T17:30:09","slug":"clima-tenso-declaracoes-de-gerard-pique-geram-revoltam","status":"publish","type":"post","link":"https:\/\/www.gaveanews.com\/index.php\/2025\/04\/25\/clima-tenso-declaracoes-de-gerard-pique-geram-revoltam\/","title":{"rendered":"Clima tenso! Declara\u00e7\u00f5es de Gerard Piqu\u00e9 geram revoltam"},"content":{"rendered":"\n<p>A recente manifesta\u00e7\u00e3o de Gerard Piqu\u00e9 sobre a necessidade de reformas no t\u00eanis gerou forte repercuss\u00e3o no cen\u00e1rio esportivo \u2014 tamanha a ponto de ser respondida pelo ex-n\u00famero 1 do mundo, Boris Becker. O alem\u00e3o, conhecido por sua trajet\u00f3ria vitoriosa nas quadras, n\u00e3o poupou palavras ao avaliar a iniciativa do ex-zagueiro espanhol. <\/p>\n\n\n\n<p>\u201cEle \u00e9 um grande jogador de futebol, mas n\u00e3o \u00e9 um especialista em t\u00eanis\u201d, declarou Becker durante entrevista ao MarcaTV, na cerim\u00f4nia do pr\u00eamio Laureus, realizada em Madri.<\/p>\n\n\n\n<h2 class=\"wp-block-heading\" id=\"h-o-ponto-de-partida-do-embate\">O ponto de partida do embate<\/h2>\n\n\n\n<p>A discuss\u00e3o teve in\u00edcio quando Piqu\u00e9 voltou a comentar publicamente suas ideias para reformular aspectos estruturais do t\u00eanis. Envolvido anteriormente com a organiza\u00e7\u00e3o da Copa Davis, o ex-jogador do Barcelona criticou a resist\u00eancia da Federa\u00e7\u00e3o Internacional de T\u00eanis (ITF) em aceitar mudan\u00e7as. Segundo ele, a entidade \u00e9 &#8220;aversa a qualquer tipo de evolu\u00e7\u00e3o&#8221;, o que dificulta a moderniza\u00e7\u00e3o do esporte.<\/p>\n\n\n\n<p>&#8220;Fizemos tentativas de alterar certas regras, mas n\u00e3o houve abertura. A ITF n\u00e3o quer mudar nada&#8221;, afirmou Piqu\u00e9, que prop\u00f4s mudan\u00e7as pol\u00eamicas como o fim do segundo saque e a elimina\u00e7\u00e3o da vantagem nos momentos de igualdade em 40-40.<\/p>\n\n\n\n<h2 class=\"wp-block-heading\" id=\"h-propostas-vistas-como-radicais\">Propostas vistas como radicais<\/h2>\n\n\n\n<p>As sugest\u00f5es do espanhol, ainda que com o intuito de tornar o jogo mais \u00e1gil e atrativo, dividiram opini\u00f5es. Piqu\u00e9 argumenta que o segundo servi\u00e7o atrasa o ritmo das partidas e n\u00e3o agrega valor para os torcedores. \u201cPor que se saca duas vezes no t\u00eanis? S\u00e3o 30 segundos extras de algu\u00e9m quicando a bola. As pessoas n\u00e3o querem ver isso\u201d, justificou.<\/p>\n\n\n\n<p>Al\u00e9m disso, ele prop\u00f4s a ado\u00e7\u00e3o do chamado &#8220;ponto de ouro&#8221; \u2014 sistema j\u00e1 utilizado em partidas de duplas \u2014 para resolver os empates em 40-40, com o objetivo de evitar os longos ralis de vantagem. Tais ideias, conforme ele, t\u00eam potencial para tornar o esporte mais din\u00e2mico e compat\u00edvel com as novas gera\u00e7\u00f5es.<\/p>\n\n\n\n<h2 class=\"wp-block-heading\" id=\"h-becker-defende-a-tradicao-do-esporte\">Becker defende a tradi\u00e7\u00e3o do esporte<\/h2>\n\n\n\n<p>Por outro lado, Boris Becker se mostrou contr\u00e1rio \u00e0s iniciativas propostas. O alem\u00e3o, seis vezes campe\u00e3o de Grand Slam, destacou a complexidade do t\u00eanis e sugeriu que mudan\u00e7as dr\u00e1sticas podem prejudicar a ess\u00eancia do jogo. &#8220;Piqu\u00e9 n\u00e3o entende as t\u00e9cnicas e a hist\u00f3ria que tornam o t\u00eanis um esporte t\u00e3o \u00fanico&#8221;, afirmou. Para Becker, o equil\u00edbrio atual entre tradi\u00e7\u00e3o e competi\u00e7\u00e3o \u00e9 fundamental para manter o prest\u00edgio e a identidade da modalidade.<\/p>\n\n\n\n<p>Ali\u00e1s, o posicionamento de Becker reflete o pensamento de grande parte dos profissionais mais tradicionais do circuito, que veem com cautela qualquer tentativa de reformula\u00e7\u00e3o profunda. Em sua vis\u00e3o, embora o esporte precise evoluir, \u00e9 necess\u00e1rio que isso ocorra com base no conhecimento t\u00e9cnico e hist\u00f3rico, respeitando a integridade do jogo.<\/p>\n\n\n\n<h2 class=\"wp-block-heading\" id=\"h-uma-discussao-que-segue-em-aberto\">Uma discuss\u00e3o que segue em aberto<\/h2>\n\n\n\n<p>O embate entre inova\u00e7\u00e3o e conservadorismo, portanto, foi reacendido pela postura de Piqu\u00e9. Enquanto alguns enxergam nas ideias do ex-jogador uma oportunidade para ampliar o alcance do t\u00eanis junto ao p\u00fablico jovem, outros temem que tais altera\u00e7\u00f5es desfigurem um esporte que, ao longo dos anos, construiu uma base s\u00f3lida justamente por sua estrutura tradicional.<\/p>\n\n\n\n<p>Embora a proposta de moderniza\u00e7\u00e3o de Piqu\u00e9 tenha inten\u00e7\u00e3o de aproximar o t\u00eanis de um novo perfil de torcedores, a cr\u00edtica de Boris Becker coloca em evid\u00eancia a necessidade de pondera\u00e7\u00e3o. <\/p>\n","protected":false},"excerpt":{"rendered":"<p>A recente manifesta\u00e7\u00e3o de Gerard Piqu\u00e9 sobre a necessidade de reformas no t\u00eanis gerou forte repercuss\u00e3o no cen\u00e1rio esportivo \u2014 tamanha a ponto de ser respondida pelo ex-n\u00famero 1 do mundo, Boris Becker. O alem\u00e3o, conhecido por sua trajet\u00f3ria vitoriosa nas quadras, n\u00e3o poupou palavras ao avaliar a iniciativa do ex-zagueiro espanhol. \u201cEle \u00e9 um [&hellip;]<\/p>\n","protected":false},"author":30,"featured_media":175638,"comment_status":"open","ping_status":"closed","sticky":false,"template":"","format":"standard","meta":{"footnotes":""},"categories":[81,47],"tags":[],"class_list":["post-257559","post","type-post","status-publish","format-standard","has-post-thumbnail","hentry","category-celebridades","category-destaques"],"yoast_head":"<!-- This site is optimized with the Yoast SEO Premium plugin v24.2 (Yoast SEO v26.9) - https:\/\/yoast.com\/product\/yoast-seo-premium-wordpress\/ -->\n<title>Clima tenso! Declara\u00e7\u00f5es de Gerard Piqu\u00e9 geram revoltam<\/title>\n<meta name=\"robots\" content=\"index, follow, max-snippet:-1, max-image-preview:large, max-video-preview:-1\" \/>\n<link rel=\"canonical\" href=\"https:\/\/www.gaveanews.com\/index.php\/2025\/04\/25\/clima-tenso-declaracoes-de-gerard-pique-geram-revoltam\/\" \/>\n<meta property=\"og:locale\" content=\"pt_BR\" \/>\n<meta property=\"og:type\" content=\"article\" \/>\n<meta property=\"og:title\" content=\"Clima tenso! Declara\u00e7\u00f5es de Gerard Piqu\u00e9 geram revoltam\" \/>\n<meta property=\"og:description\" content=\"A recente manifesta\u00e7\u00e3o de Gerard Piqu\u00e9 sobre a necessidade de reformas no t\u00eanis gerou forte repercuss\u00e3o no cen\u00e1rio esportivo \u2014 tamanha a ponto de ser respondida pelo ex-n\u00famero 1 do mundo, Boris Becker. O alem\u00e3o, conhecido por sua trajet\u00f3ria vitoriosa nas quadras, n\u00e3o poupou palavras ao avaliar a iniciativa do ex-zagueiro espanhol. \u201cEle \u00e9 um [&hellip;]\" \/>\n<meta property=\"og:url\" content=\"https:\/\/www.gaveanews.com\/index.php\/2025\/04\/25\/clima-tenso-declaracoes-de-gerard-pique-geram-revoltam\/\" \/>\n<meta property=\"og:site_name\" content=\"G\u00e1vea News\" \/>\n<meta property=\"article:publisher\" content=\"https:\/\/facebook.com\/gaveaNews\/\" \/>\n<meta property=\"article:published_time\" content=\"2025-04-25T19:30:00+00:00\" \/>\n<meta property=\"og:image\" content=\"https:\/\/www.gaveanews.com\/wp-content\/uploads\/Gerard-Pique-ex-jogador-de-futebol.webp\" \/>\n\t<meta property=\"og:image:width\" content=\"1050\" \/>\n\t<meta property=\"og:image:height\" content=\"700\" \/>\n\t<meta property=\"og:image:type\" content=\"image\/webp\" \/>\n<meta name=\"author\" content=\"Ana Teixeira\" \/>\n<meta name=\"twitter:card\" content=\"summary_large_image\" \/>\n<meta name=\"twitter:label1\" content=\"Escrito por\" \/>\n\t<meta name=\"twitter:data1\" content=\"Ana Teixeira\" \/>\n\t<meta name=\"twitter:label2\" content=\"Est. tempo de leitura\" \/>\n\t<meta name=\"twitter:data2\" content=\"4 minutos\" \/>\n<script type=\"application\/ld+json\" class=\"yoast-schema-graph\">{\"@context\":\"https:\/\/schema.org\",\"@graph\":[{\"@type\":\"NewsArticle\",\"@id\":\"https:\/\/www.gaveanews.com\/index.php\/2025\/04\/25\/clima-tenso-declaracoes-de-gerard-pique-geram-revoltam\/#article\",\"isPartOf\":{\"@id\":\"https:\/\/www.gaveanews.com\/index.php\/2025\/04\/25\/clima-tenso-declaracoes-de-gerard-pique-geram-revoltam\/\"},\"author\":{\"name\":\"Ana Teixeira\",\"@id\":\"https:\/\/www.gaveanews.com\/#\/schema\/person\/3b19f7288b0ce20372991275e4f2e6c2\"},\"headline\":\"Clima tenso! Declara\u00e7\u00f5es de Gerard Piqu\u00e9 geram revoltam\",\"datePublished\":\"2025-04-25T19:30:00+00:00\",\"mainEntityOfPage\":{\"@id\":\"https:\/\/www.gaveanews.com\/index.php\/2025\/04\/25\/clima-tenso-declaracoes-de-gerard-pique-geram-revoltam\/\"},\"wordCount\":601,\"commentCount\":0,\"image\":{\"@id\":\"https:\/\/www.gaveanews.com\/index.php\/2025\/04\/25\/clima-tenso-declaracoes-de-gerard-pique-geram-revoltam\/#primaryimage\"},\"thumbnailUrl\":\"https:\/\/www.gaveanews.com\/wp-content\/uploads\/Gerard-Pique-ex-jogador-de-futebol.webp\",\"articleSection\":[\"Celebridades\",\"Destaques\"],\"inLanguage\":\"pt-BR\",\"potentialAction\":[{\"@type\":\"CommentAction\",\"name\":\"Comment\",\"target\":[\"https:\/\/www.gaveanews.com\/index.php\/2025\/04\/25\/clima-tenso-declaracoes-de-gerard-pique-geram-revoltam\/#respond\"]}],\"copyrightYear\":\"2025\",\"copyrightHolder\":{\"@id\":\"https:\/\/www.gaveanews.com\/#organization\"}},{\"@type\":\"WebPage\",\"@id\":\"https:\/\/www.gaveanews.com\/index.php\/2025\/04\/25\/clima-tenso-declaracoes-de-gerard-pique-geram-revoltam\/\",\"url\":\"https:\/\/www.gaveanews.com\/index.php\/2025\/04\/25\/clima-tenso-declaracoes-de-gerard-pique-geram-revoltam\/\",\"name\":\"Clima tenso! Declara\u00e7\u00f5es de Gerard Piqu\u00e9 geram revoltam\",\"isPartOf\":{\"@id\":\"https:\/\/www.gaveanews.com\/#website\"},\"primaryImageOfPage\":{\"@id\":\"https:\/\/www.gaveanews.com\/index.php\/2025\/04\/25\/clima-tenso-declaracoes-de-gerard-pique-geram-revoltam\/#primaryimage\"},\"image\":{\"@id\":\"https:\/\/www.gaveanews.com\/index.php\/2025\/04\/25\/clima-tenso-declaracoes-de-gerard-pique-geram-revoltam\/#primaryimage\"},\"thumbnailUrl\":\"https:\/\/www.gaveanews.com\/wp-content\/uploads\/Gerard-Pique-ex-jogador-de-futebol.webp\",\"datePublished\":\"2025-04-25T19:30:00+00:00\",\"author\":{\"@id\":\"https:\/\/www.gaveanews.com\/#\/schema\/person\/3b19f7288b0ce20372991275e4f2e6c2\"},\"breadcrumb\":{\"@id\":\"https:\/\/www.gaveanews.com\/index.php\/2025\/04\/25\/clima-tenso-declaracoes-de-gerard-pique-geram-revoltam\/#breadcrumb\"},\"inLanguage\":\"pt-BR\",\"potentialAction\":[{\"@type\":\"ReadAction\",\"target\":[\"https:\/\/www.gaveanews.com\/index.php\/2025\/04\/25\/clima-tenso-declaracoes-de-gerard-pique-geram-revoltam\/\"]}]},{\"@type\":\"ImageObject\",\"inLanguage\":\"pt-BR\",\"@id\":\"https:\/\/www.gaveanews.com\/index.php\/2025\/04\/25\/clima-tenso-declaracoes-de-gerard-pique-geram-revoltam\/#primaryimage\",\"url\":\"https:\/\/www.gaveanews.com\/wp-content\/uploads\/Gerard-Pique-ex-jogador-de-futebol.webp\",\"contentUrl\":\"https:\/\/www.gaveanews.com\/wp-content\/uploads\/Gerard-Pique-ex-jogador-de-futebol.webp\",\"width\":1050,\"height\":700,\"caption\":\"Gerard Pique, ex-jogador de futebol (Foto: Reprodu\u00e7\u00e3o\/Instagram)\"},{\"@type\":\"BreadcrumbList\",\"@id\":\"https:\/\/www.gaveanews.com\/index.php\/2025\/04\/25\/clima-tenso-declaracoes-de-gerard-pique-geram-revoltam\/#breadcrumb\",\"itemListElement\":[{\"@type\":\"ListItem\",\"position\":1,\"name\":\"Home\",\"item\":\"https:\/\/www.gaveanews.com\/\"},{\"@type\":\"ListItem\",\"position\":2,\"name\":\"Clima tenso! Declara\u00e7\u00f5es de Gerard Piqu\u00e9 geram revoltam\"}]},{\"@type\":\"WebSite\",\"@id\":\"https:\/\/www.gaveanews.com\/#website\",\"url\":\"https:\/\/www.gaveanews.com\/\",\"name\":\"G\u00e1vea News\",\"description\":\"Veja todas as not\u00edcias sobre o Flamengo: Contrata\u00e7\u00f5es, categorias de base, resultados das partidas, tabela de classifica\u00e7\u00e3o, pr\u00f3ximos jogos!\",\"potentialAction\":[{\"@type\":\"SearchAction\",\"target\":{\"@type\":\"EntryPoint\",\"urlTemplate\":\"https:\/\/www.gaveanews.com\/?s={search_term_string}\"},\"query-input\":{\"@type\":\"PropertyValueSpecification\",\"valueRequired\":true,\"valueName\":\"search_term_string\"}}],\"inLanguage\":\"pt-BR\"},{\"@type\":\"Person\",\"@id\":\"https:\/\/www.gaveanews.com\/#\/schema\/person\/3b19f7288b0ce20372991275e4f2e6c2\",\"name\":\"Ana Teixeira\",\"image\":{\"@type\":\"ImageObject\",\"inLanguage\":\"pt-BR\",\"@id\":\"https:\/\/www.gaveanews.com\/#\/schema\/person\/image\/\",\"url\":\"https:\/\/secure.gravatar.com\/avatar\/0a73f5a5258f3fed37fc2fa641892f3f7a4748456d4d4792f9bc550e6c19e06c?s=96&d=mm&r=g\",\"contentUrl\":\"https:\/\/secure.gravatar.com\/avatar\/0a73f5a5258f3fed37fc2fa641892f3f7a4748456d4d4792f9bc550e6c19e06c?s=96&d=mm&r=g\",\"caption\":\"Ana Teixeira\"}}]}<\/script>\n<!-- \/ Yoast SEO Premium plugin. -->","yoast_head_json":{"title":"Clima tenso! Declara\u00e7\u00f5es de Gerard Piqu\u00e9 geram revoltam","robots":{"index":"index","follow":"follow","max-snippet":"max-snippet:-1","max-image-preview":"max-image-preview:large","max-video-preview":"max-video-preview:-1"},"canonical":"https:\/\/www.gaveanews.com\/index.php\/2025\/04\/25\/clima-tenso-declaracoes-de-gerard-pique-geram-revoltam\/","og_locale":"pt_BR","og_type":"article","og_title":"Clima tenso! Declara\u00e7\u00f5es de Gerard Piqu\u00e9 geram revoltam","og_description":"A recente manifesta\u00e7\u00e3o de Gerard Piqu\u00e9 sobre a necessidade de reformas no t\u00eanis gerou forte repercuss\u00e3o no cen\u00e1rio esportivo \u2014 tamanha a ponto de ser respondida pelo ex-n\u00famero 1 do mundo, Boris Becker. O alem\u00e3o, conhecido por sua trajet\u00f3ria vitoriosa nas quadras, n\u00e3o poupou palavras ao avaliar a iniciativa do ex-zagueiro espanhol. \u201cEle \u00e9 um [&hellip;]","og_url":"https:\/\/www.gaveanews.com\/index.php\/2025\/04\/25\/clima-tenso-declaracoes-de-gerard-pique-geram-revoltam\/","og_site_name":"G\u00e1vea News","article_publisher":"https:\/\/facebook.com\/gaveaNews\/","article_published_time":"2025-04-25T19:30:00+00:00","og_image":[{"width":1050,"height":700,"url":"https:\/\/www.gaveanews.com\/wp-content\/uploads\/Gerard-Pique-ex-jogador-de-futebol.webp","type":"image\/webp"}],"author":"Ana Teixeira","twitter_card":"summary_large_image","twitter_misc":{"Escrito por":"Ana Teixeira","Est. tempo de leitura":"4 minutos"},"schema":{"@context":"https:\/\/schema.org","@graph":[{"@type":"NewsArticle","@id":"https:\/\/www.gaveanews.com\/index.php\/2025\/04\/25\/clima-tenso-declaracoes-de-gerard-pique-geram-revoltam\/#article","isPartOf":{"@id":"https:\/\/www.gaveanews.com\/index.php\/2025\/04\/25\/clima-tenso-declaracoes-de-gerard-pique-geram-revoltam\/"},"author":{"name":"Ana Teixeira","@id":"https:\/\/www.gaveanews.com\/#\/schema\/person\/3b19f7288b0ce20372991275e4f2e6c2"},"headline":"Clima tenso! Declara\u00e7\u00f5es de Gerard Piqu\u00e9 geram revoltam","datePublished":"2025-04-25T19:30:00+00:00","mainEntityOfPage":{"@id":"https:\/\/www.gaveanews.com\/index.php\/2025\/04\/25\/clima-tenso-declaracoes-de-gerard-pique-geram-revoltam\/"},"wordCount":601,"commentCount":0,"image":{"@id":"https:\/\/www.gaveanews.com\/index.php\/2025\/04\/25\/clima-tenso-declaracoes-de-gerard-pique-geram-revoltam\/#primaryimage"},"thumbnailUrl":"https:\/\/www.gaveanews.com\/wp-content\/uploads\/Gerard-Pique-ex-jogador-de-futebol.webp","articleSection":["Celebridades","Destaques"],"inLanguage":"pt-BR","potentialAction":[{"@type":"CommentAction","name":"Comment","target":["https:\/\/www.gaveanews.com\/index.php\/2025\/04\/25\/clima-tenso-declaracoes-de-gerard-pique-geram-revoltam\/#respond"]}],"copyrightYear":"2025","copyrightHolder":{"@id":"https:\/\/www.gaveanews.com\/#organization"}},{"@type":"WebPage","@id":"https:\/\/www.gaveanews.com\/index.php\/2025\/04\/25\/clima-tenso-declaracoes-de-gerard-pique-geram-revoltam\/","url":"https:\/\/www.gaveanews.com\/index.php\/2025\/04\/25\/clima-tenso-declaracoes-de-gerard-pique-geram-revoltam\/","name":"Clima tenso! Declara\u00e7\u00f5es de Gerard Piqu\u00e9 geram revoltam","isPartOf":{"@id":"https:\/\/www.gaveanews.com\/#website"},"primaryImageOfPage":{"@id":"https:\/\/www.gaveanews.com\/index.php\/2025\/04\/25\/clima-tenso-declaracoes-de-gerard-pique-geram-revoltam\/#primaryimage"},"image":{"@id":"https:\/\/www.gaveanews.com\/index.php\/2025\/04\/25\/clima-tenso-declaracoes-de-gerard-pique-geram-revoltam\/#primaryimage"},"thumbnailUrl":"https:\/\/www.gaveanews.com\/wp-content\/uploads\/Gerard-Pique-ex-jogador-de-futebol.webp","datePublished":"2025-04-25T19:30:00+00:00","author":{"@id":"https:\/\/www.gaveanews.com\/#\/schema\/person\/3b19f7288b0ce20372991275e4f2e6c2"},"breadcrumb":{"@id":"https:\/\/www.gaveanews.com\/index.php\/2025\/04\/25\/clima-tenso-declaracoes-de-gerard-pique-geram-revoltam\/#breadcrumb"},"inLanguage":"pt-BR","potentialAction":[{"@type":"ReadAction","target":["https:\/\/www.gaveanews.com\/index.php\/2025\/04\/25\/clima-tenso-declaracoes-de-gerard-pique-geram-revoltam\/"]}]},{"@type":"ImageObject","inLanguage":"pt-BR","@id":"https:\/\/www.gaveanews.com\/index.php\/2025\/04\/25\/clima-tenso-declaracoes-de-gerard-pique-geram-revoltam\/#primaryimage","url":"https:\/\/www.gaveanews.com\/wp-content\/uploads\/Gerard-Pique-ex-jogador-de-futebol.webp","contentUrl":"https:\/\/www.gaveanews.com\/wp-content\/uploads\/Gerard-Pique-ex-jogador-de-futebol.webp","width":1050,"height":700,"caption":"Gerard Pique, ex-jogador de futebol (Foto: Reprodu\u00e7\u00e3o\/Instagram)"},{"@type":"BreadcrumbList","@id":"https:\/\/www.gaveanews.com\/index.php\/2025\/04\/25\/clima-tenso-declaracoes-de-gerard-pique-geram-revoltam\/#breadcrumb","itemListElement":[{"@type":"ListItem","position":1,"name":"Home","item":"https:\/\/www.gaveanews.com\/"},{"@type":"ListItem","position":2,"name":"Clima tenso! Declara\u00e7\u00f5es de Gerard Piqu\u00e9 geram revoltam"}]},{"@type":"WebSite","@id":"https:\/\/www.gaveanews.com\/#website","url":"https:\/\/www.gaveanews.com\/","name":"G\u00e1vea News","description":"Veja todas as not\u00edcias sobre o Flamengo: Contrata\u00e7\u00f5es, categorias de base, resultados das partidas, tabela de classifica\u00e7\u00e3o, pr\u00f3ximos jogos!","potentialAction":[{"@type":"SearchAction","target":{"@type":"EntryPoint","urlTemplate":"https:\/\/www.gaveanews.com\/?s={search_term_string}"},"query-input":{"@type":"PropertyValueSpecification","valueRequired":true,"valueName":"search_term_string"}}],"inLanguage":"pt-BR"},{"@type":"Person","@id":"https:\/\/www.gaveanews.com\/#\/schema\/person\/3b19f7288b0ce20372991275e4f2e6c2","name":"Ana Teixeira","image":{"@type":"ImageObject","inLanguage":"pt-BR","@id":"https:\/\/www.gaveanews.com\/#\/schema\/person\/image\/","url":"https:\/\/secure.gravatar.com\/avatar\/0a73f5a5258f3fed37fc2fa641892f3f7a4748456d4d4792f9bc550e6c19e06c?s=96&d=mm&r=g","contentUrl":"https:\/\/secure.gravatar.com\/avatar\/0a73f5a5258f3fed37fc2fa641892f3f7a4748456d4d4792f9bc550e6c19e06c?s=96&d=mm&r=g","caption":"Ana Teixeira"}}]}},"_links":{"self":[{"href":"https:\/\/www.gaveanews.com\/index.php\/wp-json\/wp\/v2\/posts\/257559","targetHints":{"allow":["GET"]}}],"collection":[{"href":"https:\/\/www.gaveanews.com\/index.php\/wp-json\/wp\/v2\/posts"}],"about":[{"href":"https:\/\/www.gaveanews.com\/index.php\/wp-json\/wp\/v2\/types\/post"}],"author":[{"embeddable":true,"href":"https:\/\/www.gaveanews.com\/index.php\/wp-json\/wp\/v2\/users\/30"}],"replies":[{"embeddable":true,"href":"https:\/\/www.gaveanews.com\/index.php\/wp-json\/wp\/v2\/comments?post=257559"}],"version-history":[{"count":1,"href":"https:\/\/www.gaveanews.com\/index.php\/wp-json\/wp\/v2\/posts\/257559\/revisions"}],"predecessor-version":[{"id":257567,"href":"https:\/\/www.gaveanews.com\/index.php\/wp-json\/wp\/v2\/posts\/257559\/revisions\/257567"}],"wp:featuredmedia":[{"embeddable":true,"href":"https:\/\/www.gaveanews.com\/index.php\/wp-json\/wp\/v2\/media\/175638"}],"wp:attachment":[{"href":"https:\/\/www.gaveanews.com\/index.php\/wp-json\/wp\/v2\/media?parent=257559"}],"wp:term":[{"taxonomy":"category","embeddable":true,"href":"https:\/\/www.gaveanews.com\/index.php\/wp-json\/wp\/v2\/categories?post=257559"},{"taxonomy":"post_tag","embeddable":true,"href":"https:\/\/www.gaveanews.com\/index.php\/wp-json\/wp\/v2\/tags?post=257559"}],"curies":[{"name":"wp","href":"https:\/\/api.w.org\/{rel}","templated":true}]}}