{"id":257633,"date":"2025-04-25T18:40:00","date_gmt":"2025-04-25T21:40:00","guid":{"rendered":"https:\/\/www.gaveanews.com\/?p=257633"},"modified":"2025-04-25T16:00:38","modified_gmt":"2025-04-25T19:00:38","slug":"video-veja-a-reacao-do-tecnico-do-estudiantes-apos-falha-de-john-do-botafogo","status":"publish","type":"post","link":"https:\/\/www.gaveanews.com\/index.php\/2025\/04\/25\/video-veja-a-reacao-do-tecnico-do-estudiantes-apos-falha-de-john-do-botafogo\/","title":{"rendered":"V\u00eddeo: veja a rea\u00e7\u00e3o do t\u00e9cnico do Estudiantes ap\u00f3s falha de John, do Botafogo"},"content":{"rendered":"\n<p>A noite de quarta-feira ficou marcada, sobretudo, por um lance que surpreendeu at\u00e9 quem deveria estar comemorando: o t\u00e9cnico do Estudiantes, Eduardo Dom\u00ednguez, demonstrou incredulidade diante do erro cometido pelo goleiro John, do Botafogo, em jogo v\u00e1lido pela terceira rodada da fase de grupos da Copa Libertadores.<\/p>\n\n\n\n<p>O Estudiantes venceu o Botafogo por 1 a 0, com o \u00fanico gol da partida saindo de um chute de Guido Carrillo. O lance, que poderia ter sido facilmente defendido, acabou gerando um dos momentos mais inesperados da competi\u00e7\u00e3o at\u00e9 agora. Afinal, ap\u00f3s o leve desvio da bola em Gregore, o chute perdeu for\u00e7a, quicou no gramado e, surpreendentemente, passou por John, que se atrapalhou e n\u00e3o conseguiu fazer a defesa.<\/p>\n\n\n\n<p>A rea\u00e7\u00e3o de Dom\u00ednguez, amplamente compartilhada nas redes sociais, tornou-se viral. Conforme mostrado em imagens que circularam na internet, o treinador argentino, inicialmente, levou as m\u00e3os \u00e0 cabe\u00e7a e reclamou da finaliza\u00e7\u00e3o do seu jogador. Contudo, ao perceber a falha do goleiro brasileiro, ficou sem palavras, apenas esbo\u00e7ando uma express\u00e3o de espanto.<\/p>\n\n\n\n<blockquote class=\"twitter-tweet\"><p lang=\"pt\" dir=\"ltr\">A rea\u00e7\u00e3o do t\u00e9cnico do Estudiantes na hora do gol com falha do goleiro John, do Botafogo. <br><br> <a href=\"https:\/\/t.co\/fMW4iUBqE3\">pic.twitter.com\/fMW4iUBqE3<\/a><\/p>&mdash; Gols do Brasileir\u00e3o \u26bd\ufe0f\ud83c\udde7\ud83c\uddf7 (@golsdobrasil1) <a href=\"https:\/\/twitter.com\/golsdobrasil1\/status\/1915216043653452162?ref_src=twsrc%5Etfw\">April 24, 2025<\/a><\/blockquote> <script async src=\"https:\/\/platform.twitter.com\/widgets.js\" charset=\"utf-8\"><\/script>\n\n\n\n<h2 class=\"wp-block-heading\" id=\"h-justificativa-do-john\">Justificativa do John<\/h2>\n\n\n\n<p>Enquanto isso, o Botafogo, atual campe\u00e3o brasileiro e da Libertadores, segue atravessando um momento de forte instabilidade sob o comando de Renato Paiva. Ali\u00e1s, a equipe carioca soma apenas tr\u00eas pontos em tr\u00eas rodadas da fase de grupos, resultado de uma vit\u00f3ria e duas derrotas. O desempenho insuficiente, tanto defensivamente quanto ofensivamente, vem aumentando a press\u00e3o sobre o trabalho do treinador.<\/p>\n\n\n\n<p>John, que foi um dos pilares da campanha vitoriosa em 2024, tentou se justificar ap\u00f3s a partida. Em entrevista \u00e0 Conmebol, o goleiro comentou: <\/p>\n\n\n\n<p>&#8220;Acabei tendo azar ali na hora. Fui infeliz, acontece. No futebol, \u00e0s vezes a gente tem que reconhecer os nossos erros. N\u00e3o consigo ver como erro, foi mais um detalhe do gramado, mas tenho certeza que agora vamos trabalhar bem. Acredito nos meus companheiros, hoje n\u00e3o fizemos um bom trabalho, toda a equipe n\u00e3o teve uma noite feliz.&#8221;<\/p>\n\n\n\n<h2 class=\"wp-block-heading\" id=\"h-momento-do-botafogo\">Momento do Botafogo<\/h2>\n\n\n\n<p>O erro custou ao Glorioso um resultado importante, principalmente diante da necessidade de recupera\u00e7\u00e3o no grupo A da Libertadores. Posteriormente, o epis\u00f3dio gerou grande repercuss\u00e3o entre torcedores, que j\u00e1 demonstravam insatisfa\u00e7\u00e3o com o desempenho da equipe nesta temporada.<\/p>\n\n\n\n<p>Porquanto, mesmo considerando fatores como o desvio da bola e as condi\u00e7\u00f5es do gramado, o frango de John se consolidou como um dos lances mais emblem\u00e1ticos desta edi\u00e7\u00e3o da Libertadores. A rea\u00e7\u00e3o de Dom\u00ednguez, ali\u00e1s, sintetizou o sentimento geral de surpresa. Afinal, nem mesmo o lado beneficiado pela falha conseguiu disfar\u00e7ar a incredulidade diante do que presenciou.<\/p>\n\n\n\n<p><\/p>\n","protected":false},"excerpt":{"rendered":"<p>A noite de quarta-feira ficou marcada, sobretudo, por um lance que surpreendeu at\u00e9 quem deveria estar comemorando: o t\u00e9cnico do Estudiantes, Eduardo Dom\u00ednguez, demonstrou incredulidade diante do erro cometido pelo goleiro John, do Botafogo, em jogo v\u00e1lido pela terceira rodada da fase de grupos da Copa Libertadores. O Estudiantes venceu o Botafogo por 1 a [&hellip;]<\/p>\n","protected":false},"author":30,"featured_media":257641,"comment_status":"open","ping_status":"closed","sticky":false,"template":"","format":"standard","meta":{"footnotes":""},"categories":[138],"tags":[],"class_list":["post-257633","post","type-post","status-publish","format-standard","has-post-thumbnail","hentry","category-botafogo"],"yoast_head":"<!-- This site is optimized with the Yoast SEO Premium plugin v24.2 (Yoast SEO v26.9) - https:\/\/yoast.com\/product\/yoast-seo-premium-wordpress\/ -->\n<title>V\u00eddeo: veja a rea\u00e7\u00e3o do t\u00e9cnico do Estudiantes ap\u00f3s falha de John, do Botafogo<\/title>\n<meta name=\"robots\" content=\"index, follow, max-snippet:-1, max-image-preview:large, max-video-preview:-1\" \/>\n<link rel=\"canonical\" href=\"https:\/\/www.gaveanews.com\/index.php\/2025\/04\/25\/video-veja-a-reacao-do-tecnico-do-estudiantes-apos-falha-de-john-do-botafogo\/\" \/>\n<meta property=\"og:locale\" content=\"pt_BR\" \/>\n<meta property=\"og:type\" content=\"article\" \/>\n<meta property=\"og:title\" content=\"V\u00eddeo: veja a rea\u00e7\u00e3o do t\u00e9cnico do Estudiantes ap\u00f3s falha de John, do Botafogo\" \/>\n<meta property=\"og:description\" content=\"A noite de quarta-feira ficou marcada, sobretudo, por um lance que surpreendeu at\u00e9 quem deveria estar comemorando: o t\u00e9cnico do Estudiantes, Eduardo Dom\u00ednguez, demonstrou incredulidade diante do erro cometido pelo goleiro John, do Botafogo, em jogo v\u00e1lido pela terceira rodada da fase de grupos da Copa Libertadores. O Estudiantes venceu o Botafogo por 1 a [&hellip;]\" \/>\n<meta property=\"og:url\" content=\"https:\/\/www.gaveanews.com\/index.php\/2025\/04\/25\/video-veja-a-reacao-do-tecnico-do-estudiantes-apos-falha-de-john-do-botafogo\/\" \/>\n<meta property=\"og:site_name\" content=\"G\u00e1vea News\" \/>\n<meta property=\"article:publisher\" content=\"https:\/\/facebook.com\/gaveaNews\/\" \/>\n<meta property=\"article:published_time\" content=\"2025-04-25T21:40:00+00:00\" \/>\n<meta property=\"og:image\" content=\"https:\/\/www.gaveanews.com\/wp-content\/uploads\/Goleiro-John-em-acao-pelo-Botafogo-Foto-do-Vitor-Silva-l-BFR.webp\" \/>\n\t<meta property=\"og:image:width\" content=\"1200\" \/>\n\t<meta property=\"og:image:height\" content=\"900\" \/>\n\t<meta property=\"og:image:type\" content=\"image\/webp\" \/>\n<meta name=\"author\" content=\"Ana Teixeira\" \/>\n<meta name=\"twitter:card\" content=\"summary_large_image\" \/>\n<meta name=\"twitter:label1\" content=\"Escrito por\" \/>\n\t<meta name=\"twitter:data1\" content=\"Ana Teixeira\" \/>\n\t<meta name=\"twitter:label2\" content=\"Est. tempo de leitura\" \/>\n\t<meta name=\"twitter:data2\" content=\"3 minutos\" \/>\n<script type=\"application\/ld+json\" class=\"yoast-schema-graph\">{\"@context\":\"https:\/\/schema.org\",\"@graph\":[{\"@type\":\"NewsArticle\",\"@id\":\"https:\/\/www.gaveanews.com\/index.php\/2025\/04\/25\/video-veja-a-reacao-do-tecnico-do-estudiantes-apos-falha-de-john-do-botafogo\/#article\",\"isPartOf\":{\"@id\":\"https:\/\/www.gaveanews.com\/index.php\/2025\/04\/25\/video-veja-a-reacao-do-tecnico-do-estudiantes-apos-falha-de-john-do-botafogo\/\"},\"author\":{\"name\":\"Ana Teixeira\",\"@id\":\"https:\/\/www.gaveanews.com\/#\/schema\/person\/3b19f7288b0ce20372991275e4f2e6c2\"},\"headline\":\"V\u00eddeo: veja a rea\u00e7\u00e3o do t\u00e9cnico do Estudiantes ap\u00f3s falha de John, do Botafogo\",\"datePublished\":\"2025-04-25T21:40:00+00:00\",\"mainEntityOfPage\":{\"@id\":\"https:\/\/www.gaveanews.com\/index.php\/2025\/04\/25\/video-veja-a-reacao-do-tecnico-do-estudiantes-apos-falha-de-john-do-botafogo\/\"},\"wordCount\":493,\"commentCount\":0,\"image\":{\"@id\":\"https:\/\/www.gaveanews.com\/index.php\/2025\/04\/25\/video-veja-a-reacao-do-tecnico-do-estudiantes-apos-falha-de-john-do-botafogo\/#primaryimage\"},\"thumbnailUrl\":\"https:\/\/www.gaveanews.com\/wp-content\/uploads\/Goleiro-John-em-acao-pelo-Botafogo-Foto-do-Vitor-Silva-l-BFR.webp\",\"articleSection\":[\"Botafogo\"],\"inLanguage\":\"pt-BR\",\"potentialAction\":[{\"@type\":\"CommentAction\",\"name\":\"Comment\",\"target\":[\"https:\/\/www.gaveanews.com\/index.php\/2025\/04\/25\/video-veja-a-reacao-do-tecnico-do-estudiantes-apos-falha-de-john-do-botafogo\/#respond\"]}],\"copyrightYear\":\"2025\",\"copyrightHolder\":{\"@id\":\"https:\/\/www.gaveanews.com\/#organization\"}},{\"@type\":\"WebPage\",\"@id\":\"https:\/\/www.gaveanews.com\/index.php\/2025\/04\/25\/video-veja-a-reacao-do-tecnico-do-estudiantes-apos-falha-de-john-do-botafogo\/\",\"url\":\"https:\/\/www.gaveanews.com\/index.php\/2025\/04\/25\/video-veja-a-reacao-do-tecnico-do-estudiantes-apos-falha-de-john-do-botafogo\/\",\"name\":\"V\u00eddeo: veja a rea\u00e7\u00e3o do t\u00e9cnico do Estudiantes ap\u00f3s falha de John, do Botafogo\",\"isPartOf\":{\"@id\":\"https:\/\/www.gaveanews.com\/#website\"},\"primaryImageOfPage\":{\"@id\":\"https:\/\/www.gaveanews.com\/index.php\/2025\/04\/25\/video-veja-a-reacao-do-tecnico-do-estudiantes-apos-falha-de-john-do-botafogo\/#primaryimage\"},\"image\":{\"@id\":\"https:\/\/www.gaveanews.com\/index.php\/2025\/04\/25\/video-veja-a-reacao-do-tecnico-do-estudiantes-apos-falha-de-john-do-botafogo\/#primaryimage\"},\"thumbnailUrl\":\"https:\/\/www.gaveanews.com\/wp-content\/uploads\/Goleiro-John-em-acao-pelo-Botafogo-Foto-do-Vitor-Silva-l-BFR.webp\",\"datePublished\":\"2025-04-25T21:40:00+00:00\",\"author\":{\"@id\":\"https:\/\/www.gaveanews.com\/#\/schema\/person\/3b19f7288b0ce20372991275e4f2e6c2\"},\"breadcrumb\":{\"@id\":\"https:\/\/www.gaveanews.com\/index.php\/2025\/04\/25\/video-veja-a-reacao-do-tecnico-do-estudiantes-apos-falha-de-john-do-botafogo\/#breadcrumb\"},\"inLanguage\":\"pt-BR\",\"potentialAction\":[{\"@type\":\"ReadAction\",\"target\":[\"https:\/\/www.gaveanews.com\/index.php\/2025\/04\/25\/video-veja-a-reacao-do-tecnico-do-estudiantes-apos-falha-de-john-do-botafogo\/\"]}]},{\"@type\":\"ImageObject\",\"inLanguage\":\"pt-BR\",\"@id\":\"https:\/\/www.gaveanews.com\/index.php\/2025\/04\/25\/video-veja-a-reacao-do-tecnico-do-estudiantes-apos-falha-de-john-do-botafogo\/#primaryimage\",\"url\":\"https:\/\/www.gaveanews.com\/wp-content\/uploads\/Goleiro-John-em-acao-pelo-Botafogo-Foto-do-Vitor-Silva-l-BFR.webp\",\"contentUrl\":\"https:\/\/www.gaveanews.com\/wp-content\/uploads\/Goleiro-John-em-acao-pelo-Botafogo-Foto-do-Vitor-Silva-l-BFR.webp\",\"width\":1200,\"height\":900},{\"@type\":\"BreadcrumbList\",\"@id\":\"https:\/\/www.gaveanews.com\/index.php\/2025\/04\/25\/video-veja-a-reacao-do-tecnico-do-estudiantes-apos-falha-de-john-do-botafogo\/#breadcrumb\",\"itemListElement\":[{\"@type\":\"ListItem\",\"position\":1,\"name\":\"Home\",\"item\":\"https:\/\/www.gaveanews.com\/\"},{\"@type\":\"ListItem\",\"position\":2,\"name\":\"V\u00eddeo: veja a rea\u00e7\u00e3o do t\u00e9cnico do Estudiantes ap\u00f3s falha de John, do Botafogo\"}]},{\"@type\":\"WebSite\",\"@id\":\"https:\/\/www.gaveanews.com\/#website\",\"url\":\"https:\/\/www.gaveanews.com\/\",\"name\":\"G\u00e1vea News\",\"description\":\"Veja todas as not\u00edcias sobre o Flamengo: Contrata\u00e7\u00f5es, categorias de base, resultados das partidas, tabela de classifica\u00e7\u00e3o, pr\u00f3ximos jogos!\",\"potentialAction\":[{\"@type\":\"SearchAction\",\"target\":{\"@type\":\"EntryPoint\",\"urlTemplate\":\"https:\/\/www.gaveanews.com\/?s={search_term_string}\"},\"query-input\":{\"@type\":\"PropertyValueSpecification\",\"valueRequired\":true,\"valueName\":\"search_term_string\"}}],\"inLanguage\":\"pt-BR\"},{\"@type\":\"Person\",\"@id\":\"https:\/\/www.gaveanews.com\/#\/schema\/person\/3b19f7288b0ce20372991275e4f2e6c2\",\"name\":\"Ana Teixeira\",\"image\":{\"@type\":\"ImageObject\",\"inLanguage\":\"pt-BR\",\"@id\":\"https:\/\/www.gaveanews.com\/#\/schema\/person\/image\/\",\"url\":\"https:\/\/secure.gravatar.com\/avatar\/0a73f5a5258f3fed37fc2fa641892f3f7a4748456d4d4792f9bc550e6c19e06c?s=96&d=mm&r=g\",\"contentUrl\":\"https:\/\/secure.gravatar.com\/avatar\/0a73f5a5258f3fed37fc2fa641892f3f7a4748456d4d4792f9bc550e6c19e06c?s=96&d=mm&r=g\",\"caption\":\"Ana Teixeira\"}}]}<\/script>\n<!-- \/ Yoast SEO Premium plugin. -->","yoast_head_json":{"title":"V\u00eddeo: veja a rea\u00e7\u00e3o do t\u00e9cnico do Estudiantes ap\u00f3s falha de John, do Botafogo","robots":{"index":"index","follow":"follow","max-snippet":"max-snippet:-1","max-image-preview":"max-image-preview:large","max-video-preview":"max-video-preview:-1"},"canonical":"https:\/\/www.gaveanews.com\/index.php\/2025\/04\/25\/video-veja-a-reacao-do-tecnico-do-estudiantes-apos-falha-de-john-do-botafogo\/","og_locale":"pt_BR","og_type":"article","og_title":"V\u00eddeo: veja a rea\u00e7\u00e3o do t\u00e9cnico do Estudiantes ap\u00f3s falha de John, do Botafogo","og_description":"A noite de quarta-feira ficou marcada, sobretudo, por um lance que surpreendeu at\u00e9 quem deveria estar comemorando: o t\u00e9cnico do Estudiantes, Eduardo Dom\u00ednguez, demonstrou incredulidade diante do erro cometido pelo goleiro John, do Botafogo, em jogo v\u00e1lido pela terceira rodada da fase de grupos da Copa Libertadores. O Estudiantes venceu o Botafogo por 1 a [&hellip;]","og_url":"https:\/\/www.gaveanews.com\/index.php\/2025\/04\/25\/video-veja-a-reacao-do-tecnico-do-estudiantes-apos-falha-de-john-do-botafogo\/","og_site_name":"G\u00e1vea News","article_publisher":"https:\/\/facebook.com\/gaveaNews\/","article_published_time":"2025-04-25T21:40:00+00:00","og_image":[{"width":1200,"height":900,"url":"https:\/\/www.gaveanews.com\/wp-content\/uploads\/Goleiro-John-em-acao-pelo-Botafogo-Foto-do-Vitor-Silva-l-BFR.webp","type":"image\/webp"}],"author":"Ana Teixeira","twitter_card":"summary_large_image","twitter_misc":{"Escrito por":"Ana Teixeira","Est. tempo de leitura":"3 minutos"},"schema":{"@context":"https:\/\/schema.org","@graph":[{"@type":"NewsArticle","@id":"https:\/\/www.gaveanews.com\/index.php\/2025\/04\/25\/video-veja-a-reacao-do-tecnico-do-estudiantes-apos-falha-de-john-do-botafogo\/#article","isPartOf":{"@id":"https:\/\/www.gaveanews.com\/index.php\/2025\/04\/25\/video-veja-a-reacao-do-tecnico-do-estudiantes-apos-falha-de-john-do-botafogo\/"},"author":{"name":"Ana Teixeira","@id":"https:\/\/www.gaveanews.com\/#\/schema\/person\/3b19f7288b0ce20372991275e4f2e6c2"},"headline":"V\u00eddeo: veja a rea\u00e7\u00e3o do t\u00e9cnico do Estudiantes ap\u00f3s falha de John, do Botafogo","datePublished":"2025-04-25T21:40:00+00:00","mainEntityOfPage":{"@id":"https:\/\/www.gaveanews.com\/index.php\/2025\/04\/25\/video-veja-a-reacao-do-tecnico-do-estudiantes-apos-falha-de-john-do-botafogo\/"},"wordCount":493,"commentCount":0,"image":{"@id":"https:\/\/www.gaveanews.com\/index.php\/2025\/04\/25\/video-veja-a-reacao-do-tecnico-do-estudiantes-apos-falha-de-john-do-botafogo\/#primaryimage"},"thumbnailUrl":"https:\/\/www.gaveanews.com\/wp-content\/uploads\/Goleiro-John-em-acao-pelo-Botafogo-Foto-do-Vitor-Silva-l-BFR.webp","articleSection":["Botafogo"],"inLanguage":"pt-BR","potentialAction":[{"@type":"CommentAction","name":"Comment","target":["https:\/\/www.gaveanews.com\/index.php\/2025\/04\/25\/video-veja-a-reacao-do-tecnico-do-estudiantes-apos-falha-de-john-do-botafogo\/#respond"]}],"copyrightYear":"2025","copyrightHolder":{"@id":"https:\/\/www.gaveanews.com\/#organization"}},{"@type":"WebPage","@id":"https:\/\/www.gaveanews.com\/index.php\/2025\/04\/25\/video-veja-a-reacao-do-tecnico-do-estudiantes-apos-falha-de-john-do-botafogo\/","url":"https:\/\/www.gaveanews.com\/index.php\/2025\/04\/25\/video-veja-a-reacao-do-tecnico-do-estudiantes-apos-falha-de-john-do-botafogo\/","name":"V\u00eddeo: veja a rea\u00e7\u00e3o do t\u00e9cnico do Estudiantes ap\u00f3s falha de John, do Botafogo","isPartOf":{"@id":"https:\/\/www.gaveanews.com\/#website"},"primaryImageOfPage":{"@id":"https:\/\/www.gaveanews.com\/index.php\/2025\/04\/25\/video-veja-a-reacao-do-tecnico-do-estudiantes-apos-falha-de-john-do-botafogo\/#primaryimage"},"image":{"@id":"https:\/\/www.gaveanews.com\/index.php\/2025\/04\/25\/video-veja-a-reacao-do-tecnico-do-estudiantes-apos-falha-de-john-do-botafogo\/#primaryimage"},"thumbnailUrl":"https:\/\/www.gaveanews.com\/wp-content\/uploads\/Goleiro-John-em-acao-pelo-Botafogo-Foto-do-Vitor-Silva-l-BFR.webp","datePublished":"2025-04-25T21:40:00+00:00","author":{"@id":"https:\/\/www.gaveanews.com\/#\/schema\/person\/3b19f7288b0ce20372991275e4f2e6c2"},"breadcrumb":{"@id":"https:\/\/www.gaveanews.com\/index.php\/2025\/04\/25\/video-veja-a-reacao-do-tecnico-do-estudiantes-apos-falha-de-john-do-botafogo\/#breadcrumb"},"inLanguage":"pt-BR","potentialAction":[{"@type":"ReadAction","target":["https:\/\/www.gaveanews.com\/index.php\/2025\/04\/25\/video-veja-a-reacao-do-tecnico-do-estudiantes-apos-falha-de-john-do-botafogo\/"]}]},{"@type":"ImageObject","inLanguage":"pt-BR","@id":"https:\/\/www.gaveanews.com\/index.php\/2025\/04\/25\/video-veja-a-reacao-do-tecnico-do-estudiantes-apos-falha-de-john-do-botafogo\/#primaryimage","url":"https:\/\/www.gaveanews.com\/wp-content\/uploads\/Goleiro-John-em-acao-pelo-Botafogo-Foto-do-Vitor-Silva-l-BFR.webp","contentUrl":"https:\/\/www.gaveanews.com\/wp-content\/uploads\/Goleiro-John-em-acao-pelo-Botafogo-Foto-do-Vitor-Silva-l-BFR.webp","width":1200,"height":900},{"@type":"BreadcrumbList","@id":"https:\/\/www.gaveanews.com\/index.php\/2025\/04\/25\/video-veja-a-reacao-do-tecnico-do-estudiantes-apos-falha-de-john-do-botafogo\/#breadcrumb","itemListElement":[{"@type":"ListItem","position":1,"name":"Home","item":"https:\/\/www.gaveanews.com\/"},{"@type":"ListItem","position":2,"name":"V\u00eddeo: veja a rea\u00e7\u00e3o do t\u00e9cnico do Estudiantes ap\u00f3s falha de John, do Botafogo"}]},{"@type":"WebSite","@id":"https:\/\/www.gaveanews.com\/#website","url":"https:\/\/www.gaveanews.com\/","name":"G\u00e1vea News","description":"Veja todas as not\u00edcias sobre o Flamengo: Contrata\u00e7\u00f5es, categorias de base, resultados das partidas, tabela de classifica\u00e7\u00e3o, pr\u00f3ximos jogos!","potentialAction":[{"@type":"SearchAction","target":{"@type":"EntryPoint","urlTemplate":"https:\/\/www.gaveanews.com\/?s={search_term_string}"},"query-input":{"@type":"PropertyValueSpecification","valueRequired":true,"valueName":"search_term_string"}}],"inLanguage":"pt-BR"},{"@type":"Person","@id":"https:\/\/www.gaveanews.com\/#\/schema\/person\/3b19f7288b0ce20372991275e4f2e6c2","name":"Ana Teixeira","image":{"@type":"ImageObject","inLanguage":"pt-BR","@id":"https:\/\/www.gaveanews.com\/#\/schema\/person\/image\/","url":"https:\/\/secure.gravatar.com\/avatar\/0a73f5a5258f3fed37fc2fa641892f3f7a4748456d4d4792f9bc550e6c19e06c?s=96&d=mm&r=g","contentUrl":"https:\/\/secure.gravatar.com\/avatar\/0a73f5a5258f3fed37fc2fa641892f3f7a4748456d4d4792f9bc550e6c19e06c?s=96&d=mm&r=g","caption":"Ana Teixeira"}}]}},"_links":{"self":[{"href":"https:\/\/www.gaveanews.com\/index.php\/wp-json\/wp\/v2\/posts\/257633","targetHints":{"allow":["GET"]}}],"collection":[{"href":"https:\/\/www.gaveanews.com\/index.php\/wp-json\/wp\/v2\/posts"}],"about":[{"href":"https:\/\/www.gaveanews.com\/index.php\/wp-json\/wp\/v2\/types\/post"}],"author":[{"embeddable":true,"href":"https:\/\/www.gaveanews.com\/index.php\/wp-json\/wp\/v2\/users\/30"}],"replies":[{"embeddable":true,"href":"https:\/\/www.gaveanews.com\/index.php\/wp-json\/wp\/v2\/comments?post=257633"}],"version-history":[{"count":2,"href":"https:\/\/www.gaveanews.com\/index.php\/wp-json\/wp\/v2\/posts\/257633\/revisions"}],"predecessor-version":[{"id":257646,"href":"https:\/\/www.gaveanews.com\/index.php\/wp-json\/wp\/v2\/posts\/257633\/revisions\/257646"}],"wp:featuredmedia":[{"embeddable":true,"href":"https:\/\/www.gaveanews.com\/index.php\/wp-json\/wp\/v2\/media\/257641"}],"wp:attachment":[{"href":"https:\/\/www.gaveanews.com\/index.php\/wp-json\/wp\/v2\/media?parent=257633"}],"wp:term":[{"taxonomy":"category","embeddable":true,"href":"https:\/\/www.gaveanews.com\/index.php\/wp-json\/wp\/v2\/categories?post=257633"},{"taxonomy":"post_tag","embeddable":true,"href":"https:\/\/www.gaveanews.com\/index.php\/wp-json\/wp\/v2\/tags?post=257633"}],"curies":[{"name":"wp","href":"https:\/\/api.w.org\/{rel}","templated":true}]}}