{"id":257702,"date":"2025-04-25T20:35:00","date_gmt":"2025-04-25T23:35:00","guid":{"rendered":"https:\/\/www.gaveanews.com\/?p=257702"},"modified":"2025-04-25T18:05:48","modified_gmt":"2025-04-25T21:05:48","slug":"saiba-o-que-falta-para-o-atletico-mg-avancar-em-obra-na-arena-mrv","status":"publish","type":"post","link":"https:\/\/www.gaveanews.com\/index.php\/2025\/04\/25\/saiba-o-que-falta-para-o-atletico-mg-avancar-em-obra-na-arena-mrv\/","title":{"rendered":"Saiba o que falta para o Atl\u00e9tico-MG avan\u00e7ar em obra na Arena MRV"},"content":{"rendered":"\n<p>O Atl\u00e9tico-MG aguarda a chegada do restante do material para a instala\u00e7\u00e3o da grama sint\u00e9tica na Arena MRV. A expectativa \u00e9 que a carga, anteriormente retida no Aeroporto de Viracopos devido \u00e0 greve dos auditores fiscais da Receita Federal, chegue a Belo Horizonte neste s\u00e1bado (26). A conclus\u00e3o da obra depende desse envio, uma vez que cerca de 40% do material ainda estava pendente de libera\u00e7\u00e3o.<\/p>\n\n\n\n<p>A instala\u00e7\u00e3o da grama sint\u00e9tica, que substitui o piso natural, j\u00e1 est\u00e1 em andamento no est\u00e1dio. Conforme divulgado pelo clube, foram aplicados rolos de &#8220;shockpad&#8221; e parte da grama nos setores j\u00e1 liberados. Entretanto, o andamento total da obra ficou condicionado \u00e0 chegada dos materiais que estavam em fiscaliza\u00e7\u00e3o, atrasando o cronograma inicialmente previsto para a finaliza\u00e7\u00e3o do gramado.<\/p>\n\n\n\n<p>Apesar do avan\u00e7o nas obras, o Atl\u00e9tico-MG ainda n\u00e3o definiu uma data oficial para a reabertura da Arena MRV. A mudan\u00e7a de piso e outras melhorias v\u00eam sendo realizadas desde o in\u00edcio da temporada, com o objetivo de oferecer melhores condi\u00e7\u00f5es para as partidas do time. Contudo, a expectativa \u00e9 que em maio o est\u00e1dio volte a receber jogos, fato que inegavelmente anima os torcedores.<\/p>\n\n\n\n<p>Ali\u00e1s, o confronto contra o Fluminense, marcado para s\u00e1bado (11 de maio), \u00e9 considerado pelo clube como uma possibilidade concreta para a reestreia da equipe em sua casa. Entretanto, a confirma\u00e7\u00e3o ainda depende da conclus\u00e3o dos trabalhos e da vistoria necess\u00e1ria para liberar o local para uso em competi\u00e7\u00f5es oficiais.<\/p>\n\n\n\n<p>Anteriormente, o Atl\u00e9tico j\u00e1 havia utilizado a Arena MRV em 2023, mas decidiu pela troca do gramado natural para o sint\u00e9tico a fim de atender a padr\u00f5es t\u00e9cnicos e reduzir os custos de manuten\u00e7\u00e3o. Portanto, as interven\u00e7\u00f5es atuais fazem parte de um planejamento de moderniza\u00e7\u00e3o da infraestrutura do est\u00e1dio.<\/p>\n\n\n\n<p>Em s\u00edntese, a expectativa \u00e9 grande para que, com a chegada do material e o t\u00e9rmino das obras, o Galo possa, enfim, voltar a jogar na Arena MRV ainda neste primeiro semestre de 2025.<\/p>\n","protected":false},"excerpt":{"rendered":"<p>O Atl\u00e9tico-MG aguarda a chegada do restante do material para a instala\u00e7\u00e3o da grama sint\u00e9tica na Arena MRV. A expectativa \u00e9 que a carga, anteriormente retida no Aeroporto de Viracopos devido \u00e0 greve dos auditores fiscais da Receita Federal, chegue a Belo Horizonte neste s\u00e1bado (26). A conclus\u00e3o da obra depende desse envio, uma vez [&hellip;]<\/p>\n","protected":false},"author":18,"featured_media":153999,"comment_status":"open","ping_status":"closed","sticky":false,"template":"","format":"standard","meta":{"footnotes":""},"categories":[136],"tags":[],"class_list":["post-257702","post","type-post","status-publish","format-standard","has-post-thumbnail","hentry","category-atletico-mg"],"yoast_head":"<!-- This site is optimized with the Yoast SEO Premium plugin v24.2 (Yoast SEO v26.9) - https:\/\/yoast.com\/product\/yoast-seo-premium-wordpress\/ -->\n<title>Saiba o que falta para o Atl\u00e9tico-MG avan\u00e7ar em obra na Arena MRV<\/title>\n<meta name=\"robots\" content=\"index, follow, max-snippet:-1, max-image-preview:large, max-video-preview:-1\" \/>\n<link rel=\"canonical\" href=\"https:\/\/www.gaveanews.com\/index.php\/2025\/04\/25\/saiba-o-que-falta-para-o-atletico-mg-avancar-em-obra-na-arena-mrv\/\" \/>\n<meta property=\"og:locale\" content=\"pt_BR\" \/>\n<meta property=\"og:type\" content=\"article\" \/>\n<meta property=\"og:title\" content=\"Saiba o que falta para o Atl\u00e9tico-MG avan\u00e7ar em obra na Arena MRV\" \/>\n<meta property=\"og:description\" content=\"O Atl\u00e9tico-MG aguarda a chegada do restante do material para a instala\u00e7\u00e3o da grama sint\u00e9tica na Arena MRV. A expectativa \u00e9 que a carga, anteriormente retida no Aeroporto de Viracopos devido \u00e0 greve dos auditores fiscais da Receita Federal, chegue a Belo Horizonte neste s\u00e1bado (26). A conclus\u00e3o da obra depende desse envio, uma vez [&hellip;]\" \/>\n<meta property=\"og:url\" content=\"https:\/\/www.gaveanews.com\/index.php\/2025\/04\/25\/saiba-o-que-falta-para-o-atletico-mg-avancar-em-obra-na-arena-mrv\/\" \/>\n<meta property=\"og:site_name\" content=\"G\u00e1vea News\" \/>\n<meta property=\"article:publisher\" content=\"https:\/\/facebook.com\/gaveaNews\/\" \/>\n<meta property=\"article:published_time\" content=\"2025-04-25T23:35:00+00:00\" \/>\n<meta property=\"og:image\" content=\"https:\/\/www.gaveanews.com\/wp-content\/uploads\/Estadio-do-Atletico-MG.webp\" \/>\n\t<meta property=\"og:image:width\" content=\"900\" \/>\n\t<meta property=\"og:image:height\" content=\"600\" \/>\n\t<meta property=\"og:image:type\" content=\"image\/webp\" \/>\n<meta name=\"author\" content=\"Paula Silva\" \/>\n<meta name=\"twitter:card\" content=\"summary_large_image\" \/>\n<meta name=\"twitter:label1\" content=\"Escrito por\" \/>\n\t<meta name=\"twitter:data1\" content=\"Paula Silva\" \/>\n\t<meta name=\"twitter:label2\" content=\"Est. tempo de leitura\" \/>\n\t<meta name=\"twitter:data2\" content=\"2 minutos\" \/>\n<script type=\"application\/ld+json\" class=\"yoast-schema-graph\">{\"@context\":\"https:\/\/schema.org\",\"@graph\":[{\"@type\":\"NewsArticle\",\"@id\":\"https:\/\/www.gaveanews.com\/index.php\/2025\/04\/25\/saiba-o-que-falta-para-o-atletico-mg-avancar-em-obra-na-arena-mrv\/#article\",\"isPartOf\":{\"@id\":\"https:\/\/www.gaveanews.com\/index.php\/2025\/04\/25\/saiba-o-que-falta-para-o-atletico-mg-avancar-em-obra-na-arena-mrv\/\"},\"author\":{\"name\":\"Paula Silva\",\"@id\":\"https:\/\/www.gaveanews.com\/#\/schema\/person\/daf63eec72e1164eb13dc35096c2b8da\"},\"headline\":\"Saiba o que falta para o Atl\u00e9tico-MG avan\u00e7ar em obra na Arena MRV\",\"datePublished\":\"2025-04-25T23:35:00+00:00\",\"mainEntityOfPage\":{\"@id\":\"https:\/\/www.gaveanews.com\/index.php\/2025\/04\/25\/saiba-o-que-falta-para-o-atletico-mg-avancar-em-obra-na-arena-mrv\/\"},\"wordCount\":362,\"commentCount\":0,\"image\":{\"@id\":\"https:\/\/www.gaveanews.com\/index.php\/2025\/04\/25\/saiba-o-que-falta-para-o-atletico-mg-avancar-em-obra-na-arena-mrv\/#primaryimage\"},\"thumbnailUrl\":\"https:\/\/www.gaveanews.com\/wp-content\/uploads\/Estadio-do-Atletico-MG.webp\",\"articleSection\":[\"Atl\u00e9tico-MG\"],\"inLanguage\":\"pt-BR\",\"potentialAction\":[{\"@type\":\"CommentAction\",\"name\":\"Comment\",\"target\":[\"https:\/\/www.gaveanews.com\/index.php\/2025\/04\/25\/saiba-o-que-falta-para-o-atletico-mg-avancar-em-obra-na-arena-mrv\/#respond\"]}],\"copyrightYear\":\"2025\",\"copyrightHolder\":{\"@id\":\"https:\/\/www.gaveanews.com\/#organization\"}},{\"@type\":\"WebPage\",\"@id\":\"https:\/\/www.gaveanews.com\/index.php\/2025\/04\/25\/saiba-o-que-falta-para-o-atletico-mg-avancar-em-obra-na-arena-mrv\/\",\"url\":\"https:\/\/www.gaveanews.com\/index.php\/2025\/04\/25\/saiba-o-que-falta-para-o-atletico-mg-avancar-em-obra-na-arena-mrv\/\",\"name\":\"Saiba o que falta para o Atl\u00e9tico-MG avan\u00e7ar em obra na Arena MRV\",\"isPartOf\":{\"@id\":\"https:\/\/www.gaveanews.com\/#website\"},\"primaryImageOfPage\":{\"@id\":\"https:\/\/www.gaveanews.com\/index.php\/2025\/04\/25\/saiba-o-que-falta-para-o-atletico-mg-avancar-em-obra-na-arena-mrv\/#primaryimage\"},\"image\":{\"@id\":\"https:\/\/www.gaveanews.com\/index.php\/2025\/04\/25\/saiba-o-que-falta-para-o-atletico-mg-avancar-em-obra-na-arena-mrv\/#primaryimage\"},\"thumbnailUrl\":\"https:\/\/www.gaveanews.com\/wp-content\/uploads\/Estadio-do-Atletico-MG.webp\",\"datePublished\":\"2025-04-25T23:35:00+00:00\",\"author\":{\"@id\":\"https:\/\/www.gaveanews.com\/#\/schema\/person\/daf63eec72e1164eb13dc35096c2b8da\"},\"breadcrumb\":{\"@id\":\"https:\/\/www.gaveanews.com\/index.php\/2025\/04\/25\/saiba-o-que-falta-para-o-atletico-mg-avancar-em-obra-na-arena-mrv\/#breadcrumb\"},\"inLanguage\":\"pt-BR\",\"potentialAction\":[{\"@type\":\"ReadAction\",\"target\":[\"https:\/\/www.gaveanews.com\/index.php\/2025\/04\/25\/saiba-o-que-falta-para-o-atletico-mg-avancar-em-obra-na-arena-mrv\/\"]}]},{\"@type\":\"ImageObject\",\"inLanguage\":\"pt-BR\",\"@id\":\"https:\/\/www.gaveanews.com\/index.php\/2025\/04\/25\/saiba-o-que-falta-para-o-atletico-mg-avancar-em-obra-na-arena-mrv\/#primaryimage\",\"url\":\"https:\/\/www.gaveanews.com\/wp-content\/uploads\/Estadio-do-Atletico-MG.webp\",\"contentUrl\":\"https:\/\/www.gaveanews.com\/wp-content\/uploads\/Estadio-do-Atletico-MG.webp\",\"width\":900,\"height\":600,\"caption\":\"Arena MRV, est\u00e1dio do Atl\u00e9tico-MG (Foto: Reprodu\u00e7\u00e3o\/Atl\u00e9tico)\"},{\"@type\":\"BreadcrumbList\",\"@id\":\"https:\/\/www.gaveanews.com\/index.php\/2025\/04\/25\/saiba-o-que-falta-para-o-atletico-mg-avancar-em-obra-na-arena-mrv\/#breadcrumb\",\"itemListElement\":[{\"@type\":\"ListItem\",\"position\":1,\"name\":\"Home\",\"item\":\"https:\/\/www.gaveanews.com\/\"},{\"@type\":\"ListItem\",\"position\":2,\"name\":\"Saiba o que falta para o Atl\u00e9tico-MG avan\u00e7ar em obra na Arena MRV\"}]},{\"@type\":\"WebSite\",\"@id\":\"https:\/\/www.gaveanews.com\/#website\",\"url\":\"https:\/\/www.gaveanews.com\/\",\"name\":\"G\u00e1vea News\",\"description\":\"Veja todas as not\u00edcias sobre o Flamengo: Contrata\u00e7\u00f5es, categorias de base, resultados das partidas, tabela de classifica\u00e7\u00e3o, pr\u00f3ximos jogos!\",\"potentialAction\":[{\"@type\":\"SearchAction\",\"target\":{\"@type\":\"EntryPoint\",\"urlTemplate\":\"https:\/\/www.gaveanews.com\/?s={search_term_string}\"},\"query-input\":{\"@type\":\"PropertyValueSpecification\",\"valueRequired\":true,\"valueName\":\"search_term_string\"}}],\"inLanguage\":\"pt-BR\"},{\"@type\":\"Person\",\"@id\":\"https:\/\/www.gaveanews.com\/#\/schema\/person\/daf63eec72e1164eb13dc35096c2b8da\",\"name\":\"Paula Silva\",\"image\":{\"@type\":\"ImageObject\",\"inLanguage\":\"pt-BR\",\"@id\":\"https:\/\/www.gaveanews.com\/#\/schema\/person\/image\/\",\"url\":\"https:\/\/secure.gravatar.com\/avatar\/eda381c845527cc5d64c13b901833cda29d97500ba040d3e6461f76f51d163bb?s=96&d=mm&r=g\",\"contentUrl\":\"https:\/\/secure.gravatar.com\/avatar\/eda381c845527cc5d64c13b901833cda29d97500ba040d3e6461f76f51d163bb?s=96&d=mm&r=g\",\"caption\":\"Paula Silva\"}}]}<\/script>\n<!-- \/ Yoast SEO Premium plugin. -->","yoast_head_json":{"title":"Saiba o que falta para o Atl\u00e9tico-MG avan\u00e7ar em obra na Arena MRV","robots":{"index":"index","follow":"follow","max-snippet":"max-snippet:-1","max-image-preview":"max-image-preview:large","max-video-preview":"max-video-preview:-1"},"canonical":"https:\/\/www.gaveanews.com\/index.php\/2025\/04\/25\/saiba-o-que-falta-para-o-atletico-mg-avancar-em-obra-na-arena-mrv\/","og_locale":"pt_BR","og_type":"article","og_title":"Saiba o que falta para o Atl\u00e9tico-MG avan\u00e7ar em obra na Arena MRV","og_description":"O Atl\u00e9tico-MG aguarda a chegada do restante do material para a instala\u00e7\u00e3o da grama sint\u00e9tica na Arena MRV. A expectativa \u00e9 que a carga, anteriormente retida no Aeroporto de Viracopos devido \u00e0 greve dos auditores fiscais da Receita Federal, chegue a Belo Horizonte neste s\u00e1bado (26). A conclus\u00e3o da obra depende desse envio, uma vez [&hellip;]","og_url":"https:\/\/www.gaveanews.com\/index.php\/2025\/04\/25\/saiba-o-que-falta-para-o-atletico-mg-avancar-em-obra-na-arena-mrv\/","og_site_name":"G\u00e1vea News","article_publisher":"https:\/\/facebook.com\/gaveaNews\/","article_published_time":"2025-04-25T23:35:00+00:00","og_image":[{"width":900,"height":600,"url":"https:\/\/www.gaveanews.com\/wp-content\/uploads\/Estadio-do-Atletico-MG.webp","type":"image\/webp"}],"author":"Paula Silva","twitter_card":"summary_large_image","twitter_misc":{"Escrito por":"Paula Silva","Est. tempo de leitura":"2 minutos"},"schema":{"@context":"https:\/\/schema.org","@graph":[{"@type":"NewsArticle","@id":"https:\/\/www.gaveanews.com\/index.php\/2025\/04\/25\/saiba-o-que-falta-para-o-atletico-mg-avancar-em-obra-na-arena-mrv\/#article","isPartOf":{"@id":"https:\/\/www.gaveanews.com\/index.php\/2025\/04\/25\/saiba-o-que-falta-para-o-atletico-mg-avancar-em-obra-na-arena-mrv\/"},"author":{"name":"Paula Silva","@id":"https:\/\/www.gaveanews.com\/#\/schema\/person\/daf63eec72e1164eb13dc35096c2b8da"},"headline":"Saiba o que falta para o Atl\u00e9tico-MG avan\u00e7ar em obra na Arena MRV","datePublished":"2025-04-25T23:35:00+00:00","mainEntityOfPage":{"@id":"https:\/\/www.gaveanews.com\/index.php\/2025\/04\/25\/saiba-o-que-falta-para-o-atletico-mg-avancar-em-obra-na-arena-mrv\/"},"wordCount":362,"commentCount":0,"image":{"@id":"https:\/\/www.gaveanews.com\/index.php\/2025\/04\/25\/saiba-o-que-falta-para-o-atletico-mg-avancar-em-obra-na-arena-mrv\/#primaryimage"},"thumbnailUrl":"https:\/\/www.gaveanews.com\/wp-content\/uploads\/Estadio-do-Atletico-MG.webp","articleSection":["Atl\u00e9tico-MG"],"inLanguage":"pt-BR","potentialAction":[{"@type":"CommentAction","name":"Comment","target":["https:\/\/www.gaveanews.com\/index.php\/2025\/04\/25\/saiba-o-que-falta-para-o-atletico-mg-avancar-em-obra-na-arena-mrv\/#respond"]}],"copyrightYear":"2025","copyrightHolder":{"@id":"https:\/\/www.gaveanews.com\/#organization"}},{"@type":"WebPage","@id":"https:\/\/www.gaveanews.com\/index.php\/2025\/04\/25\/saiba-o-que-falta-para-o-atletico-mg-avancar-em-obra-na-arena-mrv\/","url":"https:\/\/www.gaveanews.com\/index.php\/2025\/04\/25\/saiba-o-que-falta-para-o-atletico-mg-avancar-em-obra-na-arena-mrv\/","name":"Saiba o que falta para o Atl\u00e9tico-MG avan\u00e7ar em obra na Arena MRV","isPartOf":{"@id":"https:\/\/www.gaveanews.com\/#website"},"primaryImageOfPage":{"@id":"https:\/\/www.gaveanews.com\/index.php\/2025\/04\/25\/saiba-o-que-falta-para-o-atletico-mg-avancar-em-obra-na-arena-mrv\/#primaryimage"},"image":{"@id":"https:\/\/www.gaveanews.com\/index.php\/2025\/04\/25\/saiba-o-que-falta-para-o-atletico-mg-avancar-em-obra-na-arena-mrv\/#primaryimage"},"thumbnailUrl":"https:\/\/www.gaveanews.com\/wp-content\/uploads\/Estadio-do-Atletico-MG.webp","datePublished":"2025-04-25T23:35:00+00:00","author":{"@id":"https:\/\/www.gaveanews.com\/#\/schema\/person\/daf63eec72e1164eb13dc35096c2b8da"},"breadcrumb":{"@id":"https:\/\/www.gaveanews.com\/index.php\/2025\/04\/25\/saiba-o-que-falta-para-o-atletico-mg-avancar-em-obra-na-arena-mrv\/#breadcrumb"},"inLanguage":"pt-BR","potentialAction":[{"@type":"ReadAction","target":["https:\/\/www.gaveanews.com\/index.php\/2025\/04\/25\/saiba-o-que-falta-para-o-atletico-mg-avancar-em-obra-na-arena-mrv\/"]}]},{"@type":"ImageObject","inLanguage":"pt-BR","@id":"https:\/\/www.gaveanews.com\/index.php\/2025\/04\/25\/saiba-o-que-falta-para-o-atletico-mg-avancar-em-obra-na-arena-mrv\/#primaryimage","url":"https:\/\/www.gaveanews.com\/wp-content\/uploads\/Estadio-do-Atletico-MG.webp","contentUrl":"https:\/\/www.gaveanews.com\/wp-content\/uploads\/Estadio-do-Atletico-MG.webp","width":900,"height":600,"caption":"Arena MRV, est\u00e1dio do Atl\u00e9tico-MG (Foto: Reprodu\u00e7\u00e3o\/Atl\u00e9tico)"},{"@type":"BreadcrumbList","@id":"https:\/\/www.gaveanews.com\/index.php\/2025\/04\/25\/saiba-o-que-falta-para-o-atletico-mg-avancar-em-obra-na-arena-mrv\/#breadcrumb","itemListElement":[{"@type":"ListItem","position":1,"name":"Home","item":"https:\/\/www.gaveanews.com\/"},{"@type":"ListItem","position":2,"name":"Saiba o que falta para o Atl\u00e9tico-MG avan\u00e7ar em obra na Arena MRV"}]},{"@type":"WebSite","@id":"https:\/\/www.gaveanews.com\/#website","url":"https:\/\/www.gaveanews.com\/","name":"G\u00e1vea News","description":"Veja todas as not\u00edcias sobre o Flamengo: Contrata\u00e7\u00f5es, categorias de base, resultados das partidas, tabela de classifica\u00e7\u00e3o, pr\u00f3ximos jogos!","potentialAction":[{"@type":"SearchAction","target":{"@type":"EntryPoint","urlTemplate":"https:\/\/www.gaveanews.com\/?s={search_term_string}"},"query-input":{"@type":"PropertyValueSpecification","valueRequired":true,"valueName":"search_term_string"}}],"inLanguage":"pt-BR"},{"@type":"Person","@id":"https:\/\/www.gaveanews.com\/#\/schema\/person\/daf63eec72e1164eb13dc35096c2b8da","name":"Paula Silva","image":{"@type":"ImageObject","inLanguage":"pt-BR","@id":"https:\/\/www.gaveanews.com\/#\/schema\/person\/image\/","url":"https:\/\/secure.gravatar.com\/avatar\/eda381c845527cc5d64c13b901833cda29d97500ba040d3e6461f76f51d163bb?s=96&d=mm&r=g","contentUrl":"https:\/\/secure.gravatar.com\/avatar\/eda381c845527cc5d64c13b901833cda29d97500ba040d3e6461f76f51d163bb?s=96&d=mm&r=g","caption":"Paula Silva"}}]}},"_links":{"self":[{"href":"https:\/\/www.gaveanews.com\/index.php\/wp-json\/wp\/v2\/posts\/257702","targetHints":{"allow":["GET"]}}],"collection":[{"href":"https:\/\/www.gaveanews.com\/index.php\/wp-json\/wp\/v2\/posts"}],"about":[{"href":"https:\/\/www.gaveanews.com\/index.php\/wp-json\/wp\/v2\/types\/post"}],"author":[{"embeddable":true,"href":"https:\/\/www.gaveanews.com\/index.php\/wp-json\/wp\/v2\/users\/18"}],"replies":[{"embeddable":true,"href":"https:\/\/www.gaveanews.com\/index.php\/wp-json\/wp\/v2\/comments?post=257702"}],"version-history":[{"count":1,"href":"https:\/\/www.gaveanews.com\/index.php\/wp-json\/wp\/v2\/posts\/257702\/revisions"}],"predecessor-version":[{"id":257711,"href":"https:\/\/www.gaveanews.com\/index.php\/wp-json\/wp\/v2\/posts\/257702\/revisions\/257711"}],"wp:featuredmedia":[{"embeddable":true,"href":"https:\/\/www.gaveanews.com\/index.php\/wp-json\/wp\/v2\/media\/153999"}],"wp:attachment":[{"href":"https:\/\/www.gaveanews.com\/index.php\/wp-json\/wp\/v2\/media?parent=257702"}],"wp:term":[{"taxonomy":"category","embeddable":true,"href":"https:\/\/www.gaveanews.com\/index.php\/wp-json\/wp\/v2\/categories?post=257702"},{"taxonomy":"post_tag","embeddable":true,"href":"https:\/\/www.gaveanews.com\/index.php\/wp-json\/wp\/v2\/tags?post=257702"}],"curies":[{"name":"wp","href":"https:\/\/api.w.org\/{rel}","templated":true}]}}