{"id":257714,"date":"2025-04-25T20:55:00","date_gmt":"2025-04-25T23:55:00","guid":{"rendered":"https:\/\/www.gaveanews.com\/?p=257714"},"modified":"2025-04-25T18:16:12","modified_gmt":"2025-04-25T21:16:12","slug":"fluminense-x-botafogo-a-escalacao-escolhida-por-renato-gaucho","status":"publish","type":"post","link":"https:\/\/www.gaveanews.com\/index.php\/2025\/04\/25\/fluminense-x-botafogo-a-escalacao-escolhida-por-renato-gaucho\/","title":{"rendered":"Fluminense x Botafogo: a escala\u00e7\u00e3o escolhida por Renato Ga\u00facho"},"content":{"rendered":"\n<p>O Fluminense concluiu, nesta sexta-feira (25), sua prepara\u00e7\u00e3o para o cl\u00e1ssico contra o Botafogo, v\u00e1lido pela sexta rodada do Campeonato Brasileiro. A atividade foi realizada no CT Carlos Castilho e marcou o retorno da equipe titular, que permaneceu treinando no Rio de Janeiro enquanto os reservas atuaram na partida da Sul-Americana, no Chile.<\/p>\n\n\n\n<p>Afinal, ap\u00f3s o empate por 1 a 1 com o Uni\u00f3n Espa\u00f1ola, Renato Ga\u00facho decidiu preservar seus principais jogadores, visando um desempenho melhor no duelo nacional. Agora, entretanto, os titulares voltam ao time. A prov\u00e1vel forma\u00e7\u00e3o ter\u00e1 F\u00e1bio; Samuel Xavier, Ign\u00e1cio, Freytes e Ren\u00ea; Martinelli, H\u00e9rcules e Ganso; Canobbio, Arias e Cano.<\/p>\n\n\n\n<p>O lateral Gabriel Fuentes, que se recuperou recentemente de uma les\u00e3o no joelho, ainda \u00e9 d\u00favida para o cl\u00e1ssico, sobretudo por conta do gramado sint\u00e9tico do Est\u00e1dio Nilton Santos. Ali\u00e1s, o t\u00e9cnico Renato destacou que a decis\u00e3o sobre a presen\u00e7a do jogador ser\u00e1 tomada &#8220;com cautela&#8221;, a fim de preservar sua condi\u00e7\u00e3o f\u00edsica.<\/p>\n\n\n\n<p>O Fluminense, sob o comando de Renato Ga\u00facho desde o in\u00edcio de abril, est\u00e1 invicto, com quatro vit\u00f3rias e dois empates. Atualmente, ocupa a terceira posi\u00e7\u00e3o na tabela com 10 pontos, e busca manter a boa fase. O duelo contra o Botafogo acontece neste s\u00e1bado (26), \u00e0s 21h (hor\u00e1rio de Bras\u00edlia), com transmiss\u00e3o do SporTV.<\/p>\n\n\n\n<p>O Tricolor aposta na manuten\u00e7\u00e3o da base do time que foi a campo no \u00faltimo dia 20, no empate em 1 a 1 com o Vit\u00f3ria, tamb\u00e9m pelo Brasileir\u00e3o. Conforme o planejamento da comiss\u00e3o t\u00e9cnica, o objetivo \u00e9 garantir a consist\u00eancia do time, ainda mais em um cl\u00e1ssico de grande rivalidade.<\/p>\n\n\n\n<p>Por fim, \u00e9 importante lembrar que o Fluminense tenta quebrar um jejum de oito partidas sem vit\u00f3rias em cl\u00e1ssicos diante do Botafogo. O ambiente no clube \u00e9 de confian\u00e7a, ainda que a cautela seja evidente nas palavras de Renato, que refor\u00e7ou: &#8220;Nossa prioridade \u00e9 manter a regularidade e evoluir a cada jogo&#8221;.<\/p>\n","protected":false},"excerpt":{"rendered":"<p>O Fluminense concluiu, nesta sexta-feira (25), sua prepara\u00e7\u00e3o para o cl\u00e1ssico contra o Botafogo, v\u00e1lido pela sexta rodada do Campeonato Brasileiro. A atividade foi realizada no CT Carlos Castilho e marcou o retorno da equipe titular, que permaneceu treinando no Rio de Janeiro enquanto os reservas atuaram na partida da Sul-Americana, no Chile. Afinal, ap\u00f3s [&hellip;]<\/p>\n","protected":false},"author":18,"featured_media":249653,"comment_status":"open","ping_status":"closed","sticky":false,"template":"","format":"standard","meta":{"footnotes":""},"categories":[145],"tags":[],"class_list":["post-257714","post","type-post","status-publish","format-standard","has-post-thumbnail","hentry","category-fluminense"],"yoast_head":"<!-- This site is optimized with the Yoast SEO Premium plugin v24.2 (Yoast SEO v26.9) - https:\/\/yoast.com\/product\/yoast-seo-premium-wordpress\/ -->\n<title>Fluminense x Botafogo: a escala\u00e7\u00e3o escolhida por Renato Ga\u00facho<\/title>\n<meta name=\"robots\" content=\"index, follow, max-snippet:-1, max-image-preview:large, max-video-preview:-1\" \/>\n<link rel=\"canonical\" href=\"https:\/\/www.gaveanews.com\/index.php\/2025\/04\/25\/fluminense-x-botafogo-a-escalacao-escolhida-por-renato-gaucho\/\" \/>\n<meta property=\"og:locale\" content=\"pt_BR\" \/>\n<meta property=\"og:type\" content=\"article\" \/>\n<meta property=\"og:title\" content=\"Fluminense x Botafogo: a escala\u00e7\u00e3o escolhida por Renato Ga\u00facho\" \/>\n<meta property=\"og:description\" content=\"O Fluminense concluiu, nesta sexta-feira (25), sua prepara\u00e7\u00e3o para o cl\u00e1ssico contra o Botafogo, v\u00e1lido pela sexta rodada do Campeonato Brasileiro. A atividade foi realizada no CT Carlos Castilho e marcou o retorno da equipe titular, que permaneceu treinando no Rio de Janeiro enquanto os reservas atuaram na partida da Sul-Americana, no Chile. Afinal, ap\u00f3s [&hellip;]\" \/>\n<meta property=\"og:url\" content=\"https:\/\/www.gaveanews.com\/index.php\/2025\/04\/25\/fluminense-x-botafogo-a-escalacao-escolhida-por-renato-gaucho\/\" \/>\n<meta property=\"og:site_name\" content=\"G\u00e1vea News\" \/>\n<meta property=\"article:publisher\" content=\"https:\/\/facebook.com\/gaveaNews\/\" \/>\n<meta property=\"article:published_time\" content=\"2025-04-25T23:55:00+00:00\" \/>\n<meta property=\"og:image\" content=\"https:\/\/www.gaveanews.com\/wp-content\/uploads\/Renato-Gaucho-pelo-Fluminense.webp\" \/>\n\t<meta property=\"og:image:width\" content=\"831\" \/>\n\t<meta property=\"og:image:height\" content=\"545\" \/>\n\t<meta property=\"og:image:type\" content=\"image\/jpeg\" \/>\n<meta name=\"author\" content=\"Paula Silva\" \/>\n<meta name=\"twitter:card\" content=\"summary_large_image\" \/>\n<meta name=\"twitter:label1\" content=\"Escrito por\" \/>\n\t<meta name=\"twitter:data1\" content=\"Paula Silva\" \/>\n\t<meta name=\"twitter:label2\" content=\"Est. tempo de leitura\" \/>\n\t<meta name=\"twitter:data2\" content=\"2 minutos\" \/>\n<script type=\"application\/ld+json\" class=\"yoast-schema-graph\">{\"@context\":\"https:\/\/schema.org\",\"@graph\":[{\"@type\":\"NewsArticle\",\"@id\":\"https:\/\/www.gaveanews.com\/index.php\/2025\/04\/25\/fluminense-x-botafogo-a-escalacao-escolhida-por-renato-gaucho\/#article\",\"isPartOf\":{\"@id\":\"https:\/\/www.gaveanews.com\/index.php\/2025\/04\/25\/fluminense-x-botafogo-a-escalacao-escolhida-por-renato-gaucho\/\"},\"author\":{\"name\":\"Paula Silva\",\"@id\":\"https:\/\/www.gaveanews.com\/#\/schema\/person\/daf63eec72e1164eb13dc35096c2b8da\"},\"headline\":\"Fluminense x Botafogo: a escala\u00e7\u00e3o escolhida por Renato Ga\u00facho\",\"datePublished\":\"2025-04-25T23:55:00+00:00\",\"mainEntityOfPage\":{\"@id\":\"https:\/\/www.gaveanews.com\/index.php\/2025\/04\/25\/fluminense-x-botafogo-a-escalacao-escolhida-por-renato-gaucho\/\"},\"wordCount\":357,\"commentCount\":0,\"image\":{\"@id\":\"https:\/\/www.gaveanews.com\/index.php\/2025\/04\/25\/fluminense-x-botafogo-a-escalacao-escolhida-por-renato-gaucho\/#primaryimage\"},\"thumbnailUrl\":\"https:\/\/www.gaveanews.com\/wp-content\/uploads\/Renato-Gaucho-pelo-Fluminense.webp\",\"articleSection\":[\"Fluminense\"],\"inLanguage\":\"pt-BR\",\"potentialAction\":[{\"@type\":\"CommentAction\",\"name\":\"Comment\",\"target\":[\"https:\/\/www.gaveanews.com\/index.php\/2025\/04\/25\/fluminense-x-botafogo-a-escalacao-escolhida-por-renato-gaucho\/#respond\"]}],\"copyrightYear\":\"2025\",\"copyrightHolder\":{\"@id\":\"https:\/\/www.gaveanews.com\/#organization\"}},{\"@type\":\"WebPage\",\"@id\":\"https:\/\/www.gaveanews.com\/index.php\/2025\/04\/25\/fluminense-x-botafogo-a-escalacao-escolhida-por-renato-gaucho\/\",\"url\":\"https:\/\/www.gaveanews.com\/index.php\/2025\/04\/25\/fluminense-x-botafogo-a-escalacao-escolhida-por-renato-gaucho\/\",\"name\":\"Fluminense x Botafogo: a escala\u00e7\u00e3o escolhida por Renato Ga\u00facho\",\"isPartOf\":{\"@id\":\"https:\/\/www.gaveanews.com\/#website\"},\"primaryImageOfPage\":{\"@id\":\"https:\/\/www.gaveanews.com\/index.php\/2025\/04\/25\/fluminense-x-botafogo-a-escalacao-escolhida-por-renato-gaucho\/#primaryimage\"},\"image\":{\"@id\":\"https:\/\/www.gaveanews.com\/index.php\/2025\/04\/25\/fluminense-x-botafogo-a-escalacao-escolhida-por-renato-gaucho\/#primaryimage\"},\"thumbnailUrl\":\"https:\/\/www.gaveanews.com\/wp-content\/uploads\/Renato-Gaucho-pelo-Fluminense.webp\",\"datePublished\":\"2025-04-25T23:55:00+00:00\",\"author\":{\"@id\":\"https:\/\/www.gaveanews.com\/#\/schema\/person\/daf63eec72e1164eb13dc35096c2b8da\"},\"breadcrumb\":{\"@id\":\"https:\/\/www.gaveanews.com\/index.php\/2025\/04\/25\/fluminense-x-botafogo-a-escalacao-escolhida-por-renato-gaucho\/#breadcrumb\"},\"inLanguage\":\"pt-BR\",\"potentialAction\":[{\"@type\":\"ReadAction\",\"target\":[\"https:\/\/www.gaveanews.com\/index.php\/2025\/04\/25\/fluminense-x-botafogo-a-escalacao-escolhida-por-renato-gaucho\/\"]}]},{\"@type\":\"ImageObject\",\"inLanguage\":\"pt-BR\",\"@id\":\"https:\/\/www.gaveanews.com\/index.php\/2025\/04\/25\/fluminense-x-botafogo-a-escalacao-escolhida-por-renato-gaucho\/#primaryimage\",\"url\":\"https:\/\/www.gaveanews.com\/wp-content\/uploads\/Renato-Gaucho-pelo-Fluminense.webp\",\"contentUrl\":\"https:\/\/www.gaveanews.com\/wp-content\/uploads\/Renato-Gaucho-pelo-Fluminense.webp\",\"width\":831,\"height\":545,\"caption\":\"Renato Gaucho pelo Fluminense (FOTO: LUCAS MER\u00c7ON \/ FLUMINENSE F.C.)\"},{\"@type\":\"BreadcrumbList\",\"@id\":\"https:\/\/www.gaveanews.com\/index.php\/2025\/04\/25\/fluminense-x-botafogo-a-escalacao-escolhida-por-renato-gaucho\/#breadcrumb\",\"itemListElement\":[{\"@type\":\"ListItem\",\"position\":1,\"name\":\"Home\",\"item\":\"https:\/\/www.gaveanews.com\/\"},{\"@type\":\"ListItem\",\"position\":2,\"name\":\"Fluminense x Botafogo: a escala\u00e7\u00e3o escolhida por Renato Ga\u00facho\"}]},{\"@type\":\"WebSite\",\"@id\":\"https:\/\/www.gaveanews.com\/#website\",\"url\":\"https:\/\/www.gaveanews.com\/\",\"name\":\"G\u00e1vea News\",\"description\":\"Veja todas as not\u00edcias sobre o Flamengo: Contrata\u00e7\u00f5es, categorias de base, resultados das partidas, tabela de classifica\u00e7\u00e3o, pr\u00f3ximos jogos!\",\"potentialAction\":[{\"@type\":\"SearchAction\",\"target\":{\"@type\":\"EntryPoint\",\"urlTemplate\":\"https:\/\/www.gaveanews.com\/?s={search_term_string}\"},\"query-input\":{\"@type\":\"PropertyValueSpecification\",\"valueRequired\":true,\"valueName\":\"search_term_string\"}}],\"inLanguage\":\"pt-BR\"},{\"@type\":\"Person\",\"@id\":\"https:\/\/www.gaveanews.com\/#\/schema\/person\/daf63eec72e1164eb13dc35096c2b8da\",\"name\":\"Paula Silva\",\"image\":{\"@type\":\"ImageObject\",\"inLanguage\":\"pt-BR\",\"@id\":\"https:\/\/www.gaveanews.com\/#\/schema\/person\/image\/\",\"url\":\"https:\/\/secure.gravatar.com\/avatar\/eda381c845527cc5d64c13b901833cda29d97500ba040d3e6461f76f51d163bb?s=96&d=mm&r=g\",\"contentUrl\":\"https:\/\/secure.gravatar.com\/avatar\/eda381c845527cc5d64c13b901833cda29d97500ba040d3e6461f76f51d163bb?s=96&d=mm&r=g\",\"caption\":\"Paula Silva\"}}]}<\/script>\n<!-- \/ Yoast SEO Premium plugin. -->","yoast_head_json":{"title":"Fluminense x Botafogo: a escala\u00e7\u00e3o escolhida por Renato Ga\u00facho","robots":{"index":"index","follow":"follow","max-snippet":"max-snippet:-1","max-image-preview":"max-image-preview:large","max-video-preview":"max-video-preview:-1"},"canonical":"https:\/\/www.gaveanews.com\/index.php\/2025\/04\/25\/fluminense-x-botafogo-a-escalacao-escolhida-por-renato-gaucho\/","og_locale":"pt_BR","og_type":"article","og_title":"Fluminense x Botafogo: a escala\u00e7\u00e3o escolhida por Renato Ga\u00facho","og_description":"O Fluminense concluiu, nesta sexta-feira (25), sua prepara\u00e7\u00e3o para o cl\u00e1ssico contra o Botafogo, v\u00e1lido pela sexta rodada do Campeonato Brasileiro. A atividade foi realizada no CT Carlos Castilho e marcou o retorno da equipe titular, que permaneceu treinando no Rio de Janeiro enquanto os reservas atuaram na partida da Sul-Americana, no Chile. Afinal, ap\u00f3s [&hellip;]","og_url":"https:\/\/www.gaveanews.com\/index.php\/2025\/04\/25\/fluminense-x-botafogo-a-escalacao-escolhida-por-renato-gaucho\/","og_site_name":"G\u00e1vea News","article_publisher":"https:\/\/facebook.com\/gaveaNews\/","article_published_time":"2025-04-25T23:55:00+00:00","og_image":[{"width":831,"height":545,"url":"https:\/\/www.gaveanews.com\/wp-content\/uploads\/Renato-Gaucho-pelo-Fluminense.webp","type":"image\/jpeg"}],"author":"Paula Silva","twitter_card":"summary_large_image","twitter_misc":{"Escrito por":"Paula Silva","Est. tempo de leitura":"2 minutos"},"schema":{"@context":"https:\/\/schema.org","@graph":[{"@type":"NewsArticle","@id":"https:\/\/www.gaveanews.com\/index.php\/2025\/04\/25\/fluminense-x-botafogo-a-escalacao-escolhida-por-renato-gaucho\/#article","isPartOf":{"@id":"https:\/\/www.gaveanews.com\/index.php\/2025\/04\/25\/fluminense-x-botafogo-a-escalacao-escolhida-por-renato-gaucho\/"},"author":{"name":"Paula Silva","@id":"https:\/\/www.gaveanews.com\/#\/schema\/person\/daf63eec72e1164eb13dc35096c2b8da"},"headline":"Fluminense x Botafogo: a escala\u00e7\u00e3o escolhida por Renato Ga\u00facho","datePublished":"2025-04-25T23:55:00+00:00","mainEntityOfPage":{"@id":"https:\/\/www.gaveanews.com\/index.php\/2025\/04\/25\/fluminense-x-botafogo-a-escalacao-escolhida-por-renato-gaucho\/"},"wordCount":357,"commentCount":0,"image":{"@id":"https:\/\/www.gaveanews.com\/index.php\/2025\/04\/25\/fluminense-x-botafogo-a-escalacao-escolhida-por-renato-gaucho\/#primaryimage"},"thumbnailUrl":"https:\/\/www.gaveanews.com\/wp-content\/uploads\/Renato-Gaucho-pelo-Fluminense.webp","articleSection":["Fluminense"],"inLanguage":"pt-BR","potentialAction":[{"@type":"CommentAction","name":"Comment","target":["https:\/\/www.gaveanews.com\/index.php\/2025\/04\/25\/fluminense-x-botafogo-a-escalacao-escolhida-por-renato-gaucho\/#respond"]}],"copyrightYear":"2025","copyrightHolder":{"@id":"https:\/\/www.gaveanews.com\/#organization"}},{"@type":"WebPage","@id":"https:\/\/www.gaveanews.com\/index.php\/2025\/04\/25\/fluminense-x-botafogo-a-escalacao-escolhida-por-renato-gaucho\/","url":"https:\/\/www.gaveanews.com\/index.php\/2025\/04\/25\/fluminense-x-botafogo-a-escalacao-escolhida-por-renato-gaucho\/","name":"Fluminense x Botafogo: a escala\u00e7\u00e3o escolhida por Renato Ga\u00facho","isPartOf":{"@id":"https:\/\/www.gaveanews.com\/#website"},"primaryImageOfPage":{"@id":"https:\/\/www.gaveanews.com\/index.php\/2025\/04\/25\/fluminense-x-botafogo-a-escalacao-escolhida-por-renato-gaucho\/#primaryimage"},"image":{"@id":"https:\/\/www.gaveanews.com\/index.php\/2025\/04\/25\/fluminense-x-botafogo-a-escalacao-escolhida-por-renato-gaucho\/#primaryimage"},"thumbnailUrl":"https:\/\/www.gaveanews.com\/wp-content\/uploads\/Renato-Gaucho-pelo-Fluminense.webp","datePublished":"2025-04-25T23:55:00+00:00","author":{"@id":"https:\/\/www.gaveanews.com\/#\/schema\/person\/daf63eec72e1164eb13dc35096c2b8da"},"breadcrumb":{"@id":"https:\/\/www.gaveanews.com\/index.php\/2025\/04\/25\/fluminense-x-botafogo-a-escalacao-escolhida-por-renato-gaucho\/#breadcrumb"},"inLanguage":"pt-BR","potentialAction":[{"@type":"ReadAction","target":["https:\/\/www.gaveanews.com\/index.php\/2025\/04\/25\/fluminense-x-botafogo-a-escalacao-escolhida-por-renato-gaucho\/"]}]},{"@type":"ImageObject","inLanguage":"pt-BR","@id":"https:\/\/www.gaveanews.com\/index.php\/2025\/04\/25\/fluminense-x-botafogo-a-escalacao-escolhida-por-renato-gaucho\/#primaryimage","url":"https:\/\/www.gaveanews.com\/wp-content\/uploads\/Renato-Gaucho-pelo-Fluminense.webp","contentUrl":"https:\/\/www.gaveanews.com\/wp-content\/uploads\/Renato-Gaucho-pelo-Fluminense.webp","width":831,"height":545,"caption":"Renato Gaucho pelo Fluminense (FOTO: LUCAS MER\u00c7ON \/ FLUMINENSE F.C.)"},{"@type":"BreadcrumbList","@id":"https:\/\/www.gaveanews.com\/index.php\/2025\/04\/25\/fluminense-x-botafogo-a-escalacao-escolhida-por-renato-gaucho\/#breadcrumb","itemListElement":[{"@type":"ListItem","position":1,"name":"Home","item":"https:\/\/www.gaveanews.com\/"},{"@type":"ListItem","position":2,"name":"Fluminense x Botafogo: a escala\u00e7\u00e3o escolhida por Renato Ga\u00facho"}]},{"@type":"WebSite","@id":"https:\/\/www.gaveanews.com\/#website","url":"https:\/\/www.gaveanews.com\/","name":"G\u00e1vea News","description":"Veja todas as not\u00edcias sobre o Flamengo: Contrata\u00e7\u00f5es, categorias de base, resultados das partidas, tabela de classifica\u00e7\u00e3o, pr\u00f3ximos jogos!","potentialAction":[{"@type":"SearchAction","target":{"@type":"EntryPoint","urlTemplate":"https:\/\/www.gaveanews.com\/?s={search_term_string}"},"query-input":{"@type":"PropertyValueSpecification","valueRequired":true,"valueName":"search_term_string"}}],"inLanguage":"pt-BR"},{"@type":"Person","@id":"https:\/\/www.gaveanews.com\/#\/schema\/person\/daf63eec72e1164eb13dc35096c2b8da","name":"Paula Silva","image":{"@type":"ImageObject","inLanguage":"pt-BR","@id":"https:\/\/www.gaveanews.com\/#\/schema\/person\/image\/","url":"https:\/\/secure.gravatar.com\/avatar\/eda381c845527cc5d64c13b901833cda29d97500ba040d3e6461f76f51d163bb?s=96&d=mm&r=g","contentUrl":"https:\/\/secure.gravatar.com\/avatar\/eda381c845527cc5d64c13b901833cda29d97500ba040d3e6461f76f51d163bb?s=96&d=mm&r=g","caption":"Paula Silva"}}]}},"_links":{"self":[{"href":"https:\/\/www.gaveanews.com\/index.php\/wp-json\/wp\/v2\/posts\/257714","targetHints":{"allow":["GET"]}}],"collection":[{"href":"https:\/\/www.gaveanews.com\/index.php\/wp-json\/wp\/v2\/posts"}],"about":[{"href":"https:\/\/www.gaveanews.com\/index.php\/wp-json\/wp\/v2\/types\/post"}],"author":[{"embeddable":true,"href":"https:\/\/www.gaveanews.com\/index.php\/wp-json\/wp\/v2\/users\/18"}],"replies":[{"embeddable":true,"href":"https:\/\/www.gaveanews.com\/index.php\/wp-json\/wp\/v2\/comments?post=257714"}],"version-history":[{"count":1,"href":"https:\/\/www.gaveanews.com\/index.php\/wp-json\/wp\/v2\/posts\/257714\/revisions"}],"predecessor-version":[{"id":257725,"href":"https:\/\/www.gaveanews.com\/index.php\/wp-json\/wp\/v2\/posts\/257714\/revisions\/257725"}],"wp:featuredmedia":[{"embeddable":true,"href":"https:\/\/www.gaveanews.com\/index.php\/wp-json\/wp\/v2\/media\/249653"}],"wp:attachment":[{"href":"https:\/\/www.gaveanews.com\/index.php\/wp-json\/wp\/v2\/media?parent=257714"}],"wp:term":[{"taxonomy":"category","embeddable":true,"href":"https:\/\/www.gaveanews.com\/index.php\/wp-json\/wp\/v2\/categories?post=257714"},{"taxonomy":"post_tag","embeddable":true,"href":"https:\/\/www.gaveanews.com\/index.php\/wp-json\/wp\/v2\/tags?post=257714"}],"curies":[{"name":"wp","href":"https:\/\/api.w.org\/{rel}","templated":true}]}}