{"id":257717,"date":"2025-04-25T21:05:00","date_gmt":"2025-04-26T00:05:00","guid":{"rendered":"https:\/\/www.gaveanews.com\/?p=257717"},"modified":"2025-04-25T18:11:16","modified_gmt":"2025-04-25T21:11:16","slug":"a-reacao-da-diretoria-do-atletico-mg-apos-a-declaracao-polemica-cuca","status":"publish","type":"post","link":"https:\/\/www.gaveanews.com\/index.php\/2025\/04\/25\/a-reacao-da-diretoria-do-atletico-mg-apos-a-declaracao-polemica-cuca\/","title":{"rendered":"A rea\u00e7\u00e3o da diretoria do Atl\u00e9tico-MG ap\u00f3s a declara\u00e7\u00e3o pol\u00eamica Cuca"},"content":{"rendered":"\n<p>O clima no Atl\u00e9tico-MG tem sido marcado por tens\u00f5es internas, principalmente depois das declara\u00e7\u00f5es pol\u00eamicas do t\u00e9cnico Cuca sobre o elenco do clube. O treinador n\u00e3o hesitou em expor sua insatisfa\u00e7\u00e3o com os refor\u00e7os contratados e o or\u00e7amento da temporada.&nbsp;<\/p>\n\n\n\n<p>Al\u00e9m disso, Cuca criticou o investimento feito pela diretoria, apontando que os refor\u00e7os foram &#8220;question\u00e1veis&#8221;, o que gerou um mal-estar nos bastidores do clube.<\/p>\n\n\n\n<h2 class=\"wp-block-heading\" id=\"h-a-resposta-da-diretoria-do-atletico-mg\">A resposta da diretoria do Atl\u00e9tico-MG<\/h2>\n\n\n\n<p>Em meio \u00e0s cr\u00edticas de Cuca, a diretoria do Atl\u00e9tico-MG procurou tranquilizar a torcida e os envolvidos, destacando que o discurso do treinador n\u00e3o abalou o planejamento do clube. Isso porque, segundo a administra\u00e7\u00e3o, Cuca sempre soube que o or\u00e7amento da temporada seria mais modesto.&nbsp;<\/p>\n\n\n\n<p>Sendo assim, a gest\u00e3o do Galo minimizou as declara\u00e7\u00f5es do t\u00e9cnico, afirmando que o planejamento est\u00e1 alinhado e sem expectativa de mudan\u00e7as dr\u00e1sticas no elenco.<\/p>\n\n\n\n<p>Vale destacar que, apesar da cr\u00edtica do treinador, o Atl\u00e9tico-MG investiu mais de R$ 150 milh\u00f5es em refor\u00e7os durante a janela de transfer\u00eancias. Por isso, o clube acredita que fez boas contrata\u00e7\u00f5es e que o time j\u00e1 tem um elenco competitivo.&nbsp;<\/p>\n\n\n\n<p>Dessa maneira, o objetivo \u00e9 manter o foco na evolu\u00e7\u00e3o do grupo, sem criar falsas expectativas sobre a chegada de novos jogadores.<\/p>\n\n\n\n<h2 class=\"wp-block-heading\" id=\"h-impasse-entre-diretoria-e-comissao-tecnica\">Impasse entre diretoria e comiss\u00e3o t\u00e9cnica<\/h2>\n\n\n\n<p>Apesar dos investimentos feitos pelo clube, ele ainda acredita que a equipe precisa de mais op\u00e7\u00f5es para alcan\u00e7ar os objetivos almejados. No entanto, a diretoria segue firme em sua posi\u00e7\u00e3o de que o elenco tem condi\u00e7\u00f5es de brigar pelos t\u00edtulos, com a comiss\u00e3o t\u00e9cnica alinhada com o planejamento estrat\u00e9gico do clube.<\/p>\n\n\n\n<p>Com isso, a expectativa \u00e9 de que o Atl\u00e9tico-MG siga em frente sem grandes mudan\u00e7as, com os retornos de jogadores como Hulk, Scarpa e Franco para os pr\u00f3ximos jogos do Campeonato Brasileiro.&nbsp;<\/p>\n\n\n\n<p>Cabe ressaltar que a comunica\u00e7\u00e3o entre a diretoria e a comiss\u00e3o t\u00e9cnica deve continuar para garantir que o Galo siga sua trajet\u00f3ria com confian\u00e7a e sem surpresas indesejadas.<\/p>\n","protected":false},"excerpt":{"rendered":"<p>O clima no Atl\u00e9tico-MG tem sido marcado por tens\u00f5es internas, principalmente depois das declara\u00e7\u00f5es pol\u00eamicas do t\u00e9cnico Cuca sobre o elenco do clube. O treinador n\u00e3o hesitou em expor sua insatisfa\u00e7\u00e3o com os refor\u00e7os contratados e o or\u00e7amento da temporada.&nbsp; Al\u00e9m disso, Cuca criticou o investimento feito pela diretoria, apontando que os refor\u00e7os foram &#8220;question\u00e1veis&#8221;, [&hellip;]<\/p>\n","protected":false},"author":25,"featured_media":28603,"comment_status":"open","ping_status":"closed","sticky":false,"template":"","format":"standard","meta":{"footnotes":""},"categories":[136],"tags":[],"class_list":["post-257717","post","type-post","status-publish","format-standard","has-post-thumbnail","hentry","category-atletico-mg"],"yoast_head":"<!-- This site is optimized with the Yoast SEO Premium plugin v24.2 (Yoast SEO v26.9) - https:\/\/yoast.com\/product\/yoast-seo-premium-wordpress\/ -->\n<title>A rea\u00e7\u00e3o da diretoria do Atl\u00e9tico-MG ap\u00f3s a declara\u00e7\u00e3o pol\u00eamica Cuca<\/title>\n<meta name=\"robots\" content=\"index, follow, max-snippet:-1, max-image-preview:large, max-video-preview:-1\" \/>\n<link rel=\"canonical\" href=\"https:\/\/www.gaveanews.com\/index.php\/2025\/04\/25\/a-reacao-da-diretoria-do-atletico-mg-apos-a-declaracao-polemica-cuca\/\" \/>\n<meta property=\"og:locale\" content=\"pt_BR\" \/>\n<meta property=\"og:type\" content=\"article\" \/>\n<meta property=\"og:title\" content=\"A rea\u00e7\u00e3o da diretoria do Atl\u00e9tico-MG ap\u00f3s a declara\u00e7\u00e3o pol\u00eamica Cuca\" \/>\n<meta property=\"og:description\" content=\"O clima no Atl\u00e9tico-MG tem sido marcado por tens\u00f5es internas, principalmente depois das declara\u00e7\u00f5es pol\u00eamicas do t\u00e9cnico Cuca sobre o elenco do clube. O treinador n\u00e3o hesitou em expor sua insatisfa\u00e7\u00e3o com os refor\u00e7os contratados e o or\u00e7amento da temporada.&nbsp; Al\u00e9m disso, Cuca criticou o investimento feito pela diretoria, apontando que os refor\u00e7os foram &#8220;question\u00e1veis&#8221;, [&hellip;]\" \/>\n<meta property=\"og:url\" content=\"https:\/\/www.gaveanews.com\/index.php\/2025\/04\/25\/a-reacao-da-diretoria-do-atletico-mg-apos-a-declaracao-polemica-cuca\/\" \/>\n<meta property=\"og:site_name\" content=\"G\u00e1vea News\" \/>\n<meta property=\"article:publisher\" content=\"https:\/\/facebook.com\/gaveaNews\/\" \/>\n<meta property=\"article:published_time\" content=\"2025-04-26T00:05:00+00:00\" \/>\n<meta property=\"og:image\" content=\"https:\/\/www.gaveanews.com\/wp-content\/uploads\/Cuca-durante-um-programa-do-SporTV.webp\" \/>\n\t<meta property=\"og:image:width\" content=\"1280\" \/>\n\t<meta property=\"og:image:height\" content=\"720\" \/>\n\t<meta property=\"og:image:type\" content=\"image\/jpeg\" \/>\n<meta name=\"author\" content=\"Rafaela Ladeira\" \/>\n<meta name=\"twitter:card\" content=\"summary_large_image\" \/>\n<meta name=\"twitter:label1\" content=\"Escrito por\" \/>\n\t<meta name=\"twitter:data1\" content=\"Rafaela Ladeira\" \/>\n\t<meta name=\"twitter:label2\" content=\"Est. tempo de leitura\" \/>\n\t<meta name=\"twitter:data2\" content=\"2 minutos\" \/>\n<script type=\"application\/ld+json\" class=\"yoast-schema-graph\">{\"@context\":\"https:\/\/schema.org\",\"@graph\":[{\"@type\":\"NewsArticle\",\"@id\":\"https:\/\/www.gaveanews.com\/index.php\/2025\/04\/25\/a-reacao-da-diretoria-do-atletico-mg-apos-a-declaracao-polemica-cuca\/#article\",\"isPartOf\":{\"@id\":\"https:\/\/www.gaveanews.com\/index.php\/2025\/04\/25\/a-reacao-da-diretoria-do-atletico-mg-apos-a-declaracao-polemica-cuca\/\"},\"author\":{\"name\":\"Rafaela Ladeira\",\"@id\":\"https:\/\/www.gaveanews.com\/#\/schema\/person\/0eb3e3fe1754f0205218538adbe8f5ed\"},\"headline\":\"A rea\u00e7\u00e3o da diretoria do Atl\u00e9tico-MG ap\u00f3s a declara\u00e7\u00e3o pol\u00eamica Cuca\",\"datePublished\":\"2025-04-26T00:05:00+00:00\",\"mainEntityOfPage\":{\"@id\":\"https:\/\/www.gaveanews.com\/index.php\/2025\/04\/25\/a-reacao-da-diretoria-do-atletico-mg-apos-a-declaracao-polemica-cuca\/\"},\"wordCount\":385,\"commentCount\":0,\"image\":{\"@id\":\"https:\/\/www.gaveanews.com\/index.php\/2025\/04\/25\/a-reacao-da-diretoria-do-atletico-mg-apos-a-declaracao-polemica-cuca\/#primaryimage\"},\"thumbnailUrl\":\"https:\/\/www.gaveanews.com\/wp-content\/uploads\/Cuca-durante-um-programa-do-SporTV.webp\",\"articleSection\":[\"Atl\u00e9tico-MG\"],\"inLanguage\":\"pt-BR\",\"potentialAction\":[{\"@type\":\"CommentAction\",\"name\":\"Comment\",\"target\":[\"https:\/\/www.gaveanews.com\/index.php\/2025\/04\/25\/a-reacao-da-diretoria-do-atletico-mg-apos-a-declaracao-polemica-cuca\/#respond\"]}],\"copyrightYear\":\"2025\",\"copyrightHolder\":{\"@id\":\"https:\/\/www.gaveanews.com\/#organization\"}},{\"@type\":\"WebPage\",\"@id\":\"https:\/\/www.gaveanews.com\/index.php\/2025\/04\/25\/a-reacao-da-diretoria-do-atletico-mg-apos-a-declaracao-polemica-cuca\/\",\"url\":\"https:\/\/www.gaveanews.com\/index.php\/2025\/04\/25\/a-reacao-da-diretoria-do-atletico-mg-apos-a-declaracao-polemica-cuca\/\",\"name\":\"A rea\u00e7\u00e3o da diretoria do Atl\u00e9tico-MG ap\u00f3s a declara\u00e7\u00e3o pol\u00eamica Cuca\",\"isPartOf\":{\"@id\":\"https:\/\/www.gaveanews.com\/#website\"},\"primaryImageOfPage\":{\"@id\":\"https:\/\/www.gaveanews.com\/index.php\/2025\/04\/25\/a-reacao-da-diretoria-do-atletico-mg-apos-a-declaracao-polemica-cuca\/#primaryimage\"},\"image\":{\"@id\":\"https:\/\/www.gaveanews.com\/index.php\/2025\/04\/25\/a-reacao-da-diretoria-do-atletico-mg-apos-a-declaracao-polemica-cuca\/#primaryimage\"},\"thumbnailUrl\":\"https:\/\/www.gaveanews.com\/wp-content\/uploads\/Cuca-durante-um-programa-do-SporTV.webp\",\"datePublished\":\"2025-04-26T00:05:00+00:00\",\"author\":{\"@id\":\"https:\/\/www.gaveanews.com\/#\/schema\/person\/0eb3e3fe1754f0205218538adbe8f5ed\"},\"breadcrumb\":{\"@id\":\"https:\/\/www.gaveanews.com\/index.php\/2025\/04\/25\/a-reacao-da-diretoria-do-atletico-mg-apos-a-declaracao-polemica-cuca\/#breadcrumb\"},\"inLanguage\":\"pt-BR\",\"potentialAction\":[{\"@type\":\"ReadAction\",\"target\":[\"https:\/\/www.gaveanews.com\/index.php\/2025\/04\/25\/a-reacao-da-diretoria-do-atletico-mg-apos-a-declaracao-polemica-cuca\/\"]}]},{\"@type\":\"ImageObject\",\"inLanguage\":\"pt-BR\",\"@id\":\"https:\/\/www.gaveanews.com\/index.php\/2025\/04\/25\/a-reacao-da-diretoria-do-atletico-mg-apos-a-declaracao-polemica-cuca\/#primaryimage\",\"url\":\"https:\/\/www.gaveanews.com\/wp-content\/uploads\/Cuca-durante-um-programa-do-SporTV.webp\",\"contentUrl\":\"https:\/\/www.gaveanews.com\/wp-content\/uploads\/Cuca-durante-um-programa-do-SporTV.webp\",\"width\":1280,\"height\":720,\"caption\":\"Cuca durante um programa do SporTV (Foto: Reprodu\u00e7\u00e3o\/SporTV)\"},{\"@type\":\"BreadcrumbList\",\"@id\":\"https:\/\/www.gaveanews.com\/index.php\/2025\/04\/25\/a-reacao-da-diretoria-do-atletico-mg-apos-a-declaracao-polemica-cuca\/#breadcrumb\",\"itemListElement\":[{\"@type\":\"ListItem\",\"position\":1,\"name\":\"Home\",\"item\":\"https:\/\/www.gaveanews.com\/\"},{\"@type\":\"ListItem\",\"position\":2,\"name\":\"A rea\u00e7\u00e3o da diretoria do Atl\u00e9tico-MG ap\u00f3s a declara\u00e7\u00e3o pol\u00eamica Cuca\"}]},{\"@type\":\"WebSite\",\"@id\":\"https:\/\/www.gaveanews.com\/#website\",\"url\":\"https:\/\/www.gaveanews.com\/\",\"name\":\"G\u00e1vea News\",\"description\":\"Veja todas as not\u00edcias sobre o Flamengo: Contrata\u00e7\u00f5es, categorias de base, resultados das partidas, tabela de classifica\u00e7\u00e3o, pr\u00f3ximos jogos!\",\"potentialAction\":[{\"@type\":\"SearchAction\",\"target\":{\"@type\":\"EntryPoint\",\"urlTemplate\":\"https:\/\/www.gaveanews.com\/?s={search_term_string}\"},\"query-input\":{\"@type\":\"PropertyValueSpecification\",\"valueRequired\":true,\"valueName\":\"search_term_string\"}}],\"inLanguage\":\"pt-BR\"},{\"@type\":\"Person\",\"@id\":\"https:\/\/www.gaveanews.com\/#\/schema\/person\/0eb3e3fe1754f0205218538adbe8f5ed\",\"name\":\"Rafaela Ladeira\",\"image\":{\"@type\":\"ImageObject\",\"inLanguage\":\"pt-BR\",\"@id\":\"https:\/\/www.gaveanews.com\/#\/schema\/person\/image\/\",\"url\":\"https:\/\/secure.gravatar.com\/avatar\/c31f513acffd85eacab5730cbdfdbbf59f21ba5aeada8cd890acea879fbb2455?s=96&d=mm&r=g\",\"contentUrl\":\"https:\/\/secure.gravatar.com\/avatar\/c31f513acffd85eacab5730cbdfdbbf59f21ba5aeada8cd890acea879fbb2455?s=96&d=mm&r=g\",\"caption\":\"Rafaela Ladeira\"}}]}<\/script>\n<!-- \/ Yoast SEO Premium plugin. -->","yoast_head_json":{"title":"A rea\u00e7\u00e3o da diretoria do Atl\u00e9tico-MG ap\u00f3s a declara\u00e7\u00e3o pol\u00eamica Cuca","robots":{"index":"index","follow":"follow","max-snippet":"max-snippet:-1","max-image-preview":"max-image-preview:large","max-video-preview":"max-video-preview:-1"},"canonical":"https:\/\/www.gaveanews.com\/index.php\/2025\/04\/25\/a-reacao-da-diretoria-do-atletico-mg-apos-a-declaracao-polemica-cuca\/","og_locale":"pt_BR","og_type":"article","og_title":"A rea\u00e7\u00e3o da diretoria do Atl\u00e9tico-MG ap\u00f3s a declara\u00e7\u00e3o pol\u00eamica Cuca","og_description":"O clima no Atl\u00e9tico-MG tem sido marcado por tens\u00f5es internas, principalmente depois das declara\u00e7\u00f5es pol\u00eamicas do t\u00e9cnico Cuca sobre o elenco do clube. O treinador n\u00e3o hesitou em expor sua insatisfa\u00e7\u00e3o com os refor\u00e7os contratados e o or\u00e7amento da temporada.&nbsp; Al\u00e9m disso, Cuca criticou o investimento feito pela diretoria, apontando que os refor\u00e7os foram &#8220;question\u00e1veis&#8221;, [&hellip;]","og_url":"https:\/\/www.gaveanews.com\/index.php\/2025\/04\/25\/a-reacao-da-diretoria-do-atletico-mg-apos-a-declaracao-polemica-cuca\/","og_site_name":"G\u00e1vea News","article_publisher":"https:\/\/facebook.com\/gaveaNews\/","article_published_time":"2025-04-26T00:05:00+00:00","og_image":[{"width":1280,"height":720,"url":"https:\/\/www.gaveanews.com\/wp-content\/uploads\/Cuca-durante-um-programa-do-SporTV.webp","type":"image\/jpeg"}],"author":"Rafaela Ladeira","twitter_card":"summary_large_image","twitter_misc":{"Escrito por":"Rafaela Ladeira","Est. tempo de leitura":"2 minutos"},"schema":{"@context":"https:\/\/schema.org","@graph":[{"@type":"NewsArticle","@id":"https:\/\/www.gaveanews.com\/index.php\/2025\/04\/25\/a-reacao-da-diretoria-do-atletico-mg-apos-a-declaracao-polemica-cuca\/#article","isPartOf":{"@id":"https:\/\/www.gaveanews.com\/index.php\/2025\/04\/25\/a-reacao-da-diretoria-do-atletico-mg-apos-a-declaracao-polemica-cuca\/"},"author":{"name":"Rafaela Ladeira","@id":"https:\/\/www.gaveanews.com\/#\/schema\/person\/0eb3e3fe1754f0205218538adbe8f5ed"},"headline":"A rea\u00e7\u00e3o da diretoria do Atl\u00e9tico-MG ap\u00f3s a declara\u00e7\u00e3o pol\u00eamica Cuca","datePublished":"2025-04-26T00:05:00+00:00","mainEntityOfPage":{"@id":"https:\/\/www.gaveanews.com\/index.php\/2025\/04\/25\/a-reacao-da-diretoria-do-atletico-mg-apos-a-declaracao-polemica-cuca\/"},"wordCount":385,"commentCount":0,"image":{"@id":"https:\/\/www.gaveanews.com\/index.php\/2025\/04\/25\/a-reacao-da-diretoria-do-atletico-mg-apos-a-declaracao-polemica-cuca\/#primaryimage"},"thumbnailUrl":"https:\/\/www.gaveanews.com\/wp-content\/uploads\/Cuca-durante-um-programa-do-SporTV.webp","articleSection":["Atl\u00e9tico-MG"],"inLanguage":"pt-BR","potentialAction":[{"@type":"CommentAction","name":"Comment","target":["https:\/\/www.gaveanews.com\/index.php\/2025\/04\/25\/a-reacao-da-diretoria-do-atletico-mg-apos-a-declaracao-polemica-cuca\/#respond"]}],"copyrightYear":"2025","copyrightHolder":{"@id":"https:\/\/www.gaveanews.com\/#organization"}},{"@type":"WebPage","@id":"https:\/\/www.gaveanews.com\/index.php\/2025\/04\/25\/a-reacao-da-diretoria-do-atletico-mg-apos-a-declaracao-polemica-cuca\/","url":"https:\/\/www.gaveanews.com\/index.php\/2025\/04\/25\/a-reacao-da-diretoria-do-atletico-mg-apos-a-declaracao-polemica-cuca\/","name":"A rea\u00e7\u00e3o da diretoria do Atl\u00e9tico-MG ap\u00f3s a declara\u00e7\u00e3o pol\u00eamica Cuca","isPartOf":{"@id":"https:\/\/www.gaveanews.com\/#website"},"primaryImageOfPage":{"@id":"https:\/\/www.gaveanews.com\/index.php\/2025\/04\/25\/a-reacao-da-diretoria-do-atletico-mg-apos-a-declaracao-polemica-cuca\/#primaryimage"},"image":{"@id":"https:\/\/www.gaveanews.com\/index.php\/2025\/04\/25\/a-reacao-da-diretoria-do-atletico-mg-apos-a-declaracao-polemica-cuca\/#primaryimage"},"thumbnailUrl":"https:\/\/www.gaveanews.com\/wp-content\/uploads\/Cuca-durante-um-programa-do-SporTV.webp","datePublished":"2025-04-26T00:05:00+00:00","author":{"@id":"https:\/\/www.gaveanews.com\/#\/schema\/person\/0eb3e3fe1754f0205218538adbe8f5ed"},"breadcrumb":{"@id":"https:\/\/www.gaveanews.com\/index.php\/2025\/04\/25\/a-reacao-da-diretoria-do-atletico-mg-apos-a-declaracao-polemica-cuca\/#breadcrumb"},"inLanguage":"pt-BR","potentialAction":[{"@type":"ReadAction","target":["https:\/\/www.gaveanews.com\/index.php\/2025\/04\/25\/a-reacao-da-diretoria-do-atletico-mg-apos-a-declaracao-polemica-cuca\/"]}]},{"@type":"ImageObject","inLanguage":"pt-BR","@id":"https:\/\/www.gaveanews.com\/index.php\/2025\/04\/25\/a-reacao-da-diretoria-do-atletico-mg-apos-a-declaracao-polemica-cuca\/#primaryimage","url":"https:\/\/www.gaveanews.com\/wp-content\/uploads\/Cuca-durante-um-programa-do-SporTV.webp","contentUrl":"https:\/\/www.gaveanews.com\/wp-content\/uploads\/Cuca-durante-um-programa-do-SporTV.webp","width":1280,"height":720,"caption":"Cuca durante um programa do SporTV (Foto: Reprodu\u00e7\u00e3o\/SporTV)"},{"@type":"BreadcrumbList","@id":"https:\/\/www.gaveanews.com\/index.php\/2025\/04\/25\/a-reacao-da-diretoria-do-atletico-mg-apos-a-declaracao-polemica-cuca\/#breadcrumb","itemListElement":[{"@type":"ListItem","position":1,"name":"Home","item":"https:\/\/www.gaveanews.com\/"},{"@type":"ListItem","position":2,"name":"A rea\u00e7\u00e3o da diretoria do Atl\u00e9tico-MG ap\u00f3s a declara\u00e7\u00e3o pol\u00eamica Cuca"}]},{"@type":"WebSite","@id":"https:\/\/www.gaveanews.com\/#website","url":"https:\/\/www.gaveanews.com\/","name":"G\u00e1vea News","description":"Veja todas as not\u00edcias sobre o Flamengo: Contrata\u00e7\u00f5es, categorias de base, resultados das partidas, tabela de classifica\u00e7\u00e3o, pr\u00f3ximos jogos!","potentialAction":[{"@type":"SearchAction","target":{"@type":"EntryPoint","urlTemplate":"https:\/\/www.gaveanews.com\/?s={search_term_string}"},"query-input":{"@type":"PropertyValueSpecification","valueRequired":true,"valueName":"search_term_string"}}],"inLanguage":"pt-BR"},{"@type":"Person","@id":"https:\/\/www.gaveanews.com\/#\/schema\/person\/0eb3e3fe1754f0205218538adbe8f5ed","name":"Rafaela Ladeira","image":{"@type":"ImageObject","inLanguage":"pt-BR","@id":"https:\/\/www.gaveanews.com\/#\/schema\/person\/image\/","url":"https:\/\/secure.gravatar.com\/avatar\/c31f513acffd85eacab5730cbdfdbbf59f21ba5aeada8cd890acea879fbb2455?s=96&d=mm&r=g","contentUrl":"https:\/\/secure.gravatar.com\/avatar\/c31f513acffd85eacab5730cbdfdbbf59f21ba5aeada8cd890acea879fbb2455?s=96&d=mm&r=g","caption":"Rafaela Ladeira"}}]}},"_links":{"self":[{"href":"https:\/\/www.gaveanews.com\/index.php\/wp-json\/wp\/v2\/posts\/257717","targetHints":{"allow":["GET"]}}],"collection":[{"href":"https:\/\/www.gaveanews.com\/index.php\/wp-json\/wp\/v2\/posts"}],"about":[{"href":"https:\/\/www.gaveanews.com\/index.php\/wp-json\/wp\/v2\/types\/post"}],"author":[{"embeddable":true,"href":"https:\/\/www.gaveanews.com\/index.php\/wp-json\/wp\/v2\/users\/25"}],"replies":[{"embeddable":true,"href":"https:\/\/www.gaveanews.com\/index.php\/wp-json\/wp\/v2\/comments?post=257717"}],"version-history":[{"count":1,"href":"https:\/\/www.gaveanews.com\/index.php\/wp-json\/wp\/v2\/posts\/257717\/revisions"}],"predecessor-version":[{"id":257719,"href":"https:\/\/www.gaveanews.com\/index.php\/wp-json\/wp\/v2\/posts\/257717\/revisions\/257719"}],"wp:featuredmedia":[{"embeddable":true,"href":"https:\/\/www.gaveanews.com\/index.php\/wp-json\/wp\/v2\/media\/28603"}],"wp:attachment":[{"href":"https:\/\/www.gaveanews.com\/index.php\/wp-json\/wp\/v2\/media?parent=257717"}],"wp:term":[{"taxonomy":"category","embeddable":true,"href":"https:\/\/www.gaveanews.com\/index.php\/wp-json\/wp\/v2\/categories?post=257717"},{"taxonomy":"post_tag","embeddable":true,"href":"https:\/\/www.gaveanews.com\/index.php\/wp-json\/wp\/v2\/tags?post=257717"}],"curies":[{"name":"wp","href":"https:\/\/api.w.org\/{rel}","templated":true}]}}