{"id":257727,"date":"2025-04-25T21:00:00","date_gmt":"2025-04-26T00:00:00","guid":{"rendered":"https:\/\/www.gaveanews.com\/?p=257727"},"modified":"2025-04-25T18:19:54","modified_gmt":"2025-04-25T21:19:54","slug":"copa-do-brasil-mudanca-prejudica-o-time-do-flamengo","status":"publish","type":"post","link":"https:\/\/www.gaveanews.com\/index.php\/2025\/04\/25\/copa-do-brasil-mudanca-prejudica-o-time-do-flamengo\/","title":{"rendered":"Copa do Brasil: mudan\u00e7a prejudica o time do Flamengo"},"content":{"rendered":"\n<p>O confronto entre Botafogo-PB e Flamengo, pela ida da terceira fase da Copa do Brasil, sofrer\u00e1 altera\u00e7\u00f5es log\u00edsticas significativas devido \u00e0 venda do mando de campo. Inicialmente programado para Jo\u00e3o Pessoa, o duelo ser\u00e1 realizado no Castel\u00e3o, em S\u00e3o Lu\u00eds. Conforme anunciado por Alexandre Gallo, CEO do clube paraibano, a mudan\u00e7a impacta diretamente o planejamento f\u00edsico e log\u00edstico de ambas as equipes, especialmente em um calend\u00e1rio apertado.<\/p>\n\n\n\n<p>O Botafogo-PB, apesar de mandante, ter\u00e1 que atravessar mais de 1.500 km para enfrentar o atual campe\u00e3o da competi\u00e7\u00e3o. A delega\u00e7\u00e3o paraibana jogar\u00e1 pela S\u00e9rie C no domingo (27) contra o ABC, no Almeid\u00e3o, e, posteriormente, iniciar\u00e1 uma longa viagem at\u00e9 S\u00e3o Lu\u00eds. Afinal, n\u00e3o h\u00e1 voos diretos entre Jo\u00e3o Pessoa e a capital maranhense. O trajeto mais eficiente exige deslocamento terrestre at\u00e9 Recife para embarque a\u00e9reo.<\/p>\n\n\n\n<p>Estima-se que, mesmo com a melhor log\u00edstica, o deslocamento do Botafogo-PB possa levar at\u00e9 10 horas. Posteriormente, o clube ainda viajar\u00e1 para Campinas, onde enfrentar\u00e1 o Guarani no dia 4 de maio. Assim, entre os dias 27 de abril e 4 de maio, o Belo percorrer\u00e1 cerca de 4 mil quil\u00f4metros, enfrentando uma verdadeira maratona interestadual, que inevitavelmente causar\u00e1 desgaste f\u00edsico.<\/p>\n\n\n\n<p>Enquanto isso, o Flamengo, que encara o Corinthians no Maracan\u00e3 no domingo (27), precisar\u00e1 igualmente reorganizar sua log\u00edstica. A delega\u00e7\u00e3o viajar\u00e1 para S\u00e3o Lu\u00eds para o compromisso do dia 1\u00ba de maio, retornando ao Rio de Janeiro antes de seguir para Belo Horizonte, onde enfrentar\u00e1 o Cruzeiro, no dia 4 de maio. Dessa forma, o Rubro-Negro percorrer\u00e1 mais de 5 mil quil\u00f4metros em oito dias.<\/p>\n\n\n\n<p>A mudan\u00e7a de sede traz impactos severos para ambas as equipes. Para o Botafogo-PB, a perda do mando de campo real e do apoio da torcida no Almeid\u00e3o representa desvantagem consider\u00e1vel. Conforme mencionado, o Flamengo, embora habituado a rotinas de viagem, tamb\u00e9m ter\u00e1 o desafio de conciliar deslocamentos longos com um calend\u00e1rio j\u00e1 saturado.<\/p>\n\n\n\n<p>Por fim, apesar das dificuldades, todos os custos operacionais do Botafogo-PB, como passagens, hospedagem e impostos, foram cobertos pelos R$ 6,3 milh\u00f5es recebidos na negocia\u00e7\u00e3o. O novo cen\u00e1rio transforma a partida em uma verdadeira disputa contra o cansa\u00e7o, o tempo e as longas dist\u00e2ncias, com reflexos diretos no desempenho das equipes.<\/p>\n","protected":false},"excerpt":{"rendered":"<p>O confronto entre Botafogo-PB e Flamengo, pela ida da terceira fase da Copa do Brasil, sofrer\u00e1 altera\u00e7\u00f5es log\u00edsticas significativas devido \u00e0 venda do mando de campo. Inicialmente programado para Jo\u00e3o Pessoa, o duelo ser\u00e1 realizado no Castel\u00e3o, em S\u00e3o Lu\u00eds. Conforme anunciado por Alexandre Gallo, CEO do clube paraibano, a mudan\u00e7a impacta diretamente o planejamento [&hellip;]<\/p>\n","protected":false},"author":18,"featured_media":122174,"comment_status":"open","ping_status":"closed","sticky":false,"template":"","format":"standard","meta":{"footnotes":""},"categories":[1],"tags":[],"class_list":["post-257727","post","type-post","status-publish","format-standard","has-post-thumbnail","hentry","category-flamengo"],"yoast_head":"<!-- This site is optimized with the Yoast SEO Premium plugin v24.2 (Yoast SEO v26.9) - https:\/\/yoast.com\/product\/yoast-seo-premium-wordpress\/ -->\n<title>Copa do Brasil: mudan\u00e7a prejudica o time do Flamengo<\/title>\n<meta name=\"robots\" content=\"index, follow, max-snippet:-1, max-image-preview:large, max-video-preview:-1\" \/>\n<link rel=\"canonical\" href=\"https:\/\/www.gaveanews.com\/index.php\/2025\/04\/25\/copa-do-brasil-mudanca-prejudica-o-time-do-flamengo\/\" \/>\n<meta property=\"og:locale\" content=\"pt_BR\" \/>\n<meta property=\"og:type\" content=\"article\" \/>\n<meta property=\"og:title\" content=\"Copa do Brasil: mudan\u00e7a prejudica o time do Flamengo\" \/>\n<meta property=\"og:description\" content=\"O confronto entre Botafogo-PB e Flamengo, pela ida da terceira fase da Copa do Brasil, sofrer\u00e1 altera\u00e7\u00f5es log\u00edsticas significativas devido \u00e0 venda do mando de campo. Inicialmente programado para Jo\u00e3o Pessoa, o duelo ser\u00e1 realizado no Castel\u00e3o, em S\u00e3o Lu\u00eds. Conforme anunciado por Alexandre Gallo, CEO do clube paraibano, a mudan\u00e7a impacta diretamente o planejamento [&hellip;]\" \/>\n<meta property=\"og:url\" content=\"https:\/\/www.gaveanews.com\/index.php\/2025\/04\/25\/copa-do-brasil-mudanca-prejudica-o-time-do-flamengo\/\" \/>\n<meta property=\"og:site_name\" content=\"G\u00e1vea News\" \/>\n<meta property=\"article:publisher\" content=\"https:\/\/facebook.com\/gaveaNews\/\" \/>\n<meta property=\"article:published_time\" content=\"2025-04-26T00:00:00+00:00\" \/>\n<meta property=\"og:image\" content=\"https:\/\/www.gaveanews.com\/wp-content\/uploads\/ninhodourubu.webp\" \/>\n\t<meta property=\"og:image:width\" content=\"1218\" \/>\n\t<meta property=\"og:image:height\" content=\"812\" \/>\n\t<meta property=\"og:image:type\" content=\"image\/webp\" \/>\n<meta name=\"author\" content=\"Paula Silva\" \/>\n<meta name=\"twitter:card\" content=\"summary_large_image\" \/>\n<meta name=\"twitter:label1\" content=\"Escrito por\" \/>\n\t<meta name=\"twitter:data1\" content=\"Paula Silva\" \/>\n\t<meta name=\"twitter:label2\" content=\"Est. tempo de leitura\" \/>\n\t<meta name=\"twitter:data2\" content=\"3 minutos\" \/>\n<script type=\"application\/ld+json\" class=\"yoast-schema-graph\">{\"@context\":\"https:\/\/schema.org\",\"@graph\":[{\"@type\":\"NewsArticle\",\"@id\":\"https:\/\/www.gaveanews.com\/index.php\/2025\/04\/25\/copa-do-brasil-mudanca-prejudica-o-time-do-flamengo\/#article\",\"isPartOf\":{\"@id\":\"https:\/\/www.gaveanews.com\/index.php\/2025\/04\/25\/copa-do-brasil-mudanca-prejudica-o-time-do-flamengo\/\"},\"author\":{\"name\":\"Paula Silva\",\"@id\":\"https:\/\/www.gaveanews.com\/#\/schema\/person\/daf63eec72e1164eb13dc35096c2b8da\"},\"headline\":\"Copa do Brasil: mudan\u00e7a prejudica o time do Flamengo\",\"datePublished\":\"2025-04-26T00:00:00+00:00\",\"mainEntityOfPage\":{\"@id\":\"https:\/\/www.gaveanews.com\/index.php\/2025\/04\/25\/copa-do-brasil-mudanca-prejudica-o-time-do-flamengo\/\"},\"wordCount\":400,\"commentCount\":0,\"image\":{\"@id\":\"https:\/\/www.gaveanews.com\/index.php\/2025\/04\/25\/copa-do-brasil-mudanca-prejudica-o-time-do-flamengo\/#primaryimage\"},\"thumbnailUrl\":\"https:\/\/www.gaveanews.com\/wp-content\/uploads\/ninhodourubu.webp\",\"articleSection\":[\"Flamengo\"],\"inLanguage\":\"pt-BR\",\"potentialAction\":[{\"@type\":\"CommentAction\",\"name\":\"Comment\",\"target\":[\"https:\/\/www.gaveanews.com\/index.php\/2025\/04\/25\/copa-do-brasil-mudanca-prejudica-o-time-do-flamengo\/#respond\"]}],\"copyrightYear\":\"2025\",\"copyrightHolder\":{\"@id\":\"https:\/\/www.gaveanews.com\/#organization\"}},{\"@type\":\"WebPage\",\"@id\":\"https:\/\/www.gaveanews.com\/index.php\/2025\/04\/25\/copa-do-brasil-mudanca-prejudica-o-time-do-flamengo\/\",\"url\":\"https:\/\/www.gaveanews.com\/index.php\/2025\/04\/25\/copa-do-brasil-mudanca-prejudica-o-time-do-flamengo\/\",\"name\":\"Copa do Brasil: mudan\u00e7a prejudica o time do Flamengo\",\"isPartOf\":{\"@id\":\"https:\/\/www.gaveanews.com\/#website\"},\"primaryImageOfPage\":{\"@id\":\"https:\/\/www.gaveanews.com\/index.php\/2025\/04\/25\/copa-do-brasil-mudanca-prejudica-o-time-do-flamengo\/#primaryimage\"},\"image\":{\"@id\":\"https:\/\/www.gaveanews.com\/index.php\/2025\/04\/25\/copa-do-brasil-mudanca-prejudica-o-time-do-flamengo\/#primaryimage\"},\"thumbnailUrl\":\"https:\/\/www.gaveanews.com\/wp-content\/uploads\/ninhodourubu.webp\",\"datePublished\":\"2025-04-26T00:00:00+00:00\",\"author\":{\"@id\":\"https:\/\/www.gaveanews.com\/#\/schema\/person\/daf63eec72e1164eb13dc35096c2b8da\"},\"breadcrumb\":{\"@id\":\"https:\/\/www.gaveanews.com\/index.php\/2025\/04\/25\/copa-do-brasil-mudanca-prejudica-o-time-do-flamengo\/#breadcrumb\"},\"inLanguage\":\"pt-BR\",\"potentialAction\":[{\"@type\":\"ReadAction\",\"target\":[\"https:\/\/www.gaveanews.com\/index.php\/2025\/04\/25\/copa-do-brasil-mudanca-prejudica-o-time-do-flamengo\/\"]}]},{\"@type\":\"ImageObject\",\"inLanguage\":\"pt-BR\",\"@id\":\"https:\/\/www.gaveanews.com\/index.php\/2025\/04\/25\/copa-do-brasil-mudanca-prejudica-o-time-do-flamengo\/#primaryimage\",\"url\":\"https:\/\/www.gaveanews.com\/wp-content\/uploads\/ninhodourubu.webp\",\"contentUrl\":\"https:\/\/www.gaveanews.com\/wp-content\/uploads\/ninhodourubu.webp\",\"width\":1218,\"height\":812,\"caption\":\"Centro de treinamento do Flamengo (Foto: Reprodu\u00e7\u00e3o)\"},{\"@type\":\"BreadcrumbList\",\"@id\":\"https:\/\/www.gaveanews.com\/index.php\/2025\/04\/25\/copa-do-brasil-mudanca-prejudica-o-time-do-flamengo\/#breadcrumb\",\"itemListElement\":[{\"@type\":\"ListItem\",\"position\":1,\"name\":\"Home\",\"item\":\"https:\/\/www.gaveanews.com\/\"},{\"@type\":\"ListItem\",\"position\":2,\"name\":\"Copa do Brasil: mudan\u00e7a prejudica o time do Flamengo\"}]},{\"@type\":\"WebSite\",\"@id\":\"https:\/\/www.gaveanews.com\/#website\",\"url\":\"https:\/\/www.gaveanews.com\/\",\"name\":\"G\u00e1vea News\",\"description\":\"Veja todas as not\u00edcias sobre o Flamengo: Contrata\u00e7\u00f5es, categorias de base, resultados das partidas, tabela de classifica\u00e7\u00e3o, pr\u00f3ximos jogos!\",\"potentialAction\":[{\"@type\":\"SearchAction\",\"target\":{\"@type\":\"EntryPoint\",\"urlTemplate\":\"https:\/\/www.gaveanews.com\/?s={search_term_string}\"},\"query-input\":{\"@type\":\"PropertyValueSpecification\",\"valueRequired\":true,\"valueName\":\"search_term_string\"}}],\"inLanguage\":\"pt-BR\"},{\"@type\":\"Person\",\"@id\":\"https:\/\/www.gaveanews.com\/#\/schema\/person\/daf63eec72e1164eb13dc35096c2b8da\",\"name\":\"Paula Silva\",\"image\":{\"@type\":\"ImageObject\",\"inLanguage\":\"pt-BR\",\"@id\":\"https:\/\/www.gaveanews.com\/#\/schema\/person\/image\/\",\"url\":\"https:\/\/secure.gravatar.com\/avatar\/eda381c845527cc5d64c13b901833cda29d97500ba040d3e6461f76f51d163bb?s=96&d=mm&r=g\",\"contentUrl\":\"https:\/\/secure.gravatar.com\/avatar\/eda381c845527cc5d64c13b901833cda29d97500ba040d3e6461f76f51d163bb?s=96&d=mm&r=g\",\"caption\":\"Paula Silva\"}}]}<\/script>\n<!-- \/ Yoast SEO Premium plugin. -->","yoast_head_json":{"title":"Copa do Brasil: mudan\u00e7a prejudica o time do Flamengo","robots":{"index":"index","follow":"follow","max-snippet":"max-snippet:-1","max-image-preview":"max-image-preview:large","max-video-preview":"max-video-preview:-1"},"canonical":"https:\/\/www.gaveanews.com\/index.php\/2025\/04\/25\/copa-do-brasil-mudanca-prejudica-o-time-do-flamengo\/","og_locale":"pt_BR","og_type":"article","og_title":"Copa do Brasil: mudan\u00e7a prejudica o time do Flamengo","og_description":"O confronto entre Botafogo-PB e Flamengo, pela ida da terceira fase da Copa do Brasil, sofrer\u00e1 altera\u00e7\u00f5es log\u00edsticas significativas devido \u00e0 venda do mando de campo. Inicialmente programado para Jo\u00e3o Pessoa, o duelo ser\u00e1 realizado no Castel\u00e3o, em S\u00e3o Lu\u00eds. Conforme anunciado por Alexandre Gallo, CEO do clube paraibano, a mudan\u00e7a impacta diretamente o planejamento [&hellip;]","og_url":"https:\/\/www.gaveanews.com\/index.php\/2025\/04\/25\/copa-do-brasil-mudanca-prejudica-o-time-do-flamengo\/","og_site_name":"G\u00e1vea News","article_publisher":"https:\/\/facebook.com\/gaveaNews\/","article_published_time":"2025-04-26T00:00:00+00:00","og_image":[{"width":1218,"height":812,"url":"https:\/\/www.gaveanews.com\/wp-content\/uploads\/ninhodourubu.webp","type":"image\/webp"}],"author":"Paula Silva","twitter_card":"summary_large_image","twitter_misc":{"Escrito por":"Paula Silva","Est. tempo de leitura":"3 minutos"},"schema":{"@context":"https:\/\/schema.org","@graph":[{"@type":"NewsArticle","@id":"https:\/\/www.gaveanews.com\/index.php\/2025\/04\/25\/copa-do-brasil-mudanca-prejudica-o-time-do-flamengo\/#article","isPartOf":{"@id":"https:\/\/www.gaveanews.com\/index.php\/2025\/04\/25\/copa-do-brasil-mudanca-prejudica-o-time-do-flamengo\/"},"author":{"name":"Paula Silva","@id":"https:\/\/www.gaveanews.com\/#\/schema\/person\/daf63eec72e1164eb13dc35096c2b8da"},"headline":"Copa do Brasil: mudan\u00e7a prejudica o time do Flamengo","datePublished":"2025-04-26T00:00:00+00:00","mainEntityOfPage":{"@id":"https:\/\/www.gaveanews.com\/index.php\/2025\/04\/25\/copa-do-brasil-mudanca-prejudica-o-time-do-flamengo\/"},"wordCount":400,"commentCount":0,"image":{"@id":"https:\/\/www.gaveanews.com\/index.php\/2025\/04\/25\/copa-do-brasil-mudanca-prejudica-o-time-do-flamengo\/#primaryimage"},"thumbnailUrl":"https:\/\/www.gaveanews.com\/wp-content\/uploads\/ninhodourubu.webp","articleSection":["Flamengo"],"inLanguage":"pt-BR","potentialAction":[{"@type":"CommentAction","name":"Comment","target":["https:\/\/www.gaveanews.com\/index.php\/2025\/04\/25\/copa-do-brasil-mudanca-prejudica-o-time-do-flamengo\/#respond"]}],"copyrightYear":"2025","copyrightHolder":{"@id":"https:\/\/www.gaveanews.com\/#organization"}},{"@type":"WebPage","@id":"https:\/\/www.gaveanews.com\/index.php\/2025\/04\/25\/copa-do-brasil-mudanca-prejudica-o-time-do-flamengo\/","url":"https:\/\/www.gaveanews.com\/index.php\/2025\/04\/25\/copa-do-brasil-mudanca-prejudica-o-time-do-flamengo\/","name":"Copa do Brasil: mudan\u00e7a prejudica o time do Flamengo","isPartOf":{"@id":"https:\/\/www.gaveanews.com\/#website"},"primaryImageOfPage":{"@id":"https:\/\/www.gaveanews.com\/index.php\/2025\/04\/25\/copa-do-brasil-mudanca-prejudica-o-time-do-flamengo\/#primaryimage"},"image":{"@id":"https:\/\/www.gaveanews.com\/index.php\/2025\/04\/25\/copa-do-brasil-mudanca-prejudica-o-time-do-flamengo\/#primaryimage"},"thumbnailUrl":"https:\/\/www.gaveanews.com\/wp-content\/uploads\/ninhodourubu.webp","datePublished":"2025-04-26T00:00:00+00:00","author":{"@id":"https:\/\/www.gaveanews.com\/#\/schema\/person\/daf63eec72e1164eb13dc35096c2b8da"},"breadcrumb":{"@id":"https:\/\/www.gaveanews.com\/index.php\/2025\/04\/25\/copa-do-brasil-mudanca-prejudica-o-time-do-flamengo\/#breadcrumb"},"inLanguage":"pt-BR","potentialAction":[{"@type":"ReadAction","target":["https:\/\/www.gaveanews.com\/index.php\/2025\/04\/25\/copa-do-brasil-mudanca-prejudica-o-time-do-flamengo\/"]}]},{"@type":"ImageObject","inLanguage":"pt-BR","@id":"https:\/\/www.gaveanews.com\/index.php\/2025\/04\/25\/copa-do-brasil-mudanca-prejudica-o-time-do-flamengo\/#primaryimage","url":"https:\/\/www.gaveanews.com\/wp-content\/uploads\/ninhodourubu.webp","contentUrl":"https:\/\/www.gaveanews.com\/wp-content\/uploads\/ninhodourubu.webp","width":1218,"height":812,"caption":"Centro de treinamento do Flamengo (Foto: Reprodu\u00e7\u00e3o)"},{"@type":"BreadcrumbList","@id":"https:\/\/www.gaveanews.com\/index.php\/2025\/04\/25\/copa-do-brasil-mudanca-prejudica-o-time-do-flamengo\/#breadcrumb","itemListElement":[{"@type":"ListItem","position":1,"name":"Home","item":"https:\/\/www.gaveanews.com\/"},{"@type":"ListItem","position":2,"name":"Copa do Brasil: mudan\u00e7a prejudica o time do Flamengo"}]},{"@type":"WebSite","@id":"https:\/\/www.gaveanews.com\/#website","url":"https:\/\/www.gaveanews.com\/","name":"G\u00e1vea News","description":"Veja todas as not\u00edcias sobre o Flamengo: Contrata\u00e7\u00f5es, categorias de base, resultados das partidas, tabela de classifica\u00e7\u00e3o, pr\u00f3ximos jogos!","potentialAction":[{"@type":"SearchAction","target":{"@type":"EntryPoint","urlTemplate":"https:\/\/www.gaveanews.com\/?s={search_term_string}"},"query-input":{"@type":"PropertyValueSpecification","valueRequired":true,"valueName":"search_term_string"}}],"inLanguage":"pt-BR"},{"@type":"Person","@id":"https:\/\/www.gaveanews.com\/#\/schema\/person\/daf63eec72e1164eb13dc35096c2b8da","name":"Paula Silva","image":{"@type":"ImageObject","inLanguage":"pt-BR","@id":"https:\/\/www.gaveanews.com\/#\/schema\/person\/image\/","url":"https:\/\/secure.gravatar.com\/avatar\/eda381c845527cc5d64c13b901833cda29d97500ba040d3e6461f76f51d163bb?s=96&d=mm&r=g","contentUrl":"https:\/\/secure.gravatar.com\/avatar\/eda381c845527cc5d64c13b901833cda29d97500ba040d3e6461f76f51d163bb?s=96&d=mm&r=g","caption":"Paula Silva"}}]}},"_links":{"self":[{"href":"https:\/\/www.gaveanews.com\/index.php\/wp-json\/wp\/v2\/posts\/257727","targetHints":{"allow":["GET"]}}],"collection":[{"href":"https:\/\/www.gaveanews.com\/index.php\/wp-json\/wp\/v2\/posts"}],"about":[{"href":"https:\/\/www.gaveanews.com\/index.php\/wp-json\/wp\/v2\/types\/post"}],"author":[{"embeddable":true,"href":"https:\/\/www.gaveanews.com\/index.php\/wp-json\/wp\/v2\/users\/18"}],"replies":[{"embeddable":true,"href":"https:\/\/www.gaveanews.com\/index.php\/wp-json\/wp\/v2\/comments?post=257727"}],"version-history":[{"count":1,"href":"https:\/\/www.gaveanews.com\/index.php\/wp-json\/wp\/v2\/posts\/257727\/revisions"}],"predecessor-version":[{"id":257731,"href":"https:\/\/www.gaveanews.com\/index.php\/wp-json\/wp\/v2\/posts\/257727\/revisions\/257731"}],"wp:featuredmedia":[{"embeddable":true,"href":"https:\/\/www.gaveanews.com\/index.php\/wp-json\/wp\/v2\/media\/122174"}],"wp:attachment":[{"href":"https:\/\/www.gaveanews.com\/index.php\/wp-json\/wp\/v2\/media?parent=257727"}],"wp:term":[{"taxonomy":"category","embeddable":true,"href":"https:\/\/www.gaveanews.com\/index.php\/wp-json\/wp\/v2\/categories?post=257727"},{"taxonomy":"post_tag","embeddable":true,"href":"https:\/\/www.gaveanews.com\/index.php\/wp-json\/wp\/v2\/tags?post=257727"}],"curies":[{"name":"wp","href":"https:\/\/api.w.org\/{rel}","templated":true}]}}