{"id":257804,"date":"2025-04-26T00:05:58","date_gmt":"2025-04-26T03:05:58","guid":{"rendered":"https:\/\/www.gaveanews.com\/?p=257804"},"modified":"2025-04-25T21:31:29","modified_gmt":"2025-04-26T00:31:29","slug":"conselho-do-corinthians-toma-atitude-importante-contra-gestao-augusto-melo","status":"publish","type":"post","link":"https:\/\/www.gaveanews.com\/index.php\/2025\/04\/26\/conselho-do-corinthians-toma-atitude-importante-contra-gestao-augusto-melo\/","title":{"rendered":"Conselho do Corinthians toma atitude importante contra gest\u00e3o Augusto Melo"},"content":{"rendered":"\n<p>O Conselho Fiscal do Corinthians recomendou, de forma un\u00e2nime, a reprova\u00e7\u00e3o das contas referentes ao primeiro ano da gest\u00e3o de Augusto Melo. Conforme divulgado nesta sexta-feira (25), o parecer apontou inconsist\u00eancias na documenta\u00e7\u00e3o apresentada e destacou a aus\u00eancia de informa\u00e7\u00f5es essenciais para uma avalia\u00e7\u00e3o adequada. O documento foi encaminhado ao Conselho de Orienta\u00e7\u00e3o (Cori), que, juntamente com o Conselho Deliberativo, decidir\u00e1 sobre o tema em reuni\u00e3o marcada para segunda-feira (28).<\/p>\n\n\n\n<p>Entre as principais cr\u00edticas feitas pelo Conselho Fiscal, destacam-se o aumento das despesas financeiras al\u00e9m do previsto e a aus\u00eancia da divulga\u00e7\u00e3o dos balancetes mensais. Ali\u00e1s, outro fator relevante para o parecer negativo foi a falta de respostas da diretoria a questionamentos formais. Enquanto isso, o d\u00e9ficit financeiro registrado no balan\u00e7o atingiu R$ 181,7 milh\u00f5es, resultado que coloca fim a uma sequ\u00eancia de tr\u00eas anos consecutivos de super\u00e1vit.<\/p>\n\n\n\n<p>A atual diretoria justificou o d\u00e9ficit apontando uma heran\u00e7a de R$ 191,2 milh\u00f5es em d\u00edvidas n\u00e3o contabilizadas pelas gest\u00f5es anteriores. Inequivocamente, essa situa\u00e7\u00e3o agravou o cen\u00e1rio financeiro do clube, cuja d\u00edvida total saltou de R$ 1,9 bilh\u00e3o ao final de 2023 para R$ 2,5 bilh\u00f5es atualmente. Dessa quantia, R$ 1,8 bilh\u00e3o corresponde a obriga\u00e7\u00f5es do clube e R$ 668 milh\u00f5es ao financiamento da Neo Qu\u00edmica Arena.<\/p>\n\n\n\n<p>O balan\u00e7o foi auditado pela empresa GF Brasil Auditoria &amp; Consultoria, que, por sua vez, emitiu um alerta sobre a &#8220;incerteza relevante&#8221; quanto \u00e0 capacidade de continuidade operacional do clube. Apesar disso, a gest\u00e3o de Augusto Melo mant\u00e9m uma avalia\u00e7\u00e3o otimista, sobretudo ao enfatizar a melhora do \u00edndice de endividamento l\u00edquido sobre a receita, conforme dados internos.<\/p>\n\n\n\n<p>Posteriormente, a diretoria do Corinthians anunciou que solicitar\u00e1 a reabertura do balan\u00e7o financeiro de 2023, ano que encerrou a administra\u00e7\u00e3o de Du\u00edlio Monteiro Alves. A medida visa reavaliar conting\u00eancias tribut\u00e1rias no valor de R$ 191 milh\u00f5es, n\u00e3o devidamente registradas anteriormente, segundo a nova auditoria externa contratada.<\/p>\n\n\n\n<p>Em nota oficial, Augusto Melo afirmou que &#8220;a quest\u00e3o deve ser tratada de forma t\u00e9cnica, para o bem do Sport Club Corinthians Paulista&#8221;. A entrega dos documentos revisados ao Conselho Fiscal, Cori e ao Conselho Deliberativo acontecer\u00e1 na reuni\u00e3o da pr\u00f3xima segunda-feira (28), \u00e0s 19 horas (hor\u00e1rio de Bras\u00edlia), a fim de garantir a transpar\u00eancia necess\u00e1ria ao processo.<\/p>\n","protected":false},"excerpt":{"rendered":"<p>O Conselho Fiscal do Corinthians recomendou, de forma un\u00e2nime, a reprova\u00e7\u00e3o das contas referentes ao primeiro ano da gest\u00e3o de Augusto Melo. Conforme divulgado nesta sexta-feira (25), o parecer apontou inconsist\u00eancias na documenta\u00e7\u00e3o apresentada e destacou a aus\u00eancia de informa\u00e7\u00f5es essenciais para uma avalia\u00e7\u00e3o adequada. O documento foi encaminhado ao Conselho de Orienta\u00e7\u00e3o (Cori), que, [&hellip;]<\/p>\n","protected":false},"author":18,"featured_media":158982,"comment_status":"open","ping_status":"closed","sticky":false,"template":"","format":"standard","meta":{"footnotes":""},"categories":[141],"tags":[],"class_list":["post-257804","post","type-post","status-publish","format-standard","has-post-thumbnail","hentry","category-corinthians"],"yoast_head":"<!-- This site is optimized with the Yoast SEO Premium plugin v24.2 (Yoast SEO v26.9) - https:\/\/yoast.com\/product\/yoast-seo-premium-wordpress\/ -->\n<title>Conselho do Corinthians toma atitude importante contra gest\u00e3o Augusto Melo<\/title>\n<meta name=\"robots\" content=\"index, follow, max-snippet:-1, max-image-preview:large, max-video-preview:-1\" \/>\n<link rel=\"canonical\" href=\"https:\/\/www.gaveanews.com\/index.php\/2025\/04\/26\/conselho-do-corinthians-toma-atitude-importante-contra-gestao-augusto-melo\/\" \/>\n<meta property=\"og:locale\" content=\"pt_BR\" \/>\n<meta property=\"og:type\" content=\"article\" \/>\n<meta property=\"og:title\" content=\"Conselho do Corinthians toma atitude importante contra gest\u00e3o Augusto Melo\" \/>\n<meta property=\"og:description\" content=\"O Conselho Fiscal do Corinthians recomendou, de forma un\u00e2nime, a reprova\u00e7\u00e3o das contas referentes ao primeiro ano da gest\u00e3o de Augusto Melo. Conforme divulgado nesta sexta-feira (25), o parecer apontou inconsist\u00eancias na documenta\u00e7\u00e3o apresentada e destacou a aus\u00eancia de informa\u00e7\u00f5es essenciais para uma avalia\u00e7\u00e3o adequada. O documento foi encaminhado ao Conselho de Orienta\u00e7\u00e3o (Cori), que, [&hellip;]\" \/>\n<meta property=\"og:url\" content=\"https:\/\/www.gaveanews.com\/index.php\/2025\/04\/26\/conselho-do-corinthians-toma-atitude-importante-contra-gestao-augusto-melo\/\" \/>\n<meta property=\"og:site_name\" content=\"G\u00e1vea News\" \/>\n<meta property=\"article:publisher\" content=\"https:\/\/facebook.com\/gaveaNews\/\" \/>\n<meta property=\"article:published_time\" content=\"2025-04-26T03:05:58+00:00\" \/>\n<meta property=\"og:image\" content=\"https:\/\/www.gaveanews.com\/wp-content\/uploads\/2qgb52iuihz6ikmp2ky0yr6sn.webp\" \/>\n\t<meta property=\"og:image:width\" content=\"906\" \/>\n\t<meta property=\"og:image:height\" content=\"509\" \/>\n\t<meta property=\"og:image:type\" content=\"image\/webp\" \/>\n<meta name=\"author\" content=\"Paula Silva\" \/>\n<meta name=\"twitter:card\" content=\"summary_large_image\" \/>\n<meta name=\"twitter:label1\" content=\"Escrito por\" \/>\n\t<meta name=\"twitter:data1\" content=\"Paula Silva\" \/>\n\t<meta name=\"twitter:label2\" content=\"Est. tempo de leitura\" \/>\n\t<meta name=\"twitter:data2\" content=\"3 minutos\" \/>\n<script type=\"application\/ld+json\" class=\"yoast-schema-graph\">{\"@context\":\"https:\/\/schema.org\",\"@graph\":[{\"@type\":\"NewsArticle\",\"@id\":\"https:\/\/www.gaveanews.com\/index.php\/2025\/04\/26\/conselho-do-corinthians-toma-atitude-importante-contra-gestao-augusto-melo\/#article\",\"isPartOf\":{\"@id\":\"https:\/\/www.gaveanews.com\/index.php\/2025\/04\/26\/conselho-do-corinthians-toma-atitude-importante-contra-gestao-augusto-melo\/\"},\"author\":{\"name\":\"Paula Silva\",\"@id\":\"https:\/\/www.gaveanews.com\/#\/schema\/person\/daf63eec72e1164eb13dc35096c2b8da\"},\"headline\":\"Conselho do Corinthians toma atitude importante contra gest\u00e3o Augusto Melo\",\"datePublished\":\"2025-04-26T03:05:58+00:00\",\"mainEntityOfPage\":{\"@id\":\"https:\/\/www.gaveanews.com\/index.php\/2025\/04\/26\/conselho-do-corinthians-toma-atitude-importante-contra-gestao-augusto-melo\/\"},\"wordCount\":418,\"commentCount\":0,\"image\":{\"@id\":\"https:\/\/www.gaveanews.com\/index.php\/2025\/04\/26\/conselho-do-corinthians-toma-atitude-importante-contra-gestao-augusto-melo\/#primaryimage\"},\"thumbnailUrl\":\"https:\/\/www.gaveanews.com\/wp-content\/uploads\/2qgb52iuihz6ikmp2ky0yr6sn.webp\",\"articleSection\":[\"Corinthians\"],\"inLanguage\":\"pt-BR\",\"potentialAction\":[{\"@type\":\"CommentAction\",\"name\":\"Comment\",\"target\":[\"https:\/\/www.gaveanews.com\/index.php\/2025\/04\/26\/conselho-do-corinthians-toma-atitude-importante-contra-gestao-augusto-melo\/#respond\"]}],\"copyrightYear\":\"2025\",\"copyrightHolder\":{\"@id\":\"https:\/\/www.gaveanews.com\/#organization\"}},{\"@type\":\"WebPage\",\"@id\":\"https:\/\/www.gaveanews.com\/index.php\/2025\/04\/26\/conselho-do-corinthians-toma-atitude-importante-contra-gestao-augusto-melo\/\",\"url\":\"https:\/\/www.gaveanews.com\/index.php\/2025\/04\/26\/conselho-do-corinthians-toma-atitude-importante-contra-gestao-augusto-melo\/\",\"name\":\"Conselho do Corinthians toma atitude importante contra gest\u00e3o Augusto Melo\",\"isPartOf\":{\"@id\":\"https:\/\/www.gaveanews.com\/#website\"},\"primaryImageOfPage\":{\"@id\":\"https:\/\/www.gaveanews.com\/index.php\/2025\/04\/26\/conselho-do-corinthians-toma-atitude-importante-contra-gestao-augusto-melo\/#primaryimage\"},\"image\":{\"@id\":\"https:\/\/www.gaveanews.com\/index.php\/2025\/04\/26\/conselho-do-corinthians-toma-atitude-importante-contra-gestao-augusto-melo\/#primaryimage\"},\"thumbnailUrl\":\"https:\/\/www.gaveanews.com\/wp-content\/uploads\/2qgb52iuihz6ikmp2ky0yr6sn.webp\",\"datePublished\":\"2025-04-26T03:05:58+00:00\",\"author\":{\"@id\":\"https:\/\/www.gaveanews.com\/#\/schema\/person\/daf63eec72e1164eb13dc35096c2b8da\"},\"breadcrumb\":{\"@id\":\"https:\/\/www.gaveanews.com\/index.php\/2025\/04\/26\/conselho-do-corinthians-toma-atitude-importante-contra-gestao-augusto-melo\/#breadcrumb\"},\"inLanguage\":\"pt-BR\",\"potentialAction\":[{\"@type\":\"ReadAction\",\"target\":[\"https:\/\/www.gaveanews.com\/index.php\/2025\/04\/26\/conselho-do-corinthians-toma-atitude-importante-contra-gestao-augusto-melo\/\"]}]},{\"@type\":\"ImageObject\",\"inLanguage\":\"pt-BR\",\"@id\":\"https:\/\/www.gaveanews.com\/index.php\/2025\/04\/26\/conselho-do-corinthians-toma-atitude-importante-contra-gestao-augusto-melo\/#primaryimage\",\"url\":\"https:\/\/www.gaveanews.com\/wp-content\/uploads\/2qgb52iuihz6ikmp2ky0yr6sn.webp\",\"contentUrl\":\"https:\/\/www.gaveanews.com\/wp-content\/uploads\/2qgb52iuihz6ikmp2ky0yr6sn.webp\",\"width\":906,\"height\":509,\"caption\":\"Augusto Melo - Foto: Rodrigo Coca\/Ag\u00eancia Corinthians\"},{\"@type\":\"BreadcrumbList\",\"@id\":\"https:\/\/www.gaveanews.com\/index.php\/2025\/04\/26\/conselho-do-corinthians-toma-atitude-importante-contra-gestao-augusto-melo\/#breadcrumb\",\"itemListElement\":[{\"@type\":\"ListItem\",\"position\":1,\"name\":\"Home\",\"item\":\"https:\/\/www.gaveanews.com\/\"},{\"@type\":\"ListItem\",\"position\":2,\"name\":\"Conselho do Corinthians toma atitude importante contra gest\u00e3o Augusto Melo\"}]},{\"@type\":\"WebSite\",\"@id\":\"https:\/\/www.gaveanews.com\/#website\",\"url\":\"https:\/\/www.gaveanews.com\/\",\"name\":\"G\u00e1vea News\",\"description\":\"Veja todas as not\u00edcias sobre o Flamengo: Contrata\u00e7\u00f5es, categorias de base, resultados das partidas, tabela de classifica\u00e7\u00e3o, pr\u00f3ximos jogos!\",\"potentialAction\":[{\"@type\":\"SearchAction\",\"target\":{\"@type\":\"EntryPoint\",\"urlTemplate\":\"https:\/\/www.gaveanews.com\/?s={search_term_string}\"},\"query-input\":{\"@type\":\"PropertyValueSpecification\",\"valueRequired\":true,\"valueName\":\"search_term_string\"}}],\"inLanguage\":\"pt-BR\"},{\"@type\":\"Person\",\"@id\":\"https:\/\/www.gaveanews.com\/#\/schema\/person\/daf63eec72e1164eb13dc35096c2b8da\",\"name\":\"Paula Silva\",\"image\":{\"@type\":\"ImageObject\",\"inLanguage\":\"pt-BR\",\"@id\":\"https:\/\/www.gaveanews.com\/#\/schema\/person\/image\/\",\"url\":\"https:\/\/secure.gravatar.com\/avatar\/eda381c845527cc5d64c13b901833cda29d97500ba040d3e6461f76f51d163bb?s=96&d=mm&r=g\",\"contentUrl\":\"https:\/\/secure.gravatar.com\/avatar\/eda381c845527cc5d64c13b901833cda29d97500ba040d3e6461f76f51d163bb?s=96&d=mm&r=g\",\"caption\":\"Paula Silva\"}}]}<\/script>\n<!-- \/ Yoast SEO Premium plugin. -->","yoast_head_json":{"title":"Conselho do Corinthians toma atitude importante contra gest\u00e3o Augusto Melo","robots":{"index":"index","follow":"follow","max-snippet":"max-snippet:-1","max-image-preview":"max-image-preview:large","max-video-preview":"max-video-preview:-1"},"canonical":"https:\/\/www.gaveanews.com\/index.php\/2025\/04\/26\/conselho-do-corinthians-toma-atitude-importante-contra-gestao-augusto-melo\/","og_locale":"pt_BR","og_type":"article","og_title":"Conselho do Corinthians toma atitude importante contra gest\u00e3o Augusto Melo","og_description":"O Conselho Fiscal do Corinthians recomendou, de forma un\u00e2nime, a reprova\u00e7\u00e3o das contas referentes ao primeiro ano da gest\u00e3o de Augusto Melo. Conforme divulgado nesta sexta-feira (25), o parecer apontou inconsist\u00eancias na documenta\u00e7\u00e3o apresentada e destacou a aus\u00eancia de informa\u00e7\u00f5es essenciais para uma avalia\u00e7\u00e3o adequada. O documento foi encaminhado ao Conselho de Orienta\u00e7\u00e3o (Cori), que, [&hellip;]","og_url":"https:\/\/www.gaveanews.com\/index.php\/2025\/04\/26\/conselho-do-corinthians-toma-atitude-importante-contra-gestao-augusto-melo\/","og_site_name":"G\u00e1vea News","article_publisher":"https:\/\/facebook.com\/gaveaNews\/","article_published_time":"2025-04-26T03:05:58+00:00","og_image":[{"width":906,"height":509,"url":"https:\/\/www.gaveanews.com\/wp-content\/uploads\/2qgb52iuihz6ikmp2ky0yr6sn.webp","type":"image\/webp"}],"author":"Paula Silva","twitter_card":"summary_large_image","twitter_misc":{"Escrito por":"Paula Silva","Est. tempo de leitura":"3 minutos"},"schema":{"@context":"https:\/\/schema.org","@graph":[{"@type":"NewsArticle","@id":"https:\/\/www.gaveanews.com\/index.php\/2025\/04\/26\/conselho-do-corinthians-toma-atitude-importante-contra-gestao-augusto-melo\/#article","isPartOf":{"@id":"https:\/\/www.gaveanews.com\/index.php\/2025\/04\/26\/conselho-do-corinthians-toma-atitude-importante-contra-gestao-augusto-melo\/"},"author":{"name":"Paula Silva","@id":"https:\/\/www.gaveanews.com\/#\/schema\/person\/daf63eec72e1164eb13dc35096c2b8da"},"headline":"Conselho do Corinthians toma atitude importante contra gest\u00e3o Augusto Melo","datePublished":"2025-04-26T03:05:58+00:00","mainEntityOfPage":{"@id":"https:\/\/www.gaveanews.com\/index.php\/2025\/04\/26\/conselho-do-corinthians-toma-atitude-importante-contra-gestao-augusto-melo\/"},"wordCount":418,"commentCount":0,"image":{"@id":"https:\/\/www.gaveanews.com\/index.php\/2025\/04\/26\/conselho-do-corinthians-toma-atitude-importante-contra-gestao-augusto-melo\/#primaryimage"},"thumbnailUrl":"https:\/\/www.gaveanews.com\/wp-content\/uploads\/2qgb52iuihz6ikmp2ky0yr6sn.webp","articleSection":["Corinthians"],"inLanguage":"pt-BR","potentialAction":[{"@type":"CommentAction","name":"Comment","target":["https:\/\/www.gaveanews.com\/index.php\/2025\/04\/26\/conselho-do-corinthians-toma-atitude-importante-contra-gestao-augusto-melo\/#respond"]}],"copyrightYear":"2025","copyrightHolder":{"@id":"https:\/\/www.gaveanews.com\/#organization"}},{"@type":"WebPage","@id":"https:\/\/www.gaveanews.com\/index.php\/2025\/04\/26\/conselho-do-corinthians-toma-atitude-importante-contra-gestao-augusto-melo\/","url":"https:\/\/www.gaveanews.com\/index.php\/2025\/04\/26\/conselho-do-corinthians-toma-atitude-importante-contra-gestao-augusto-melo\/","name":"Conselho do Corinthians toma atitude importante contra gest\u00e3o Augusto Melo","isPartOf":{"@id":"https:\/\/www.gaveanews.com\/#website"},"primaryImageOfPage":{"@id":"https:\/\/www.gaveanews.com\/index.php\/2025\/04\/26\/conselho-do-corinthians-toma-atitude-importante-contra-gestao-augusto-melo\/#primaryimage"},"image":{"@id":"https:\/\/www.gaveanews.com\/index.php\/2025\/04\/26\/conselho-do-corinthians-toma-atitude-importante-contra-gestao-augusto-melo\/#primaryimage"},"thumbnailUrl":"https:\/\/www.gaveanews.com\/wp-content\/uploads\/2qgb52iuihz6ikmp2ky0yr6sn.webp","datePublished":"2025-04-26T03:05:58+00:00","author":{"@id":"https:\/\/www.gaveanews.com\/#\/schema\/person\/daf63eec72e1164eb13dc35096c2b8da"},"breadcrumb":{"@id":"https:\/\/www.gaveanews.com\/index.php\/2025\/04\/26\/conselho-do-corinthians-toma-atitude-importante-contra-gestao-augusto-melo\/#breadcrumb"},"inLanguage":"pt-BR","potentialAction":[{"@type":"ReadAction","target":["https:\/\/www.gaveanews.com\/index.php\/2025\/04\/26\/conselho-do-corinthians-toma-atitude-importante-contra-gestao-augusto-melo\/"]}]},{"@type":"ImageObject","inLanguage":"pt-BR","@id":"https:\/\/www.gaveanews.com\/index.php\/2025\/04\/26\/conselho-do-corinthians-toma-atitude-importante-contra-gestao-augusto-melo\/#primaryimage","url":"https:\/\/www.gaveanews.com\/wp-content\/uploads\/2qgb52iuihz6ikmp2ky0yr6sn.webp","contentUrl":"https:\/\/www.gaveanews.com\/wp-content\/uploads\/2qgb52iuihz6ikmp2ky0yr6sn.webp","width":906,"height":509,"caption":"Augusto Melo - Foto: Rodrigo Coca\/Ag\u00eancia Corinthians"},{"@type":"BreadcrumbList","@id":"https:\/\/www.gaveanews.com\/index.php\/2025\/04\/26\/conselho-do-corinthians-toma-atitude-importante-contra-gestao-augusto-melo\/#breadcrumb","itemListElement":[{"@type":"ListItem","position":1,"name":"Home","item":"https:\/\/www.gaveanews.com\/"},{"@type":"ListItem","position":2,"name":"Conselho do Corinthians toma atitude importante contra gest\u00e3o Augusto Melo"}]},{"@type":"WebSite","@id":"https:\/\/www.gaveanews.com\/#website","url":"https:\/\/www.gaveanews.com\/","name":"G\u00e1vea News","description":"Veja todas as not\u00edcias sobre o Flamengo: Contrata\u00e7\u00f5es, categorias de base, resultados das partidas, tabela de classifica\u00e7\u00e3o, pr\u00f3ximos jogos!","potentialAction":[{"@type":"SearchAction","target":{"@type":"EntryPoint","urlTemplate":"https:\/\/www.gaveanews.com\/?s={search_term_string}"},"query-input":{"@type":"PropertyValueSpecification","valueRequired":true,"valueName":"search_term_string"}}],"inLanguage":"pt-BR"},{"@type":"Person","@id":"https:\/\/www.gaveanews.com\/#\/schema\/person\/daf63eec72e1164eb13dc35096c2b8da","name":"Paula Silva","image":{"@type":"ImageObject","inLanguage":"pt-BR","@id":"https:\/\/www.gaveanews.com\/#\/schema\/person\/image\/","url":"https:\/\/secure.gravatar.com\/avatar\/eda381c845527cc5d64c13b901833cda29d97500ba040d3e6461f76f51d163bb?s=96&d=mm&r=g","contentUrl":"https:\/\/secure.gravatar.com\/avatar\/eda381c845527cc5d64c13b901833cda29d97500ba040d3e6461f76f51d163bb?s=96&d=mm&r=g","caption":"Paula Silva"}}]}},"_links":{"self":[{"href":"https:\/\/www.gaveanews.com\/index.php\/wp-json\/wp\/v2\/posts\/257804","targetHints":{"allow":["GET"]}}],"collection":[{"href":"https:\/\/www.gaveanews.com\/index.php\/wp-json\/wp\/v2\/posts"}],"about":[{"href":"https:\/\/www.gaveanews.com\/index.php\/wp-json\/wp\/v2\/types\/post"}],"author":[{"embeddable":true,"href":"https:\/\/www.gaveanews.com\/index.php\/wp-json\/wp\/v2\/users\/18"}],"replies":[{"embeddable":true,"href":"https:\/\/www.gaveanews.com\/index.php\/wp-json\/wp\/v2\/comments?post=257804"}],"version-history":[{"count":1,"href":"https:\/\/www.gaveanews.com\/index.php\/wp-json\/wp\/v2\/posts\/257804\/revisions"}],"predecessor-version":[{"id":257807,"href":"https:\/\/www.gaveanews.com\/index.php\/wp-json\/wp\/v2\/posts\/257804\/revisions\/257807"}],"wp:featuredmedia":[{"embeddable":true,"href":"https:\/\/www.gaveanews.com\/index.php\/wp-json\/wp\/v2\/media\/158982"}],"wp:attachment":[{"href":"https:\/\/www.gaveanews.com\/index.php\/wp-json\/wp\/v2\/media?parent=257804"}],"wp:term":[{"taxonomy":"category","embeddable":true,"href":"https:\/\/www.gaveanews.com\/index.php\/wp-json\/wp\/v2\/categories?post=257804"},{"taxonomy":"post_tag","embeddable":true,"href":"https:\/\/www.gaveanews.com\/index.php\/wp-json\/wp\/v2\/tags?post=257804"}],"curies":[{"name":"wp","href":"https:\/\/api.w.org\/{rel}","templated":true}]}}