{"id":257809,"date":"2025-04-26T00:15:19","date_gmt":"2025-04-26T03:15:19","guid":{"rendered":"https:\/\/www.gaveanews.com\/?p=257809"},"modified":"2025-04-25T21:32:02","modified_gmt":"2025-04-26T00:32:02","slug":"bahia-rogerio-ceni-alcanca-marca-importante-na-libertadores","status":"publish","type":"post","link":"https:\/\/www.gaveanews.com\/index.php\/2025\/04\/26\/bahia-rogerio-ceni-alcanca-marca-importante-na-libertadores\/","title":{"rendered":"Bahia: Rog\u00e9rio Ceni alcan\u00e7a marca importante na Libertadores"},"content":{"rendered":"\n<p>Na noite de quinta-feira (24), o Bahia confirmou a lideran\u00e7a do seu grupo na Copa Libertadores ao derrotar o Atl\u00e9tico Nacional por 1 a 0, na Casa de Apostas Arena Fonte Nova, em Salvador. Com o resultado, Rog\u00e9rio Ceni ampliou sua invencibilidade como treinador na competi\u00e7\u00e3o continental, alcan\u00e7ando um marco expressivo em sua trajet\u00f3ria.<\/p>\n\n\n\n<p>Atualmente, Ceni contabiliza 15 jogos invictos na Libertadores, somando sete vit\u00f3rias e oito empates, o que representa um aproveitamento de 64%. Anteriormente, durante sua passagem pelo Flamengo entre 2020 e 2021, o t\u00e9cnico j\u00e1 havia se destacado, acumulando tr\u00eas vit\u00f3rias e cinco empates em oito partidas disputadas.<\/p>\n\n\n\n<p>No comando do Bahia, Ceni precisou enfrentar a fase preliminar da Libertadores antes de chegar \u00e0 fase de grupos. A equipe tricolor conquistou quatro vit\u00f3rias e tr\u00eas empates sob seu comando at\u00e9 aqui. \u201cEstamos focados em seguir firmes na competi\u00e7\u00e3o e o apoio do torcedor \u00e9 essencial\u201d, declarou Rog\u00e9rio Ceni, logo ap\u00f3s o triunfo sobre o Atl\u00e9tico Nacional.<\/p>\n\n\n\n<p>O desempenho do Bahia em casa chama a aten\u00e7\u00e3o, afinal, o time mant\u00e9m sua invencibilidade como mandante na hist\u00f3ria do torneio. Em quatro participa\u00e7\u00f5es na Libertadores, o Tricolor soma oito vit\u00f3rias e dois empates jogando em seus dom\u00ednios, o que refor\u00e7a a for\u00e7a da equipe diante de sua torcida.<\/p>\n\n\n\n<p>Conforme a programa\u00e7\u00e3o da competi\u00e7\u00e3o, o Bahia ainda ter\u00e1 mais tr\u00eas compromissos na fase de grupos: enfrentar\u00e1 o Nacional-URU e o Atl\u00e9tico Nacional novamente, al\u00e9m de visitar o Internacional. Assim, Rog\u00e9rio Ceni ter\u00e1 a oportunidade de ampliar ainda mais sua sequ\u00eancia invicta no torneio sul-americano.<\/p>\n\n\n\n<p>Em suma, o trabalho realizado por Rog\u00e9rio Ceni no Bahia, at\u00e9 o momento, evidencia um planejamento s\u00f3lido e eficaz. Posteriormente, a continuidade dessa campanha depender\u00e1 do desempenho nas pr\u00f3ximas partidas decisivas.<\/p>\n\n\n\n<p>O pr\u00f3ximo desafio do Bahia pela Libertadores est\u00e1 marcado para o dia 7 de maio, quando a equipe comandada por Rog\u00e9rio Ceni vai enfrentar o Nacional-URU. A partida ser\u00e1 realizada na Arena Fonte Nova, \u00e0s 19h (hor\u00e1rio de Bras\u00edlia). <\/p>\n\n\n\n<p>O Tricolor de A\u00e7o lidera o Grupo F, com sete pontos, seguido por Internacional, com cinco, Atl\u00e9tico Nacional, com tr\u00eas, e Nacional-URU, com apenas um. <\/p>\n","protected":false},"excerpt":{"rendered":"<p>Na noite de quinta-feira (24), o Bahia confirmou a lideran\u00e7a do seu grupo na Copa Libertadores ao derrotar o Atl\u00e9tico Nacional por 1 a 0, na Casa de Apostas Arena Fonte Nova, em Salvador. Com o resultado, Rog\u00e9rio Ceni ampliou sua invencibilidade como treinador na competi\u00e7\u00e3o continental, alcan\u00e7ando um marco expressivo em sua trajet\u00f3ria. Atualmente, [&hellip;]<\/p>\n","protected":false},"author":18,"featured_media":251412,"comment_status":"open","ping_status":"closed","sticky":false,"template":"","format":"standard","meta":{"footnotes":""},"categories":[137],"tags":[],"class_list":["post-257809","post","type-post","status-publish","format-standard","has-post-thumbnail","hentry","category-bahia"],"yoast_head":"<!-- This site is optimized with the Yoast SEO Premium plugin v24.2 (Yoast SEO v26.9) - https:\/\/yoast.com\/product\/yoast-seo-premium-wordpress\/ -->\n<title>Bahia: Rog\u00e9rio Ceni alcan\u00e7a marca importante na Libertadores<\/title>\n<meta name=\"robots\" content=\"index, follow, max-snippet:-1, max-image-preview:large, max-video-preview:-1\" \/>\n<link rel=\"canonical\" href=\"https:\/\/www.gaveanews.com\/index.php\/2025\/04\/26\/bahia-rogerio-ceni-alcanca-marca-importante-na-libertadores\/\" \/>\n<meta property=\"og:locale\" content=\"pt_BR\" \/>\n<meta property=\"og:type\" content=\"article\" \/>\n<meta property=\"og:title\" content=\"Bahia: Rog\u00e9rio Ceni alcan\u00e7a marca importante na Libertadores\" \/>\n<meta property=\"og:description\" content=\"Na noite de quinta-feira (24), o Bahia confirmou a lideran\u00e7a do seu grupo na Copa Libertadores ao derrotar o Atl\u00e9tico Nacional por 1 a 0, na Casa de Apostas Arena Fonte Nova, em Salvador. Com o resultado, Rog\u00e9rio Ceni ampliou sua invencibilidade como treinador na competi\u00e7\u00e3o continental, alcan\u00e7ando um marco expressivo em sua trajet\u00f3ria. Atualmente, [&hellip;]\" \/>\n<meta property=\"og:url\" content=\"https:\/\/www.gaveanews.com\/index.php\/2025\/04\/26\/bahia-rogerio-ceni-alcanca-marca-importante-na-libertadores\/\" \/>\n<meta property=\"og:site_name\" content=\"G\u00e1vea News\" \/>\n<meta property=\"article:publisher\" content=\"https:\/\/facebook.com\/gaveaNews\/\" \/>\n<meta property=\"article:published_time\" content=\"2025-04-26T03:15:19+00:00\" \/>\n<meta property=\"og:image\" content=\"https:\/\/www.gaveanews.com\/wp-content\/uploads\/Rogerio-Ceni-comemora-pelo-Bahia.webp\" \/>\n\t<meta property=\"og:image:width\" content=\"758\" \/>\n\t<meta property=\"og:image:height\" content=\"408\" \/>\n\t<meta property=\"og:image:type\" content=\"image\/jpeg\" \/>\n<meta name=\"author\" content=\"Paula Silva\" \/>\n<meta name=\"twitter:card\" content=\"summary_large_image\" \/>\n<meta name=\"twitter:label1\" content=\"Escrito por\" \/>\n\t<meta name=\"twitter:data1\" content=\"Paula Silva\" \/>\n\t<meta name=\"twitter:label2\" content=\"Est. tempo de leitura\" \/>\n\t<meta name=\"twitter:data2\" content=\"3 minutos\" \/>\n<script type=\"application\/ld+json\" class=\"yoast-schema-graph\">{\"@context\":\"https:\/\/schema.org\",\"@graph\":[{\"@type\":\"NewsArticle\",\"@id\":\"https:\/\/www.gaveanews.com\/index.php\/2025\/04\/26\/bahia-rogerio-ceni-alcanca-marca-importante-na-libertadores\/#article\",\"isPartOf\":{\"@id\":\"https:\/\/www.gaveanews.com\/index.php\/2025\/04\/26\/bahia-rogerio-ceni-alcanca-marca-importante-na-libertadores\/\"},\"author\":{\"name\":\"Paula Silva\",\"@id\":\"https:\/\/www.gaveanews.com\/#\/schema\/person\/daf63eec72e1164eb13dc35096c2b8da\"},\"headline\":\"Bahia: Rog\u00e9rio Ceni alcan\u00e7a marca importante na Libertadores\",\"datePublished\":\"2025-04-26T03:15:19+00:00\",\"mainEntityOfPage\":{\"@id\":\"https:\/\/www.gaveanews.com\/index.php\/2025\/04\/26\/bahia-rogerio-ceni-alcanca-marca-importante-na-libertadores\/\"},\"wordCount\":389,\"commentCount\":0,\"image\":{\"@id\":\"https:\/\/www.gaveanews.com\/index.php\/2025\/04\/26\/bahia-rogerio-ceni-alcanca-marca-importante-na-libertadores\/#primaryimage\"},\"thumbnailUrl\":\"https:\/\/www.gaveanews.com\/wp-content\/uploads\/Rogerio-Ceni-comemora-pelo-Bahia.webp\",\"articleSection\":[\"Bahia\"],\"inLanguage\":\"pt-BR\",\"potentialAction\":[{\"@type\":\"CommentAction\",\"name\":\"Comment\",\"target\":[\"https:\/\/www.gaveanews.com\/index.php\/2025\/04\/26\/bahia-rogerio-ceni-alcanca-marca-importante-na-libertadores\/#respond\"]}],\"copyrightYear\":\"2025\",\"copyrightHolder\":{\"@id\":\"https:\/\/www.gaveanews.com\/#organization\"}},{\"@type\":\"WebPage\",\"@id\":\"https:\/\/www.gaveanews.com\/index.php\/2025\/04\/26\/bahia-rogerio-ceni-alcanca-marca-importante-na-libertadores\/\",\"url\":\"https:\/\/www.gaveanews.com\/index.php\/2025\/04\/26\/bahia-rogerio-ceni-alcanca-marca-importante-na-libertadores\/\",\"name\":\"Bahia: Rog\u00e9rio Ceni alcan\u00e7a marca importante na Libertadores\",\"isPartOf\":{\"@id\":\"https:\/\/www.gaveanews.com\/#website\"},\"primaryImageOfPage\":{\"@id\":\"https:\/\/www.gaveanews.com\/index.php\/2025\/04\/26\/bahia-rogerio-ceni-alcanca-marca-importante-na-libertadores\/#primaryimage\"},\"image\":{\"@id\":\"https:\/\/www.gaveanews.com\/index.php\/2025\/04\/26\/bahia-rogerio-ceni-alcanca-marca-importante-na-libertadores\/#primaryimage\"},\"thumbnailUrl\":\"https:\/\/www.gaveanews.com\/wp-content\/uploads\/Rogerio-Ceni-comemora-pelo-Bahia.webp\",\"datePublished\":\"2025-04-26T03:15:19+00:00\",\"author\":{\"@id\":\"https:\/\/www.gaveanews.com\/#\/schema\/person\/daf63eec72e1164eb13dc35096c2b8da\"},\"breadcrumb\":{\"@id\":\"https:\/\/www.gaveanews.com\/index.php\/2025\/04\/26\/bahia-rogerio-ceni-alcanca-marca-importante-na-libertadores\/#breadcrumb\"},\"inLanguage\":\"pt-BR\",\"potentialAction\":[{\"@type\":\"ReadAction\",\"target\":[\"https:\/\/www.gaveanews.com\/index.php\/2025\/04\/26\/bahia-rogerio-ceni-alcanca-marca-importante-na-libertadores\/\"]}]},{\"@type\":\"ImageObject\",\"inLanguage\":\"pt-BR\",\"@id\":\"https:\/\/www.gaveanews.com\/index.php\/2025\/04\/26\/bahia-rogerio-ceni-alcanca-marca-importante-na-libertadores\/#primaryimage\",\"url\":\"https:\/\/www.gaveanews.com\/wp-content\/uploads\/Rogerio-Ceni-comemora-pelo-Bahia.webp\",\"contentUrl\":\"https:\/\/www.gaveanews.com\/wp-content\/uploads\/Rogerio-Ceni-comemora-pelo-Bahia.webp\",\"width\":758,\"height\":408,\"caption\":\"Rog\u00e9rio Ceni comemora pelo Bahia (Fotos: Let\u00edcia Martins \/ EC Bahia)\"},{\"@type\":\"BreadcrumbList\",\"@id\":\"https:\/\/www.gaveanews.com\/index.php\/2025\/04\/26\/bahia-rogerio-ceni-alcanca-marca-importante-na-libertadores\/#breadcrumb\",\"itemListElement\":[{\"@type\":\"ListItem\",\"position\":1,\"name\":\"Home\",\"item\":\"https:\/\/www.gaveanews.com\/\"},{\"@type\":\"ListItem\",\"position\":2,\"name\":\"Bahia: Rog\u00e9rio Ceni alcan\u00e7a marca importante na Libertadores\"}]},{\"@type\":\"WebSite\",\"@id\":\"https:\/\/www.gaveanews.com\/#website\",\"url\":\"https:\/\/www.gaveanews.com\/\",\"name\":\"G\u00e1vea News\",\"description\":\"Veja todas as not\u00edcias sobre o Flamengo: Contrata\u00e7\u00f5es, categorias de base, resultados das partidas, tabela de classifica\u00e7\u00e3o, pr\u00f3ximos jogos!\",\"potentialAction\":[{\"@type\":\"SearchAction\",\"target\":{\"@type\":\"EntryPoint\",\"urlTemplate\":\"https:\/\/www.gaveanews.com\/?s={search_term_string}\"},\"query-input\":{\"@type\":\"PropertyValueSpecification\",\"valueRequired\":true,\"valueName\":\"search_term_string\"}}],\"inLanguage\":\"pt-BR\"},{\"@type\":\"Person\",\"@id\":\"https:\/\/www.gaveanews.com\/#\/schema\/person\/daf63eec72e1164eb13dc35096c2b8da\",\"name\":\"Paula Silva\",\"image\":{\"@type\":\"ImageObject\",\"inLanguage\":\"pt-BR\",\"@id\":\"https:\/\/www.gaveanews.com\/#\/schema\/person\/image\/\",\"url\":\"https:\/\/secure.gravatar.com\/avatar\/eda381c845527cc5d64c13b901833cda29d97500ba040d3e6461f76f51d163bb?s=96&d=mm&r=g\",\"contentUrl\":\"https:\/\/secure.gravatar.com\/avatar\/eda381c845527cc5d64c13b901833cda29d97500ba040d3e6461f76f51d163bb?s=96&d=mm&r=g\",\"caption\":\"Paula Silva\"}}]}<\/script>\n<!-- \/ Yoast SEO Premium plugin. -->","yoast_head_json":{"title":"Bahia: Rog\u00e9rio Ceni alcan\u00e7a marca importante na Libertadores","robots":{"index":"index","follow":"follow","max-snippet":"max-snippet:-1","max-image-preview":"max-image-preview:large","max-video-preview":"max-video-preview:-1"},"canonical":"https:\/\/www.gaveanews.com\/index.php\/2025\/04\/26\/bahia-rogerio-ceni-alcanca-marca-importante-na-libertadores\/","og_locale":"pt_BR","og_type":"article","og_title":"Bahia: Rog\u00e9rio Ceni alcan\u00e7a marca importante na Libertadores","og_description":"Na noite de quinta-feira (24), o Bahia confirmou a lideran\u00e7a do seu grupo na Copa Libertadores ao derrotar o Atl\u00e9tico Nacional por 1 a 0, na Casa de Apostas Arena Fonte Nova, em Salvador. Com o resultado, Rog\u00e9rio Ceni ampliou sua invencibilidade como treinador na competi\u00e7\u00e3o continental, alcan\u00e7ando um marco expressivo em sua trajet\u00f3ria. Atualmente, [&hellip;]","og_url":"https:\/\/www.gaveanews.com\/index.php\/2025\/04\/26\/bahia-rogerio-ceni-alcanca-marca-importante-na-libertadores\/","og_site_name":"G\u00e1vea News","article_publisher":"https:\/\/facebook.com\/gaveaNews\/","article_published_time":"2025-04-26T03:15:19+00:00","og_image":[{"width":758,"height":408,"url":"https:\/\/www.gaveanews.com\/wp-content\/uploads\/Rogerio-Ceni-comemora-pelo-Bahia.webp","type":"image\/jpeg"}],"author":"Paula Silva","twitter_card":"summary_large_image","twitter_misc":{"Escrito por":"Paula Silva","Est. tempo de leitura":"3 minutos"},"schema":{"@context":"https:\/\/schema.org","@graph":[{"@type":"NewsArticle","@id":"https:\/\/www.gaveanews.com\/index.php\/2025\/04\/26\/bahia-rogerio-ceni-alcanca-marca-importante-na-libertadores\/#article","isPartOf":{"@id":"https:\/\/www.gaveanews.com\/index.php\/2025\/04\/26\/bahia-rogerio-ceni-alcanca-marca-importante-na-libertadores\/"},"author":{"name":"Paula Silva","@id":"https:\/\/www.gaveanews.com\/#\/schema\/person\/daf63eec72e1164eb13dc35096c2b8da"},"headline":"Bahia: Rog\u00e9rio Ceni alcan\u00e7a marca importante na Libertadores","datePublished":"2025-04-26T03:15:19+00:00","mainEntityOfPage":{"@id":"https:\/\/www.gaveanews.com\/index.php\/2025\/04\/26\/bahia-rogerio-ceni-alcanca-marca-importante-na-libertadores\/"},"wordCount":389,"commentCount":0,"image":{"@id":"https:\/\/www.gaveanews.com\/index.php\/2025\/04\/26\/bahia-rogerio-ceni-alcanca-marca-importante-na-libertadores\/#primaryimage"},"thumbnailUrl":"https:\/\/www.gaveanews.com\/wp-content\/uploads\/Rogerio-Ceni-comemora-pelo-Bahia.webp","articleSection":["Bahia"],"inLanguage":"pt-BR","potentialAction":[{"@type":"CommentAction","name":"Comment","target":["https:\/\/www.gaveanews.com\/index.php\/2025\/04\/26\/bahia-rogerio-ceni-alcanca-marca-importante-na-libertadores\/#respond"]}],"copyrightYear":"2025","copyrightHolder":{"@id":"https:\/\/www.gaveanews.com\/#organization"}},{"@type":"WebPage","@id":"https:\/\/www.gaveanews.com\/index.php\/2025\/04\/26\/bahia-rogerio-ceni-alcanca-marca-importante-na-libertadores\/","url":"https:\/\/www.gaveanews.com\/index.php\/2025\/04\/26\/bahia-rogerio-ceni-alcanca-marca-importante-na-libertadores\/","name":"Bahia: Rog\u00e9rio Ceni alcan\u00e7a marca importante na Libertadores","isPartOf":{"@id":"https:\/\/www.gaveanews.com\/#website"},"primaryImageOfPage":{"@id":"https:\/\/www.gaveanews.com\/index.php\/2025\/04\/26\/bahia-rogerio-ceni-alcanca-marca-importante-na-libertadores\/#primaryimage"},"image":{"@id":"https:\/\/www.gaveanews.com\/index.php\/2025\/04\/26\/bahia-rogerio-ceni-alcanca-marca-importante-na-libertadores\/#primaryimage"},"thumbnailUrl":"https:\/\/www.gaveanews.com\/wp-content\/uploads\/Rogerio-Ceni-comemora-pelo-Bahia.webp","datePublished":"2025-04-26T03:15:19+00:00","author":{"@id":"https:\/\/www.gaveanews.com\/#\/schema\/person\/daf63eec72e1164eb13dc35096c2b8da"},"breadcrumb":{"@id":"https:\/\/www.gaveanews.com\/index.php\/2025\/04\/26\/bahia-rogerio-ceni-alcanca-marca-importante-na-libertadores\/#breadcrumb"},"inLanguage":"pt-BR","potentialAction":[{"@type":"ReadAction","target":["https:\/\/www.gaveanews.com\/index.php\/2025\/04\/26\/bahia-rogerio-ceni-alcanca-marca-importante-na-libertadores\/"]}]},{"@type":"ImageObject","inLanguage":"pt-BR","@id":"https:\/\/www.gaveanews.com\/index.php\/2025\/04\/26\/bahia-rogerio-ceni-alcanca-marca-importante-na-libertadores\/#primaryimage","url":"https:\/\/www.gaveanews.com\/wp-content\/uploads\/Rogerio-Ceni-comemora-pelo-Bahia.webp","contentUrl":"https:\/\/www.gaveanews.com\/wp-content\/uploads\/Rogerio-Ceni-comemora-pelo-Bahia.webp","width":758,"height":408,"caption":"Rog\u00e9rio Ceni comemora pelo Bahia (Fotos: Let\u00edcia Martins \/ EC Bahia)"},{"@type":"BreadcrumbList","@id":"https:\/\/www.gaveanews.com\/index.php\/2025\/04\/26\/bahia-rogerio-ceni-alcanca-marca-importante-na-libertadores\/#breadcrumb","itemListElement":[{"@type":"ListItem","position":1,"name":"Home","item":"https:\/\/www.gaveanews.com\/"},{"@type":"ListItem","position":2,"name":"Bahia: Rog\u00e9rio Ceni alcan\u00e7a marca importante na Libertadores"}]},{"@type":"WebSite","@id":"https:\/\/www.gaveanews.com\/#website","url":"https:\/\/www.gaveanews.com\/","name":"G\u00e1vea News","description":"Veja todas as not\u00edcias sobre o Flamengo: Contrata\u00e7\u00f5es, categorias de base, resultados das partidas, tabela de classifica\u00e7\u00e3o, pr\u00f3ximos jogos!","potentialAction":[{"@type":"SearchAction","target":{"@type":"EntryPoint","urlTemplate":"https:\/\/www.gaveanews.com\/?s={search_term_string}"},"query-input":{"@type":"PropertyValueSpecification","valueRequired":true,"valueName":"search_term_string"}}],"inLanguage":"pt-BR"},{"@type":"Person","@id":"https:\/\/www.gaveanews.com\/#\/schema\/person\/daf63eec72e1164eb13dc35096c2b8da","name":"Paula Silva","image":{"@type":"ImageObject","inLanguage":"pt-BR","@id":"https:\/\/www.gaveanews.com\/#\/schema\/person\/image\/","url":"https:\/\/secure.gravatar.com\/avatar\/eda381c845527cc5d64c13b901833cda29d97500ba040d3e6461f76f51d163bb?s=96&d=mm&r=g","contentUrl":"https:\/\/secure.gravatar.com\/avatar\/eda381c845527cc5d64c13b901833cda29d97500ba040d3e6461f76f51d163bb?s=96&d=mm&r=g","caption":"Paula Silva"}}]}},"_links":{"self":[{"href":"https:\/\/www.gaveanews.com\/index.php\/wp-json\/wp\/v2\/posts\/257809","targetHints":{"allow":["GET"]}}],"collection":[{"href":"https:\/\/www.gaveanews.com\/index.php\/wp-json\/wp\/v2\/posts"}],"about":[{"href":"https:\/\/www.gaveanews.com\/index.php\/wp-json\/wp\/v2\/types\/post"}],"author":[{"embeddable":true,"href":"https:\/\/www.gaveanews.com\/index.php\/wp-json\/wp\/v2\/users\/18"}],"replies":[{"embeddable":true,"href":"https:\/\/www.gaveanews.com\/index.php\/wp-json\/wp\/v2\/comments?post=257809"}],"version-history":[{"count":1,"href":"https:\/\/www.gaveanews.com\/index.php\/wp-json\/wp\/v2\/posts\/257809\/revisions"}],"predecessor-version":[{"id":257815,"href":"https:\/\/www.gaveanews.com\/index.php\/wp-json\/wp\/v2\/posts\/257809\/revisions\/257815"}],"wp:featuredmedia":[{"embeddable":true,"href":"https:\/\/www.gaveanews.com\/index.php\/wp-json\/wp\/v2\/media\/251412"}],"wp:attachment":[{"href":"https:\/\/www.gaveanews.com\/index.php\/wp-json\/wp\/v2\/media?parent=257809"}],"wp:term":[{"taxonomy":"category","embeddable":true,"href":"https:\/\/www.gaveanews.com\/index.php\/wp-json\/wp\/v2\/categories?post=257809"},{"taxonomy":"post_tag","embeddable":true,"href":"https:\/\/www.gaveanews.com\/index.php\/wp-json\/wp\/v2\/tags?post=257809"}],"curies":[{"name":"wp","href":"https:\/\/api.w.org\/{rel}","templated":true}]}}