{"id":257826,"date":"2025-04-25T23:15:00","date_gmt":"2025-04-26T02:15:00","guid":{"rendered":"https:\/\/www.gaveanews.com\/?p=257826"},"modified":"2025-04-25T20:06:02","modified_gmt":"2025-04-25T23:06:02","slug":"presidente-do-corinthians-se-manifesta-sobre-chegada-de-gabigol-do-cruzeiro","status":"publish","type":"post","link":"https:\/\/www.gaveanews.com\/index.php\/2025\/04\/25\/presidente-do-corinthians-se-manifesta-sobre-chegada-de-gabigol-do-cruzeiro\/","title":{"rendered":"Presidente do Corinthians se manifesta sobre chegada de Gabigol, do Cruzeiro"},"content":{"rendered":"\n<p>O presidente do Corinthians, Augusto Melo, voltou a demonstrar interesse na contrata\u00e7\u00e3o do atacante Gabigol, atualmente no Cruzeiro. Em declara\u00e7\u00e3o recente, Augusto admitiu que o sonho de contar com o jogador no elenco alvinegro ainda permanece vivo, apesar das dificuldades financeiras enfrentadas pelo clube nos \u00faltimos tempos.<\/p>\n\n\n\n<p>Conforme relatado pelo dirigente, o desejo de trazer Gabigol \u00e0s fileiras corinthianas \u00e9 antigo. &#8220;Eu tinha um desejo, mas a gente sabia que era um jogador muito caro e muito dif\u00edcil devido \u00e0s dificuldades financeiras do clube. Quando sa\u00edam as brincadeiras, at\u00e9 mesmo quando aconteceu com a camisa do Corinthians, eu deixava claro: ele tem a cara do Corinthians. \u00c9 um sonho&#8221;, revelou Augusto Melo.<\/p>\n\n\n\n<figure class=\"wp-block-image size-large\"><img loading=\"lazy\" decoding=\"async\" width=\"1024\" height=\"768\" src=\"http:\/\/www.gaveanews.com\/wp-content\/uploads\/Gabigol-com-a-camisa-do-Cruzeiro-1024x768.webp\" alt=\"\" class=\"wp-image-206773\" srcset=\"https:\/\/www.gaveanews.com\/wp-content\/uploads\/Gabigol-com-a-camisa-do-Cruzeiro-1024x768.webp 1024w, https:\/\/www.gaveanews.com\/wp-content\/uploads\/Gabigol-com-a-camisa-do-Cruzeiro-300x225.webp 300w, https:\/\/www.gaveanews.com\/wp-content\/uploads\/Gabigol-com-a-camisa-do-Cruzeiro-768x576.webp 768w, https:\/\/www.gaveanews.com\/wp-content\/uploads\/Gabigol-com-a-camisa-do-Cruzeiro-560x420.webp 560w, https:\/\/www.gaveanews.com\/wp-content\/uploads\/Gabigol-com-a-camisa-do-Cruzeiro-1119x840.webp 1119w, https:\/\/www.gaveanews.com\/wp-content\/uploads\/Gabigol-com-a-camisa-do-Cruzeiro-80x60.webp 80w, https:\/\/www.gaveanews.com\/wp-content\/uploads\/Gabigol-com-a-camisa-do-Cruzeiro-160x120.webp 160w, https:\/\/www.gaveanews.com\/wp-content\/uploads\/Gabigol-com-a-camisa-do-Cruzeiro-100x75.webp 100w, https:\/\/www.gaveanews.com\/wp-content\/uploads\/Gabigol-com-a-camisa-do-Cruzeiro-200x150.webp 200w, https:\/\/www.gaveanews.com\/wp-content\/uploads\/Gabigol-com-a-camisa-do-Cruzeiro-180x135.webp 180w, https:\/\/www.gaveanews.com\/wp-content\/uploads\/Gabigol-com-a-camisa-do-Cruzeiro-360x270.webp 360w, https:\/\/www.gaveanews.com\/wp-content\/uploads\/Gabigol-com-a-camisa-do-Cruzeiro-238x178.webp 238w, https:\/\/www.gaveanews.com\/wp-content\/uploads\/Gabigol-com-a-camisa-do-Cruzeiro-476x356.webp 476w, https:\/\/www.gaveanews.com\/wp-content\/uploads\/Gabigol-com-a-camisa-do-Cruzeiro-640x480.webp 640w, https:\/\/www.gaveanews.com\/wp-content\/uploads\/Gabigol-com-a-camisa-do-Cruzeiro-1280x960.webp 1280w, https:\/\/www.gaveanews.com\/wp-content\/uploads\/Gabigol-com-a-camisa-do-Cruzeiro-681x511.webp 681w, https:\/\/www.gaveanews.com\/wp-content\/uploads\/Gabigol-com-a-camisa-do-Cruzeiro.webp 1350w\" sizes=\"auto, (max-width: 1024px) 100vw, 1024px\" \/><figcaption class=\"wp-element-caption\">Gabigol com a camisa do Cruzeiro (Foto: Reprodu\u00e7\u00e3o\/Instagram)<\/figcaption><\/figure>\n\n\n\n<p>Ali\u00e1s, as tratativas para uma poss\u00edvel vinda do atacante n\u00e3o foram simples. O presidente contou que houve conversas com Gabigol, mas que, naquele momento, a alta multa rescis\u00f3ria e o bom momento do jogador no Flamengo tornaram o acordo invi\u00e1vel. &#8220;Eu como presidente, era o m\u00ednimo eu fazer o meu m\u00e1ximo pra tentar traz\u00ea-lo. Tivemos algumas conversas, mas infelizmente existia uma multa muito alta e ele estava bem no Flamengo&#8221;, afirmou.<\/p>\n\n\n\n<p>Atualmente, Gabigol defende o Cruzeiro, clube com o qual assinou contrato por quatro temporadas. Entretanto, a passagem do atacante pela equipe mineira tem gerado frustra\u00e7\u00f5es internas, o que, eventualmente, pode abrir caminho para sua sa\u00edda na pr\u00f3xima janela de transfer\u00eancias.<\/p>\n\n\n\n<p>Sobretudo, Augusto Melo n\u00e3o descarta a possibilidade de uma futura investida. &#8220;De repente, quem sabe n\u00e9 (contrat\u00e1-lo)&#8230; Porque jogador \u00e9 assim, tem hora que acaba fechando o neg\u00f3cio. Era um jogador que eu queria muito&#8221;, completou o mandat\u00e1rio corinthiano.<\/p>\n\n\n\n<p>Portanto, a hist\u00f3ria entre Gabigol e o Corinthians permanece viva na mem\u00f3ria dos torcedores, principalmente ap\u00f3s o epis\u00f3dio da foto vazada em que o atacante aparecia com a camisa do clube paulista. Em suma, a esperan\u00e7a de um futuro acerto, ainda que remota, segue alimentada pelas palavras do presidente.<\/p>\n","protected":false},"excerpt":{"rendered":"<p>O presidente do Corinthians, Augusto Melo, voltou a demonstrar interesse na contrata\u00e7\u00e3o do atacante Gabigol, atualmente no Cruzeiro. Em declara\u00e7\u00e3o recente, Augusto admitiu que o sonho de contar com o jogador no elenco alvinegro ainda permanece vivo, apesar das dificuldades financeiras enfrentadas pelo clube nos \u00faltimos tempos. Conforme relatado pelo dirigente, o desejo de trazer [&hellip;]<\/p>\n","protected":false},"author":33,"featured_media":146951,"comment_status":"open","ping_status":"closed","sticky":false,"template":"","format":"standard","meta":{"footnotes":""},"categories":[141],"tags":[],"class_list":["post-257826","post","type-post","status-publish","format-standard","has-post-thumbnail","hentry","category-corinthians"],"yoast_head":"<!-- This site is optimized with the Yoast SEO Premium plugin v24.2 (Yoast SEO v26.9) - https:\/\/yoast.com\/product\/yoast-seo-premium-wordpress\/ -->\n<title>Presidente do Corinthians se manifesta sobre chegada de Gabigol, do Cruzeiro<\/title>\n<meta name=\"robots\" content=\"index, follow, max-snippet:-1, max-image-preview:large, max-video-preview:-1\" \/>\n<link rel=\"canonical\" href=\"https:\/\/www.gaveanews.com\/index.php\/2025\/04\/25\/presidente-do-corinthians-se-manifesta-sobre-chegada-de-gabigol-do-cruzeiro\/\" \/>\n<meta property=\"og:locale\" content=\"pt_BR\" \/>\n<meta property=\"og:type\" content=\"article\" \/>\n<meta property=\"og:title\" content=\"Presidente do Corinthians se manifesta sobre chegada de Gabigol, do Cruzeiro\" \/>\n<meta property=\"og:description\" content=\"O presidente do Corinthians, Augusto Melo, voltou a demonstrar interesse na contrata\u00e7\u00e3o do atacante Gabigol, atualmente no Cruzeiro. Em declara\u00e7\u00e3o recente, Augusto admitiu que o sonho de contar com o jogador no elenco alvinegro ainda permanece vivo, apesar das dificuldades financeiras enfrentadas pelo clube nos \u00faltimos tempos. Conforme relatado pelo dirigente, o desejo de trazer [&hellip;]\" \/>\n<meta property=\"og:url\" content=\"https:\/\/www.gaveanews.com\/index.php\/2025\/04\/25\/presidente-do-corinthians-se-manifesta-sobre-chegada-de-gabigol-do-cruzeiro\/\" \/>\n<meta property=\"og:site_name\" content=\"G\u00e1vea News\" \/>\n<meta property=\"article:publisher\" content=\"https:\/\/facebook.com\/gaveaNews\/\" \/>\n<meta property=\"article:published_time\" content=\"2025-04-26T02:15:00+00:00\" \/>\n<meta property=\"og:image\" content=\"https:\/\/www.gaveanews.com\/wp-content\/uploads\/Escudo-do-Corinthians.webp\" \/>\n\t<meta property=\"og:image:width\" content=\"1000\" \/>\n\t<meta property=\"og:image:height\" content=\"667\" \/>\n\t<meta property=\"og:image:type\" content=\"image\/webp\" \/>\n<meta name=\"author\" content=\"Brenda Cezillo\" \/>\n<meta name=\"twitter:card\" content=\"summary_large_image\" \/>\n<meta name=\"twitter:label1\" content=\"Escrito por\" \/>\n\t<meta name=\"twitter:data1\" content=\"Brenda Cezillo\" \/>\n\t<meta name=\"twitter:label2\" content=\"Est. tempo de leitura\" \/>\n\t<meta name=\"twitter:data2\" content=\"3 minutos\" \/>\n<script type=\"application\/ld+json\" class=\"yoast-schema-graph\">{\"@context\":\"https:\/\/schema.org\",\"@graph\":[{\"@type\":\"NewsArticle\",\"@id\":\"https:\/\/www.gaveanews.com\/index.php\/2025\/04\/25\/presidente-do-corinthians-se-manifesta-sobre-chegada-de-gabigol-do-cruzeiro\/#article\",\"isPartOf\":{\"@id\":\"https:\/\/www.gaveanews.com\/index.php\/2025\/04\/25\/presidente-do-corinthians-se-manifesta-sobre-chegada-de-gabigol-do-cruzeiro\/\"},\"author\":{\"name\":\"Brenda Cezillo\",\"@id\":\"https:\/\/www.gaveanews.com\/#\/schema\/person\/c79759ca337c40791ae8d08e2923d403\"},\"headline\":\"Presidente do Corinthians se manifesta sobre chegada de Gabigol, do Cruzeiro\",\"datePublished\":\"2025-04-26T02:15:00+00:00\",\"mainEntityOfPage\":{\"@id\":\"https:\/\/www.gaveanews.com\/index.php\/2025\/04\/25\/presidente-do-corinthians-se-manifesta-sobre-chegada-de-gabigol-do-cruzeiro\/\"},\"wordCount\":354,\"commentCount\":0,\"image\":{\"@id\":\"https:\/\/www.gaveanews.com\/index.php\/2025\/04\/25\/presidente-do-corinthians-se-manifesta-sobre-chegada-de-gabigol-do-cruzeiro\/#primaryimage\"},\"thumbnailUrl\":\"https:\/\/www.gaveanews.com\/wp-content\/uploads\/Escudo-do-Corinthians.webp\",\"articleSection\":[\"Corinthians\"],\"inLanguage\":\"pt-BR\",\"potentialAction\":[{\"@type\":\"CommentAction\",\"name\":\"Comment\",\"target\":[\"https:\/\/www.gaveanews.com\/index.php\/2025\/04\/25\/presidente-do-corinthians-se-manifesta-sobre-chegada-de-gabigol-do-cruzeiro\/#respond\"]}],\"copyrightYear\":\"2025\",\"copyrightHolder\":{\"@id\":\"https:\/\/www.gaveanews.com\/#organization\"}},{\"@type\":\"WebPage\",\"@id\":\"https:\/\/www.gaveanews.com\/index.php\/2025\/04\/25\/presidente-do-corinthians-se-manifesta-sobre-chegada-de-gabigol-do-cruzeiro\/\",\"url\":\"https:\/\/www.gaveanews.com\/index.php\/2025\/04\/25\/presidente-do-corinthians-se-manifesta-sobre-chegada-de-gabigol-do-cruzeiro\/\",\"name\":\"Presidente do Corinthians se manifesta sobre chegada de Gabigol, do Cruzeiro\",\"isPartOf\":{\"@id\":\"https:\/\/www.gaveanews.com\/#website\"},\"primaryImageOfPage\":{\"@id\":\"https:\/\/www.gaveanews.com\/index.php\/2025\/04\/25\/presidente-do-corinthians-se-manifesta-sobre-chegada-de-gabigol-do-cruzeiro\/#primaryimage\"},\"image\":{\"@id\":\"https:\/\/www.gaveanews.com\/index.php\/2025\/04\/25\/presidente-do-corinthians-se-manifesta-sobre-chegada-de-gabigol-do-cruzeiro\/#primaryimage\"},\"thumbnailUrl\":\"https:\/\/www.gaveanews.com\/wp-content\/uploads\/Escudo-do-Corinthians.webp\",\"datePublished\":\"2025-04-26T02:15:00+00:00\",\"author\":{\"@id\":\"https:\/\/www.gaveanews.com\/#\/schema\/person\/c79759ca337c40791ae8d08e2923d403\"},\"breadcrumb\":{\"@id\":\"https:\/\/www.gaveanews.com\/index.php\/2025\/04\/25\/presidente-do-corinthians-se-manifesta-sobre-chegada-de-gabigol-do-cruzeiro\/#breadcrumb\"},\"inLanguage\":\"pt-BR\",\"potentialAction\":[{\"@type\":\"ReadAction\",\"target\":[\"https:\/\/www.gaveanews.com\/index.php\/2025\/04\/25\/presidente-do-corinthians-se-manifesta-sobre-chegada-de-gabigol-do-cruzeiro\/\"]}]},{\"@type\":\"ImageObject\",\"inLanguage\":\"pt-BR\",\"@id\":\"https:\/\/www.gaveanews.com\/index.php\/2025\/04\/25\/presidente-do-corinthians-se-manifesta-sobre-chegada-de-gabigol-do-cruzeiro\/#primaryimage\",\"url\":\"https:\/\/www.gaveanews.com\/wp-content\/uploads\/Escudo-do-Corinthians.webp\",\"contentUrl\":\"https:\/\/www.gaveanews.com\/wp-content\/uploads\/Escudo-do-Corinthians.webp\",\"width\":1000,\"height\":667,\"caption\":\"Escudo do Corinthians (Foto Reprodu\u00e7\u00e3o\/Instagram)\"},{\"@type\":\"BreadcrumbList\",\"@id\":\"https:\/\/www.gaveanews.com\/index.php\/2025\/04\/25\/presidente-do-corinthians-se-manifesta-sobre-chegada-de-gabigol-do-cruzeiro\/#breadcrumb\",\"itemListElement\":[{\"@type\":\"ListItem\",\"position\":1,\"name\":\"Home\",\"item\":\"https:\/\/www.gaveanews.com\/\"},{\"@type\":\"ListItem\",\"position\":2,\"name\":\"Presidente do Corinthians se manifesta sobre chegada de Gabigol, do Cruzeiro\"}]},{\"@type\":\"WebSite\",\"@id\":\"https:\/\/www.gaveanews.com\/#website\",\"url\":\"https:\/\/www.gaveanews.com\/\",\"name\":\"G\u00e1vea News\",\"description\":\"Veja todas as not\u00edcias sobre o Flamengo: Contrata\u00e7\u00f5es, categorias de base, resultados das partidas, tabela de classifica\u00e7\u00e3o, pr\u00f3ximos jogos!\",\"potentialAction\":[{\"@type\":\"SearchAction\",\"target\":{\"@type\":\"EntryPoint\",\"urlTemplate\":\"https:\/\/www.gaveanews.com\/?s={search_term_string}\"},\"query-input\":{\"@type\":\"PropertyValueSpecification\",\"valueRequired\":true,\"valueName\":\"search_term_string\"}}],\"inLanguage\":\"pt-BR\"},{\"@type\":\"Person\",\"@id\":\"https:\/\/www.gaveanews.com\/#\/schema\/person\/c79759ca337c40791ae8d08e2923d403\",\"name\":\"Brenda Cezillo\",\"image\":{\"@type\":\"ImageObject\",\"inLanguage\":\"pt-BR\",\"@id\":\"https:\/\/www.gaveanews.com\/#\/schema\/person\/image\/\",\"url\":\"https:\/\/secure.gravatar.com\/avatar\/1738d75cee7317f9c29ae61dd67620c5883d80a92e42a6fff88ae5d527af217a?s=96&d=mm&r=g\",\"contentUrl\":\"https:\/\/secure.gravatar.com\/avatar\/1738d75cee7317f9c29ae61dd67620c5883d80a92e42a6fff88ae5d527af217a?s=96&d=mm&r=g\",\"caption\":\"Brenda Cezillo\"}}]}<\/script>\n<!-- \/ Yoast SEO Premium plugin. -->","yoast_head_json":{"title":"Presidente do Corinthians se manifesta sobre chegada de Gabigol, do Cruzeiro","robots":{"index":"index","follow":"follow","max-snippet":"max-snippet:-1","max-image-preview":"max-image-preview:large","max-video-preview":"max-video-preview:-1"},"canonical":"https:\/\/www.gaveanews.com\/index.php\/2025\/04\/25\/presidente-do-corinthians-se-manifesta-sobre-chegada-de-gabigol-do-cruzeiro\/","og_locale":"pt_BR","og_type":"article","og_title":"Presidente do Corinthians se manifesta sobre chegada de Gabigol, do Cruzeiro","og_description":"O presidente do Corinthians, Augusto Melo, voltou a demonstrar interesse na contrata\u00e7\u00e3o do atacante Gabigol, atualmente no Cruzeiro. Em declara\u00e7\u00e3o recente, Augusto admitiu que o sonho de contar com o jogador no elenco alvinegro ainda permanece vivo, apesar das dificuldades financeiras enfrentadas pelo clube nos \u00faltimos tempos. Conforme relatado pelo dirigente, o desejo de trazer [&hellip;]","og_url":"https:\/\/www.gaveanews.com\/index.php\/2025\/04\/25\/presidente-do-corinthians-se-manifesta-sobre-chegada-de-gabigol-do-cruzeiro\/","og_site_name":"G\u00e1vea News","article_publisher":"https:\/\/facebook.com\/gaveaNews\/","article_published_time":"2025-04-26T02:15:00+00:00","og_image":[{"width":1000,"height":667,"url":"https:\/\/www.gaveanews.com\/wp-content\/uploads\/Escudo-do-Corinthians.webp","type":"image\/webp"}],"author":"Brenda Cezillo","twitter_card":"summary_large_image","twitter_misc":{"Escrito por":"Brenda Cezillo","Est. tempo de leitura":"3 minutos"},"schema":{"@context":"https:\/\/schema.org","@graph":[{"@type":"NewsArticle","@id":"https:\/\/www.gaveanews.com\/index.php\/2025\/04\/25\/presidente-do-corinthians-se-manifesta-sobre-chegada-de-gabigol-do-cruzeiro\/#article","isPartOf":{"@id":"https:\/\/www.gaveanews.com\/index.php\/2025\/04\/25\/presidente-do-corinthians-se-manifesta-sobre-chegada-de-gabigol-do-cruzeiro\/"},"author":{"name":"Brenda Cezillo","@id":"https:\/\/www.gaveanews.com\/#\/schema\/person\/c79759ca337c40791ae8d08e2923d403"},"headline":"Presidente do Corinthians se manifesta sobre chegada de Gabigol, do Cruzeiro","datePublished":"2025-04-26T02:15:00+00:00","mainEntityOfPage":{"@id":"https:\/\/www.gaveanews.com\/index.php\/2025\/04\/25\/presidente-do-corinthians-se-manifesta-sobre-chegada-de-gabigol-do-cruzeiro\/"},"wordCount":354,"commentCount":0,"image":{"@id":"https:\/\/www.gaveanews.com\/index.php\/2025\/04\/25\/presidente-do-corinthians-se-manifesta-sobre-chegada-de-gabigol-do-cruzeiro\/#primaryimage"},"thumbnailUrl":"https:\/\/www.gaveanews.com\/wp-content\/uploads\/Escudo-do-Corinthians.webp","articleSection":["Corinthians"],"inLanguage":"pt-BR","potentialAction":[{"@type":"CommentAction","name":"Comment","target":["https:\/\/www.gaveanews.com\/index.php\/2025\/04\/25\/presidente-do-corinthians-se-manifesta-sobre-chegada-de-gabigol-do-cruzeiro\/#respond"]}],"copyrightYear":"2025","copyrightHolder":{"@id":"https:\/\/www.gaveanews.com\/#organization"}},{"@type":"WebPage","@id":"https:\/\/www.gaveanews.com\/index.php\/2025\/04\/25\/presidente-do-corinthians-se-manifesta-sobre-chegada-de-gabigol-do-cruzeiro\/","url":"https:\/\/www.gaveanews.com\/index.php\/2025\/04\/25\/presidente-do-corinthians-se-manifesta-sobre-chegada-de-gabigol-do-cruzeiro\/","name":"Presidente do Corinthians se manifesta sobre chegada de Gabigol, do Cruzeiro","isPartOf":{"@id":"https:\/\/www.gaveanews.com\/#website"},"primaryImageOfPage":{"@id":"https:\/\/www.gaveanews.com\/index.php\/2025\/04\/25\/presidente-do-corinthians-se-manifesta-sobre-chegada-de-gabigol-do-cruzeiro\/#primaryimage"},"image":{"@id":"https:\/\/www.gaveanews.com\/index.php\/2025\/04\/25\/presidente-do-corinthians-se-manifesta-sobre-chegada-de-gabigol-do-cruzeiro\/#primaryimage"},"thumbnailUrl":"https:\/\/www.gaveanews.com\/wp-content\/uploads\/Escudo-do-Corinthians.webp","datePublished":"2025-04-26T02:15:00+00:00","author":{"@id":"https:\/\/www.gaveanews.com\/#\/schema\/person\/c79759ca337c40791ae8d08e2923d403"},"breadcrumb":{"@id":"https:\/\/www.gaveanews.com\/index.php\/2025\/04\/25\/presidente-do-corinthians-se-manifesta-sobre-chegada-de-gabigol-do-cruzeiro\/#breadcrumb"},"inLanguage":"pt-BR","potentialAction":[{"@type":"ReadAction","target":["https:\/\/www.gaveanews.com\/index.php\/2025\/04\/25\/presidente-do-corinthians-se-manifesta-sobre-chegada-de-gabigol-do-cruzeiro\/"]}]},{"@type":"ImageObject","inLanguage":"pt-BR","@id":"https:\/\/www.gaveanews.com\/index.php\/2025\/04\/25\/presidente-do-corinthians-se-manifesta-sobre-chegada-de-gabigol-do-cruzeiro\/#primaryimage","url":"https:\/\/www.gaveanews.com\/wp-content\/uploads\/Escudo-do-Corinthians.webp","contentUrl":"https:\/\/www.gaveanews.com\/wp-content\/uploads\/Escudo-do-Corinthians.webp","width":1000,"height":667,"caption":"Escudo do Corinthians (Foto Reprodu\u00e7\u00e3o\/Instagram)"},{"@type":"BreadcrumbList","@id":"https:\/\/www.gaveanews.com\/index.php\/2025\/04\/25\/presidente-do-corinthians-se-manifesta-sobre-chegada-de-gabigol-do-cruzeiro\/#breadcrumb","itemListElement":[{"@type":"ListItem","position":1,"name":"Home","item":"https:\/\/www.gaveanews.com\/"},{"@type":"ListItem","position":2,"name":"Presidente do Corinthians se manifesta sobre chegada de Gabigol, do Cruzeiro"}]},{"@type":"WebSite","@id":"https:\/\/www.gaveanews.com\/#website","url":"https:\/\/www.gaveanews.com\/","name":"G\u00e1vea News","description":"Veja todas as not\u00edcias sobre o Flamengo: Contrata\u00e7\u00f5es, categorias de base, resultados das partidas, tabela de classifica\u00e7\u00e3o, pr\u00f3ximos jogos!","potentialAction":[{"@type":"SearchAction","target":{"@type":"EntryPoint","urlTemplate":"https:\/\/www.gaveanews.com\/?s={search_term_string}"},"query-input":{"@type":"PropertyValueSpecification","valueRequired":true,"valueName":"search_term_string"}}],"inLanguage":"pt-BR"},{"@type":"Person","@id":"https:\/\/www.gaveanews.com\/#\/schema\/person\/c79759ca337c40791ae8d08e2923d403","name":"Brenda Cezillo","image":{"@type":"ImageObject","inLanguage":"pt-BR","@id":"https:\/\/www.gaveanews.com\/#\/schema\/person\/image\/","url":"https:\/\/secure.gravatar.com\/avatar\/1738d75cee7317f9c29ae61dd67620c5883d80a92e42a6fff88ae5d527af217a?s=96&d=mm&r=g","contentUrl":"https:\/\/secure.gravatar.com\/avatar\/1738d75cee7317f9c29ae61dd67620c5883d80a92e42a6fff88ae5d527af217a?s=96&d=mm&r=g","caption":"Brenda Cezillo"}}]}},"_links":{"self":[{"href":"https:\/\/www.gaveanews.com\/index.php\/wp-json\/wp\/v2\/posts\/257826","targetHints":{"allow":["GET"]}}],"collection":[{"href":"https:\/\/www.gaveanews.com\/index.php\/wp-json\/wp\/v2\/posts"}],"about":[{"href":"https:\/\/www.gaveanews.com\/index.php\/wp-json\/wp\/v2\/types\/post"}],"author":[{"embeddable":true,"href":"https:\/\/www.gaveanews.com\/index.php\/wp-json\/wp\/v2\/users\/33"}],"replies":[{"embeddable":true,"href":"https:\/\/www.gaveanews.com\/index.php\/wp-json\/wp\/v2\/comments?post=257826"}],"version-history":[{"count":1,"href":"https:\/\/www.gaveanews.com\/index.php\/wp-json\/wp\/v2\/posts\/257826\/revisions"}],"predecessor-version":[{"id":257833,"href":"https:\/\/www.gaveanews.com\/index.php\/wp-json\/wp\/v2\/posts\/257826\/revisions\/257833"}],"wp:featuredmedia":[{"embeddable":true,"href":"https:\/\/www.gaveanews.com\/index.php\/wp-json\/wp\/v2\/media\/146951"}],"wp:attachment":[{"href":"https:\/\/www.gaveanews.com\/index.php\/wp-json\/wp\/v2\/media?parent=257826"}],"wp:term":[{"taxonomy":"category","embeddable":true,"href":"https:\/\/www.gaveanews.com\/index.php\/wp-json\/wp\/v2\/categories?post=257826"},{"taxonomy":"post_tag","embeddable":true,"href":"https:\/\/www.gaveanews.com\/index.php\/wp-json\/wp\/v2\/tags?post=257826"}],"curies":[{"name":"wp","href":"https:\/\/api.w.org\/{rel}","templated":true}]}}