{"id":257829,"date":"2025-04-25T20:35:01","date_gmt":"2025-04-25T23:35:01","guid":{"rendered":"https:\/\/www.gaveanews.com\/?p=257829"},"modified":"2025-04-25T20:35:07","modified_gmt":"2025-04-25T23:35:07","slug":"novorizontino-x-athletico-pr-a-declaracao-de-mauricio-barbieri","status":"publish","type":"post","link":"https:\/\/www.gaveanews.com\/index.php\/2025\/04\/25\/novorizontino-x-athletico-pr-a-declaracao-de-mauricio-barbieri\/","title":{"rendered":"Novorizontino x Athletico-PR: a declara\u00e7\u00e3o de Maur\u00edcio Barbieri"},"content":{"rendered":"\n<h2 class=\"wp-block-heading\" id=\"h-nao-conseguimos-implementar-a-proposta-disse-o-treinador\">&#8220;N\u00e3o conseguimos implementar a proposta&#8230;&#8221;, disse o treinador<\/h2>\n\n\n\n<p>Renan Peixoto at\u00e9 marcou, mas Pablo Dyego foi \u00e0s redes duas vezes e garantiu a vit\u00f3ria do Novorizontino sobre o Athletico por 2 a 1, na noite da \u00faltima quinta-feira (24). Em entrevista coletiva ap\u00f3s o jogo, o t\u00e9cnico Maur\u00edcio Barbieri reconheceu erros da equipe na partida, mas mostrou confian\u00e7a no elenco. <\/p>\n\n\n\n<p>&#8220;No primeiro tempo a gente ficou muito aqu\u00e9m do que \u00e9 capaz. N\u00e3o conseguimos implementar a proposta de pressionar e ser agressivo, aceitamos demais o jogos deles, a gente n\u00e3o estava se encontrando. No segundo tempo, com as trocas e com a mudan\u00e7a de postura, a gente voltou bem, com uma bola na trave e empatamos. O jogo estava controlado at\u00e9 que sofremos um contra-ataque em um erro nosso, temos pagado muito caro pelos erros&#8221;, iniciou.<\/p>\n\n\n\n<p>&#8220;Vir aqui \u00e9 complicado, um advers\u00e1rio que est\u00e1 acostumado com a competi\u00e7\u00e3o, bateu duas vezes na trave (pelo acesso \u00e0 S\u00e9rie A), mas o discurso \u00e9 que n\u00e3o podemos aceitar vir aqui e n\u00e3o pontuar. Precisamos amadurecer como equipe, corrigir rapidamente os erros porque estamos pagando caro demais. Temos que buscar o caminho da consist\u00eancia para fazer dois tempos iguais, em alto n\u00edvel&#8221;, acrescentou o treinador.<\/p>\n\n\n\n<p>Na coletiva, o treinador novamente falou sobre as cobran\u00e7as por melhores atua\u00e7\u00f5es da equipe. Mesmo com a derrota, Barbieri disse que confia no acesso para a S\u00e9rie A e afirmou que o Furac\u00e3o ir\u00e1 atr\u00e1s do t\u00edtulo da competi\u00e7\u00e3o.<\/p>\n\n\n\n<p>&#8220;Entendo a responsabilidade que temos na S\u00e9rie B, entendo as cobran\u00e7as e que temos condi\u00e7\u00e3o de render mais. Temos margem de evolu\u00e7\u00e3o, vejo isso com naturalidade. Estamos nesse processo, mas precisamos acelerar. O grupo tem se dedicado, mas precisamos encontrar solu\u00e7\u00f5es para ajustar esses detalhes.\u00a0N\u00e3o tenho d\u00favidas que vamos subir e vamos brigar para ser campe\u00e3o, mas a gente precisa ajustar essa rota&#8221;, finalizou Maur\u00edcio Barbieri.<\/p>\n\n\n\n<p>O Athletico volta a campo na quinta-feira (5) para enfrentar o Brusque fora de casa, pelo jogo de ida da terceira fase da Copa do Brasil. A bola rola \u00e0s 16h (hor\u00e1rio de Bras\u00edlia). <\/p>\n","protected":false},"excerpt":{"rendered":"<p>&#8220;N\u00e3o conseguimos implementar a proposta&#8230;&#8221;, disse o treinador Renan Peixoto at\u00e9 marcou, mas Pablo Dyego foi \u00e0s redes duas vezes e garantiu a vit\u00f3ria do Novorizontino sobre o Athletico por 2 a 1, na noite da \u00faltima quinta-feira (24). Em entrevista coletiva ap\u00f3s o jogo, o t\u00e9cnico Maur\u00edcio Barbieri reconheceu erros da equipe na partida, [&hellip;]<\/p>\n","protected":false},"author":21,"featured_media":208155,"comment_status":"open","ping_status":"closed","sticky":false,"template":"","format":"standard","meta":{"footnotes":""},"categories":[134],"tags":[],"class_list":["post-257829","post","type-post","status-publish","format-standard","has-post-thumbnail","hentry","category-athletico-pr"],"yoast_head":"<!-- This site is optimized with the Yoast SEO Premium plugin v24.2 (Yoast SEO v26.9) - https:\/\/yoast.com\/product\/yoast-seo-premium-wordpress\/ -->\n<title>Novorizontino x Athletico-PR: a declara\u00e7\u00e3o de Maur\u00edcio Barbieri<\/title>\n<meta name=\"robots\" content=\"index, follow, max-snippet:-1, max-image-preview:large, max-video-preview:-1\" \/>\n<link rel=\"canonical\" href=\"https:\/\/www.gaveanews.com\/index.php\/2025\/04\/25\/novorizontino-x-athletico-pr-a-declaracao-de-mauricio-barbieri\/\" \/>\n<meta property=\"og:locale\" content=\"pt_BR\" \/>\n<meta property=\"og:type\" content=\"article\" \/>\n<meta property=\"og:title\" content=\"Novorizontino x Athletico-PR: a declara\u00e7\u00e3o de Maur\u00edcio Barbieri\" \/>\n<meta property=\"og:description\" content=\"&#8220;N\u00e3o conseguimos implementar a proposta&#8230;&#8221;, disse o treinador Renan Peixoto at\u00e9 marcou, mas Pablo Dyego foi \u00e0s redes duas vezes e garantiu a vit\u00f3ria do Novorizontino sobre o Athletico por 2 a 1, na noite da \u00faltima quinta-feira (24). Em entrevista coletiva ap\u00f3s o jogo, o t\u00e9cnico Maur\u00edcio Barbieri reconheceu erros da equipe na partida, [&hellip;]\" \/>\n<meta property=\"og:url\" content=\"https:\/\/www.gaveanews.com\/index.php\/2025\/04\/25\/novorizontino-x-athletico-pr-a-declaracao-de-mauricio-barbieri\/\" \/>\n<meta property=\"og:site_name\" content=\"G\u00e1vea News\" \/>\n<meta property=\"article:publisher\" content=\"https:\/\/facebook.com\/gaveaNews\/\" \/>\n<meta property=\"article:published_time\" content=\"2025-04-25T23:35:01+00:00\" \/>\n<meta property=\"article:modified_time\" content=\"2025-04-25T23:35:07+00:00\" \/>\n<meta property=\"og:image\" content=\"http:\/\/www.gaveanews.com\/wp-content\/uploads\/Atheltico-PR-bandeirinha.webp\" \/>\n\t<meta property=\"og:image:width\" content=\"1600\" \/>\n\t<meta property=\"og:image:height\" content=\"888\" \/>\n\t<meta property=\"og:image:type\" content=\"image\/jpeg\" \/>\n<meta name=\"author\" content=\"Andr\u00e9 Serra\" \/>\n<meta name=\"twitter:card\" content=\"summary_large_image\" \/>\n<meta name=\"twitter:label1\" content=\"Escrito por\" \/>\n\t<meta name=\"twitter:data1\" content=\"Andr\u00e9 Serra\" \/>\n\t<meta name=\"twitter:label2\" content=\"Est. tempo de leitura\" \/>\n\t<meta name=\"twitter:data2\" content=\"3 minutos\" \/>\n<script type=\"application\/ld+json\" class=\"yoast-schema-graph\">{\"@context\":\"https:\/\/schema.org\",\"@graph\":[{\"@type\":\"NewsArticle\",\"@id\":\"https:\/\/www.gaveanews.com\/index.php\/2025\/04\/25\/novorizontino-x-athletico-pr-a-declaracao-de-mauricio-barbieri\/#article\",\"isPartOf\":{\"@id\":\"https:\/\/www.gaveanews.com\/index.php\/2025\/04\/25\/novorizontino-x-athletico-pr-a-declaracao-de-mauricio-barbieri\/\"},\"author\":{\"name\":\"Andr\u00e9 Serra\",\"@id\":\"https:\/\/www.gaveanews.com\/#\/schema\/person\/0277a79a1289c451c281ec0411d84f0c\"},\"headline\":\"Novorizontino x Athletico-PR: a declara\u00e7\u00e3o de Maur\u00edcio Barbieri\",\"datePublished\":\"2025-04-25T23:35:01+00:00\",\"dateModified\":\"2025-04-25T23:35:07+00:00\",\"mainEntityOfPage\":{\"@id\":\"https:\/\/www.gaveanews.com\/index.php\/2025\/04\/25\/novorizontino-x-athletico-pr-a-declaracao-de-mauricio-barbieri\/\"},\"wordCount\":379,\"commentCount\":0,\"image\":{\"@id\":\"https:\/\/www.gaveanews.com\/index.php\/2025\/04\/25\/novorizontino-x-athletico-pr-a-declaracao-de-mauricio-barbieri\/#primaryimage\"},\"thumbnailUrl\":\"https:\/\/www.gaveanews.com\/wp-content\/uploads\/Atheltico-PR-bandeirinha.webp\",\"articleSection\":[\"Athletico-PR\"],\"inLanguage\":\"pt-BR\",\"potentialAction\":[{\"@type\":\"CommentAction\",\"name\":\"Comment\",\"target\":[\"https:\/\/www.gaveanews.com\/index.php\/2025\/04\/25\/novorizontino-x-athletico-pr-a-declaracao-de-mauricio-barbieri\/#respond\"]}],\"copyrightYear\":\"2025\",\"copyrightHolder\":{\"@id\":\"https:\/\/www.gaveanews.com\/#organization\"}},{\"@type\":\"WebPage\",\"@id\":\"https:\/\/www.gaveanews.com\/index.php\/2025\/04\/25\/novorizontino-x-athletico-pr-a-declaracao-de-mauricio-barbieri\/\",\"url\":\"https:\/\/www.gaveanews.com\/index.php\/2025\/04\/25\/novorizontino-x-athletico-pr-a-declaracao-de-mauricio-barbieri\/\",\"name\":\"Novorizontino x Athletico-PR: a declara\u00e7\u00e3o de Maur\u00edcio Barbieri\",\"isPartOf\":{\"@id\":\"https:\/\/www.gaveanews.com\/#website\"},\"primaryImageOfPage\":{\"@id\":\"https:\/\/www.gaveanews.com\/index.php\/2025\/04\/25\/novorizontino-x-athletico-pr-a-declaracao-de-mauricio-barbieri\/#primaryimage\"},\"image\":{\"@id\":\"https:\/\/www.gaveanews.com\/index.php\/2025\/04\/25\/novorizontino-x-athletico-pr-a-declaracao-de-mauricio-barbieri\/#primaryimage\"},\"thumbnailUrl\":\"https:\/\/www.gaveanews.com\/wp-content\/uploads\/Atheltico-PR-bandeirinha.webp\",\"datePublished\":\"2025-04-25T23:35:01+00:00\",\"dateModified\":\"2025-04-25T23:35:07+00:00\",\"author\":{\"@id\":\"https:\/\/www.gaveanews.com\/#\/schema\/person\/0277a79a1289c451c281ec0411d84f0c\"},\"breadcrumb\":{\"@id\":\"https:\/\/www.gaveanews.com\/index.php\/2025\/04\/25\/novorizontino-x-athletico-pr-a-declaracao-de-mauricio-barbieri\/#breadcrumb\"},\"inLanguage\":\"pt-BR\",\"potentialAction\":[{\"@type\":\"ReadAction\",\"target\":[\"https:\/\/www.gaveanews.com\/index.php\/2025\/04\/25\/novorizontino-x-athletico-pr-a-declaracao-de-mauricio-barbieri\/\"]}]},{\"@type\":\"ImageObject\",\"inLanguage\":\"pt-BR\",\"@id\":\"https:\/\/www.gaveanews.com\/index.php\/2025\/04\/25\/novorizontino-x-athletico-pr-a-declaracao-de-mauricio-barbieri\/#primaryimage\",\"url\":\"https:\/\/www.gaveanews.com\/wp-content\/uploads\/Atheltico-PR-bandeirinha.webp\",\"contentUrl\":\"https:\/\/www.gaveanews.com\/wp-content\/uploads\/Atheltico-PR-bandeirinha.webp\",\"width\":1600,\"height\":888,\"caption\":\"Atheltico-PR bandeirinha (Foto: Reprodu\u00e7\u00e3o\/Athletico)\"},{\"@type\":\"BreadcrumbList\",\"@id\":\"https:\/\/www.gaveanews.com\/index.php\/2025\/04\/25\/novorizontino-x-athletico-pr-a-declaracao-de-mauricio-barbieri\/#breadcrumb\",\"itemListElement\":[{\"@type\":\"ListItem\",\"position\":1,\"name\":\"Home\",\"item\":\"https:\/\/www.gaveanews.com\/\"},{\"@type\":\"ListItem\",\"position\":2,\"name\":\"Novorizontino x Athletico-PR: a declara\u00e7\u00e3o de Maur\u00edcio Barbieri\"}]},{\"@type\":\"WebSite\",\"@id\":\"https:\/\/www.gaveanews.com\/#website\",\"url\":\"https:\/\/www.gaveanews.com\/\",\"name\":\"G\u00e1vea News\",\"description\":\"Veja todas as not\u00edcias sobre o Flamengo: Contrata\u00e7\u00f5es, categorias de base, resultados das partidas, tabela de classifica\u00e7\u00e3o, pr\u00f3ximos jogos!\",\"potentialAction\":[{\"@type\":\"SearchAction\",\"target\":{\"@type\":\"EntryPoint\",\"urlTemplate\":\"https:\/\/www.gaveanews.com\/?s={search_term_string}\"},\"query-input\":{\"@type\":\"PropertyValueSpecification\",\"valueRequired\":true,\"valueName\":\"search_term_string\"}}],\"inLanguage\":\"pt-BR\"},{\"@type\":\"Person\",\"@id\":\"https:\/\/www.gaveanews.com\/#\/schema\/person\/0277a79a1289c451c281ec0411d84f0c\",\"name\":\"Andr\u00e9 Serra\",\"image\":{\"@type\":\"ImageObject\",\"inLanguage\":\"pt-BR\",\"@id\":\"https:\/\/www.gaveanews.com\/#\/schema\/person\/image\/\",\"url\":\"https:\/\/secure.gravatar.com\/avatar\/d7231369fe48db93292b3e88eb2162dbd9a34a47a8437d9ef3bcaca2a86a83d7?s=96&d=mm&r=g\",\"contentUrl\":\"https:\/\/secure.gravatar.com\/avatar\/d7231369fe48db93292b3e88eb2162dbd9a34a47a8437d9ef3bcaca2a86a83d7?s=96&d=mm&r=g\",\"caption\":\"Andr\u00e9 Serra\"}}]}<\/script>\n<!-- \/ Yoast SEO Premium plugin. -->","yoast_head_json":{"title":"Novorizontino x Athletico-PR: a declara\u00e7\u00e3o de Maur\u00edcio Barbieri","robots":{"index":"index","follow":"follow","max-snippet":"max-snippet:-1","max-image-preview":"max-image-preview:large","max-video-preview":"max-video-preview:-1"},"canonical":"https:\/\/www.gaveanews.com\/index.php\/2025\/04\/25\/novorizontino-x-athletico-pr-a-declaracao-de-mauricio-barbieri\/","og_locale":"pt_BR","og_type":"article","og_title":"Novorizontino x Athletico-PR: a declara\u00e7\u00e3o de Maur\u00edcio Barbieri","og_description":"&#8220;N\u00e3o conseguimos implementar a proposta&#8230;&#8221;, disse o treinador Renan Peixoto at\u00e9 marcou, mas Pablo Dyego foi \u00e0s redes duas vezes e garantiu a vit\u00f3ria do Novorizontino sobre o Athletico por 2 a 1, na noite da \u00faltima quinta-feira (24). Em entrevista coletiva ap\u00f3s o jogo, o t\u00e9cnico Maur\u00edcio Barbieri reconheceu erros da equipe na partida, [&hellip;]","og_url":"https:\/\/www.gaveanews.com\/index.php\/2025\/04\/25\/novorizontino-x-athletico-pr-a-declaracao-de-mauricio-barbieri\/","og_site_name":"G\u00e1vea News","article_publisher":"https:\/\/facebook.com\/gaveaNews\/","article_published_time":"2025-04-25T23:35:01+00:00","article_modified_time":"2025-04-25T23:35:07+00:00","og_image":[{"width":1600,"height":888,"url":"http:\/\/www.gaveanews.com\/wp-content\/uploads\/Atheltico-PR-bandeirinha.webp","type":"image\/jpeg"}],"author":"Andr\u00e9 Serra","twitter_card":"summary_large_image","twitter_misc":{"Escrito por":"Andr\u00e9 Serra","Est. tempo de leitura":"3 minutos"},"schema":{"@context":"https:\/\/schema.org","@graph":[{"@type":"NewsArticle","@id":"https:\/\/www.gaveanews.com\/index.php\/2025\/04\/25\/novorizontino-x-athletico-pr-a-declaracao-de-mauricio-barbieri\/#article","isPartOf":{"@id":"https:\/\/www.gaveanews.com\/index.php\/2025\/04\/25\/novorizontino-x-athletico-pr-a-declaracao-de-mauricio-barbieri\/"},"author":{"name":"Andr\u00e9 Serra","@id":"https:\/\/www.gaveanews.com\/#\/schema\/person\/0277a79a1289c451c281ec0411d84f0c"},"headline":"Novorizontino x Athletico-PR: a declara\u00e7\u00e3o de Maur\u00edcio Barbieri","datePublished":"2025-04-25T23:35:01+00:00","dateModified":"2025-04-25T23:35:07+00:00","mainEntityOfPage":{"@id":"https:\/\/www.gaveanews.com\/index.php\/2025\/04\/25\/novorizontino-x-athletico-pr-a-declaracao-de-mauricio-barbieri\/"},"wordCount":379,"commentCount":0,"image":{"@id":"https:\/\/www.gaveanews.com\/index.php\/2025\/04\/25\/novorizontino-x-athletico-pr-a-declaracao-de-mauricio-barbieri\/#primaryimage"},"thumbnailUrl":"https:\/\/www.gaveanews.com\/wp-content\/uploads\/Atheltico-PR-bandeirinha.webp","articleSection":["Athletico-PR"],"inLanguage":"pt-BR","potentialAction":[{"@type":"CommentAction","name":"Comment","target":["https:\/\/www.gaveanews.com\/index.php\/2025\/04\/25\/novorizontino-x-athletico-pr-a-declaracao-de-mauricio-barbieri\/#respond"]}],"copyrightYear":"2025","copyrightHolder":{"@id":"https:\/\/www.gaveanews.com\/#organization"}},{"@type":"WebPage","@id":"https:\/\/www.gaveanews.com\/index.php\/2025\/04\/25\/novorizontino-x-athletico-pr-a-declaracao-de-mauricio-barbieri\/","url":"https:\/\/www.gaveanews.com\/index.php\/2025\/04\/25\/novorizontino-x-athletico-pr-a-declaracao-de-mauricio-barbieri\/","name":"Novorizontino x Athletico-PR: a declara\u00e7\u00e3o de Maur\u00edcio Barbieri","isPartOf":{"@id":"https:\/\/www.gaveanews.com\/#website"},"primaryImageOfPage":{"@id":"https:\/\/www.gaveanews.com\/index.php\/2025\/04\/25\/novorizontino-x-athletico-pr-a-declaracao-de-mauricio-barbieri\/#primaryimage"},"image":{"@id":"https:\/\/www.gaveanews.com\/index.php\/2025\/04\/25\/novorizontino-x-athletico-pr-a-declaracao-de-mauricio-barbieri\/#primaryimage"},"thumbnailUrl":"https:\/\/www.gaveanews.com\/wp-content\/uploads\/Atheltico-PR-bandeirinha.webp","datePublished":"2025-04-25T23:35:01+00:00","dateModified":"2025-04-25T23:35:07+00:00","author":{"@id":"https:\/\/www.gaveanews.com\/#\/schema\/person\/0277a79a1289c451c281ec0411d84f0c"},"breadcrumb":{"@id":"https:\/\/www.gaveanews.com\/index.php\/2025\/04\/25\/novorizontino-x-athletico-pr-a-declaracao-de-mauricio-barbieri\/#breadcrumb"},"inLanguage":"pt-BR","potentialAction":[{"@type":"ReadAction","target":["https:\/\/www.gaveanews.com\/index.php\/2025\/04\/25\/novorizontino-x-athletico-pr-a-declaracao-de-mauricio-barbieri\/"]}]},{"@type":"ImageObject","inLanguage":"pt-BR","@id":"https:\/\/www.gaveanews.com\/index.php\/2025\/04\/25\/novorizontino-x-athletico-pr-a-declaracao-de-mauricio-barbieri\/#primaryimage","url":"https:\/\/www.gaveanews.com\/wp-content\/uploads\/Atheltico-PR-bandeirinha.webp","contentUrl":"https:\/\/www.gaveanews.com\/wp-content\/uploads\/Atheltico-PR-bandeirinha.webp","width":1600,"height":888,"caption":"Atheltico-PR bandeirinha (Foto: Reprodu\u00e7\u00e3o\/Athletico)"},{"@type":"BreadcrumbList","@id":"https:\/\/www.gaveanews.com\/index.php\/2025\/04\/25\/novorizontino-x-athletico-pr-a-declaracao-de-mauricio-barbieri\/#breadcrumb","itemListElement":[{"@type":"ListItem","position":1,"name":"Home","item":"https:\/\/www.gaveanews.com\/"},{"@type":"ListItem","position":2,"name":"Novorizontino x Athletico-PR: a declara\u00e7\u00e3o de Maur\u00edcio Barbieri"}]},{"@type":"WebSite","@id":"https:\/\/www.gaveanews.com\/#website","url":"https:\/\/www.gaveanews.com\/","name":"G\u00e1vea News","description":"Veja todas as not\u00edcias sobre o Flamengo: Contrata\u00e7\u00f5es, categorias de base, resultados das partidas, tabela de classifica\u00e7\u00e3o, pr\u00f3ximos jogos!","potentialAction":[{"@type":"SearchAction","target":{"@type":"EntryPoint","urlTemplate":"https:\/\/www.gaveanews.com\/?s={search_term_string}"},"query-input":{"@type":"PropertyValueSpecification","valueRequired":true,"valueName":"search_term_string"}}],"inLanguage":"pt-BR"},{"@type":"Person","@id":"https:\/\/www.gaveanews.com\/#\/schema\/person\/0277a79a1289c451c281ec0411d84f0c","name":"Andr\u00e9 Serra","image":{"@type":"ImageObject","inLanguage":"pt-BR","@id":"https:\/\/www.gaveanews.com\/#\/schema\/person\/image\/","url":"https:\/\/secure.gravatar.com\/avatar\/d7231369fe48db93292b3e88eb2162dbd9a34a47a8437d9ef3bcaca2a86a83d7?s=96&d=mm&r=g","contentUrl":"https:\/\/secure.gravatar.com\/avatar\/d7231369fe48db93292b3e88eb2162dbd9a34a47a8437d9ef3bcaca2a86a83d7?s=96&d=mm&r=g","caption":"Andr\u00e9 Serra"}}]}},"_links":{"self":[{"href":"https:\/\/www.gaveanews.com\/index.php\/wp-json\/wp\/v2\/posts\/257829","targetHints":{"allow":["GET"]}}],"collection":[{"href":"https:\/\/www.gaveanews.com\/index.php\/wp-json\/wp\/v2\/posts"}],"about":[{"href":"https:\/\/www.gaveanews.com\/index.php\/wp-json\/wp\/v2\/types\/post"}],"author":[{"embeddable":true,"href":"https:\/\/www.gaveanews.com\/index.php\/wp-json\/wp\/v2\/users\/21"}],"replies":[{"embeddable":true,"href":"https:\/\/www.gaveanews.com\/index.php\/wp-json\/wp\/v2\/comments?post=257829"}],"version-history":[{"count":1,"href":"https:\/\/www.gaveanews.com\/index.php\/wp-json\/wp\/v2\/posts\/257829\/revisions"}],"predecessor-version":[{"id":257846,"href":"https:\/\/www.gaveanews.com\/index.php\/wp-json\/wp\/v2\/posts\/257829\/revisions\/257846"}],"wp:featuredmedia":[{"embeddable":true,"href":"https:\/\/www.gaveanews.com\/index.php\/wp-json\/wp\/v2\/media\/208155"}],"wp:attachment":[{"href":"https:\/\/www.gaveanews.com\/index.php\/wp-json\/wp\/v2\/media?parent=257829"}],"wp:term":[{"taxonomy":"category","embeddable":true,"href":"https:\/\/www.gaveanews.com\/index.php\/wp-json\/wp\/v2\/categories?post=257829"},{"taxonomy":"post_tag","embeddable":true,"href":"https:\/\/www.gaveanews.com\/index.php\/wp-json\/wp\/v2\/tags?post=257829"}],"curies":[{"name":"wp","href":"https:\/\/api.w.org\/{rel}","templated":true}]}}