{"id":257835,"date":"2025-04-25T23:25:00","date_gmt":"2025-04-26T02:25:00","guid":{"rendered":"https:\/\/www.gaveanews.com\/?p=257835"},"modified":"2025-04-25T20:18:47","modified_gmt":"2025-04-25T23:18:47","slug":"clima-esquenta-no-cruzeiro-apos-declaracao-de-dudu","status":"publish","type":"post","link":"https:\/\/www.gaveanews.com\/index.php\/2025\/04\/25\/clima-esquenta-no-cruzeiro-apos-declaracao-de-dudu\/","title":{"rendered":"Clima esquenta no Cruzeiro ap\u00f3s declara\u00e7\u00e3o de Dudu"},"content":{"rendered":"\n<p>O ambiente no Cruzeiro atravessa um momento delicado, reflexo das tr\u00eas derrotas consecutivas na fase de grupos da Sul-Americana. Atualmente, o clube ocupa a lanterna do Grupo E, aumentando a press\u00e3o sobre a diretoria e a comiss\u00e3o t\u00e9cnica. A situa\u00e7\u00e3o ficou ainda mais cr\u00edtica ap\u00f3s a derrota para um advers\u00e1rio considerado inferior na \u00faltima quinta-feira (24 de abril).<\/p>\n\n\n\n<p>A diretoria, entretanto, reafirmou seu respaldo ao t\u00e9cnico Leonardo Jardim, permitindo que ele mantenha suas decis\u00f5es sem interfer\u00eancias, apesar da insatisfa\u00e7\u00e3o nos bastidores. O trabalho da comiss\u00e3o t\u00e9cnica e da diretoria, voltado para a evolu\u00e7\u00e3o da equipe e a contrata\u00e7\u00e3o de refor\u00e7os, vem sendo criticado pelos torcedores, que cobram melhores resultados.<\/p>\n\n\n\n<figure class=\"wp-block-image size-large\"><img loading=\"lazy\" decoding=\"async\" width=\"1024\" height=\"682\" src=\"http:\/\/www.gaveanews.com\/wp-content\/uploads\/Camisa-do-Cruzeiro-2024-1024x682.webp\" alt=\"\" class=\"wp-image-163709\" srcset=\"https:\/\/www.gaveanews.com\/wp-content\/uploads\/Camisa-do-Cruzeiro-2024-1024x682.webp 1024w, https:\/\/www.gaveanews.com\/wp-content\/uploads\/Camisa-do-Cruzeiro-2024-300x200.webp 300w, https:\/\/www.gaveanews.com\/wp-content\/uploads\/Camisa-do-Cruzeiro-2024-768x512.webp 768w, https:\/\/www.gaveanews.com\/wp-content\/uploads\/Camisa-do-Cruzeiro-2024-630x420.webp 630w, https:\/\/www.gaveanews.com\/wp-content\/uploads\/Camisa-do-Cruzeiro-2024-1260x840.webp 1260w, https:\/\/www.gaveanews.com\/wp-content\/uploads\/Camisa-do-Cruzeiro-2024-640x427.webp 640w, https:\/\/www.gaveanews.com\/wp-content\/uploads\/Camisa-do-Cruzeiro-2024-1280x853.webp 1280w, https:\/\/www.gaveanews.com\/wp-content\/uploads\/Camisa-do-Cruzeiro-2024-681x454.webp 681w, https:\/\/www.gaveanews.com\/wp-content\/uploads\/Camisa-do-Cruzeiro-2024-100x67.webp 100w, https:\/\/www.gaveanews.com\/wp-content\/uploads\/Camisa-do-Cruzeiro-2024.webp 1292w\" sizes=\"auto, (max-width: 1024px) 100vw, 1024px\" \/><figcaption class=\"wp-element-caption\">Camisa do Cruzeiro 2024 (Foto: Reprodu\u00e7\u00e3o\/Instagram)<\/figcaption><\/figure>\n\n\n\n<p>Entre os jogadores mais questionados, est\u00e1 o goleiro C\u00e1ssio. Mesmo acumulando falhas que geraram inc\u00f4modo entre os cruzeirenses, a diretoria n\u00e3o considera rescindir seu contrato neste momento. Conforme relatado, a inten\u00e7\u00e3o \u00e9 trabalhar para que o jogador retome sua melhor forma.<\/p>\n\n\n\n<p>Outro ponto de tens\u00e3o ocorreu com Dudu, que, apesar das cr\u00edticas \u00e0 sua atua\u00e7\u00e3o, se mostrou insatisfeito com a perda da titularidade. &#8220;Pra mim, \u00e9 dif\u00edcil. N\u00e3o me sinto bem, n\u00e9? A vida toda fui titular, e agora estou tendo que me adaptar a esse novo cen\u00e1rio&#8221;, desabafou o jogador. A declara\u00e7\u00e3o, divulgada na imprensa, causou desconforto interno.<\/p>\n\n\n\n<p>Leonardo Jardim, por sua vez, deixou claro que Dudu permanecer\u00e1 entre os reservas enquanto n\u00e3o apresentar evolu\u00e7\u00e3o nos treinamentos. Assim sendo, a comiss\u00e3o t\u00e9cnica busca refor\u00e7ar a meritocracia dentro do elenco, tentando resgatar a competitividade e a dedica\u00e7\u00e3o dos atletas.<\/p>\n\n\n\n<p>Em busca de reverter a fase negativa, o Cruzeiro tem como objetivo conquistar uma vit\u00f3ria no pr\u00f3ximo domingo, a fim de que a torcida volte a confiar no projeto em andamento. Afinal, em um momento de crise, o apoio dos torcedores torna-se primordial para a recupera\u00e7\u00e3o do clube.<\/p>\n","protected":false},"excerpt":{"rendered":"<p>O ambiente no Cruzeiro atravessa um momento delicado, reflexo das tr\u00eas derrotas consecutivas na fase de grupos da Sul-Americana. Atualmente, o clube ocupa a lanterna do Grupo E, aumentando a press\u00e3o sobre a diretoria e a comiss\u00e3o t\u00e9cnica. A situa\u00e7\u00e3o ficou ainda mais cr\u00edtica ap\u00f3s a derrota para um advers\u00e1rio considerado inferior na \u00faltima quinta-feira [&hellip;]<\/p>\n","protected":false},"author":33,"featured_media":225511,"comment_status":"open","ping_status":"closed","sticky":false,"template":"","format":"standard","meta":{"footnotes":""},"categories":[143],"tags":[],"class_list":["post-257835","post","type-post","status-publish","format-standard","has-post-thumbnail","hentry","category-cruzeiro"],"yoast_head":"<!-- This site is optimized with the Yoast SEO Premium plugin v24.2 (Yoast SEO v26.9) - https:\/\/yoast.com\/product\/yoast-seo-premium-wordpress\/ -->\n<title>Clima esquenta no Cruzeiro ap\u00f3s declara\u00e7\u00e3o de Dudu<\/title>\n<meta name=\"robots\" content=\"index, follow, max-snippet:-1, max-image-preview:large, max-video-preview:-1\" \/>\n<link rel=\"canonical\" href=\"https:\/\/www.gaveanews.com\/index.php\/2025\/04\/25\/clima-esquenta-no-cruzeiro-apos-declaracao-de-dudu\/\" \/>\n<meta property=\"og:locale\" content=\"pt_BR\" \/>\n<meta property=\"og:type\" content=\"article\" \/>\n<meta property=\"og:title\" content=\"Clima esquenta no Cruzeiro ap\u00f3s declara\u00e7\u00e3o de Dudu\" \/>\n<meta property=\"og:description\" content=\"O ambiente no Cruzeiro atravessa um momento delicado, reflexo das tr\u00eas derrotas consecutivas na fase de grupos da Sul-Americana. Atualmente, o clube ocupa a lanterna do Grupo E, aumentando a press\u00e3o sobre a diretoria e a comiss\u00e3o t\u00e9cnica. A situa\u00e7\u00e3o ficou ainda mais cr\u00edtica ap\u00f3s a derrota para um advers\u00e1rio considerado inferior na \u00faltima quinta-feira [&hellip;]\" \/>\n<meta property=\"og:url\" content=\"https:\/\/www.gaveanews.com\/index.php\/2025\/04\/25\/clima-esquenta-no-cruzeiro-apos-declaracao-de-dudu\/\" \/>\n<meta property=\"og:site_name\" content=\"G\u00e1vea News\" \/>\n<meta property=\"article:publisher\" content=\"https:\/\/facebook.com\/gaveaNews\/\" \/>\n<meta property=\"article:published_time\" content=\"2025-04-26T02:25:00+00:00\" \/>\n<meta property=\"og:image\" content=\"https:\/\/www.gaveanews.com\/wp-content\/uploads\/dudu-cruzeiro.webp\" \/>\n\t<meta property=\"og:image:width\" content=\"688\" \/>\n\t<meta property=\"og:image:height\" content=\"379\" \/>\n\t<meta property=\"og:image:type\" content=\"image\/png\" \/>\n<meta name=\"author\" content=\"Brenda Cezillo\" \/>\n<meta name=\"twitter:card\" content=\"summary_large_image\" \/>\n<meta name=\"twitter:label1\" content=\"Escrito por\" \/>\n\t<meta name=\"twitter:data1\" content=\"Brenda Cezillo\" \/>\n\t<meta name=\"twitter:label2\" content=\"Est. tempo de leitura\" \/>\n\t<meta name=\"twitter:data2\" content=\"3 minutos\" \/>\n<script type=\"application\/ld+json\" class=\"yoast-schema-graph\">{\"@context\":\"https:\/\/schema.org\",\"@graph\":[{\"@type\":\"NewsArticle\",\"@id\":\"https:\/\/www.gaveanews.com\/index.php\/2025\/04\/25\/clima-esquenta-no-cruzeiro-apos-declaracao-de-dudu\/#article\",\"isPartOf\":{\"@id\":\"https:\/\/www.gaveanews.com\/index.php\/2025\/04\/25\/clima-esquenta-no-cruzeiro-apos-declaracao-de-dudu\/\"},\"author\":{\"name\":\"Brenda Cezillo\",\"@id\":\"https:\/\/www.gaveanews.com\/#\/schema\/person\/c79759ca337c40791ae8d08e2923d403\"},\"headline\":\"Clima esquenta no Cruzeiro ap\u00f3s declara\u00e7\u00e3o de Dudu\",\"datePublished\":\"2025-04-26T02:25:00+00:00\",\"mainEntityOfPage\":{\"@id\":\"https:\/\/www.gaveanews.com\/index.php\/2025\/04\/25\/clima-esquenta-no-cruzeiro-apos-declaracao-de-dudu\/\"},\"wordCount\":346,\"commentCount\":0,\"image\":{\"@id\":\"https:\/\/www.gaveanews.com\/index.php\/2025\/04\/25\/clima-esquenta-no-cruzeiro-apos-declaracao-de-dudu\/#primaryimage\"},\"thumbnailUrl\":\"https:\/\/www.gaveanews.com\/wp-content\/uploads\/dudu-cruzeiro.webp\",\"articleSection\":[\"Cruzeiro\"],\"inLanguage\":\"pt-BR\",\"potentialAction\":[{\"@type\":\"CommentAction\",\"name\":\"Comment\",\"target\":[\"https:\/\/www.gaveanews.com\/index.php\/2025\/04\/25\/clima-esquenta-no-cruzeiro-apos-declaracao-de-dudu\/#respond\"]}],\"copyrightYear\":\"2025\",\"copyrightHolder\":{\"@id\":\"https:\/\/www.gaveanews.com\/#organization\"}},{\"@type\":\"WebPage\",\"@id\":\"https:\/\/www.gaveanews.com\/index.php\/2025\/04\/25\/clima-esquenta-no-cruzeiro-apos-declaracao-de-dudu\/\",\"url\":\"https:\/\/www.gaveanews.com\/index.php\/2025\/04\/25\/clima-esquenta-no-cruzeiro-apos-declaracao-de-dudu\/\",\"name\":\"Clima esquenta no Cruzeiro ap\u00f3s declara\u00e7\u00e3o de Dudu\",\"isPartOf\":{\"@id\":\"https:\/\/www.gaveanews.com\/#website\"},\"primaryImageOfPage\":{\"@id\":\"https:\/\/www.gaveanews.com\/index.php\/2025\/04\/25\/clima-esquenta-no-cruzeiro-apos-declaracao-de-dudu\/#primaryimage\"},\"image\":{\"@id\":\"https:\/\/www.gaveanews.com\/index.php\/2025\/04\/25\/clima-esquenta-no-cruzeiro-apos-declaracao-de-dudu\/#primaryimage\"},\"thumbnailUrl\":\"https:\/\/www.gaveanews.com\/wp-content\/uploads\/dudu-cruzeiro.webp\",\"datePublished\":\"2025-04-26T02:25:00+00:00\",\"author\":{\"@id\":\"https:\/\/www.gaveanews.com\/#\/schema\/person\/c79759ca337c40791ae8d08e2923d403\"},\"breadcrumb\":{\"@id\":\"https:\/\/www.gaveanews.com\/index.php\/2025\/04\/25\/clima-esquenta-no-cruzeiro-apos-declaracao-de-dudu\/#breadcrumb\"},\"inLanguage\":\"pt-BR\",\"potentialAction\":[{\"@type\":\"ReadAction\",\"target\":[\"https:\/\/www.gaveanews.com\/index.php\/2025\/04\/25\/clima-esquenta-no-cruzeiro-apos-declaracao-de-dudu\/\"]}]},{\"@type\":\"ImageObject\",\"inLanguage\":\"pt-BR\",\"@id\":\"https:\/\/www.gaveanews.com\/index.php\/2025\/04\/25\/clima-esquenta-no-cruzeiro-apos-declaracao-de-dudu\/#primaryimage\",\"url\":\"https:\/\/www.gaveanews.com\/wp-content\/uploads\/dudu-cruzeiro.webp\",\"contentUrl\":\"https:\/\/www.gaveanews.com\/wp-content\/uploads\/dudu-cruzeiro.webp\",\"width\":688,\"height\":379,\"caption\":\"Dudu, jogador do Cruzeiro - Foto: Reprodu\u00e7\u00e3o\"},{\"@type\":\"BreadcrumbList\",\"@id\":\"https:\/\/www.gaveanews.com\/index.php\/2025\/04\/25\/clima-esquenta-no-cruzeiro-apos-declaracao-de-dudu\/#breadcrumb\",\"itemListElement\":[{\"@type\":\"ListItem\",\"position\":1,\"name\":\"Home\",\"item\":\"https:\/\/www.gaveanews.com\/\"},{\"@type\":\"ListItem\",\"position\":2,\"name\":\"Clima esquenta no Cruzeiro ap\u00f3s declara\u00e7\u00e3o de Dudu\"}]},{\"@type\":\"WebSite\",\"@id\":\"https:\/\/www.gaveanews.com\/#website\",\"url\":\"https:\/\/www.gaveanews.com\/\",\"name\":\"G\u00e1vea News\",\"description\":\"Veja todas as not\u00edcias sobre o Flamengo: Contrata\u00e7\u00f5es, categorias de base, resultados das partidas, tabela de classifica\u00e7\u00e3o, pr\u00f3ximos jogos!\",\"potentialAction\":[{\"@type\":\"SearchAction\",\"target\":{\"@type\":\"EntryPoint\",\"urlTemplate\":\"https:\/\/www.gaveanews.com\/?s={search_term_string}\"},\"query-input\":{\"@type\":\"PropertyValueSpecification\",\"valueRequired\":true,\"valueName\":\"search_term_string\"}}],\"inLanguage\":\"pt-BR\"},{\"@type\":\"Person\",\"@id\":\"https:\/\/www.gaveanews.com\/#\/schema\/person\/c79759ca337c40791ae8d08e2923d403\",\"name\":\"Brenda Cezillo\",\"image\":{\"@type\":\"ImageObject\",\"inLanguage\":\"pt-BR\",\"@id\":\"https:\/\/www.gaveanews.com\/#\/schema\/person\/image\/\",\"url\":\"https:\/\/secure.gravatar.com\/avatar\/1738d75cee7317f9c29ae61dd67620c5883d80a92e42a6fff88ae5d527af217a?s=96&d=mm&r=g\",\"contentUrl\":\"https:\/\/secure.gravatar.com\/avatar\/1738d75cee7317f9c29ae61dd67620c5883d80a92e42a6fff88ae5d527af217a?s=96&d=mm&r=g\",\"caption\":\"Brenda Cezillo\"}}]}<\/script>\n<!-- \/ Yoast SEO Premium plugin. -->","yoast_head_json":{"title":"Clima esquenta no Cruzeiro ap\u00f3s declara\u00e7\u00e3o de Dudu","robots":{"index":"index","follow":"follow","max-snippet":"max-snippet:-1","max-image-preview":"max-image-preview:large","max-video-preview":"max-video-preview:-1"},"canonical":"https:\/\/www.gaveanews.com\/index.php\/2025\/04\/25\/clima-esquenta-no-cruzeiro-apos-declaracao-de-dudu\/","og_locale":"pt_BR","og_type":"article","og_title":"Clima esquenta no Cruzeiro ap\u00f3s declara\u00e7\u00e3o de Dudu","og_description":"O ambiente no Cruzeiro atravessa um momento delicado, reflexo das tr\u00eas derrotas consecutivas na fase de grupos da Sul-Americana. Atualmente, o clube ocupa a lanterna do Grupo E, aumentando a press\u00e3o sobre a diretoria e a comiss\u00e3o t\u00e9cnica. A situa\u00e7\u00e3o ficou ainda mais cr\u00edtica ap\u00f3s a derrota para um advers\u00e1rio considerado inferior na \u00faltima quinta-feira [&hellip;]","og_url":"https:\/\/www.gaveanews.com\/index.php\/2025\/04\/25\/clima-esquenta-no-cruzeiro-apos-declaracao-de-dudu\/","og_site_name":"G\u00e1vea News","article_publisher":"https:\/\/facebook.com\/gaveaNews\/","article_published_time":"2025-04-26T02:25:00+00:00","og_image":[{"width":688,"height":379,"url":"https:\/\/www.gaveanews.com\/wp-content\/uploads\/dudu-cruzeiro.webp","type":"image\/png"}],"author":"Brenda Cezillo","twitter_card":"summary_large_image","twitter_misc":{"Escrito por":"Brenda Cezillo","Est. tempo de leitura":"3 minutos"},"schema":{"@context":"https:\/\/schema.org","@graph":[{"@type":"NewsArticle","@id":"https:\/\/www.gaveanews.com\/index.php\/2025\/04\/25\/clima-esquenta-no-cruzeiro-apos-declaracao-de-dudu\/#article","isPartOf":{"@id":"https:\/\/www.gaveanews.com\/index.php\/2025\/04\/25\/clima-esquenta-no-cruzeiro-apos-declaracao-de-dudu\/"},"author":{"name":"Brenda Cezillo","@id":"https:\/\/www.gaveanews.com\/#\/schema\/person\/c79759ca337c40791ae8d08e2923d403"},"headline":"Clima esquenta no Cruzeiro ap\u00f3s declara\u00e7\u00e3o de Dudu","datePublished":"2025-04-26T02:25:00+00:00","mainEntityOfPage":{"@id":"https:\/\/www.gaveanews.com\/index.php\/2025\/04\/25\/clima-esquenta-no-cruzeiro-apos-declaracao-de-dudu\/"},"wordCount":346,"commentCount":0,"image":{"@id":"https:\/\/www.gaveanews.com\/index.php\/2025\/04\/25\/clima-esquenta-no-cruzeiro-apos-declaracao-de-dudu\/#primaryimage"},"thumbnailUrl":"https:\/\/www.gaveanews.com\/wp-content\/uploads\/dudu-cruzeiro.webp","articleSection":["Cruzeiro"],"inLanguage":"pt-BR","potentialAction":[{"@type":"CommentAction","name":"Comment","target":["https:\/\/www.gaveanews.com\/index.php\/2025\/04\/25\/clima-esquenta-no-cruzeiro-apos-declaracao-de-dudu\/#respond"]}],"copyrightYear":"2025","copyrightHolder":{"@id":"https:\/\/www.gaveanews.com\/#organization"}},{"@type":"WebPage","@id":"https:\/\/www.gaveanews.com\/index.php\/2025\/04\/25\/clima-esquenta-no-cruzeiro-apos-declaracao-de-dudu\/","url":"https:\/\/www.gaveanews.com\/index.php\/2025\/04\/25\/clima-esquenta-no-cruzeiro-apos-declaracao-de-dudu\/","name":"Clima esquenta no Cruzeiro ap\u00f3s declara\u00e7\u00e3o de Dudu","isPartOf":{"@id":"https:\/\/www.gaveanews.com\/#website"},"primaryImageOfPage":{"@id":"https:\/\/www.gaveanews.com\/index.php\/2025\/04\/25\/clima-esquenta-no-cruzeiro-apos-declaracao-de-dudu\/#primaryimage"},"image":{"@id":"https:\/\/www.gaveanews.com\/index.php\/2025\/04\/25\/clima-esquenta-no-cruzeiro-apos-declaracao-de-dudu\/#primaryimage"},"thumbnailUrl":"https:\/\/www.gaveanews.com\/wp-content\/uploads\/dudu-cruzeiro.webp","datePublished":"2025-04-26T02:25:00+00:00","author":{"@id":"https:\/\/www.gaveanews.com\/#\/schema\/person\/c79759ca337c40791ae8d08e2923d403"},"breadcrumb":{"@id":"https:\/\/www.gaveanews.com\/index.php\/2025\/04\/25\/clima-esquenta-no-cruzeiro-apos-declaracao-de-dudu\/#breadcrumb"},"inLanguage":"pt-BR","potentialAction":[{"@type":"ReadAction","target":["https:\/\/www.gaveanews.com\/index.php\/2025\/04\/25\/clima-esquenta-no-cruzeiro-apos-declaracao-de-dudu\/"]}]},{"@type":"ImageObject","inLanguage":"pt-BR","@id":"https:\/\/www.gaveanews.com\/index.php\/2025\/04\/25\/clima-esquenta-no-cruzeiro-apos-declaracao-de-dudu\/#primaryimage","url":"https:\/\/www.gaveanews.com\/wp-content\/uploads\/dudu-cruzeiro.webp","contentUrl":"https:\/\/www.gaveanews.com\/wp-content\/uploads\/dudu-cruzeiro.webp","width":688,"height":379,"caption":"Dudu, jogador do Cruzeiro - Foto: Reprodu\u00e7\u00e3o"},{"@type":"BreadcrumbList","@id":"https:\/\/www.gaveanews.com\/index.php\/2025\/04\/25\/clima-esquenta-no-cruzeiro-apos-declaracao-de-dudu\/#breadcrumb","itemListElement":[{"@type":"ListItem","position":1,"name":"Home","item":"https:\/\/www.gaveanews.com\/"},{"@type":"ListItem","position":2,"name":"Clima esquenta no Cruzeiro ap\u00f3s declara\u00e7\u00e3o de Dudu"}]},{"@type":"WebSite","@id":"https:\/\/www.gaveanews.com\/#website","url":"https:\/\/www.gaveanews.com\/","name":"G\u00e1vea News","description":"Veja todas as not\u00edcias sobre o Flamengo: Contrata\u00e7\u00f5es, categorias de base, resultados das partidas, tabela de classifica\u00e7\u00e3o, pr\u00f3ximos jogos!","potentialAction":[{"@type":"SearchAction","target":{"@type":"EntryPoint","urlTemplate":"https:\/\/www.gaveanews.com\/?s={search_term_string}"},"query-input":{"@type":"PropertyValueSpecification","valueRequired":true,"valueName":"search_term_string"}}],"inLanguage":"pt-BR"},{"@type":"Person","@id":"https:\/\/www.gaveanews.com\/#\/schema\/person\/c79759ca337c40791ae8d08e2923d403","name":"Brenda Cezillo","image":{"@type":"ImageObject","inLanguage":"pt-BR","@id":"https:\/\/www.gaveanews.com\/#\/schema\/person\/image\/","url":"https:\/\/secure.gravatar.com\/avatar\/1738d75cee7317f9c29ae61dd67620c5883d80a92e42a6fff88ae5d527af217a?s=96&d=mm&r=g","contentUrl":"https:\/\/secure.gravatar.com\/avatar\/1738d75cee7317f9c29ae61dd67620c5883d80a92e42a6fff88ae5d527af217a?s=96&d=mm&r=g","caption":"Brenda Cezillo"}}]}},"_links":{"self":[{"href":"https:\/\/www.gaveanews.com\/index.php\/wp-json\/wp\/v2\/posts\/257835","targetHints":{"allow":["GET"]}}],"collection":[{"href":"https:\/\/www.gaveanews.com\/index.php\/wp-json\/wp\/v2\/posts"}],"about":[{"href":"https:\/\/www.gaveanews.com\/index.php\/wp-json\/wp\/v2\/types\/post"}],"author":[{"embeddable":true,"href":"https:\/\/www.gaveanews.com\/index.php\/wp-json\/wp\/v2\/users\/33"}],"replies":[{"embeddable":true,"href":"https:\/\/www.gaveanews.com\/index.php\/wp-json\/wp\/v2\/comments?post=257835"}],"version-history":[{"count":1,"href":"https:\/\/www.gaveanews.com\/index.php\/wp-json\/wp\/v2\/posts\/257835\/revisions"}],"predecessor-version":[{"id":257841,"href":"https:\/\/www.gaveanews.com\/index.php\/wp-json\/wp\/v2\/posts\/257835\/revisions\/257841"}],"wp:featuredmedia":[{"embeddable":true,"href":"https:\/\/www.gaveanews.com\/index.php\/wp-json\/wp\/v2\/media\/225511"}],"wp:attachment":[{"href":"https:\/\/www.gaveanews.com\/index.php\/wp-json\/wp\/v2\/media?parent=257835"}],"wp:term":[{"taxonomy":"category","embeddable":true,"href":"https:\/\/www.gaveanews.com\/index.php\/wp-json\/wp\/v2\/categories?post=257835"},{"taxonomy":"post_tag","embeddable":true,"href":"https:\/\/www.gaveanews.com\/index.php\/wp-json\/wp\/v2\/tags?post=257835"}],"curies":[{"name":"wp","href":"https:\/\/api.w.org\/{rel}","templated":true}]}}