{"id":257836,"date":"2025-04-25T23:20:00","date_gmt":"2025-04-26T02:20:00","guid":{"rendered":"https:\/\/www.gaveanews.com\/?p=257836"},"modified":"2025-04-25T20:17:25","modified_gmt":"2025-04-25T23:17:25","slug":"carlo-ancelotti-pede-e-real-madrid-vai-realizar-4-contratacoes","status":"publish","type":"post","link":"https:\/\/www.gaveanews.com\/index.php\/2025\/04\/25\/carlo-ancelotti-pede-e-real-madrid-vai-realizar-4-contratacoes\/","title":{"rendered":"Carlo Ancelotti pede e Real Madrid vai realizar 4 contrata\u00e7\u00f5es"},"content":{"rendered":"\n<p>O futuro de Carlo Ancelotti no Real Madrid permanece incerto, conforme rumores apontam para uma poss\u00edvel sa\u00edda do treinador ao fim da temporada. Ainda assim, o italiano segue exercendo influ\u00eancia no planejamento da equipe para a pr\u00f3xima janela de transfer\u00eancias, marcada para o meio do ano. &#8220;Mesmo sem garantias sobre a continuidade, apresentamos \u00e0 diretoria algumas sugest\u00f5es que podem fortalecer o elenco&#8221;, teria dito Ancelotti, de acordo com publica\u00e7\u00f5es locais.<\/p>\n\n\n\n<p>O treinador identificou a necessidade de refor\u00e7os em setores espec\u00edficos do time. Ali\u00e1s, a elimina\u00e7\u00e3o do Real Madrid na Champions League aumentou a press\u00e3o por mudan\u00e7as, motivo pelo qual a diretoria passou a considerar como prioridade a contrata\u00e7\u00e3o de zagueiros e meio-campistas. Nesse contexto, Ancelotti sugeriu a chegada de quatro refor\u00e7os para reequilibrar o elenco merengue.<\/p>\n\n\n\n<figure class=\"wp-block-image size-full\"><img loading=\"lazy\" decoding=\"async\" width=\"906\" height=\"509\" src=\"http:\/\/www.gaveanews.com\/wp-content\/uploads\/real-madrid.webp\" alt=\"\" class=\"wp-image-120916\" srcset=\"https:\/\/www.gaveanews.com\/wp-content\/uploads\/real-madrid.webp 906w, https:\/\/www.gaveanews.com\/wp-content\/uploads\/real-madrid-300x169.webp 300w, https:\/\/www.gaveanews.com\/wp-content\/uploads\/real-madrid-768x431.webp 768w, https:\/\/www.gaveanews.com\/wp-content\/uploads\/real-madrid-748x420.webp 748w, https:\/\/www.gaveanews.com\/wp-content\/uploads\/real-madrid-640x360.webp 640w, https:\/\/www.gaveanews.com\/wp-content\/uploads\/real-madrid-681x383.webp 681w, https:\/\/www.gaveanews.com\/wp-content\/uploads\/real-madrid-100x56.webp 100w\" sizes=\"auto, (max-width: 906px) 100vw, 906px\" \/><figcaption class=\"wp-element-caption\">Escudo do Real Madrid (Foto: Reprodu\u00e7\u00e3o)<\/figcaption><\/figure>\n\n\n\n<p>Entre os nomes indicados, dois se destacam na defesa: Manuel Akanji, do Manchester City, e William Saliba, do Arsenal. Ambos os jogadores s\u00e3o vistos como alternativas robustas para consolidar o sistema defensivo, que sofreu cr\u00edticas ap\u00f3s a recente elimina\u00e7\u00e3o europeia. &#8220;Akanji e Saliba possuem o perfil ideal que buscamos&#8221;, teriam avaliado internamente os dirigentes, conforme fontes ligadas ao clube.<\/p>\n\n\n\n<p>Enquanto isso, no setor ofensivo, o Real Madrid tamb\u00e9m prepara movimentos estrat\u00e9gicos. Eventualmente, o clube pode concretizar a contrata\u00e7\u00e3o do jovem Kenan Yildiz, atualmente na Juventus. Ali\u00e1s, outro alvo \u00e9 Murillo, do Corinthians, cuja negocia\u00e7\u00e3o foi facilitada ap\u00f3s a desist\u00eancia do Arsenal na disputa pelo jogador.<\/p>\n\n\n\n<p>Embora Ancelotti tenha contrato com o Real Madrid at\u00e9 2026, o seu futuro est\u00e1 diretamente ligado ao desempenho da equipe e \u00e0s decis\u00f5es da diretoria. Contudo, mesmo nesse cen\u00e1rio de indefini\u00e7\u00e3o, o t\u00e9cnico continua participando ativamente do planejamento da pr\u00f3xima temporada, mostrando comprometimento com a reestrutura\u00e7\u00e3o do elenco.<\/p>\n\n\n\n<p>Em suma, o Real Madrid se prepara para um per\u00edodo intenso na janela de transfer\u00eancias do meio do ano. Afinal, independentemente de quem ocupar\u00e1 o comando t\u00e9cnico, a dire\u00e7\u00e3o deseja garantir um plantel competitivo e em condi\u00e7\u00f5es de brigar pelos principais t\u00edtulos na pr\u00f3xima temporada.<\/p>\n","protected":false},"excerpt":{"rendered":"<p>O futuro de Carlo Ancelotti no Real Madrid permanece incerto, conforme rumores apontam para uma poss\u00edvel sa\u00edda do treinador ao fim da temporada. Ainda assim, o italiano segue exercendo influ\u00eancia no planejamento da equipe para a pr\u00f3xima janela de transfer\u00eancias, marcada para o meio do ano. &#8220;Mesmo sem garantias sobre a continuidade, apresentamos \u00e0 diretoria [&hellip;]<\/p>\n","protected":false},"author":33,"featured_media":119629,"comment_status":"open","ping_status":"closed","sticky":false,"template":"","format":"standard","meta":{"footnotes":""},"categories":[88],"tags":[],"class_list":["post-257836","post","type-post","status-publish","format-standard","has-post-thumbnail","hentry","category-real-madrid"],"yoast_head":"<!-- This site is optimized with the Yoast SEO Premium plugin v24.2 (Yoast SEO v26.9) - https:\/\/yoast.com\/product\/yoast-seo-premium-wordpress\/ -->\n<title>Carlo Ancelotti pede e Real Madrid vai realizar 4 contrata\u00e7\u00f5es<\/title>\n<meta name=\"robots\" content=\"index, follow, max-snippet:-1, max-image-preview:large, max-video-preview:-1\" \/>\n<link rel=\"canonical\" href=\"https:\/\/www.gaveanews.com\/index.php\/2025\/04\/25\/carlo-ancelotti-pede-e-real-madrid-vai-realizar-4-contratacoes\/\" \/>\n<meta property=\"og:locale\" content=\"pt_BR\" \/>\n<meta property=\"og:type\" content=\"article\" \/>\n<meta property=\"og:title\" content=\"Carlo Ancelotti pede e Real Madrid vai realizar 4 contrata\u00e7\u00f5es\" \/>\n<meta property=\"og:description\" content=\"O futuro de Carlo Ancelotti no Real Madrid permanece incerto, conforme rumores apontam para uma poss\u00edvel sa\u00edda do treinador ao fim da temporada. Ainda assim, o italiano segue exercendo influ\u00eancia no planejamento da equipe para a pr\u00f3xima janela de transfer\u00eancias, marcada para o meio do ano. &#8220;Mesmo sem garantias sobre a continuidade, apresentamos \u00e0 diretoria [&hellip;]\" \/>\n<meta property=\"og:url\" content=\"https:\/\/www.gaveanews.com\/index.php\/2025\/04\/25\/carlo-ancelotti-pede-e-real-madrid-vai-realizar-4-contratacoes\/\" \/>\n<meta property=\"og:site_name\" content=\"G\u00e1vea News\" \/>\n<meta property=\"article:publisher\" content=\"https:\/\/facebook.com\/gaveaNews\/\" \/>\n<meta property=\"article:published_time\" content=\"2025-04-26T02:20:00+00:00\" \/>\n<meta property=\"og:image\" content=\"https:\/\/www.gaveanews.com\/wp-content\/uploads\/2023-04-29t184531z-1598421574-up1ej4t1g3tth-rtrmadp-3-soccer-spain-mad-uda-report.webp\" \/>\n\t<meta property=\"og:image:width\" content=\"984\" \/>\n\t<meta property=\"og:image:height\" content=\"678\" \/>\n\t<meta property=\"og:image:type\" content=\"image\/webp\" \/>\n<meta name=\"author\" content=\"Brenda Cezillo\" \/>\n<meta name=\"twitter:card\" content=\"summary_large_image\" \/>\n<meta name=\"twitter:label1\" content=\"Escrito por\" \/>\n\t<meta name=\"twitter:data1\" content=\"Brenda Cezillo\" \/>\n\t<meta name=\"twitter:label2\" content=\"Est. tempo de leitura\" \/>\n\t<meta name=\"twitter:data2\" content=\"3 minutos\" \/>\n<script type=\"application\/ld+json\" class=\"yoast-schema-graph\">{\"@context\":\"https:\/\/schema.org\",\"@graph\":[{\"@type\":\"NewsArticle\",\"@id\":\"https:\/\/www.gaveanews.com\/index.php\/2025\/04\/25\/carlo-ancelotti-pede-e-real-madrid-vai-realizar-4-contratacoes\/#article\",\"isPartOf\":{\"@id\":\"https:\/\/www.gaveanews.com\/index.php\/2025\/04\/25\/carlo-ancelotti-pede-e-real-madrid-vai-realizar-4-contratacoes\/\"},\"author\":{\"name\":\"Brenda Cezillo\",\"@id\":\"https:\/\/www.gaveanews.com\/#\/schema\/person\/c79759ca337c40791ae8d08e2923d403\"},\"headline\":\"Carlo Ancelotti pede e Real Madrid vai realizar 4 contrata\u00e7\u00f5es\",\"datePublished\":\"2025-04-26T02:20:00+00:00\",\"mainEntityOfPage\":{\"@id\":\"https:\/\/www.gaveanews.com\/index.php\/2025\/04\/25\/carlo-ancelotti-pede-e-real-madrid-vai-realizar-4-contratacoes\/\"},\"wordCount\":377,\"commentCount\":0,\"image\":{\"@id\":\"https:\/\/www.gaveanews.com\/index.php\/2025\/04\/25\/carlo-ancelotti-pede-e-real-madrid-vai-realizar-4-contratacoes\/#primaryimage\"},\"thumbnailUrl\":\"https:\/\/www.gaveanews.com\/wp-content\/uploads\/2023-04-29t184531z-1598421574-up1ej4t1g3tth-rtrmadp-3-soccer-spain-mad-uda-report.webp\",\"articleSection\":[\"Real Madrid\"],\"inLanguage\":\"pt-BR\",\"potentialAction\":[{\"@type\":\"CommentAction\",\"name\":\"Comment\",\"target\":[\"https:\/\/www.gaveanews.com\/index.php\/2025\/04\/25\/carlo-ancelotti-pede-e-real-madrid-vai-realizar-4-contratacoes\/#respond\"]}],\"copyrightYear\":\"2025\",\"copyrightHolder\":{\"@id\":\"https:\/\/www.gaveanews.com\/#organization\"}},{\"@type\":\"WebPage\",\"@id\":\"https:\/\/www.gaveanews.com\/index.php\/2025\/04\/25\/carlo-ancelotti-pede-e-real-madrid-vai-realizar-4-contratacoes\/\",\"url\":\"https:\/\/www.gaveanews.com\/index.php\/2025\/04\/25\/carlo-ancelotti-pede-e-real-madrid-vai-realizar-4-contratacoes\/\",\"name\":\"Carlo Ancelotti pede e Real Madrid vai realizar 4 contrata\u00e7\u00f5es\",\"isPartOf\":{\"@id\":\"https:\/\/www.gaveanews.com\/#website\"},\"primaryImageOfPage\":{\"@id\":\"https:\/\/www.gaveanews.com\/index.php\/2025\/04\/25\/carlo-ancelotti-pede-e-real-madrid-vai-realizar-4-contratacoes\/#primaryimage\"},\"image\":{\"@id\":\"https:\/\/www.gaveanews.com\/index.php\/2025\/04\/25\/carlo-ancelotti-pede-e-real-madrid-vai-realizar-4-contratacoes\/#primaryimage\"},\"thumbnailUrl\":\"https:\/\/www.gaveanews.com\/wp-content\/uploads\/2023-04-29t184531z-1598421574-up1ej4t1g3tth-rtrmadp-3-soccer-spain-mad-uda-report.webp\",\"datePublished\":\"2025-04-26T02:20:00+00:00\",\"author\":{\"@id\":\"https:\/\/www.gaveanews.com\/#\/schema\/person\/c79759ca337c40791ae8d08e2923d403\"},\"breadcrumb\":{\"@id\":\"https:\/\/www.gaveanews.com\/index.php\/2025\/04\/25\/carlo-ancelotti-pede-e-real-madrid-vai-realizar-4-contratacoes\/#breadcrumb\"},\"inLanguage\":\"pt-BR\",\"potentialAction\":[{\"@type\":\"ReadAction\",\"target\":[\"https:\/\/www.gaveanews.com\/index.php\/2025\/04\/25\/carlo-ancelotti-pede-e-real-madrid-vai-realizar-4-contratacoes\/\"]}]},{\"@type\":\"ImageObject\",\"inLanguage\":\"pt-BR\",\"@id\":\"https:\/\/www.gaveanews.com\/index.php\/2025\/04\/25\/carlo-ancelotti-pede-e-real-madrid-vai-realizar-4-contratacoes\/#primaryimage\",\"url\":\"https:\/\/www.gaveanews.com\/wp-content\/uploads\/2023-04-29t184531z-1598421574-up1ej4t1g3tth-rtrmadp-3-soccer-spain-mad-uda-report.webp\",\"contentUrl\":\"https:\/\/www.gaveanews.com\/wp-content\/uploads\/2023-04-29t184531z-1598421574-up1ej4t1g3tth-rtrmadp-3-soccer-spain-mad-uda-report.webp\",\"width\":984,\"height\":678,\"caption\":\"Carlo Ancelotti, t\u00e9cnico do Real Madrid (Foto: Reuters)\"},{\"@type\":\"BreadcrumbList\",\"@id\":\"https:\/\/www.gaveanews.com\/index.php\/2025\/04\/25\/carlo-ancelotti-pede-e-real-madrid-vai-realizar-4-contratacoes\/#breadcrumb\",\"itemListElement\":[{\"@type\":\"ListItem\",\"position\":1,\"name\":\"Home\",\"item\":\"https:\/\/www.gaveanews.com\/\"},{\"@type\":\"ListItem\",\"position\":2,\"name\":\"Carlo Ancelotti pede e Real Madrid vai realizar 4 contrata\u00e7\u00f5es\"}]},{\"@type\":\"WebSite\",\"@id\":\"https:\/\/www.gaveanews.com\/#website\",\"url\":\"https:\/\/www.gaveanews.com\/\",\"name\":\"G\u00e1vea News\",\"description\":\"Veja todas as not\u00edcias sobre o Flamengo: Contrata\u00e7\u00f5es, categorias de base, resultados das partidas, tabela de classifica\u00e7\u00e3o, pr\u00f3ximos jogos!\",\"potentialAction\":[{\"@type\":\"SearchAction\",\"target\":{\"@type\":\"EntryPoint\",\"urlTemplate\":\"https:\/\/www.gaveanews.com\/?s={search_term_string}\"},\"query-input\":{\"@type\":\"PropertyValueSpecification\",\"valueRequired\":true,\"valueName\":\"search_term_string\"}}],\"inLanguage\":\"pt-BR\"},{\"@type\":\"Person\",\"@id\":\"https:\/\/www.gaveanews.com\/#\/schema\/person\/c79759ca337c40791ae8d08e2923d403\",\"name\":\"Brenda Cezillo\",\"image\":{\"@type\":\"ImageObject\",\"inLanguage\":\"pt-BR\",\"@id\":\"https:\/\/www.gaveanews.com\/#\/schema\/person\/image\/\",\"url\":\"https:\/\/secure.gravatar.com\/avatar\/1738d75cee7317f9c29ae61dd67620c5883d80a92e42a6fff88ae5d527af217a?s=96&d=mm&r=g\",\"contentUrl\":\"https:\/\/secure.gravatar.com\/avatar\/1738d75cee7317f9c29ae61dd67620c5883d80a92e42a6fff88ae5d527af217a?s=96&d=mm&r=g\",\"caption\":\"Brenda Cezillo\"}}]}<\/script>\n<!-- \/ Yoast SEO Premium plugin. -->","yoast_head_json":{"title":"Carlo Ancelotti pede e Real Madrid vai realizar 4 contrata\u00e7\u00f5es","robots":{"index":"index","follow":"follow","max-snippet":"max-snippet:-1","max-image-preview":"max-image-preview:large","max-video-preview":"max-video-preview:-1"},"canonical":"https:\/\/www.gaveanews.com\/index.php\/2025\/04\/25\/carlo-ancelotti-pede-e-real-madrid-vai-realizar-4-contratacoes\/","og_locale":"pt_BR","og_type":"article","og_title":"Carlo Ancelotti pede e Real Madrid vai realizar 4 contrata\u00e7\u00f5es","og_description":"O futuro de Carlo Ancelotti no Real Madrid permanece incerto, conforme rumores apontam para uma poss\u00edvel sa\u00edda do treinador ao fim da temporada. Ainda assim, o italiano segue exercendo influ\u00eancia no planejamento da equipe para a pr\u00f3xima janela de transfer\u00eancias, marcada para o meio do ano. &#8220;Mesmo sem garantias sobre a continuidade, apresentamos \u00e0 diretoria [&hellip;]","og_url":"https:\/\/www.gaveanews.com\/index.php\/2025\/04\/25\/carlo-ancelotti-pede-e-real-madrid-vai-realizar-4-contratacoes\/","og_site_name":"G\u00e1vea News","article_publisher":"https:\/\/facebook.com\/gaveaNews\/","article_published_time":"2025-04-26T02:20:00+00:00","og_image":[{"width":984,"height":678,"url":"https:\/\/www.gaveanews.com\/wp-content\/uploads\/2023-04-29t184531z-1598421574-up1ej4t1g3tth-rtrmadp-3-soccer-spain-mad-uda-report.webp","type":"image\/webp"}],"author":"Brenda Cezillo","twitter_card":"summary_large_image","twitter_misc":{"Escrito por":"Brenda Cezillo","Est. tempo de leitura":"3 minutos"},"schema":{"@context":"https:\/\/schema.org","@graph":[{"@type":"NewsArticle","@id":"https:\/\/www.gaveanews.com\/index.php\/2025\/04\/25\/carlo-ancelotti-pede-e-real-madrid-vai-realizar-4-contratacoes\/#article","isPartOf":{"@id":"https:\/\/www.gaveanews.com\/index.php\/2025\/04\/25\/carlo-ancelotti-pede-e-real-madrid-vai-realizar-4-contratacoes\/"},"author":{"name":"Brenda Cezillo","@id":"https:\/\/www.gaveanews.com\/#\/schema\/person\/c79759ca337c40791ae8d08e2923d403"},"headline":"Carlo Ancelotti pede e Real Madrid vai realizar 4 contrata\u00e7\u00f5es","datePublished":"2025-04-26T02:20:00+00:00","mainEntityOfPage":{"@id":"https:\/\/www.gaveanews.com\/index.php\/2025\/04\/25\/carlo-ancelotti-pede-e-real-madrid-vai-realizar-4-contratacoes\/"},"wordCount":377,"commentCount":0,"image":{"@id":"https:\/\/www.gaveanews.com\/index.php\/2025\/04\/25\/carlo-ancelotti-pede-e-real-madrid-vai-realizar-4-contratacoes\/#primaryimage"},"thumbnailUrl":"https:\/\/www.gaveanews.com\/wp-content\/uploads\/2023-04-29t184531z-1598421574-up1ej4t1g3tth-rtrmadp-3-soccer-spain-mad-uda-report.webp","articleSection":["Real Madrid"],"inLanguage":"pt-BR","potentialAction":[{"@type":"CommentAction","name":"Comment","target":["https:\/\/www.gaveanews.com\/index.php\/2025\/04\/25\/carlo-ancelotti-pede-e-real-madrid-vai-realizar-4-contratacoes\/#respond"]}],"copyrightYear":"2025","copyrightHolder":{"@id":"https:\/\/www.gaveanews.com\/#organization"}},{"@type":"WebPage","@id":"https:\/\/www.gaveanews.com\/index.php\/2025\/04\/25\/carlo-ancelotti-pede-e-real-madrid-vai-realizar-4-contratacoes\/","url":"https:\/\/www.gaveanews.com\/index.php\/2025\/04\/25\/carlo-ancelotti-pede-e-real-madrid-vai-realizar-4-contratacoes\/","name":"Carlo Ancelotti pede e Real Madrid vai realizar 4 contrata\u00e7\u00f5es","isPartOf":{"@id":"https:\/\/www.gaveanews.com\/#website"},"primaryImageOfPage":{"@id":"https:\/\/www.gaveanews.com\/index.php\/2025\/04\/25\/carlo-ancelotti-pede-e-real-madrid-vai-realizar-4-contratacoes\/#primaryimage"},"image":{"@id":"https:\/\/www.gaveanews.com\/index.php\/2025\/04\/25\/carlo-ancelotti-pede-e-real-madrid-vai-realizar-4-contratacoes\/#primaryimage"},"thumbnailUrl":"https:\/\/www.gaveanews.com\/wp-content\/uploads\/2023-04-29t184531z-1598421574-up1ej4t1g3tth-rtrmadp-3-soccer-spain-mad-uda-report.webp","datePublished":"2025-04-26T02:20:00+00:00","author":{"@id":"https:\/\/www.gaveanews.com\/#\/schema\/person\/c79759ca337c40791ae8d08e2923d403"},"breadcrumb":{"@id":"https:\/\/www.gaveanews.com\/index.php\/2025\/04\/25\/carlo-ancelotti-pede-e-real-madrid-vai-realizar-4-contratacoes\/#breadcrumb"},"inLanguage":"pt-BR","potentialAction":[{"@type":"ReadAction","target":["https:\/\/www.gaveanews.com\/index.php\/2025\/04\/25\/carlo-ancelotti-pede-e-real-madrid-vai-realizar-4-contratacoes\/"]}]},{"@type":"ImageObject","inLanguage":"pt-BR","@id":"https:\/\/www.gaveanews.com\/index.php\/2025\/04\/25\/carlo-ancelotti-pede-e-real-madrid-vai-realizar-4-contratacoes\/#primaryimage","url":"https:\/\/www.gaveanews.com\/wp-content\/uploads\/2023-04-29t184531z-1598421574-up1ej4t1g3tth-rtrmadp-3-soccer-spain-mad-uda-report.webp","contentUrl":"https:\/\/www.gaveanews.com\/wp-content\/uploads\/2023-04-29t184531z-1598421574-up1ej4t1g3tth-rtrmadp-3-soccer-spain-mad-uda-report.webp","width":984,"height":678,"caption":"Carlo Ancelotti, t\u00e9cnico do Real Madrid (Foto: Reuters)"},{"@type":"BreadcrumbList","@id":"https:\/\/www.gaveanews.com\/index.php\/2025\/04\/25\/carlo-ancelotti-pede-e-real-madrid-vai-realizar-4-contratacoes\/#breadcrumb","itemListElement":[{"@type":"ListItem","position":1,"name":"Home","item":"https:\/\/www.gaveanews.com\/"},{"@type":"ListItem","position":2,"name":"Carlo Ancelotti pede e Real Madrid vai realizar 4 contrata\u00e7\u00f5es"}]},{"@type":"WebSite","@id":"https:\/\/www.gaveanews.com\/#website","url":"https:\/\/www.gaveanews.com\/","name":"G\u00e1vea News","description":"Veja todas as not\u00edcias sobre o Flamengo: Contrata\u00e7\u00f5es, categorias de base, resultados das partidas, tabela de classifica\u00e7\u00e3o, pr\u00f3ximos jogos!","potentialAction":[{"@type":"SearchAction","target":{"@type":"EntryPoint","urlTemplate":"https:\/\/www.gaveanews.com\/?s={search_term_string}"},"query-input":{"@type":"PropertyValueSpecification","valueRequired":true,"valueName":"search_term_string"}}],"inLanguage":"pt-BR"},{"@type":"Person","@id":"https:\/\/www.gaveanews.com\/#\/schema\/person\/c79759ca337c40791ae8d08e2923d403","name":"Brenda Cezillo","image":{"@type":"ImageObject","inLanguage":"pt-BR","@id":"https:\/\/www.gaveanews.com\/#\/schema\/person\/image\/","url":"https:\/\/secure.gravatar.com\/avatar\/1738d75cee7317f9c29ae61dd67620c5883d80a92e42a6fff88ae5d527af217a?s=96&d=mm&r=g","contentUrl":"https:\/\/secure.gravatar.com\/avatar\/1738d75cee7317f9c29ae61dd67620c5883d80a92e42a6fff88ae5d527af217a?s=96&d=mm&r=g","caption":"Brenda Cezillo"}}]}},"_links":{"self":[{"href":"https:\/\/www.gaveanews.com\/index.php\/wp-json\/wp\/v2\/posts\/257836","targetHints":{"allow":["GET"]}}],"collection":[{"href":"https:\/\/www.gaveanews.com\/index.php\/wp-json\/wp\/v2\/posts"}],"about":[{"href":"https:\/\/www.gaveanews.com\/index.php\/wp-json\/wp\/v2\/types\/post"}],"author":[{"embeddable":true,"href":"https:\/\/www.gaveanews.com\/index.php\/wp-json\/wp\/v2\/users\/33"}],"replies":[{"embeddable":true,"href":"https:\/\/www.gaveanews.com\/index.php\/wp-json\/wp\/v2\/comments?post=257836"}],"version-history":[{"count":1,"href":"https:\/\/www.gaveanews.com\/index.php\/wp-json\/wp\/v2\/posts\/257836\/revisions"}],"predecessor-version":[{"id":257840,"href":"https:\/\/www.gaveanews.com\/index.php\/wp-json\/wp\/v2\/posts\/257836\/revisions\/257840"}],"wp:featuredmedia":[{"embeddable":true,"href":"https:\/\/www.gaveanews.com\/index.php\/wp-json\/wp\/v2\/media\/119629"}],"wp:attachment":[{"href":"https:\/\/www.gaveanews.com\/index.php\/wp-json\/wp\/v2\/media?parent=257836"}],"wp:term":[{"taxonomy":"category","embeddable":true,"href":"https:\/\/www.gaveanews.com\/index.php\/wp-json\/wp\/v2\/categories?post=257836"},{"taxonomy":"post_tag","embeddable":true,"href":"https:\/\/www.gaveanews.com\/index.php\/wp-json\/wp\/v2\/tags?post=257836"}],"curies":[{"name":"wp","href":"https:\/\/api.w.org\/{rel}","templated":true}]}}