{"id":257842,"date":"2025-04-25T23:30:00","date_gmt":"2025-04-26T02:30:00","guid":{"rendered":"https:\/\/www.gaveanews.com\/?p=257842"},"modified":"2025-04-25T20:28:42","modified_gmt":"2025-04-25T23:28:42","slug":"ele-deixou-o-corinthians-e-agora-e-disputado-por-arsenal-e-liverpool","status":"publish","type":"post","link":"https:\/\/www.gaveanews.com\/index.php\/2025\/04\/25\/ele-deixou-o-corinthians-e-agora-e-disputado-por-arsenal-e-liverpool\/","title":{"rendered":"Ele deixou o Corinthians e agora \u00e9 disputado por Arsenal e Liverpool"},"content":{"rendered":"\n<p>O Arsenal iniciou o planejamento para a temporada 2025\/26 com movimenta\u00e7\u00f5es no mercado da bola. O clube londrino entrou na disputa pela contrata\u00e7\u00e3o do zagueiro brasileiro Murillo, atualmente no Nottingham Forest. Revelado pelas categorias de base do Corinthians, o defensor de 22 anos tem sido observado de perto por outros gigantes europeus, como o Liverpool.<\/p>\n\n\n\n<p>Atualmente, Murillo vem se destacando na Premier League com atua\u00e7\u00f5es consistentes. Sua performance no campeonato nacional chamou a aten\u00e7\u00e3o de diversos clubes e tamb\u00e9m rendeu convoca\u00e7\u00f5es para a Sele\u00e7\u00e3o Brasileira. &#8220;O jovem tem demonstrado muita seguran\u00e7a e regularidade&#8221;, informou o portal CaughtOffside, ao abordar o interesse do Arsenal.<\/p>\n\n\n\n<figure class=\"wp-block-image size-full\"><img loading=\"lazy\" decoding=\"async\" width=\"720\" height=\"405\" src=\"http:\/\/www.gaveanews.com\/wp-content\/uploads\/01gxejjd0rkq2vae4pqb.webp\" alt=\"\" class=\"wp-image-129352\" srcset=\"https:\/\/www.gaveanews.com\/wp-content\/uploads\/01gxejjd0rkq2vae4pqb.webp 720w, https:\/\/www.gaveanews.com\/wp-content\/uploads\/01gxejjd0rkq2vae4pqb-300x169.webp 300w, https:\/\/www.gaveanews.com\/wp-content\/uploads\/01gxejjd0rkq2vae4pqb-640x360.webp 640w, https:\/\/www.gaveanews.com\/wp-content\/uploads\/01gxejjd0rkq2vae4pqb-681x383.webp 681w, https:\/\/www.gaveanews.com\/wp-content\/uploads\/01gxejjd0rkq2vae4pqb-100x56.webp 100w\" sizes=\"auto, (max-width: 720px) 100vw, 720px\" \/><figcaption class=\"wp-element-caption\">Escudos de Liverpool e Arsenal (Foto: Reprodu\u00e7\u00e3o)<\/figcaption><\/figure>\n\n\n\n<p>Embora o Arsenal esteja focado na reta final da temporada, onde ainda briga pelo t\u00edtulo da Champions League, o clube n\u00e3o deixou de lado o planejamento para o futuro. Na Premier League, a equipe deve terminar na segunda coloca\u00e7\u00e3o, enquanto o Liverpool caminha para ser o campe\u00e3o. Assim sendo, a busca por refor\u00e7os se torna primordialmente estrat\u00e9gica para os Gunners.<\/p>\n\n\n\n<p>O Nottingham Forest, por sua vez, considera Murillo uma pe\u00e7a fundamental no elenco e n\u00e3o pretende liber\u00e1-lo facilmente. Conforme apurado, o clube ingl\u00eas pretende exigir cifras elevadas para negociar o defensor. Ali\u00e1s, essa situa\u00e7\u00e3o pode abrir espa\u00e7o para que o Real Madrid, que tamb\u00e9m monitora o jogador, tenha caminho livre para avan\u00e7ar em uma poss\u00edvel investida.<\/p>\n\n\n\n<p>Entretanto, a disputa por Murillo promete ser acirrada. Tanto Arsenal quanto Liverpool enxergam no zagueiro um nome com grande potencial para fortalecer seus sistemas defensivos. Apesar disso, as exig\u00eancias do Nottingham Forest devem ser um fator decisivo para o desfecho da negocia\u00e7\u00e3o.<\/p>\n\n\n\n<p>Em resumo, Murillo se consolidou como uma das promessas mais valiosas do futebol europeu. A expectativa \u00e9 que, com o avan\u00e7ar da janela de transfer\u00eancias do meio do ano, novas propostas possam surgir, impulsionadas pelo interesse crescente dos principais clubes do continente.<\/p>\n","protected":false},"excerpt":{"rendered":"<p>O Arsenal iniciou o planejamento para a temporada 2025\/26 com movimenta\u00e7\u00f5es no mercado da bola. O clube londrino entrou na disputa pela contrata\u00e7\u00e3o do zagueiro brasileiro Murillo, atualmente no Nottingham Forest. Revelado pelas categorias de base do Corinthians, o defensor de 22 anos tem sido observado de perto por outros gigantes europeus, como o Liverpool. [&hellip;]<\/p>\n","protected":false},"author":33,"featured_media":154473,"comment_status":"open","ping_status":"closed","sticky":false,"template":"","format":"standard","meta":{"footnotes":""},"categories":[141],"tags":[],"class_list":["post-257842","post","type-post","status-publish","format-standard","has-post-thumbnail","hentry","category-corinthians"],"yoast_head":"<!-- This site is optimized with the Yoast SEO Premium plugin v24.2 (Yoast SEO v26.9) - https:\/\/yoast.com\/product\/yoast-seo-premium-wordpress\/ -->\n<title>Ele deixou o Corinthians e agora \u00e9 disputado por Arsenal e Liverpool<\/title>\n<meta name=\"robots\" content=\"index, follow, max-snippet:-1, max-image-preview:large, max-video-preview:-1\" \/>\n<link rel=\"canonical\" href=\"https:\/\/www.gaveanews.com\/index.php\/2025\/04\/25\/ele-deixou-o-corinthians-e-agora-e-disputado-por-arsenal-e-liverpool\/\" \/>\n<meta property=\"og:locale\" content=\"pt_BR\" \/>\n<meta property=\"og:type\" content=\"article\" \/>\n<meta property=\"og:title\" content=\"Ele deixou o Corinthians e agora \u00e9 disputado por Arsenal e Liverpool\" \/>\n<meta property=\"og:description\" content=\"O Arsenal iniciou o planejamento para a temporada 2025\/26 com movimenta\u00e7\u00f5es no mercado da bola. O clube londrino entrou na disputa pela contrata\u00e7\u00e3o do zagueiro brasileiro Murillo, atualmente no Nottingham Forest. Revelado pelas categorias de base do Corinthians, o defensor de 22 anos tem sido observado de perto por outros gigantes europeus, como o Liverpool. [&hellip;]\" \/>\n<meta property=\"og:url\" content=\"https:\/\/www.gaveanews.com\/index.php\/2025\/04\/25\/ele-deixou-o-corinthians-e-agora-e-disputado-por-arsenal-e-liverpool\/\" \/>\n<meta property=\"og:site_name\" content=\"G\u00e1vea News\" \/>\n<meta property=\"article:publisher\" content=\"https:\/\/facebook.com\/gaveaNews\/\" \/>\n<meta property=\"article:published_time\" content=\"2025-04-26T02:30:00+00:00\" \/>\n<meta property=\"og:image\" content=\"https:\/\/www.gaveanews.com\/wp-content\/uploads\/Escudo-do-Corinthians-na-Neo-Quimica-Arena.webp\" \/>\n\t<meta property=\"og:image:width\" content=\"1440\" \/>\n\t<meta property=\"og:image:height\" content=\"959\" \/>\n\t<meta property=\"og:image:type\" content=\"image\/jpeg\" \/>\n<meta name=\"author\" content=\"Brenda Cezillo\" \/>\n<meta name=\"twitter:card\" content=\"summary_large_image\" \/>\n<meta name=\"twitter:label1\" content=\"Escrito por\" \/>\n\t<meta name=\"twitter:data1\" content=\"Brenda Cezillo\" \/>\n\t<meta name=\"twitter:label2\" content=\"Est. tempo de leitura\" \/>\n\t<meta name=\"twitter:data2\" content=\"3 minutos\" \/>\n<script type=\"application\/ld+json\" class=\"yoast-schema-graph\">{\"@context\":\"https:\/\/schema.org\",\"@graph\":[{\"@type\":\"NewsArticle\",\"@id\":\"https:\/\/www.gaveanews.com\/index.php\/2025\/04\/25\/ele-deixou-o-corinthians-e-agora-e-disputado-por-arsenal-e-liverpool\/#article\",\"isPartOf\":{\"@id\":\"https:\/\/www.gaveanews.com\/index.php\/2025\/04\/25\/ele-deixou-o-corinthians-e-agora-e-disputado-por-arsenal-e-liverpool\/\"},\"author\":{\"name\":\"Brenda Cezillo\",\"@id\":\"https:\/\/www.gaveanews.com\/#\/schema\/person\/c79759ca337c40791ae8d08e2923d403\"},\"headline\":\"Ele deixou o Corinthians e agora \u00e9 disputado por Arsenal e Liverpool\",\"datePublished\":\"2025-04-26T02:30:00+00:00\",\"mainEntityOfPage\":{\"@id\":\"https:\/\/www.gaveanews.com\/index.php\/2025\/04\/25\/ele-deixou-o-corinthians-e-agora-e-disputado-por-arsenal-e-liverpool\/\"},\"wordCount\":347,\"commentCount\":0,\"image\":{\"@id\":\"https:\/\/www.gaveanews.com\/index.php\/2025\/04\/25\/ele-deixou-o-corinthians-e-agora-e-disputado-por-arsenal-e-liverpool\/#primaryimage\"},\"thumbnailUrl\":\"https:\/\/www.gaveanews.com\/wp-content\/uploads\/Escudo-do-Corinthians-na-Neo-Quimica-Arena.webp\",\"articleSection\":[\"Corinthians\"],\"inLanguage\":\"pt-BR\",\"potentialAction\":[{\"@type\":\"CommentAction\",\"name\":\"Comment\",\"target\":[\"https:\/\/www.gaveanews.com\/index.php\/2025\/04\/25\/ele-deixou-o-corinthians-e-agora-e-disputado-por-arsenal-e-liverpool\/#respond\"]}],\"copyrightYear\":\"2025\",\"copyrightHolder\":{\"@id\":\"https:\/\/www.gaveanews.com\/#organization\"}},{\"@type\":\"WebPage\",\"@id\":\"https:\/\/www.gaveanews.com\/index.php\/2025\/04\/25\/ele-deixou-o-corinthians-e-agora-e-disputado-por-arsenal-e-liverpool\/\",\"url\":\"https:\/\/www.gaveanews.com\/index.php\/2025\/04\/25\/ele-deixou-o-corinthians-e-agora-e-disputado-por-arsenal-e-liverpool\/\",\"name\":\"Ele deixou o Corinthians e agora \u00e9 disputado por Arsenal e Liverpool\",\"isPartOf\":{\"@id\":\"https:\/\/www.gaveanews.com\/#website\"},\"primaryImageOfPage\":{\"@id\":\"https:\/\/www.gaveanews.com\/index.php\/2025\/04\/25\/ele-deixou-o-corinthians-e-agora-e-disputado-por-arsenal-e-liverpool\/#primaryimage\"},\"image\":{\"@id\":\"https:\/\/www.gaveanews.com\/index.php\/2025\/04\/25\/ele-deixou-o-corinthians-e-agora-e-disputado-por-arsenal-e-liverpool\/#primaryimage\"},\"thumbnailUrl\":\"https:\/\/www.gaveanews.com\/wp-content\/uploads\/Escudo-do-Corinthians-na-Neo-Quimica-Arena.webp\",\"datePublished\":\"2025-04-26T02:30:00+00:00\",\"author\":{\"@id\":\"https:\/\/www.gaveanews.com\/#\/schema\/person\/c79759ca337c40791ae8d08e2923d403\"},\"breadcrumb\":{\"@id\":\"https:\/\/www.gaveanews.com\/index.php\/2025\/04\/25\/ele-deixou-o-corinthians-e-agora-e-disputado-por-arsenal-e-liverpool\/#breadcrumb\"},\"inLanguage\":\"pt-BR\",\"potentialAction\":[{\"@type\":\"ReadAction\",\"target\":[\"https:\/\/www.gaveanews.com\/index.php\/2025\/04\/25\/ele-deixou-o-corinthians-e-agora-e-disputado-por-arsenal-e-liverpool\/\"]}]},{\"@type\":\"ImageObject\",\"inLanguage\":\"pt-BR\",\"@id\":\"https:\/\/www.gaveanews.com\/index.php\/2025\/04\/25\/ele-deixou-o-corinthians-e-agora-e-disputado-por-arsenal-e-liverpool\/#primaryimage\",\"url\":\"https:\/\/www.gaveanews.com\/wp-content\/uploads\/Escudo-do-Corinthians-na-Neo-Quimica-Arena.webp\",\"contentUrl\":\"https:\/\/www.gaveanews.com\/wp-content\/uploads\/Escudo-do-Corinthians-na-Neo-Quimica-Arena.webp\",\"width\":1440,\"height\":959,\"caption\":\"Escudo do Corinthians na N\u00e9o Qu\u00edmica Arena (Foto Reprodu\u00e7\u00e3o\/Instagram)\"},{\"@type\":\"BreadcrumbList\",\"@id\":\"https:\/\/www.gaveanews.com\/index.php\/2025\/04\/25\/ele-deixou-o-corinthians-e-agora-e-disputado-por-arsenal-e-liverpool\/#breadcrumb\",\"itemListElement\":[{\"@type\":\"ListItem\",\"position\":1,\"name\":\"Home\",\"item\":\"https:\/\/www.gaveanews.com\/\"},{\"@type\":\"ListItem\",\"position\":2,\"name\":\"Ele deixou o Corinthians e agora \u00e9 disputado por Arsenal e Liverpool\"}]},{\"@type\":\"WebSite\",\"@id\":\"https:\/\/www.gaveanews.com\/#website\",\"url\":\"https:\/\/www.gaveanews.com\/\",\"name\":\"G\u00e1vea News\",\"description\":\"Veja todas as not\u00edcias sobre o Flamengo: Contrata\u00e7\u00f5es, categorias de base, resultados das partidas, tabela de classifica\u00e7\u00e3o, pr\u00f3ximos jogos!\",\"potentialAction\":[{\"@type\":\"SearchAction\",\"target\":{\"@type\":\"EntryPoint\",\"urlTemplate\":\"https:\/\/www.gaveanews.com\/?s={search_term_string}\"},\"query-input\":{\"@type\":\"PropertyValueSpecification\",\"valueRequired\":true,\"valueName\":\"search_term_string\"}}],\"inLanguage\":\"pt-BR\"},{\"@type\":\"Person\",\"@id\":\"https:\/\/www.gaveanews.com\/#\/schema\/person\/c79759ca337c40791ae8d08e2923d403\",\"name\":\"Brenda Cezillo\",\"image\":{\"@type\":\"ImageObject\",\"inLanguage\":\"pt-BR\",\"@id\":\"https:\/\/www.gaveanews.com\/#\/schema\/person\/image\/\",\"url\":\"https:\/\/secure.gravatar.com\/avatar\/1738d75cee7317f9c29ae61dd67620c5883d80a92e42a6fff88ae5d527af217a?s=96&d=mm&r=g\",\"contentUrl\":\"https:\/\/secure.gravatar.com\/avatar\/1738d75cee7317f9c29ae61dd67620c5883d80a92e42a6fff88ae5d527af217a?s=96&d=mm&r=g\",\"caption\":\"Brenda Cezillo\"}}]}<\/script>\n<!-- \/ Yoast SEO Premium plugin. -->","yoast_head_json":{"title":"Ele deixou o Corinthians e agora \u00e9 disputado por Arsenal e Liverpool","robots":{"index":"index","follow":"follow","max-snippet":"max-snippet:-1","max-image-preview":"max-image-preview:large","max-video-preview":"max-video-preview:-1"},"canonical":"https:\/\/www.gaveanews.com\/index.php\/2025\/04\/25\/ele-deixou-o-corinthians-e-agora-e-disputado-por-arsenal-e-liverpool\/","og_locale":"pt_BR","og_type":"article","og_title":"Ele deixou o Corinthians e agora \u00e9 disputado por Arsenal e Liverpool","og_description":"O Arsenal iniciou o planejamento para a temporada 2025\/26 com movimenta\u00e7\u00f5es no mercado da bola. O clube londrino entrou na disputa pela contrata\u00e7\u00e3o do zagueiro brasileiro Murillo, atualmente no Nottingham Forest. Revelado pelas categorias de base do Corinthians, o defensor de 22 anos tem sido observado de perto por outros gigantes europeus, como o Liverpool. [&hellip;]","og_url":"https:\/\/www.gaveanews.com\/index.php\/2025\/04\/25\/ele-deixou-o-corinthians-e-agora-e-disputado-por-arsenal-e-liverpool\/","og_site_name":"G\u00e1vea News","article_publisher":"https:\/\/facebook.com\/gaveaNews\/","article_published_time":"2025-04-26T02:30:00+00:00","og_image":[{"width":1440,"height":959,"url":"https:\/\/www.gaveanews.com\/wp-content\/uploads\/Escudo-do-Corinthians-na-Neo-Quimica-Arena.webp","type":"image\/jpeg"}],"author":"Brenda Cezillo","twitter_card":"summary_large_image","twitter_misc":{"Escrito por":"Brenda Cezillo","Est. tempo de leitura":"3 minutos"},"schema":{"@context":"https:\/\/schema.org","@graph":[{"@type":"NewsArticle","@id":"https:\/\/www.gaveanews.com\/index.php\/2025\/04\/25\/ele-deixou-o-corinthians-e-agora-e-disputado-por-arsenal-e-liverpool\/#article","isPartOf":{"@id":"https:\/\/www.gaveanews.com\/index.php\/2025\/04\/25\/ele-deixou-o-corinthians-e-agora-e-disputado-por-arsenal-e-liverpool\/"},"author":{"name":"Brenda Cezillo","@id":"https:\/\/www.gaveanews.com\/#\/schema\/person\/c79759ca337c40791ae8d08e2923d403"},"headline":"Ele deixou o Corinthians e agora \u00e9 disputado por Arsenal e Liverpool","datePublished":"2025-04-26T02:30:00+00:00","mainEntityOfPage":{"@id":"https:\/\/www.gaveanews.com\/index.php\/2025\/04\/25\/ele-deixou-o-corinthians-e-agora-e-disputado-por-arsenal-e-liverpool\/"},"wordCount":347,"commentCount":0,"image":{"@id":"https:\/\/www.gaveanews.com\/index.php\/2025\/04\/25\/ele-deixou-o-corinthians-e-agora-e-disputado-por-arsenal-e-liverpool\/#primaryimage"},"thumbnailUrl":"https:\/\/www.gaveanews.com\/wp-content\/uploads\/Escudo-do-Corinthians-na-Neo-Quimica-Arena.webp","articleSection":["Corinthians"],"inLanguage":"pt-BR","potentialAction":[{"@type":"CommentAction","name":"Comment","target":["https:\/\/www.gaveanews.com\/index.php\/2025\/04\/25\/ele-deixou-o-corinthians-e-agora-e-disputado-por-arsenal-e-liverpool\/#respond"]}],"copyrightYear":"2025","copyrightHolder":{"@id":"https:\/\/www.gaveanews.com\/#organization"}},{"@type":"WebPage","@id":"https:\/\/www.gaveanews.com\/index.php\/2025\/04\/25\/ele-deixou-o-corinthians-e-agora-e-disputado-por-arsenal-e-liverpool\/","url":"https:\/\/www.gaveanews.com\/index.php\/2025\/04\/25\/ele-deixou-o-corinthians-e-agora-e-disputado-por-arsenal-e-liverpool\/","name":"Ele deixou o Corinthians e agora \u00e9 disputado por Arsenal e Liverpool","isPartOf":{"@id":"https:\/\/www.gaveanews.com\/#website"},"primaryImageOfPage":{"@id":"https:\/\/www.gaveanews.com\/index.php\/2025\/04\/25\/ele-deixou-o-corinthians-e-agora-e-disputado-por-arsenal-e-liverpool\/#primaryimage"},"image":{"@id":"https:\/\/www.gaveanews.com\/index.php\/2025\/04\/25\/ele-deixou-o-corinthians-e-agora-e-disputado-por-arsenal-e-liverpool\/#primaryimage"},"thumbnailUrl":"https:\/\/www.gaveanews.com\/wp-content\/uploads\/Escudo-do-Corinthians-na-Neo-Quimica-Arena.webp","datePublished":"2025-04-26T02:30:00+00:00","author":{"@id":"https:\/\/www.gaveanews.com\/#\/schema\/person\/c79759ca337c40791ae8d08e2923d403"},"breadcrumb":{"@id":"https:\/\/www.gaveanews.com\/index.php\/2025\/04\/25\/ele-deixou-o-corinthians-e-agora-e-disputado-por-arsenal-e-liverpool\/#breadcrumb"},"inLanguage":"pt-BR","potentialAction":[{"@type":"ReadAction","target":["https:\/\/www.gaveanews.com\/index.php\/2025\/04\/25\/ele-deixou-o-corinthians-e-agora-e-disputado-por-arsenal-e-liverpool\/"]}]},{"@type":"ImageObject","inLanguage":"pt-BR","@id":"https:\/\/www.gaveanews.com\/index.php\/2025\/04\/25\/ele-deixou-o-corinthians-e-agora-e-disputado-por-arsenal-e-liverpool\/#primaryimage","url":"https:\/\/www.gaveanews.com\/wp-content\/uploads\/Escudo-do-Corinthians-na-Neo-Quimica-Arena.webp","contentUrl":"https:\/\/www.gaveanews.com\/wp-content\/uploads\/Escudo-do-Corinthians-na-Neo-Quimica-Arena.webp","width":1440,"height":959,"caption":"Escudo do Corinthians na N\u00e9o Qu\u00edmica Arena (Foto Reprodu\u00e7\u00e3o\/Instagram)"},{"@type":"BreadcrumbList","@id":"https:\/\/www.gaveanews.com\/index.php\/2025\/04\/25\/ele-deixou-o-corinthians-e-agora-e-disputado-por-arsenal-e-liverpool\/#breadcrumb","itemListElement":[{"@type":"ListItem","position":1,"name":"Home","item":"https:\/\/www.gaveanews.com\/"},{"@type":"ListItem","position":2,"name":"Ele deixou o Corinthians e agora \u00e9 disputado por Arsenal e Liverpool"}]},{"@type":"WebSite","@id":"https:\/\/www.gaveanews.com\/#website","url":"https:\/\/www.gaveanews.com\/","name":"G\u00e1vea News","description":"Veja todas as not\u00edcias sobre o Flamengo: Contrata\u00e7\u00f5es, categorias de base, resultados das partidas, tabela de classifica\u00e7\u00e3o, pr\u00f3ximos jogos!","potentialAction":[{"@type":"SearchAction","target":{"@type":"EntryPoint","urlTemplate":"https:\/\/www.gaveanews.com\/?s={search_term_string}"},"query-input":{"@type":"PropertyValueSpecification","valueRequired":true,"valueName":"search_term_string"}}],"inLanguage":"pt-BR"},{"@type":"Person","@id":"https:\/\/www.gaveanews.com\/#\/schema\/person\/c79759ca337c40791ae8d08e2923d403","name":"Brenda Cezillo","image":{"@type":"ImageObject","inLanguage":"pt-BR","@id":"https:\/\/www.gaveanews.com\/#\/schema\/person\/image\/","url":"https:\/\/secure.gravatar.com\/avatar\/1738d75cee7317f9c29ae61dd67620c5883d80a92e42a6fff88ae5d527af217a?s=96&d=mm&r=g","contentUrl":"https:\/\/secure.gravatar.com\/avatar\/1738d75cee7317f9c29ae61dd67620c5883d80a92e42a6fff88ae5d527af217a?s=96&d=mm&r=g","caption":"Brenda Cezillo"}}]}},"_links":{"self":[{"href":"https:\/\/www.gaveanews.com\/index.php\/wp-json\/wp\/v2\/posts\/257842","targetHints":{"allow":["GET"]}}],"collection":[{"href":"https:\/\/www.gaveanews.com\/index.php\/wp-json\/wp\/v2\/posts"}],"about":[{"href":"https:\/\/www.gaveanews.com\/index.php\/wp-json\/wp\/v2\/types\/post"}],"author":[{"embeddable":true,"href":"https:\/\/www.gaveanews.com\/index.php\/wp-json\/wp\/v2\/users\/33"}],"replies":[{"embeddable":true,"href":"https:\/\/www.gaveanews.com\/index.php\/wp-json\/wp\/v2\/comments?post=257842"}],"version-history":[{"count":1,"href":"https:\/\/www.gaveanews.com\/index.php\/wp-json\/wp\/v2\/posts\/257842\/revisions"}],"predecessor-version":[{"id":257844,"href":"https:\/\/www.gaveanews.com\/index.php\/wp-json\/wp\/v2\/posts\/257842\/revisions\/257844"}],"wp:featuredmedia":[{"embeddable":true,"href":"https:\/\/www.gaveanews.com\/index.php\/wp-json\/wp\/v2\/media\/154473"}],"wp:attachment":[{"href":"https:\/\/www.gaveanews.com\/index.php\/wp-json\/wp\/v2\/media?parent=257842"}],"wp:term":[{"taxonomy":"category","embeddable":true,"href":"https:\/\/www.gaveanews.com\/index.php\/wp-json\/wp\/v2\/categories?post=257842"},{"taxonomy":"post_tag","embeddable":true,"href":"https:\/\/www.gaveanews.com\/index.php\/wp-json\/wp\/v2\/tags?post=257842"}],"curies":[{"name":"wp","href":"https:\/\/api.w.org\/{rel}","templated":true}]}}