{"id":257885,"date":"2025-04-26T20:00:00","date_gmt":"2025-04-26T23:00:00","guid":{"rendered":"https:\/\/www.gaveanews.com\/?p=257885"},"modified":"2025-04-26T18:44:57","modified_gmt":"2025-04-26T21:44:57","slug":"imprensa-da-europa-repercute-ma-fase-do-cruzeiro","status":"publish","type":"post","link":"https:\/\/www.gaveanews.com\/index.php\/2025\/04\/26\/imprensa-da-europa-repercute-ma-fase-do-cruzeiro\/","title":{"rendered":"Imprensa da Europa repercute m\u00e1 fase do Cruzeiro"},"content":{"rendered":"\n<p>A m\u00e1 fase do Cruzeiro se tornou not\u00edcia na Europa. Ap\u00f3s a derrota para o Palestino, do Chile, pela Copa Conmebol Sul-Americana, jornais portugueses repercutiram o momento que a Raposa atravessa.<\/p>\n\n\n\n<p>O pr\u00f3prio t\u00e9cnico do Cruzeiro, Leonardo Jardim, foi enf\u00e1tico ao falar da situa\u00e7\u00e3o da equipe. Lanterna do Grupo E, sem ter conquistado um ponto sequer, resultado de tr\u00eas derrotas, o treinador cruzeirense apontou que todos eles est\u00e3o \u201cenvergonhados\u201d com a campanha.<\/p>\n\n\n\n<p>\u201cSinceramente, mais do que isso, nos sentimos envergonhados por aquilo que produzimos nessa Sul-Americana. Tr\u00eas jogos e tr\u00eas derrotas. N\u00e3o h\u00e1 nada que n\u00e3o se esconda. Quando digo n\u00f3s, com certeza me incluindo \u00e0 frente do grupo. Nossa produtividade foi muito abaixo do que dever\u00edamos ter dado\u201d, desabafou Jardim ap\u00f3s a partida.<\/p>\n\n\n\n<p>O depoimento do treinador reverberou em Portugal. O jornal \u201cO Jogo\u201d destacou que Jardim \u201cn\u00e3o escondeu a sua insatisfa\u00e7\u00e3o no final de mais um desastre\u201d. J\u00e1 o site \u201cNot\u00edcias Ao Minuto\u201d destacou que o trabalho do t\u00e9cnico est\u00e1 sob risco: \u201cA vida do Cruzeiro e de Leonardo Jardim na Copa Sul-Americana est\u00e1 por um fio\u201d.<\/p>\n\n\n\n<p>Por outro lado, o peri\u00f3dico \u201cA Bola\u201d destacou que o treinador chamou a responsabilidade para si: \u201cO treinador Leonardo Jardim admitiu frustra\u00e7\u00e3o e chamou a si a responsabilidade\u201d.<\/p>\n\n\n\n<p>Contratado logo ap\u00f3s a demiss\u00e3o de Fernando Diniz em janeiro, o trabalho de Leonardo Jardim ainda n\u00e3o encaixou no Cruzeiro. Al\u00e9m de estar zerado na Copa Conmebol Sul-Americana, ele enfrentou dificuldades no Campeonato Mineiro, tendo sequer chegado \u00e0s finais da competi\u00e7\u00e3o.<\/p>\n\n\n\n<p>Ele tamb\u00e9m n\u00e3o tem tido vida f\u00e1cil no Campeonato Brasileiro. A Raposa \u00e9 a 7\u00aa colocada com 7 pontos conquistados, tendo vencido duas partidas, perdido duas e empatado uma.&nbsp;<\/p>\n\n\n\n<p>O pr\u00f3ximo confronto do Cruzeiro \u00e9 contra o Vasco da Gama, no domingo (27\/4), no Parque do Sabi\u00e1, em Uberl\u00e2ndia, no Tri\u00e2ngulo Mineiro, v\u00e1lido pela 8\u00aa rodada do Brasileir\u00e3o.<\/p>\n","protected":false},"excerpt":{"rendered":"<p>A m\u00e1 fase do Cruzeiro se tornou not\u00edcia na Europa. Ap\u00f3s a derrota para o Palestino, do Chile, pela Copa Conmebol Sul-Americana, jornais portugueses repercutiram o momento que a Raposa atravessa. O pr\u00f3prio t\u00e9cnico do Cruzeiro, Leonardo Jardim, foi enf\u00e1tico ao falar da situa\u00e7\u00e3o da equipe. Lanterna do Grupo E, sem ter conquistado um ponto [&hellip;]<\/p>\n","protected":false},"author":29,"featured_media":165466,"comment_status":"open","ping_status":"closed","sticky":false,"template":"","format":"standard","meta":{"footnotes":""},"categories":[143],"tags":[],"class_list":["post-257885","post","type-post","status-publish","format-standard","has-post-thumbnail","hentry","category-cruzeiro"],"yoast_head":"<!-- This site is optimized with the Yoast SEO Premium plugin v24.2 (Yoast SEO v26.9) - https:\/\/yoast.com\/product\/yoast-seo-premium-wordpress\/ -->\n<title>Imprensa da Europa repercute m\u00e1 fase do Cruzeiro<\/title>\n<meta name=\"robots\" content=\"index, follow, max-snippet:-1, max-image-preview:large, max-video-preview:-1\" \/>\n<link rel=\"canonical\" href=\"https:\/\/www.gaveanews.com\/index.php\/2025\/04\/26\/imprensa-da-europa-repercute-ma-fase-do-cruzeiro\/\" \/>\n<meta property=\"og:locale\" content=\"pt_BR\" \/>\n<meta property=\"og:type\" content=\"article\" \/>\n<meta property=\"og:title\" content=\"Imprensa da Europa repercute m\u00e1 fase do Cruzeiro\" \/>\n<meta property=\"og:description\" content=\"A m\u00e1 fase do Cruzeiro se tornou not\u00edcia na Europa. Ap\u00f3s a derrota para o Palestino, do Chile, pela Copa Conmebol Sul-Americana, jornais portugueses repercutiram o momento que a Raposa atravessa. O pr\u00f3prio t\u00e9cnico do Cruzeiro, Leonardo Jardim, foi enf\u00e1tico ao falar da situa\u00e7\u00e3o da equipe. Lanterna do Grupo E, sem ter conquistado um ponto [&hellip;]\" \/>\n<meta property=\"og:url\" content=\"https:\/\/www.gaveanews.com\/index.php\/2025\/04\/26\/imprensa-da-europa-repercute-ma-fase-do-cruzeiro\/\" \/>\n<meta property=\"og:site_name\" content=\"G\u00e1vea News\" \/>\n<meta property=\"article:publisher\" content=\"https:\/\/facebook.com\/gaveaNews\/\" \/>\n<meta property=\"article:published_time\" content=\"2025-04-26T23:00:00+00:00\" \/>\n<meta property=\"og:image\" content=\"https:\/\/www.gaveanews.com\/wp-content\/uploads\/Escudo-do-Cruzeiro.webp\" \/>\n\t<meta property=\"og:image:width\" content=\"1387\" \/>\n\t<meta property=\"og:image:height\" content=\"924\" \/>\n\t<meta property=\"og:image:type\" content=\"image\/webp\" \/>\n<meta name=\"author\" content=\"Marco Menezes\" \/>\n<meta name=\"twitter:card\" content=\"summary_large_image\" \/>\n<meta name=\"twitter:label1\" content=\"Escrito por\" \/>\n\t<meta name=\"twitter:data1\" content=\"Marco Menezes\" \/>\n\t<meta name=\"twitter:label2\" content=\"Est. tempo de leitura\" \/>\n\t<meta name=\"twitter:data2\" content=\"2 minutos\" \/>\n<script type=\"application\/ld+json\" class=\"yoast-schema-graph\">{\"@context\":\"https:\/\/schema.org\",\"@graph\":[{\"@type\":\"NewsArticle\",\"@id\":\"https:\/\/www.gaveanews.com\/index.php\/2025\/04\/26\/imprensa-da-europa-repercute-ma-fase-do-cruzeiro\/#article\",\"isPartOf\":{\"@id\":\"https:\/\/www.gaveanews.com\/index.php\/2025\/04\/26\/imprensa-da-europa-repercute-ma-fase-do-cruzeiro\/\"},\"author\":{\"name\":\"Marco Menezes\",\"@id\":\"https:\/\/www.gaveanews.com\/#\/schema\/person\/a9f62fe75380c6bada1b2fc49bc23d69\"},\"headline\":\"Imprensa da Europa repercute m\u00e1 fase do Cruzeiro\",\"datePublished\":\"2025-04-26T23:00:00+00:00\",\"mainEntityOfPage\":{\"@id\":\"https:\/\/www.gaveanews.com\/index.php\/2025\/04\/26\/imprensa-da-europa-repercute-ma-fase-do-cruzeiro\/\"},\"wordCount\":342,\"commentCount\":0,\"image\":{\"@id\":\"https:\/\/www.gaveanews.com\/index.php\/2025\/04\/26\/imprensa-da-europa-repercute-ma-fase-do-cruzeiro\/#primaryimage\"},\"thumbnailUrl\":\"https:\/\/www.gaveanews.com\/wp-content\/uploads\/Escudo-do-Cruzeiro.webp\",\"articleSection\":[\"Cruzeiro\"],\"inLanguage\":\"pt-BR\",\"potentialAction\":[{\"@type\":\"CommentAction\",\"name\":\"Comment\",\"target\":[\"https:\/\/www.gaveanews.com\/index.php\/2025\/04\/26\/imprensa-da-europa-repercute-ma-fase-do-cruzeiro\/#respond\"]}],\"copyrightYear\":\"2025\",\"copyrightHolder\":{\"@id\":\"https:\/\/www.gaveanews.com\/#organization\"}},{\"@type\":\"WebPage\",\"@id\":\"https:\/\/www.gaveanews.com\/index.php\/2025\/04\/26\/imprensa-da-europa-repercute-ma-fase-do-cruzeiro\/\",\"url\":\"https:\/\/www.gaveanews.com\/index.php\/2025\/04\/26\/imprensa-da-europa-repercute-ma-fase-do-cruzeiro\/\",\"name\":\"Imprensa da Europa repercute m\u00e1 fase do Cruzeiro\",\"isPartOf\":{\"@id\":\"https:\/\/www.gaveanews.com\/#website\"},\"primaryImageOfPage\":{\"@id\":\"https:\/\/www.gaveanews.com\/index.php\/2025\/04\/26\/imprensa-da-europa-repercute-ma-fase-do-cruzeiro\/#primaryimage\"},\"image\":{\"@id\":\"https:\/\/www.gaveanews.com\/index.php\/2025\/04\/26\/imprensa-da-europa-repercute-ma-fase-do-cruzeiro\/#primaryimage\"},\"thumbnailUrl\":\"https:\/\/www.gaveanews.com\/wp-content\/uploads\/Escudo-do-Cruzeiro.webp\",\"datePublished\":\"2025-04-26T23:00:00+00:00\",\"author\":{\"@id\":\"https:\/\/www.gaveanews.com\/#\/schema\/person\/a9f62fe75380c6bada1b2fc49bc23d69\"},\"breadcrumb\":{\"@id\":\"https:\/\/www.gaveanews.com\/index.php\/2025\/04\/26\/imprensa-da-europa-repercute-ma-fase-do-cruzeiro\/#breadcrumb\"},\"inLanguage\":\"pt-BR\",\"potentialAction\":[{\"@type\":\"ReadAction\",\"target\":[\"https:\/\/www.gaveanews.com\/index.php\/2025\/04\/26\/imprensa-da-europa-repercute-ma-fase-do-cruzeiro\/\"]}]},{\"@type\":\"ImageObject\",\"inLanguage\":\"pt-BR\",\"@id\":\"https:\/\/www.gaveanews.com\/index.php\/2025\/04\/26\/imprensa-da-europa-repercute-ma-fase-do-cruzeiro\/#primaryimage\",\"url\":\"https:\/\/www.gaveanews.com\/wp-content\/uploads\/Escudo-do-Cruzeiro.webp\",\"contentUrl\":\"https:\/\/www.gaveanews.com\/wp-content\/uploads\/Escudo-do-Cruzeiro.webp\",\"width\":1387,\"height\":924,\"caption\":\"Escudo do Cruzeiro (Foto: Reprodu\u00e7\u00e3o\/Cruzeiro)\"},{\"@type\":\"BreadcrumbList\",\"@id\":\"https:\/\/www.gaveanews.com\/index.php\/2025\/04\/26\/imprensa-da-europa-repercute-ma-fase-do-cruzeiro\/#breadcrumb\",\"itemListElement\":[{\"@type\":\"ListItem\",\"position\":1,\"name\":\"Home\",\"item\":\"https:\/\/www.gaveanews.com\/\"},{\"@type\":\"ListItem\",\"position\":2,\"name\":\"Imprensa da Europa repercute m\u00e1 fase do Cruzeiro\"}]},{\"@type\":\"WebSite\",\"@id\":\"https:\/\/www.gaveanews.com\/#website\",\"url\":\"https:\/\/www.gaveanews.com\/\",\"name\":\"G\u00e1vea News\",\"description\":\"Veja todas as not\u00edcias sobre o Flamengo: Contrata\u00e7\u00f5es, categorias de base, resultados das partidas, tabela de classifica\u00e7\u00e3o, pr\u00f3ximos jogos!\",\"potentialAction\":[{\"@type\":\"SearchAction\",\"target\":{\"@type\":\"EntryPoint\",\"urlTemplate\":\"https:\/\/www.gaveanews.com\/?s={search_term_string}\"},\"query-input\":{\"@type\":\"PropertyValueSpecification\",\"valueRequired\":true,\"valueName\":\"search_term_string\"}}],\"inLanguage\":\"pt-BR\"},{\"@type\":\"Person\",\"@id\":\"https:\/\/www.gaveanews.com\/#\/schema\/person\/a9f62fe75380c6bada1b2fc49bc23d69\",\"name\":\"Marco Menezes\",\"image\":{\"@type\":\"ImageObject\",\"inLanguage\":\"pt-BR\",\"@id\":\"https:\/\/www.gaveanews.com\/#\/schema\/person\/image\/\",\"url\":\"https:\/\/secure.gravatar.com\/avatar\/a1d148ae17fc8bfc5dbccffd07979e8bd2c9ba494221779de86ec2c7907b71ec?s=96&d=mm&r=g\",\"contentUrl\":\"https:\/\/secure.gravatar.com\/avatar\/a1d148ae17fc8bfc5dbccffd07979e8bd2c9ba494221779de86ec2c7907b71ec?s=96&d=mm&r=g\",\"caption\":\"Marco Menezes\"}}]}<\/script>\n<!-- \/ Yoast SEO Premium plugin. -->","yoast_head_json":{"title":"Imprensa da Europa repercute m\u00e1 fase do Cruzeiro","robots":{"index":"index","follow":"follow","max-snippet":"max-snippet:-1","max-image-preview":"max-image-preview:large","max-video-preview":"max-video-preview:-1"},"canonical":"https:\/\/www.gaveanews.com\/index.php\/2025\/04\/26\/imprensa-da-europa-repercute-ma-fase-do-cruzeiro\/","og_locale":"pt_BR","og_type":"article","og_title":"Imprensa da Europa repercute m\u00e1 fase do Cruzeiro","og_description":"A m\u00e1 fase do Cruzeiro se tornou not\u00edcia na Europa. Ap\u00f3s a derrota para o Palestino, do Chile, pela Copa Conmebol Sul-Americana, jornais portugueses repercutiram o momento que a Raposa atravessa. O pr\u00f3prio t\u00e9cnico do Cruzeiro, Leonardo Jardim, foi enf\u00e1tico ao falar da situa\u00e7\u00e3o da equipe. Lanterna do Grupo E, sem ter conquistado um ponto [&hellip;]","og_url":"https:\/\/www.gaveanews.com\/index.php\/2025\/04\/26\/imprensa-da-europa-repercute-ma-fase-do-cruzeiro\/","og_site_name":"G\u00e1vea News","article_publisher":"https:\/\/facebook.com\/gaveaNews\/","article_published_time":"2025-04-26T23:00:00+00:00","og_image":[{"width":1387,"height":924,"url":"https:\/\/www.gaveanews.com\/wp-content\/uploads\/Escudo-do-Cruzeiro.webp","type":"image\/webp"}],"author":"Marco Menezes","twitter_card":"summary_large_image","twitter_misc":{"Escrito por":"Marco Menezes","Est. tempo de leitura":"2 minutos"},"schema":{"@context":"https:\/\/schema.org","@graph":[{"@type":"NewsArticle","@id":"https:\/\/www.gaveanews.com\/index.php\/2025\/04\/26\/imprensa-da-europa-repercute-ma-fase-do-cruzeiro\/#article","isPartOf":{"@id":"https:\/\/www.gaveanews.com\/index.php\/2025\/04\/26\/imprensa-da-europa-repercute-ma-fase-do-cruzeiro\/"},"author":{"name":"Marco Menezes","@id":"https:\/\/www.gaveanews.com\/#\/schema\/person\/a9f62fe75380c6bada1b2fc49bc23d69"},"headline":"Imprensa da Europa repercute m\u00e1 fase do Cruzeiro","datePublished":"2025-04-26T23:00:00+00:00","mainEntityOfPage":{"@id":"https:\/\/www.gaveanews.com\/index.php\/2025\/04\/26\/imprensa-da-europa-repercute-ma-fase-do-cruzeiro\/"},"wordCount":342,"commentCount":0,"image":{"@id":"https:\/\/www.gaveanews.com\/index.php\/2025\/04\/26\/imprensa-da-europa-repercute-ma-fase-do-cruzeiro\/#primaryimage"},"thumbnailUrl":"https:\/\/www.gaveanews.com\/wp-content\/uploads\/Escudo-do-Cruzeiro.webp","articleSection":["Cruzeiro"],"inLanguage":"pt-BR","potentialAction":[{"@type":"CommentAction","name":"Comment","target":["https:\/\/www.gaveanews.com\/index.php\/2025\/04\/26\/imprensa-da-europa-repercute-ma-fase-do-cruzeiro\/#respond"]}],"copyrightYear":"2025","copyrightHolder":{"@id":"https:\/\/www.gaveanews.com\/#organization"}},{"@type":"WebPage","@id":"https:\/\/www.gaveanews.com\/index.php\/2025\/04\/26\/imprensa-da-europa-repercute-ma-fase-do-cruzeiro\/","url":"https:\/\/www.gaveanews.com\/index.php\/2025\/04\/26\/imprensa-da-europa-repercute-ma-fase-do-cruzeiro\/","name":"Imprensa da Europa repercute m\u00e1 fase do Cruzeiro","isPartOf":{"@id":"https:\/\/www.gaveanews.com\/#website"},"primaryImageOfPage":{"@id":"https:\/\/www.gaveanews.com\/index.php\/2025\/04\/26\/imprensa-da-europa-repercute-ma-fase-do-cruzeiro\/#primaryimage"},"image":{"@id":"https:\/\/www.gaveanews.com\/index.php\/2025\/04\/26\/imprensa-da-europa-repercute-ma-fase-do-cruzeiro\/#primaryimage"},"thumbnailUrl":"https:\/\/www.gaveanews.com\/wp-content\/uploads\/Escudo-do-Cruzeiro.webp","datePublished":"2025-04-26T23:00:00+00:00","author":{"@id":"https:\/\/www.gaveanews.com\/#\/schema\/person\/a9f62fe75380c6bada1b2fc49bc23d69"},"breadcrumb":{"@id":"https:\/\/www.gaveanews.com\/index.php\/2025\/04\/26\/imprensa-da-europa-repercute-ma-fase-do-cruzeiro\/#breadcrumb"},"inLanguage":"pt-BR","potentialAction":[{"@type":"ReadAction","target":["https:\/\/www.gaveanews.com\/index.php\/2025\/04\/26\/imprensa-da-europa-repercute-ma-fase-do-cruzeiro\/"]}]},{"@type":"ImageObject","inLanguage":"pt-BR","@id":"https:\/\/www.gaveanews.com\/index.php\/2025\/04\/26\/imprensa-da-europa-repercute-ma-fase-do-cruzeiro\/#primaryimage","url":"https:\/\/www.gaveanews.com\/wp-content\/uploads\/Escudo-do-Cruzeiro.webp","contentUrl":"https:\/\/www.gaveanews.com\/wp-content\/uploads\/Escudo-do-Cruzeiro.webp","width":1387,"height":924,"caption":"Escudo do Cruzeiro (Foto: Reprodu\u00e7\u00e3o\/Cruzeiro)"},{"@type":"BreadcrumbList","@id":"https:\/\/www.gaveanews.com\/index.php\/2025\/04\/26\/imprensa-da-europa-repercute-ma-fase-do-cruzeiro\/#breadcrumb","itemListElement":[{"@type":"ListItem","position":1,"name":"Home","item":"https:\/\/www.gaveanews.com\/"},{"@type":"ListItem","position":2,"name":"Imprensa da Europa repercute m\u00e1 fase do Cruzeiro"}]},{"@type":"WebSite","@id":"https:\/\/www.gaveanews.com\/#website","url":"https:\/\/www.gaveanews.com\/","name":"G\u00e1vea News","description":"Veja todas as not\u00edcias sobre o Flamengo: Contrata\u00e7\u00f5es, categorias de base, resultados das partidas, tabela de classifica\u00e7\u00e3o, pr\u00f3ximos jogos!","potentialAction":[{"@type":"SearchAction","target":{"@type":"EntryPoint","urlTemplate":"https:\/\/www.gaveanews.com\/?s={search_term_string}"},"query-input":{"@type":"PropertyValueSpecification","valueRequired":true,"valueName":"search_term_string"}}],"inLanguage":"pt-BR"},{"@type":"Person","@id":"https:\/\/www.gaveanews.com\/#\/schema\/person\/a9f62fe75380c6bada1b2fc49bc23d69","name":"Marco Menezes","image":{"@type":"ImageObject","inLanguage":"pt-BR","@id":"https:\/\/www.gaveanews.com\/#\/schema\/person\/image\/","url":"https:\/\/secure.gravatar.com\/avatar\/a1d148ae17fc8bfc5dbccffd07979e8bd2c9ba494221779de86ec2c7907b71ec?s=96&d=mm&r=g","contentUrl":"https:\/\/secure.gravatar.com\/avatar\/a1d148ae17fc8bfc5dbccffd07979e8bd2c9ba494221779de86ec2c7907b71ec?s=96&d=mm&r=g","caption":"Marco Menezes"}}]}},"_links":{"self":[{"href":"https:\/\/www.gaveanews.com\/index.php\/wp-json\/wp\/v2\/posts\/257885","targetHints":{"allow":["GET"]}}],"collection":[{"href":"https:\/\/www.gaveanews.com\/index.php\/wp-json\/wp\/v2\/posts"}],"about":[{"href":"https:\/\/www.gaveanews.com\/index.php\/wp-json\/wp\/v2\/types\/post"}],"author":[{"embeddable":true,"href":"https:\/\/www.gaveanews.com\/index.php\/wp-json\/wp\/v2\/users\/29"}],"replies":[{"embeddable":true,"href":"https:\/\/www.gaveanews.com\/index.php\/wp-json\/wp\/v2\/comments?post=257885"}],"version-history":[{"count":1,"href":"https:\/\/www.gaveanews.com\/index.php\/wp-json\/wp\/v2\/posts\/257885\/revisions"}],"predecessor-version":[{"id":257886,"href":"https:\/\/www.gaveanews.com\/index.php\/wp-json\/wp\/v2\/posts\/257885\/revisions\/257886"}],"wp:featuredmedia":[{"embeddable":true,"href":"https:\/\/www.gaveanews.com\/index.php\/wp-json\/wp\/v2\/media\/165466"}],"wp:attachment":[{"href":"https:\/\/www.gaveanews.com\/index.php\/wp-json\/wp\/v2\/media?parent=257885"}],"wp:term":[{"taxonomy":"category","embeddable":true,"href":"https:\/\/www.gaveanews.com\/index.php\/wp-json\/wp\/v2\/categories?post=257885"},{"taxonomy":"post_tag","embeddable":true,"href":"https:\/\/www.gaveanews.com\/index.php\/wp-json\/wp\/v2\/tags?post=257885"}],"curies":[{"name":"wp","href":"https:\/\/api.w.org\/{rel}","templated":true}]}}