{"id":257893,"date":"2025-04-26T19:45:00","date_gmt":"2025-04-26T22:45:00","guid":{"rendered":"https:\/\/www.gaveanews.com\/?p=257893"},"modified":"2025-04-26T18:44:04","modified_gmt":"2025-04-26T21:44:04","slug":"a-declaracao-de-galvao-bueno-direcionada-a-gerson-do-flamengo-3","status":"publish","type":"post","link":"https:\/\/www.gaveanews.com\/index.php\/2025\/04\/26\/a-declaracao-de-galvao-bueno-direcionada-a-gerson-do-flamengo-3\/","title":{"rendered":"A declara\u00e7\u00e3o de Galv\u00e3o Bueno direcionada a Gerson, do Flamengo"},"content":{"rendered":"\n<p>Dentre todos os problemas que a Sele\u00e7\u00e3o Brasileira atravessa, um dos que mais tem incomodado Galv\u00e3o Bueno s\u00e3o as equipes que os jogadores atuam. O narrador exigiu atletas de \u201cmais peso\u201d no meio de campo, como Gerson, do Flamengo.<\/p>\n\n\n\n<p>A crise que a Sele\u00e7\u00e3o Brasileira atravessa parece n\u00e3o ter fim. Depois de ter sofrido uma goleada hist\u00f3rica para a Argentina nas Eliminat\u00f3rias da Copa do Mundo 2026 ter culminado na demiss\u00e3o de Dorival JR, a Confedera\u00e7\u00e3o Brasileira de Futebol (CBF) ainda n\u00e3o encontrou um substituto.<\/p>\n\n\n\n<p>Foram ventilados v\u00e1rios nomes como Jorge Jesus, Filipe Lu\u00eds, Abel Ferreira e principalmente Carlo Ancelotti, do Real Madrid. Existe a expectativa de que o t\u00e9cnico italiano saia do time espanhol ao fim da temporada, por conta das cr\u00edticas que o treinador tem recebido. Ele \u00e9 o sonho de consumo de Ednaldo Rodrigues e o presidente da CBF tem a inten\u00e7\u00e3o de esperar o v\u00ednculo com os Blancos ser rompido.<\/p>\n\n\n\n<p>Essa incerteza sobre o pr\u00f3ximo treinador, no entanto, n\u00e3o \u00e9 o \u00fanico drama envolvendo a Sele\u00e7\u00e3o Brasileira. O narrador Galv\u00e3o Bueno apontou algo que o incomoda entre os jogadores que atuam no Brasil. Ele reclamou que os atletas jogam em times de pequeno ou m\u00e9dio porte. Apenas Gerson, capit\u00e3o do Flamengo e da Sele\u00e7\u00e3o Brasileira, foi poupado das cr\u00edticas.<\/p>\n\n\n\n<p>&#8220;Sabe o que me incomoda na Sele\u00e7\u00e3o Brasileira atualmente? Tirando o Gerson, que joga em um grande clube internacionalmente como o Flamengo, todos os outros jogadores do meio-campo da Sele\u00e7\u00e3o Brasileira jogam em time pequeno ou m\u00e9dio. Isso nunca aconteceu no futebol brasileiro, cara. Nunca aconteceu. Por exemplo, eu admiro muito o Bruno Guimar\u00e3es, mas joga em time pequeno, m\u00e9dio. Isso nunca aconteceu. Falta gente de mais peso naquele meio-campo\u201d, disse.<\/p>\n\n\n\n<p>A cr\u00edtica de Galv\u00e3o Bueno tem certa fundamenta\u00e7\u00e3o. Apesar de v\u00e1rios atletas brasileiros atuarem em grandes times europeus, como Alisson, Rodrygo, Raphinha e Vin\u00edcius J\u00fanior, os volantes, todos jogam em equipes de menor express\u00e3o. Na derrota acachapante sofrida para a Argentina, dos meio-campistas que Dorival J\u00fanior convocou, Joelinton, Andr\u00e9, Jo\u00e3o Gomes e \u00c9derson, nenhum deles atua em uma grande equipe europeia.<\/p>\n","protected":false},"excerpt":{"rendered":"<p>Dentre todos os problemas que a Sele\u00e7\u00e3o Brasileira atravessa, um dos que mais tem incomodado Galv\u00e3o Bueno s\u00e3o as equipes que os jogadores atuam. O narrador exigiu atletas de \u201cmais peso\u201d no meio de campo, como Gerson, do Flamengo. A crise que a Sele\u00e7\u00e3o Brasileira atravessa parece n\u00e3o ter fim. Depois de ter sofrido uma [&hellip;]<\/p>\n","protected":false},"author":29,"featured_media":161627,"comment_status":"open","ping_status":"closed","sticky":false,"template":"","format":"standard","meta":{"footnotes":""},"categories":[478,1],"tags":[],"class_list":["post-257893","post","type-post","status-publish","format-standard","has-post-thumbnail","hentry","category-brasil","category-flamengo"],"yoast_head":"<!-- This site is optimized with the Yoast SEO Premium plugin v24.2 (Yoast SEO v26.9) - https:\/\/yoast.com\/product\/yoast-seo-premium-wordpress\/ -->\n<title>A declara\u00e7\u00e3o de Galv\u00e3o Bueno direcionada a Gerson, do Flamengo<\/title>\n<meta name=\"robots\" content=\"index, follow, max-snippet:-1, max-image-preview:large, max-video-preview:-1\" \/>\n<link rel=\"canonical\" href=\"https:\/\/www.gaveanews.com\/index.php\/2025\/04\/26\/a-declaracao-de-galvao-bueno-direcionada-a-gerson-do-flamengo-3\/\" \/>\n<meta property=\"og:locale\" content=\"pt_BR\" \/>\n<meta property=\"og:type\" content=\"article\" \/>\n<meta property=\"og:title\" content=\"A declara\u00e7\u00e3o de Galv\u00e3o Bueno direcionada a Gerson, do Flamengo\" \/>\n<meta property=\"og:description\" content=\"Dentre todos os problemas que a Sele\u00e7\u00e3o Brasileira atravessa, um dos que mais tem incomodado Galv\u00e3o Bueno s\u00e3o as equipes que os jogadores atuam. O narrador exigiu atletas de \u201cmais peso\u201d no meio de campo, como Gerson, do Flamengo. A crise que a Sele\u00e7\u00e3o Brasileira atravessa parece n\u00e3o ter fim. Depois de ter sofrido uma [&hellip;]\" \/>\n<meta property=\"og:url\" content=\"https:\/\/www.gaveanews.com\/index.php\/2025\/04\/26\/a-declaracao-de-galvao-bueno-direcionada-a-gerson-do-flamengo-3\/\" \/>\n<meta property=\"og:site_name\" content=\"G\u00e1vea News\" \/>\n<meta property=\"article:publisher\" content=\"https:\/\/facebook.com\/gaveaNews\/\" \/>\n<meta property=\"article:published_time\" content=\"2025-04-26T22:45:00+00:00\" \/>\n<meta property=\"og:image\" content=\"https:\/\/www.gaveanews.com\/wp-content\/uploads\/gerson-everton-ribeiro-flamengo-2x1-bahia-campeonato-brasileiro-1024x709-1.webp\" \/>\n\t<meta property=\"og:image:width\" content=\"1024\" \/>\n\t<meta property=\"og:image:height\" content=\"709\" \/>\n\t<meta property=\"og:image:type\" content=\"image\/webp\" \/>\n<meta name=\"author\" content=\"Marco Menezes\" \/>\n<meta name=\"twitter:card\" content=\"summary_large_image\" \/>\n<meta name=\"twitter:label1\" content=\"Escrito por\" \/>\n\t<meta name=\"twitter:data1\" content=\"Marco Menezes\" \/>\n\t<meta name=\"twitter:label2\" content=\"Est. tempo de leitura\" \/>\n\t<meta name=\"twitter:data2\" content=\"3 minutos\" \/>\n<script type=\"application\/ld+json\" class=\"yoast-schema-graph\">{\"@context\":\"https:\/\/schema.org\",\"@graph\":[{\"@type\":\"NewsArticle\",\"@id\":\"https:\/\/www.gaveanews.com\/index.php\/2025\/04\/26\/a-declaracao-de-galvao-bueno-direcionada-a-gerson-do-flamengo-3\/#article\",\"isPartOf\":{\"@id\":\"https:\/\/www.gaveanews.com\/index.php\/2025\/04\/26\/a-declaracao-de-galvao-bueno-direcionada-a-gerson-do-flamengo-3\/\"},\"author\":{\"name\":\"Marco Menezes\",\"@id\":\"https:\/\/www.gaveanews.com\/#\/schema\/person\/a9f62fe75380c6bada1b2fc49bc23d69\"},\"headline\":\"A declara\u00e7\u00e3o de Galv\u00e3o Bueno direcionada a Gerson, do Flamengo\",\"datePublished\":\"2025-04-26T22:45:00+00:00\",\"mainEntityOfPage\":{\"@id\":\"https:\/\/www.gaveanews.com\/index.php\/2025\/04\/26\/a-declaracao-de-galvao-bueno-direcionada-a-gerson-do-flamengo-3\/\"},\"wordCount\":392,\"commentCount\":0,\"image\":{\"@id\":\"https:\/\/www.gaveanews.com\/index.php\/2025\/04\/26\/a-declaracao-de-galvao-bueno-direcionada-a-gerson-do-flamengo-3\/#primaryimage\"},\"thumbnailUrl\":\"https:\/\/www.gaveanews.com\/wp-content\/uploads\/gerson-everton-ribeiro-flamengo-2x1-bahia-campeonato-brasileiro-1024x709-1.webp\",\"articleSection\":[\"Brasil\",\"Flamengo\"],\"inLanguage\":\"pt-BR\",\"potentialAction\":[{\"@type\":\"CommentAction\",\"name\":\"Comment\",\"target\":[\"https:\/\/www.gaveanews.com\/index.php\/2025\/04\/26\/a-declaracao-de-galvao-bueno-direcionada-a-gerson-do-flamengo-3\/#respond\"]}],\"copyrightYear\":\"2025\",\"copyrightHolder\":{\"@id\":\"https:\/\/www.gaveanews.com\/#organization\"}},{\"@type\":\"WebPage\",\"@id\":\"https:\/\/www.gaveanews.com\/index.php\/2025\/04\/26\/a-declaracao-de-galvao-bueno-direcionada-a-gerson-do-flamengo-3\/\",\"url\":\"https:\/\/www.gaveanews.com\/index.php\/2025\/04\/26\/a-declaracao-de-galvao-bueno-direcionada-a-gerson-do-flamengo-3\/\",\"name\":\"A declara\u00e7\u00e3o de Galv\u00e3o Bueno direcionada a Gerson, do Flamengo\",\"isPartOf\":{\"@id\":\"https:\/\/www.gaveanews.com\/#website\"},\"primaryImageOfPage\":{\"@id\":\"https:\/\/www.gaveanews.com\/index.php\/2025\/04\/26\/a-declaracao-de-galvao-bueno-direcionada-a-gerson-do-flamengo-3\/#primaryimage\"},\"image\":{\"@id\":\"https:\/\/www.gaveanews.com\/index.php\/2025\/04\/26\/a-declaracao-de-galvao-bueno-direcionada-a-gerson-do-flamengo-3\/#primaryimage\"},\"thumbnailUrl\":\"https:\/\/www.gaveanews.com\/wp-content\/uploads\/gerson-everton-ribeiro-flamengo-2x1-bahia-campeonato-brasileiro-1024x709-1.webp\",\"datePublished\":\"2025-04-26T22:45:00+00:00\",\"author\":{\"@id\":\"https:\/\/www.gaveanews.com\/#\/schema\/person\/a9f62fe75380c6bada1b2fc49bc23d69\"},\"breadcrumb\":{\"@id\":\"https:\/\/www.gaveanews.com\/index.php\/2025\/04\/26\/a-declaracao-de-galvao-bueno-direcionada-a-gerson-do-flamengo-3\/#breadcrumb\"},\"inLanguage\":\"pt-BR\",\"potentialAction\":[{\"@type\":\"ReadAction\",\"target\":[\"https:\/\/www.gaveanews.com\/index.php\/2025\/04\/26\/a-declaracao-de-galvao-bueno-direcionada-a-gerson-do-flamengo-3\/\"]}]},{\"@type\":\"ImageObject\",\"inLanguage\":\"pt-BR\",\"@id\":\"https:\/\/www.gaveanews.com\/index.php\/2025\/04\/26\/a-declaracao-de-galvao-bueno-direcionada-a-gerson-do-flamengo-3\/#primaryimage\",\"url\":\"https:\/\/www.gaveanews.com\/wp-content\/uploads\/gerson-everton-ribeiro-flamengo-2x1-bahia-campeonato-brasileiro-1024x709-1.webp\",\"contentUrl\":\"https:\/\/www.gaveanews.com\/wp-content\/uploads\/gerson-everton-ribeiro-flamengo-2x1-bahia-campeonato-brasileiro-1024x709-1.webp\",\"width\":1024,\"height\":709,\"caption\":\"Gerson pelo Flamengo - Foto: Paula Reis \/ Flamengo\"},{\"@type\":\"BreadcrumbList\",\"@id\":\"https:\/\/www.gaveanews.com\/index.php\/2025\/04\/26\/a-declaracao-de-galvao-bueno-direcionada-a-gerson-do-flamengo-3\/#breadcrumb\",\"itemListElement\":[{\"@type\":\"ListItem\",\"position\":1,\"name\":\"Home\",\"item\":\"https:\/\/www.gaveanews.com\/\"},{\"@type\":\"ListItem\",\"position\":2,\"name\":\"A declara\u00e7\u00e3o de Galv\u00e3o Bueno direcionada a Gerson, do Flamengo\"}]},{\"@type\":\"WebSite\",\"@id\":\"https:\/\/www.gaveanews.com\/#website\",\"url\":\"https:\/\/www.gaveanews.com\/\",\"name\":\"G\u00e1vea News\",\"description\":\"Veja todas as not\u00edcias sobre o Flamengo: Contrata\u00e7\u00f5es, categorias de base, resultados das partidas, tabela de classifica\u00e7\u00e3o, pr\u00f3ximos jogos!\",\"potentialAction\":[{\"@type\":\"SearchAction\",\"target\":{\"@type\":\"EntryPoint\",\"urlTemplate\":\"https:\/\/www.gaveanews.com\/?s={search_term_string}\"},\"query-input\":{\"@type\":\"PropertyValueSpecification\",\"valueRequired\":true,\"valueName\":\"search_term_string\"}}],\"inLanguage\":\"pt-BR\"},{\"@type\":\"Person\",\"@id\":\"https:\/\/www.gaveanews.com\/#\/schema\/person\/a9f62fe75380c6bada1b2fc49bc23d69\",\"name\":\"Marco Menezes\",\"image\":{\"@type\":\"ImageObject\",\"inLanguage\":\"pt-BR\",\"@id\":\"https:\/\/www.gaveanews.com\/#\/schema\/person\/image\/\",\"url\":\"https:\/\/secure.gravatar.com\/avatar\/a1d148ae17fc8bfc5dbccffd07979e8bd2c9ba494221779de86ec2c7907b71ec?s=96&d=mm&r=g\",\"contentUrl\":\"https:\/\/secure.gravatar.com\/avatar\/a1d148ae17fc8bfc5dbccffd07979e8bd2c9ba494221779de86ec2c7907b71ec?s=96&d=mm&r=g\",\"caption\":\"Marco Menezes\"}}]}<\/script>\n<!-- \/ Yoast SEO Premium plugin. -->","yoast_head_json":{"title":"A declara\u00e7\u00e3o de Galv\u00e3o Bueno direcionada a Gerson, do Flamengo","robots":{"index":"index","follow":"follow","max-snippet":"max-snippet:-1","max-image-preview":"max-image-preview:large","max-video-preview":"max-video-preview:-1"},"canonical":"https:\/\/www.gaveanews.com\/index.php\/2025\/04\/26\/a-declaracao-de-galvao-bueno-direcionada-a-gerson-do-flamengo-3\/","og_locale":"pt_BR","og_type":"article","og_title":"A declara\u00e7\u00e3o de Galv\u00e3o Bueno direcionada a Gerson, do Flamengo","og_description":"Dentre todos os problemas que a Sele\u00e7\u00e3o Brasileira atravessa, um dos que mais tem incomodado Galv\u00e3o Bueno s\u00e3o as equipes que os jogadores atuam. O narrador exigiu atletas de \u201cmais peso\u201d no meio de campo, como Gerson, do Flamengo. A crise que a Sele\u00e7\u00e3o Brasileira atravessa parece n\u00e3o ter fim. Depois de ter sofrido uma [&hellip;]","og_url":"https:\/\/www.gaveanews.com\/index.php\/2025\/04\/26\/a-declaracao-de-galvao-bueno-direcionada-a-gerson-do-flamengo-3\/","og_site_name":"G\u00e1vea News","article_publisher":"https:\/\/facebook.com\/gaveaNews\/","article_published_time":"2025-04-26T22:45:00+00:00","og_image":[{"width":1024,"height":709,"url":"https:\/\/www.gaveanews.com\/wp-content\/uploads\/gerson-everton-ribeiro-flamengo-2x1-bahia-campeonato-brasileiro-1024x709-1.webp","type":"image\/webp"}],"author":"Marco Menezes","twitter_card":"summary_large_image","twitter_misc":{"Escrito por":"Marco Menezes","Est. tempo de leitura":"3 minutos"},"schema":{"@context":"https:\/\/schema.org","@graph":[{"@type":"NewsArticle","@id":"https:\/\/www.gaveanews.com\/index.php\/2025\/04\/26\/a-declaracao-de-galvao-bueno-direcionada-a-gerson-do-flamengo-3\/#article","isPartOf":{"@id":"https:\/\/www.gaveanews.com\/index.php\/2025\/04\/26\/a-declaracao-de-galvao-bueno-direcionada-a-gerson-do-flamengo-3\/"},"author":{"name":"Marco Menezes","@id":"https:\/\/www.gaveanews.com\/#\/schema\/person\/a9f62fe75380c6bada1b2fc49bc23d69"},"headline":"A declara\u00e7\u00e3o de Galv\u00e3o Bueno direcionada a Gerson, do Flamengo","datePublished":"2025-04-26T22:45:00+00:00","mainEntityOfPage":{"@id":"https:\/\/www.gaveanews.com\/index.php\/2025\/04\/26\/a-declaracao-de-galvao-bueno-direcionada-a-gerson-do-flamengo-3\/"},"wordCount":392,"commentCount":0,"image":{"@id":"https:\/\/www.gaveanews.com\/index.php\/2025\/04\/26\/a-declaracao-de-galvao-bueno-direcionada-a-gerson-do-flamengo-3\/#primaryimage"},"thumbnailUrl":"https:\/\/www.gaveanews.com\/wp-content\/uploads\/gerson-everton-ribeiro-flamengo-2x1-bahia-campeonato-brasileiro-1024x709-1.webp","articleSection":["Brasil","Flamengo"],"inLanguage":"pt-BR","potentialAction":[{"@type":"CommentAction","name":"Comment","target":["https:\/\/www.gaveanews.com\/index.php\/2025\/04\/26\/a-declaracao-de-galvao-bueno-direcionada-a-gerson-do-flamengo-3\/#respond"]}],"copyrightYear":"2025","copyrightHolder":{"@id":"https:\/\/www.gaveanews.com\/#organization"}},{"@type":"WebPage","@id":"https:\/\/www.gaveanews.com\/index.php\/2025\/04\/26\/a-declaracao-de-galvao-bueno-direcionada-a-gerson-do-flamengo-3\/","url":"https:\/\/www.gaveanews.com\/index.php\/2025\/04\/26\/a-declaracao-de-galvao-bueno-direcionada-a-gerson-do-flamengo-3\/","name":"A declara\u00e7\u00e3o de Galv\u00e3o Bueno direcionada a Gerson, do Flamengo","isPartOf":{"@id":"https:\/\/www.gaveanews.com\/#website"},"primaryImageOfPage":{"@id":"https:\/\/www.gaveanews.com\/index.php\/2025\/04\/26\/a-declaracao-de-galvao-bueno-direcionada-a-gerson-do-flamengo-3\/#primaryimage"},"image":{"@id":"https:\/\/www.gaveanews.com\/index.php\/2025\/04\/26\/a-declaracao-de-galvao-bueno-direcionada-a-gerson-do-flamengo-3\/#primaryimage"},"thumbnailUrl":"https:\/\/www.gaveanews.com\/wp-content\/uploads\/gerson-everton-ribeiro-flamengo-2x1-bahia-campeonato-brasileiro-1024x709-1.webp","datePublished":"2025-04-26T22:45:00+00:00","author":{"@id":"https:\/\/www.gaveanews.com\/#\/schema\/person\/a9f62fe75380c6bada1b2fc49bc23d69"},"breadcrumb":{"@id":"https:\/\/www.gaveanews.com\/index.php\/2025\/04\/26\/a-declaracao-de-galvao-bueno-direcionada-a-gerson-do-flamengo-3\/#breadcrumb"},"inLanguage":"pt-BR","potentialAction":[{"@type":"ReadAction","target":["https:\/\/www.gaveanews.com\/index.php\/2025\/04\/26\/a-declaracao-de-galvao-bueno-direcionada-a-gerson-do-flamengo-3\/"]}]},{"@type":"ImageObject","inLanguage":"pt-BR","@id":"https:\/\/www.gaveanews.com\/index.php\/2025\/04\/26\/a-declaracao-de-galvao-bueno-direcionada-a-gerson-do-flamengo-3\/#primaryimage","url":"https:\/\/www.gaveanews.com\/wp-content\/uploads\/gerson-everton-ribeiro-flamengo-2x1-bahia-campeonato-brasileiro-1024x709-1.webp","contentUrl":"https:\/\/www.gaveanews.com\/wp-content\/uploads\/gerson-everton-ribeiro-flamengo-2x1-bahia-campeonato-brasileiro-1024x709-1.webp","width":1024,"height":709,"caption":"Gerson pelo Flamengo - Foto: Paula Reis \/ Flamengo"},{"@type":"BreadcrumbList","@id":"https:\/\/www.gaveanews.com\/index.php\/2025\/04\/26\/a-declaracao-de-galvao-bueno-direcionada-a-gerson-do-flamengo-3\/#breadcrumb","itemListElement":[{"@type":"ListItem","position":1,"name":"Home","item":"https:\/\/www.gaveanews.com\/"},{"@type":"ListItem","position":2,"name":"A declara\u00e7\u00e3o de Galv\u00e3o Bueno direcionada a Gerson, do Flamengo"}]},{"@type":"WebSite","@id":"https:\/\/www.gaveanews.com\/#website","url":"https:\/\/www.gaveanews.com\/","name":"G\u00e1vea News","description":"Veja todas as not\u00edcias sobre o Flamengo: Contrata\u00e7\u00f5es, categorias de base, resultados das partidas, tabela de classifica\u00e7\u00e3o, pr\u00f3ximos jogos!","potentialAction":[{"@type":"SearchAction","target":{"@type":"EntryPoint","urlTemplate":"https:\/\/www.gaveanews.com\/?s={search_term_string}"},"query-input":{"@type":"PropertyValueSpecification","valueRequired":true,"valueName":"search_term_string"}}],"inLanguage":"pt-BR"},{"@type":"Person","@id":"https:\/\/www.gaveanews.com\/#\/schema\/person\/a9f62fe75380c6bada1b2fc49bc23d69","name":"Marco Menezes","image":{"@type":"ImageObject","inLanguage":"pt-BR","@id":"https:\/\/www.gaveanews.com\/#\/schema\/person\/image\/","url":"https:\/\/secure.gravatar.com\/avatar\/a1d148ae17fc8bfc5dbccffd07979e8bd2c9ba494221779de86ec2c7907b71ec?s=96&d=mm&r=g","contentUrl":"https:\/\/secure.gravatar.com\/avatar\/a1d148ae17fc8bfc5dbccffd07979e8bd2c9ba494221779de86ec2c7907b71ec?s=96&d=mm&r=g","caption":"Marco Menezes"}}]}},"_links":{"self":[{"href":"https:\/\/www.gaveanews.com\/index.php\/wp-json\/wp\/v2\/posts\/257893","targetHints":{"allow":["GET"]}}],"collection":[{"href":"https:\/\/www.gaveanews.com\/index.php\/wp-json\/wp\/v2\/posts"}],"about":[{"href":"https:\/\/www.gaveanews.com\/index.php\/wp-json\/wp\/v2\/types\/post"}],"author":[{"embeddable":true,"href":"https:\/\/www.gaveanews.com\/index.php\/wp-json\/wp\/v2\/users\/29"}],"replies":[{"embeddable":true,"href":"https:\/\/www.gaveanews.com\/index.php\/wp-json\/wp\/v2\/comments?post=257893"}],"version-history":[{"count":1,"href":"https:\/\/www.gaveanews.com\/index.php\/wp-json\/wp\/v2\/posts\/257893\/revisions"}],"predecessor-version":[{"id":257894,"href":"https:\/\/www.gaveanews.com\/index.php\/wp-json\/wp\/v2\/posts\/257893\/revisions\/257894"}],"wp:featuredmedia":[{"embeddable":true,"href":"https:\/\/www.gaveanews.com\/index.php\/wp-json\/wp\/v2\/media\/161627"}],"wp:attachment":[{"href":"https:\/\/www.gaveanews.com\/index.php\/wp-json\/wp\/v2\/media?parent=257893"}],"wp:term":[{"taxonomy":"category","embeddable":true,"href":"https:\/\/www.gaveanews.com\/index.php\/wp-json\/wp\/v2\/categories?post=257893"},{"taxonomy":"post_tag","embeddable":true,"href":"https:\/\/www.gaveanews.com\/index.php\/wp-json\/wp\/v2\/tags?post=257893"}],"curies":[{"name":"wp","href":"https:\/\/api.w.org\/{rel}","templated":true}]}}