{"id":257895,"date":"2025-04-26T19:40:00","date_gmt":"2025-04-26T22:40:00","guid":{"rendered":"https:\/\/www.gaveanews.com\/?p=257895"},"modified":"2025-04-26T18:43:52","modified_gmt":"2025-04-26T21:43:52","slug":"a-atitude-de-leila-pereira-direcionada-a-dudu-do-cruzeiro","status":"publish","type":"post","link":"https:\/\/www.gaveanews.com\/index.php\/2025\/04\/26\/a-atitude-de-leila-pereira-direcionada-a-dudu-do-cruzeiro\/","title":{"rendered":"A atitude de Leila Pereira direcionada a Dudu, do Cruzeiro"},"content":{"rendered":"\n<p>A presidente do Palmeiras, Leila Pereira, n\u00e3o aceitou um acordo no processo que move contra Dudu, do Cruzeiro. A mandat\u00e1ria alviverde acusou o atacante de \u201cmachismo\u201d, negou a concilia\u00e7\u00e3o e prometeu ir at\u00e9 o fim na esfera criminal. Ela cobra uma indeniza\u00e7\u00e3o de 500 mil reais pelas declara\u00e7\u00f5es do jogador, logo ap\u00f3s ele ter trocado de equipe.<\/p>\n\n\n\n<p>A briga entre Leila Pereira e Dudu ganhou mais um epis\u00f3dio. Em meio ao processo que a presidente do Palmeiras move contra o jogador, ela se recusou a entrar em um acordo. Os advogados dela apontaram que se ela n\u00e3o fosse mulher, o atacante teria tido mais cuidado com as palavras que usou.<\/p>\n\n\n\n<p>A defesa usou como exemplos as cr\u00edticas que Pedrinho BH fez ao plantel cruzeirense e a forma como Dudu respondeu, para corroborar a argumenta\u00e7\u00e3o. Na ocasi\u00e3o, o atacante disse que ele \u201cpode falar o que quiser porque \u00e9 dono do clube\u201d.<\/p>\n\n\n\n<h2 class=\"wp-block-heading\" id=\"h-entenda-o-caso\">Entenda o caso<\/h2>\n\n\n\n<p>Logo ap\u00f3s ter rescindido com o Palmeiras e acertado com o Cruzeiro, Dudu rebateu uma cr\u00edtica de Leila. Na ocasi\u00e3o, a mandat\u00e1ria disse que o atacante saiu pelas portas dos fundos do clube. Por sua vez, o atleta rebateu.<\/p>\n\n\n\n<p>\u201cO caminh\u00e3o estava pesado e mandaram eu sair pelas portas do fundo! Minha hist\u00f3ria foi gigante e sincera, diferente da sua, senhora Leila Pereira. Me esquece, VTNC\u201d, disse o atacante \u00e0 \u00e9poca.<\/p>\n\n\n\n<p>A sigla \u201cVTNC\u201d \u00e9 comumente utilizada na internet como uma abrevia\u00e7\u00e3o para o xingamento \u201cvai tomar no c*\u201d. Algo que a defesa do jogador negou veementemente, afirmando que poderia se tratar de qualquer express\u00e3o, inclusive \u201cvim trabalhar no Cruzeiro\u201d.<\/p>\n\n\n\n<p>A batalha judicial segue com a mandat\u00e1ria cobrando 500 mil reais do atacante por danos morais. A a\u00e7\u00e3o corre na 11\u00aa Vara C\u00edvel do Tribunal de Justi\u00e7a de S\u00e3o Paulo (TJ-SP). Caso Leila ven\u00e7a, ela doar\u00e1 o dinheiro a uma entidade que abriga mulheres em condi\u00e7\u00e3o de vulnerabilidade.&nbsp;<\/p>\n","protected":false},"excerpt":{"rendered":"<p>A presidente do Palmeiras, Leila Pereira, n\u00e3o aceitou um acordo no processo que move contra Dudu, do Cruzeiro. A mandat\u00e1ria alviverde acusou o atacante de \u201cmachismo\u201d, negou a concilia\u00e7\u00e3o e prometeu ir at\u00e9 o fim na esfera criminal. Ela cobra uma indeniza\u00e7\u00e3o de 500 mil reais pelas declara\u00e7\u00f5es do jogador, logo ap\u00f3s ele ter trocado [&hellip;]<\/p>\n","protected":false},"author":29,"featured_media":108277,"comment_status":"open","ping_status":"closed","sticky":false,"template":"","format":"standard","meta":{"footnotes":""},"categories":[143,150],"tags":[],"class_list":["post-257895","post","type-post","status-publish","format-standard","has-post-thumbnail","hentry","category-cruzeiro","category-palmeiras"],"yoast_head":"<!-- This site is optimized with the Yoast SEO Premium plugin v24.2 (Yoast SEO v26.9) - https:\/\/yoast.com\/product\/yoast-seo-premium-wordpress\/ -->\n<title>A atitude de Leila Pereira direcionada a Dudu, do Cruzeiro<\/title>\n<meta name=\"robots\" content=\"index, follow, max-snippet:-1, max-image-preview:large, max-video-preview:-1\" \/>\n<link rel=\"canonical\" href=\"https:\/\/www.gaveanews.com\/index.php\/2025\/04\/26\/a-atitude-de-leila-pereira-direcionada-a-dudu-do-cruzeiro\/\" \/>\n<meta property=\"og:locale\" content=\"pt_BR\" \/>\n<meta property=\"og:type\" content=\"article\" \/>\n<meta property=\"og:title\" content=\"A atitude de Leila Pereira direcionada a Dudu, do Cruzeiro\" \/>\n<meta property=\"og:description\" content=\"A presidente do Palmeiras, Leila Pereira, n\u00e3o aceitou um acordo no processo que move contra Dudu, do Cruzeiro. A mandat\u00e1ria alviverde acusou o atacante de \u201cmachismo\u201d, negou a concilia\u00e7\u00e3o e prometeu ir at\u00e9 o fim na esfera criminal. Ela cobra uma indeniza\u00e7\u00e3o de 500 mil reais pelas declara\u00e7\u00f5es do jogador, logo ap\u00f3s ele ter trocado [&hellip;]\" \/>\n<meta property=\"og:url\" content=\"https:\/\/www.gaveanews.com\/index.php\/2025\/04\/26\/a-atitude-de-leila-pereira-direcionada-a-dudu-do-cruzeiro\/\" \/>\n<meta property=\"og:site_name\" content=\"G\u00e1vea News\" \/>\n<meta property=\"article:publisher\" content=\"https:\/\/facebook.com\/gaveaNews\/\" \/>\n<meta property=\"article:published_time\" content=\"2025-04-26T22:40:00+00:00\" \/>\n<meta property=\"og:image\" content=\"https:\/\/www.gaveanews.com\/wp-content\/uploads\/Leila-Pereira-durante-coletiva-do-Palmeiras.webp\" \/>\n\t<meta property=\"og:image:width\" content=\"1200\" \/>\n\t<meta property=\"og:image:height\" content=\"750\" \/>\n\t<meta property=\"og:image:type\" content=\"image\/webp\" \/>\n<meta name=\"author\" content=\"Marco Menezes\" \/>\n<meta name=\"twitter:card\" content=\"summary_large_image\" \/>\n<meta name=\"twitter:label1\" content=\"Escrito por\" \/>\n\t<meta name=\"twitter:data1\" content=\"Marco Menezes\" \/>\n\t<meta name=\"twitter:label2\" content=\"Est. tempo de leitura\" \/>\n\t<meta name=\"twitter:data2\" content=\"2 minutos\" \/>\n<script type=\"application\/ld+json\" class=\"yoast-schema-graph\">{\"@context\":\"https:\/\/schema.org\",\"@graph\":[{\"@type\":\"NewsArticle\",\"@id\":\"https:\/\/www.gaveanews.com\/index.php\/2025\/04\/26\/a-atitude-de-leila-pereira-direcionada-a-dudu-do-cruzeiro\/#article\",\"isPartOf\":{\"@id\":\"https:\/\/www.gaveanews.com\/index.php\/2025\/04\/26\/a-atitude-de-leila-pereira-direcionada-a-dudu-do-cruzeiro\/\"},\"author\":{\"name\":\"Marco Menezes\",\"@id\":\"https:\/\/www.gaveanews.com\/#\/schema\/person\/a9f62fe75380c6bada1b2fc49bc23d69\"},\"headline\":\"A atitude de Leila Pereira direcionada a Dudu, do Cruzeiro\",\"datePublished\":\"2025-04-26T22:40:00+00:00\",\"mainEntityOfPage\":{\"@id\":\"https:\/\/www.gaveanews.com\/index.php\/2025\/04\/26\/a-atitude-de-leila-pereira-direcionada-a-dudu-do-cruzeiro\/\"},\"wordCount\":343,\"commentCount\":0,\"image\":{\"@id\":\"https:\/\/www.gaveanews.com\/index.php\/2025\/04\/26\/a-atitude-de-leila-pereira-direcionada-a-dudu-do-cruzeiro\/#primaryimage\"},\"thumbnailUrl\":\"https:\/\/www.gaveanews.com\/wp-content\/uploads\/Leila-Pereira-durante-coletiva-do-Palmeiras.webp\",\"articleSection\":[\"Cruzeiro\",\"Palmeiras\"],\"inLanguage\":\"pt-BR\",\"potentialAction\":[{\"@type\":\"CommentAction\",\"name\":\"Comment\",\"target\":[\"https:\/\/www.gaveanews.com\/index.php\/2025\/04\/26\/a-atitude-de-leila-pereira-direcionada-a-dudu-do-cruzeiro\/#respond\"]}],\"copyrightYear\":\"2025\",\"copyrightHolder\":{\"@id\":\"https:\/\/www.gaveanews.com\/#organization\"}},{\"@type\":\"WebPage\",\"@id\":\"https:\/\/www.gaveanews.com\/index.php\/2025\/04\/26\/a-atitude-de-leila-pereira-direcionada-a-dudu-do-cruzeiro\/\",\"url\":\"https:\/\/www.gaveanews.com\/index.php\/2025\/04\/26\/a-atitude-de-leila-pereira-direcionada-a-dudu-do-cruzeiro\/\",\"name\":\"A atitude de Leila Pereira direcionada a Dudu, do Cruzeiro\",\"isPartOf\":{\"@id\":\"https:\/\/www.gaveanews.com\/#website\"},\"primaryImageOfPage\":{\"@id\":\"https:\/\/www.gaveanews.com\/index.php\/2025\/04\/26\/a-atitude-de-leila-pereira-direcionada-a-dudu-do-cruzeiro\/#primaryimage\"},\"image\":{\"@id\":\"https:\/\/www.gaveanews.com\/index.php\/2025\/04\/26\/a-atitude-de-leila-pereira-direcionada-a-dudu-do-cruzeiro\/#primaryimage\"},\"thumbnailUrl\":\"https:\/\/www.gaveanews.com\/wp-content\/uploads\/Leila-Pereira-durante-coletiva-do-Palmeiras.webp\",\"datePublished\":\"2025-04-26T22:40:00+00:00\",\"author\":{\"@id\":\"https:\/\/www.gaveanews.com\/#\/schema\/person\/a9f62fe75380c6bada1b2fc49bc23d69\"},\"breadcrumb\":{\"@id\":\"https:\/\/www.gaveanews.com\/index.php\/2025\/04\/26\/a-atitude-de-leila-pereira-direcionada-a-dudu-do-cruzeiro\/#breadcrumb\"},\"inLanguage\":\"pt-BR\",\"potentialAction\":[{\"@type\":\"ReadAction\",\"target\":[\"https:\/\/www.gaveanews.com\/index.php\/2025\/04\/26\/a-atitude-de-leila-pereira-direcionada-a-dudu-do-cruzeiro\/\"]}]},{\"@type\":\"ImageObject\",\"inLanguage\":\"pt-BR\",\"@id\":\"https:\/\/www.gaveanews.com\/index.php\/2025\/04\/26\/a-atitude-de-leila-pereira-direcionada-a-dudu-do-cruzeiro\/#primaryimage\",\"url\":\"https:\/\/www.gaveanews.com\/wp-content\/uploads\/Leila-Pereira-durante-coletiva-do-Palmeiras.webp\",\"contentUrl\":\"https:\/\/www.gaveanews.com\/wp-content\/uploads\/Leila-Pereira-durante-coletiva-do-Palmeiras.webp\",\"width\":1200,\"height\":750,\"caption\":\"Leila Pereira durante coletiva do Palmeiras (Foto: Reprodu\u00e7\u00e3o)\"},{\"@type\":\"BreadcrumbList\",\"@id\":\"https:\/\/www.gaveanews.com\/index.php\/2025\/04\/26\/a-atitude-de-leila-pereira-direcionada-a-dudu-do-cruzeiro\/#breadcrumb\",\"itemListElement\":[{\"@type\":\"ListItem\",\"position\":1,\"name\":\"Home\",\"item\":\"https:\/\/www.gaveanews.com\/\"},{\"@type\":\"ListItem\",\"position\":2,\"name\":\"A atitude de Leila Pereira direcionada a Dudu, do Cruzeiro\"}]},{\"@type\":\"WebSite\",\"@id\":\"https:\/\/www.gaveanews.com\/#website\",\"url\":\"https:\/\/www.gaveanews.com\/\",\"name\":\"G\u00e1vea News\",\"description\":\"Veja todas as not\u00edcias sobre o Flamengo: Contrata\u00e7\u00f5es, categorias de base, resultados das partidas, tabela de classifica\u00e7\u00e3o, pr\u00f3ximos jogos!\",\"potentialAction\":[{\"@type\":\"SearchAction\",\"target\":{\"@type\":\"EntryPoint\",\"urlTemplate\":\"https:\/\/www.gaveanews.com\/?s={search_term_string}\"},\"query-input\":{\"@type\":\"PropertyValueSpecification\",\"valueRequired\":true,\"valueName\":\"search_term_string\"}}],\"inLanguage\":\"pt-BR\"},{\"@type\":\"Person\",\"@id\":\"https:\/\/www.gaveanews.com\/#\/schema\/person\/a9f62fe75380c6bada1b2fc49bc23d69\",\"name\":\"Marco Menezes\",\"image\":{\"@type\":\"ImageObject\",\"inLanguage\":\"pt-BR\",\"@id\":\"https:\/\/www.gaveanews.com\/#\/schema\/person\/image\/\",\"url\":\"https:\/\/secure.gravatar.com\/avatar\/a1d148ae17fc8bfc5dbccffd07979e8bd2c9ba494221779de86ec2c7907b71ec?s=96&d=mm&r=g\",\"contentUrl\":\"https:\/\/secure.gravatar.com\/avatar\/a1d148ae17fc8bfc5dbccffd07979e8bd2c9ba494221779de86ec2c7907b71ec?s=96&d=mm&r=g\",\"caption\":\"Marco Menezes\"}}]}<\/script>\n<!-- \/ Yoast SEO Premium plugin. -->","yoast_head_json":{"title":"A atitude de Leila Pereira direcionada a Dudu, do Cruzeiro","robots":{"index":"index","follow":"follow","max-snippet":"max-snippet:-1","max-image-preview":"max-image-preview:large","max-video-preview":"max-video-preview:-1"},"canonical":"https:\/\/www.gaveanews.com\/index.php\/2025\/04\/26\/a-atitude-de-leila-pereira-direcionada-a-dudu-do-cruzeiro\/","og_locale":"pt_BR","og_type":"article","og_title":"A atitude de Leila Pereira direcionada a Dudu, do Cruzeiro","og_description":"A presidente do Palmeiras, Leila Pereira, n\u00e3o aceitou um acordo no processo que move contra Dudu, do Cruzeiro. A mandat\u00e1ria alviverde acusou o atacante de \u201cmachismo\u201d, negou a concilia\u00e7\u00e3o e prometeu ir at\u00e9 o fim na esfera criminal. Ela cobra uma indeniza\u00e7\u00e3o de 500 mil reais pelas declara\u00e7\u00f5es do jogador, logo ap\u00f3s ele ter trocado [&hellip;]","og_url":"https:\/\/www.gaveanews.com\/index.php\/2025\/04\/26\/a-atitude-de-leila-pereira-direcionada-a-dudu-do-cruzeiro\/","og_site_name":"G\u00e1vea News","article_publisher":"https:\/\/facebook.com\/gaveaNews\/","article_published_time":"2025-04-26T22:40:00+00:00","og_image":[{"width":1200,"height":750,"url":"https:\/\/www.gaveanews.com\/wp-content\/uploads\/Leila-Pereira-durante-coletiva-do-Palmeiras.webp","type":"image\/webp"}],"author":"Marco Menezes","twitter_card":"summary_large_image","twitter_misc":{"Escrito por":"Marco Menezes","Est. tempo de leitura":"2 minutos"},"schema":{"@context":"https:\/\/schema.org","@graph":[{"@type":"NewsArticle","@id":"https:\/\/www.gaveanews.com\/index.php\/2025\/04\/26\/a-atitude-de-leila-pereira-direcionada-a-dudu-do-cruzeiro\/#article","isPartOf":{"@id":"https:\/\/www.gaveanews.com\/index.php\/2025\/04\/26\/a-atitude-de-leila-pereira-direcionada-a-dudu-do-cruzeiro\/"},"author":{"name":"Marco Menezes","@id":"https:\/\/www.gaveanews.com\/#\/schema\/person\/a9f62fe75380c6bada1b2fc49bc23d69"},"headline":"A atitude de Leila Pereira direcionada a Dudu, do Cruzeiro","datePublished":"2025-04-26T22:40:00+00:00","mainEntityOfPage":{"@id":"https:\/\/www.gaveanews.com\/index.php\/2025\/04\/26\/a-atitude-de-leila-pereira-direcionada-a-dudu-do-cruzeiro\/"},"wordCount":343,"commentCount":0,"image":{"@id":"https:\/\/www.gaveanews.com\/index.php\/2025\/04\/26\/a-atitude-de-leila-pereira-direcionada-a-dudu-do-cruzeiro\/#primaryimage"},"thumbnailUrl":"https:\/\/www.gaveanews.com\/wp-content\/uploads\/Leila-Pereira-durante-coletiva-do-Palmeiras.webp","articleSection":["Cruzeiro","Palmeiras"],"inLanguage":"pt-BR","potentialAction":[{"@type":"CommentAction","name":"Comment","target":["https:\/\/www.gaveanews.com\/index.php\/2025\/04\/26\/a-atitude-de-leila-pereira-direcionada-a-dudu-do-cruzeiro\/#respond"]}],"copyrightYear":"2025","copyrightHolder":{"@id":"https:\/\/www.gaveanews.com\/#organization"}},{"@type":"WebPage","@id":"https:\/\/www.gaveanews.com\/index.php\/2025\/04\/26\/a-atitude-de-leila-pereira-direcionada-a-dudu-do-cruzeiro\/","url":"https:\/\/www.gaveanews.com\/index.php\/2025\/04\/26\/a-atitude-de-leila-pereira-direcionada-a-dudu-do-cruzeiro\/","name":"A atitude de Leila Pereira direcionada a Dudu, do Cruzeiro","isPartOf":{"@id":"https:\/\/www.gaveanews.com\/#website"},"primaryImageOfPage":{"@id":"https:\/\/www.gaveanews.com\/index.php\/2025\/04\/26\/a-atitude-de-leila-pereira-direcionada-a-dudu-do-cruzeiro\/#primaryimage"},"image":{"@id":"https:\/\/www.gaveanews.com\/index.php\/2025\/04\/26\/a-atitude-de-leila-pereira-direcionada-a-dudu-do-cruzeiro\/#primaryimage"},"thumbnailUrl":"https:\/\/www.gaveanews.com\/wp-content\/uploads\/Leila-Pereira-durante-coletiva-do-Palmeiras.webp","datePublished":"2025-04-26T22:40:00+00:00","author":{"@id":"https:\/\/www.gaveanews.com\/#\/schema\/person\/a9f62fe75380c6bada1b2fc49bc23d69"},"breadcrumb":{"@id":"https:\/\/www.gaveanews.com\/index.php\/2025\/04\/26\/a-atitude-de-leila-pereira-direcionada-a-dudu-do-cruzeiro\/#breadcrumb"},"inLanguage":"pt-BR","potentialAction":[{"@type":"ReadAction","target":["https:\/\/www.gaveanews.com\/index.php\/2025\/04\/26\/a-atitude-de-leila-pereira-direcionada-a-dudu-do-cruzeiro\/"]}]},{"@type":"ImageObject","inLanguage":"pt-BR","@id":"https:\/\/www.gaveanews.com\/index.php\/2025\/04\/26\/a-atitude-de-leila-pereira-direcionada-a-dudu-do-cruzeiro\/#primaryimage","url":"https:\/\/www.gaveanews.com\/wp-content\/uploads\/Leila-Pereira-durante-coletiva-do-Palmeiras.webp","contentUrl":"https:\/\/www.gaveanews.com\/wp-content\/uploads\/Leila-Pereira-durante-coletiva-do-Palmeiras.webp","width":1200,"height":750,"caption":"Leila Pereira durante coletiva do Palmeiras (Foto: Reprodu\u00e7\u00e3o)"},{"@type":"BreadcrumbList","@id":"https:\/\/www.gaveanews.com\/index.php\/2025\/04\/26\/a-atitude-de-leila-pereira-direcionada-a-dudu-do-cruzeiro\/#breadcrumb","itemListElement":[{"@type":"ListItem","position":1,"name":"Home","item":"https:\/\/www.gaveanews.com\/"},{"@type":"ListItem","position":2,"name":"A atitude de Leila Pereira direcionada a Dudu, do Cruzeiro"}]},{"@type":"WebSite","@id":"https:\/\/www.gaveanews.com\/#website","url":"https:\/\/www.gaveanews.com\/","name":"G\u00e1vea News","description":"Veja todas as not\u00edcias sobre o Flamengo: Contrata\u00e7\u00f5es, categorias de base, resultados das partidas, tabela de classifica\u00e7\u00e3o, pr\u00f3ximos jogos!","potentialAction":[{"@type":"SearchAction","target":{"@type":"EntryPoint","urlTemplate":"https:\/\/www.gaveanews.com\/?s={search_term_string}"},"query-input":{"@type":"PropertyValueSpecification","valueRequired":true,"valueName":"search_term_string"}}],"inLanguage":"pt-BR"},{"@type":"Person","@id":"https:\/\/www.gaveanews.com\/#\/schema\/person\/a9f62fe75380c6bada1b2fc49bc23d69","name":"Marco Menezes","image":{"@type":"ImageObject","inLanguage":"pt-BR","@id":"https:\/\/www.gaveanews.com\/#\/schema\/person\/image\/","url":"https:\/\/secure.gravatar.com\/avatar\/a1d148ae17fc8bfc5dbccffd07979e8bd2c9ba494221779de86ec2c7907b71ec?s=96&d=mm&r=g","contentUrl":"https:\/\/secure.gravatar.com\/avatar\/a1d148ae17fc8bfc5dbccffd07979e8bd2c9ba494221779de86ec2c7907b71ec?s=96&d=mm&r=g","caption":"Marco Menezes"}}]}},"_links":{"self":[{"href":"https:\/\/www.gaveanews.com\/index.php\/wp-json\/wp\/v2\/posts\/257895","targetHints":{"allow":["GET"]}}],"collection":[{"href":"https:\/\/www.gaveanews.com\/index.php\/wp-json\/wp\/v2\/posts"}],"about":[{"href":"https:\/\/www.gaveanews.com\/index.php\/wp-json\/wp\/v2\/types\/post"}],"author":[{"embeddable":true,"href":"https:\/\/www.gaveanews.com\/index.php\/wp-json\/wp\/v2\/users\/29"}],"replies":[{"embeddable":true,"href":"https:\/\/www.gaveanews.com\/index.php\/wp-json\/wp\/v2\/comments?post=257895"}],"version-history":[{"count":1,"href":"https:\/\/www.gaveanews.com\/index.php\/wp-json\/wp\/v2\/posts\/257895\/revisions"}],"predecessor-version":[{"id":257896,"href":"https:\/\/www.gaveanews.com\/index.php\/wp-json\/wp\/v2\/posts\/257895\/revisions\/257896"}],"wp:featuredmedia":[{"embeddable":true,"href":"https:\/\/www.gaveanews.com\/index.php\/wp-json\/wp\/v2\/media\/108277"}],"wp:attachment":[{"href":"https:\/\/www.gaveanews.com\/index.php\/wp-json\/wp\/v2\/media?parent=257895"}],"wp:term":[{"taxonomy":"category","embeddable":true,"href":"https:\/\/www.gaveanews.com\/index.php\/wp-json\/wp\/v2\/categories?post=257895"},{"taxonomy":"post_tag","embeddable":true,"href":"https:\/\/www.gaveanews.com\/index.php\/wp-json\/wp\/v2\/tags?post=257895"}],"curies":[{"name":"wp","href":"https:\/\/api.w.org\/{rel}","templated":true}]}}