{"id":257897,"date":"2025-04-26T11:30:00","date_gmt":"2025-04-26T14:30:00","guid":{"rendered":"https:\/\/www.gaveanews.com\/?p=257897"},"modified":"2025-04-26T11:11:21","modified_gmt":"2025-04-26T14:11:21","slug":"wesley-do-flamengo-toma-decisao-na-carreira","status":"publish","type":"post","link":"https:\/\/www.gaveanews.com\/index.php\/2025\/04\/26\/wesley-do-flamengo-toma-decisao-na-carreira\/","title":{"rendered":"Wesley, do Flamengo, toma decis\u00e3o na carreira"},"content":{"rendered":"\n<p>O lateral Wesley tomou uma decis\u00e3o importante para sua carreira e optou por jogar no Manchester City, conforme divulgou o portal O Dia. Apesar do interesse de gigantes europeus como Real Madrid, Barcelona e Manchester United, o defensor escolheu o projeto esportivo do clube comandado por Pep Guardiola, que pretende continuar no cargo durante a temporada 2025\/26.<\/p>\n\n\n\n<p>Seus representantes viajaram \u00e0 Inglaterra para tratar das possibilidades de transfer\u00eancia, conversando com clubes como o Liverpool. Entretanto, Wesley se mostrou mais convencido pelo planejamento apresentado pelo City, que busca manter a estabilidade em sua comiss\u00e3o t\u00e9cnica. Atualmente, o jogador est\u00e1 com 22 anos e \u00e9 visto como uma das promessas do futebol brasileiro.<\/p>\n\n\n\n<figure class=\"wp-block-image size-full\"><img loading=\"lazy\" decoding=\"async\" width=\"760\" height=\"475\" src=\"http:\/\/www.gaveanews.com\/wp-content\/uploads\/wesley.webp\" alt=\"\" class=\"wp-image-100514\" srcset=\"https:\/\/www.gaveanews.com\/wp-content\/uploads\/wesley.webp 760w, https:\/\/www.gaveanews.com\/wp-content\/uploads\/wesley-300x188.webp 300w, https:\/\/www.gaveanews.com\/wp-content\/uploads\/wesley-672x420.webp 672w, https:\/\/www.gaveanews.com\/wp-content\/uploads\/wesley-640x400.webp 640w, https:\/\/www.gaveanews.com\/wp-content\/uploads\/wesley-681x426.webp 681w, https:\/\/www.gaveanews.com\/wp-content\/uploads\/wesley-100x63.webp 100w\" sizes=\"auto, (max-width: 760px) 100vw, 760px\" \/><figcaption class=\"wp-element-caption\">Wesley comemora gol contra o Racing, pela Libertadores (Foto: Alexandre LOUREIRO\/AFP)<\/figcaption><\/figure>\n\n\n\n<p>Anteriormente, Wesley foi convocado por Dorival J\u00fanior para defender a Sele\u00e7\u00e3o Brasileira durante a \u00faltima Data Fifa. A convoca\u00e7\u00e3o consolidou seu bom momento na carreira, que j\u00e1 vinha em ascens\u00e3o desde a sua consolida\u00e7\u00e3o no elenco principal do Flamengo. Em declara\u00e7\u00e3o feita no fim do ano passado, o atleta afirmou: &#8220;Quero jogar pelo Flamengo o Super Mundial. Meu sonho tamb\u00e9m \u00e9 ir l\u00e1 para fora. Se for para ir agora vou estar muito feliz, se eu ficar vou estar muito feliz tamb\u00e9m&#8221;.<\/p>\n\n\n\n<p>Embora o interesse em atuar no exterior fosse claro, Wesley tamb\u00e9m ressaltava a import\u00e2ncia do momento vivido no Flamengo. Em suas palavras, &#8220;Minha expectativa \u00e9 que eu v\u00e1 jogar o Super Mundial, s\u00f3 que quem decide \u00e9 o Flamengo e os meus empres\u00e1rios&#8221;. A fala reflete a cautela do jovem ao lidar com as mudan\u00e7as em sua carreira.<\/p>\n\n\n\n<p>Enquanto aguarda os \u00faltimos detalhes para concretizar sua transfer\u00eancia, Wesley segue com moral junto ao treinador Filipe Lu\u00eds. O ex-lateral da Sele\u00e7\u00e3o Brasileira esbo\u00e7ou a escala\u00e7\u00e3o do Flamengo para enfrentar o Corinthians, no domingo (27), \u00e0s 16 horas (hor\u00e1rio de Bras\u00edlia), pelo Brasileir\u00e3o Betano. Wesley deve figurar entre os titulares, em uma equipe que tamb\u00e9m conta com Rossi, L\u00e9o Ortiz, Danilo (ou L\u00e9o Pereira), Ayrton Lucas (ou Guillermo Varela), Pulgar, Gerson, De La Cruz, Arrascaeta (ou Luiz Ara\u00fajo), Bruno Henrique e Pedro.<\/p>\n\n\n\n<p>Assim, Wesley se prepara para viver uma nova etapa de sua trajet\u00f3ria, desta vez no futebol europeu. A transfer\u00eancia ao Manchester City representa n\u00e3o apenas uma escolha esportiva, mas tamb\u00e9m uma aposta em um projeto de continuidade e desenvolvimento sob a dire\u00e7\u00e3o de Guardiola.<\/p>\n","protected":false},"excerpt":{"rendered":"<p>O lateral Wesley tomou uma decis\u00e3o importante para sua carreira e optou por jogar no Manchester City, conforme divulgou o portal O Dia. Apesar do interesse de gigantes europeus como Real Madrid, Barcelona e Manchester United, o defensor escolheu o projeto esportivo do clube comandado por Pep Guardiola, que pretende continuar no cargo durante a [&hellip;]<\/p>\n","protected":false},"author":33,"featured_media":207524,"comment_status":"open","ping_status":"closed","sticky":false,"template":"","format":"standard","meta":{"footnotes":""},"categories":[1],"tags":[],"class_list":["post-257897","post","type-post","status-publish","format-standard","has-post-thumbnail","hentry","category-flamengo"],"yoast_head":"<!-- This site is optimized with the Yoast SEO Premium plugin v24.2 (Yoast SEO v26.9) - https:\/\/yoast.com\/product\/yoast-seo-premium-wordpress\/ -->\n<title>Wesley, do Flamengo, toma decis\u00e3o na carreira<\/title>\n<meta name=\"robots\" content=\"index, follow, max-snippet:-1, max-image-preview:large, max-video-preview:-1\" \/>\n<link rel=\"canonical\" href=\"https:\/\/www.gaveanews.com\/index.php\/2025\/04\/26\/wesley-do-flamengo-toma-decisao-na-carreira\/\" \/>\n<meta property=\"og:locale\" content=\"pt_BR\" \/>\n<meta property=\"og:type\" content=\"article\" \/>\n<meta property=\"og:title\" content=\"Wesley, do Flamengo, toma decis\u00e3o na carreira\" \/>\n<meta property=\"og:description\" content=\"O lateral Wesley tomou uma decis\u00e3o importante para sua carreira e optou por jogar no Manchester City, conforme divulgou o portal O Dia. Apesar do interesse de gigantes europeus como Real Madrid, Barcelona e Manchester United, o defensor escolheu o projeto esportivo do clube comandado por Pep Guardiola, que pretende continuar no cargo durante a [&hellip;]\" \/>\n<meta property=\"og:url\" content=\"https:\/\/www.gaveanews.com\/index.php\/2025\/04\/26\/wesley-do-flamengo-toma-decisao-na-carreira\/\" \/>\n<meta property=\"og:site_name\" content=\"G\u00e1vea News\" \/>\n<meta property=\"article:publisher\" content=\"https:\/\/facebook.com\/gaveaNews\/\" \/>\n<meta property=\"article:published_time\" content=\"2025-04-26T14:30:00+00:00\" \/>\n<meta property=\"og:image\" content=\"https:\/\/www.gaveanews.com\/wp-content\/uploads\/GgZnA0yXYAAykTp.webp\" \/>\n\t<meta property=\"og:image:width\" content=\"1920\" \/>\n\t<meta property=\"og:image:height\" content=\"1080\" \/>\n\t<meta property=\"og:image:type\" content=\"image\/jpeg\" \/>\n<meta name=\"author\" content=\"Brenda Cezillo\" \/>\n<meta name=\"twitter:card\" content=\"summary_large_image\" \/>\n<meta name=\"twitter:label1\" content=\"Escrito por\" \/>\n\t<meta name=\"twitter:data1\" content=\"Brenda Cezillo\" \/>\n\t<meta name=\"twitter:label2\" content=\"Est. tempo de leitura\" \/>\n\t<meta name=\"twitter:data2\" content=\"3 minutos\" \/>\n<script type=\"application\/ld+json\" class=\"yoast-schema-graph\">{\"@context\":\"https:\/\/schema.org\",\"@graph\":[{\"@type\":\"NewsArticle\",\"@id\":\"https:\/\/www.gaveanews.com\/index.php\/2025\/04\/26\/wesley-do-flamengo-toma-decisao-na-carreira\/#article\",\"isPartOf\":{\"@id\":\"https:\/\/www.gaveanews.com\/index.php\/2025\/04\/26\/wesley-do-flamengo-toma-decisao-na-carreira\/\"},\"author\":{\"name\":\"Brenda Cezillo\",\"@id\":\"https:\/\/www.gaveanews.com\/#\/schema\/person\/c79759ca337c40791ae8d08e2923d403\"},\"headline\":\"Wesley, do Flamengo, toma decis\u00e3o na carreira\",\"datePublished\":\"2025-04-26T14:30:00+00:00\",\"mainEntityOfPage\":{\"@id\":\"https:\/\/www.gaveanews.com\/index.php\/2025\/04\/26\/wesley-do-flamengo-toma-decisao-na-carreira\/\"},\"wordCount\":421,\"commentCount\":0,\"image\":{\"@id\":\"https:\/\/www.gaveanews.com\/index.php\/2025\/04\/26\/wesley-do-flamengo-toma-decisao-na-carreira\/#primaryimage\"},\"thumbnailUrl\":\"https:\/\/www.gaveanews.com\/wp-content\/uploads\/GgZnA0yXYAAykTp.webp\",\"articleSection\":[\"Flamengo\"],\"inLanguage\":\"pt-BR\",\"potentialAction\":[{\"@type\":\"CommentAction\",\"name\":\"Comment\",\"target\":[\"https:\/\/www.gaveanews.com\/index.php\/2025\/04\/26\/wesley-do-flamengo-toma-decisao-na-carreira\/#respond\"]}],\"copyrightYear\":\"2025\",\"copyrightHolder\":{\"@id\":\"https:\/\/www.gaveanews.com\/#organization\"}},{\"@type\":\"WebPage\",\"@id\":\"https:\/\/www.gaveanews.com\/index.php\/2025\/04\/26\/wesley-do-flamengo-toma-decisao-na-carreira\/\",\"url\":\"https:\/\/www.gaveanews.com\/index.php\/2025\/04\/26\/wesley-do-flamengo-toma-decisao-na-carreira\/\",\"name\":\"Wesley, do Flamengo, toma decis\u00e3o na carreira\",\"isPartOf\":{\"@id\":\"https:\/\/www.gaveanews.com\/#website\"},\"primaryImageOfPage\":{\"@id\":\"https:\/\/www.gaveanews.com\/index.php\/2025\/04\/26\/wesley-do-flamengo-toma-decisao-na-carreira\/#primaryimage\"},\"image\":{\"@id\":\"https:\/\/www.gaveanews.com\/index.php\/2025\/04\/26\/wesley-do-flamengo-toma-decisao-na-carreira\/#primaryimage\"},\"thumbnailUrl\":\"https:\/\/www.gaveanews.com\/wp-content\/uploads\/GgZnA0yXYAAykTp.webp\",\"datePublished\":\"2025-04-26T14:30:00+00:00\",\"author\":{\"@id\":\"https:\/\/www.gaveanews.com\/#\/schema\/person\/c79759ca337c40791ae8d08e2923d403\"},\"breadcrumb\":{\"@id\":\"https:\/\/www.gaveanews.com\/index.php\/2025\/04\/26\/wesley-do-flamengo-toma-decisao-na-carreira\/#breadcrumb\"},\"inLanguage\":\"pt-BR\",\"potentialAction\":[{\"@type\":\"ReadAction\",\"target\":[\"https:\/\/www.gaveanews.com\/index.php\/2025\/04\/26\/wesley-do-flamengo-toma-decisao-na-carreira\/\"]}]},{\"@type\":\"ImageObject\",\"inLanguage\":\"pt-BR\",\"@id\":\"https:\/\/www.gaveanews.com\/index.php\/2025\/04\/26\/wesley-do-flamengo-toma-decisao-na-carreira\/#primaryimage\",\"url\":\"https:\/\/www.gaveanews.com\/wp-content\/uploads\/GgZnA0yXYAAykTp.webp\",\"contentUrl\":\"https:\/\/www.gaveanews.com\/wp-content\/uploads\/GgZnA0yXYAAykTp.webp\",\"width\":1920,\"height\":1080,\"caption\":\"Lateral Wesley, do Flamengo (Foto: Divulga\u00e7\u00e3o)\"},{\"@type\":\"BreadcrumbList\",\"@id\":\"https:\/\/www.gaveanews.com\/index.php\/2025\/04\/26\/wesley-do-flamengo-toma-decisao-na-carreira\/#breadcrumb\",\"itemListElement\":[{\"@type\":\"ListItem\",\"position\":1,\"name\":\"Home\",\"item\":\"https:\/\/www.gaveanews.com\/\"},{\"@type\":\"ListItem\",\"position\":2,\"name\":\"Wesley, do Flamengo, toma decis\u00e3o na carreira\"}]},{\"@type\":\"WebSite\",\"@id\":\"https:\/\/www.gaveanews.com\/#website\",\"url\":\"https:\/\/www.gaveanews.com\/\",\"name\":\"G\u00e1vea News\",\"description\":\"Veja todas as not\u00edcias sobre o Flamengo: Contrata\u00e7\u00f5es, categorias de base, resultados das partidas, tabela de classifica\u00e7\u00e3o, pr\u00f3ximos jogos!\",\"potentialAction\":[{\"@type\":\"SearchAction\",\"target\":{\"@type\":\"EntryPoint\",\"urlTemplate\":\"https:\/\/www.gaveanews.com\/?s={search_term_string}\"},\"query-input\":{\"@type\":\"PropertyValueSpecification\",\"valueRequired\":true,\"valueName\":\"search_term_string\"}}],\"inLanguage\":\"pt-BR\"},{\"@type\":\"Person\",\"@id\":\"https:\/\/www.gaveanews.com\/#\/schema\/person\/c79759ca337c40791ae8d08e2923d403\",\"name\":\"Brenda Cezillo\",\"image\":{\"@type\":\"ImageObject\",\"inLanguage\":\"pt-BR\",\"@id\":\"https:\/\/www.gaveanews.com\/#\/schema\/person\/image\/\",\"url\":\"https:\/\/secure.gravatar.com\/avatar\/1738d75cee7317f9c29ae61dd67620c5883d80a92e42a6fff88ae5d527af217a?s=96&d=mm&r=g\",\"contentUrl\":\"https:\/\/secure.gravatar.com\/avatar\/1738d75cee7317f9c29ae61dd67620c5883d80a92e42a6fff88ae5d527af217a?s=96&d=mm&r=g\",\"caption\":\"Brenda Cezillo\"}}]}<\/script>\n<!-- \/ Yoast SEO Premium plugin. -->","yoast_head_json":{"title":"Wesley, do Flamengo, toma decis\u00e3o na carreira","robots":{"index":"index","follow":"follow","max-snippet":"max-snippet:-1","max-image-preview":"max-image-preview:large","max-video-preview":"max-video-preview:-1"},"canonical":"https:\/\/www.gaveanews.com\/index.php\/2025\/04\/26\/wesley-do-flamengo-toma-decisao-na-carreira\/","og_locale":"pt_BR","og_type":"article","og_title":"Wesley, do Flamengo, toma decis\u00e3o na carreira","og_description":"O lateral Wesley tomou uma decis\u00e3o importante para sua carreira e optou por jogar no Manchester City, conforme divulgou o portal O Dia. Apesar do interesse de gigantes europeus como Real Madrid, Barcelona e Manchester United, o defensor escolheu o projeto esportivo do clube comandado por Pep Guardiola, que pretende continuar no cargo durante a [&hellip;]","og_url":"https:\/\/www.gaveanews.com\/index.php\/2025\/04\/26\/wesley-do-flamengo-toma-decisao-na-carreira\/","og_site_name":"G\u00e1vea News","article_publisher":"https:\/\/facebook.com\/gaveaNews\/","article_published_time":"2025-04-26T14:30:00+00:00","og_image":[{"width":1920,"height":1080,"url":"https:\/\/www.gaveanews.com\/wp-content\/uploads\/GgZnA0yXYAAykTp.webp","type":"image\/jpeg"}],"author":"Brenda Cezillo","twitter_card":"summary_large_image","twitter_misc":{"Escrito por":"Brenda Cezillo","Est. tempo de leitura":"3 minutos"},"schema":{"@context":"https:\/\/schema.org","@graph":[{"@type":"NewsArticle","@id":"https:\/\/www.gaveanews.com\/index.php\/2025\/04\/26\/wesley-do-flamengo-toma-decisao-na-carreira\/#article","isPartOf":{"@id":"https:\/\/www.gaveanews.com\/index.php\/2025\/04\/26\/wesley-do-flamengo-toma-decisao-na-carreira\/"},"author":{"name":"Brenda Cezillo","@id":"https:\/\/www.gaveanews.com\/#\/schema\/person\/c79759ca337c40791ae8d08e2923d403"},"headline":"Wesley, do Flamengo, toma decis\u00e3o na carreira","datePublished":"2025-04-26T14:30:00+00:00","mainEntityOfPage":{"@id":"https:\/\/www.gaveanews.com\/index.php\/2025\/04\/26\/wesley-do-flamengo-toma-decisao-na-carreira\/"},"wordCount":421,"commentCount":0,"image":{"@id":"https:\/\/www.gaveanews.com\/index.php\/2025\/04\/26\/wesley-do-flamengo-toma-decisao-na-carreira\/#primaryimage"},"thumbnailUrl":"https:\/\/www.gaveanews.com\/wp-content\/uploads\/GgZnA0yXYAAykTp.webp","articleSection":["Flamengo"],"inLanguage":"pt-BR","potentialAction":[{"@type":"CommentAction","name":"Comment","target":["https:\/\/www.gaveanews.com\/index.php\/2025\/04\/26\/wesley-do-flamengo-toma-decisao-na-carreira\/#respond"]}],"copyrightYear":"2025","copyrightHolder":{"@id":"https:\/\/www.gaveanews.com\/#organization"}},{"@type":"WebPage","@id":"https:\/\/www.gaveanews.com\/index.php\/2025\/04\/26\/wesley-do-flamengo-toma-decisao-na-carreira\/","url":"https:\/\/www.gaveanews.com\/index.php\/2025\/04\/26\/wesley-do-flamengo-toma-decisao-na-carreira\/","name":"Wesley, do Flamengo, toma decis\u00e3o na carreira","isPartOf":{"@id":"https:\/\/www.gaveanews.com\/#website"},"primaryImageOfPage":{"@id":"https:\/\/www.gaveanews.com\/index.php\/2025\/04\/26\/wesley-do-flamengo-toma-decisao-na-carreira\/#primaryimage"},"image":{"@id":"https:\/\/www.gaveanews.com\/index.php\/2025\/04\/26\/wesley-do-flamengo-toma-decisao-na-carreira\/#primaryimage"},"thumbnailUrl":"https:\/\/www.gaveanews.com\/wp-content\/uploads\/GgZnA0yXYAAykTp.webp","datePublished":"2025-04-26T14:30:00+00:00","author":{"@id":"https:\/\/www.gaveanews.com\/#\/schema\/person\/c79759ca337c40791ae8d08e2923d403"},"breadcrumb":{"@id":"https:\/\/www.gaveanews.com\/index.php\/2025\/04\/26\/wesley-do-flamengo-toma-decisao-na-carreira\/#breadcrumb"},"inLanguage":"pt-BR","potentialAction":[{"@type":"ReadAction","target":["https:\/\/www.gaveanews.com\/index.php\/2025\/04\/26\/wesley-do-flamengo-toma-decisao-na-carreira\/"]}]},{"@type":"ImageObject","inLanguage":"pt-BR","@id":"https:\/\/www.gaveanews.com\/index.php\/2025\/04\/26\/wesley-do-flamengo-toma-decisao-na-carreira\/#primaryimage","url":"https:\/\/www.gaveanews.com\/wp-content\/uploads\/GgZnA0yXYAAykTp.webp","contentUrl":"https:\/\/www.gaveanews.com\/wp-content\/uploads\/GgZnA0yXYAAykTp.webp","width":1920,"height":1080,"caption":"Lateral Wesley, do Flamengo (Foto: Divulga\u00e7\u00e3o)"},{"@type":"BreadcrumbList","@id":"https:\/\/www.gaveanews.com\/index.php\/2025\/04\/26\/wesley-do-flamengo-toma-decisao-na-carreira\/#breadcrumb","itemListElement":[{"@type":"ListItem","position":1,"name":"Home","item":"https:\/\/www.gaveanews.com\/"},{"@type":"ListItem","position":2,"name":"Wesley, do Flamengo, toma decis\u00e3o na carreira"}]},{"@type":"WebSite","@id":"https:\/\/www.gaveanews.com\/#website","url":"https:\/\/www.gaveanews.com\/","name":"G\u00e1vea News","description":"Veja todas as not\u00edcias sobre o Flamengo: Contrata\u00e7\u00f5es, categorias de base, resultados das partidas, tabela de classifica\u00e7\u00e3o, pr\u00f3ximos jogos!","potentialAction":[{"@type":"SearchAction","target":{"@type":"EntryPoint","urlTemplate":"https:\/\/www.gaveanews.com\/?s={search_term_string}"},"query-input":{"@type":"PropertyValueSpecification","valueRequired":true,"valueName":"search_term_string"}}],"inLanguage":"pt-BR"},{"@type":"Person","@id":"https:\/\/www.gaveanews.com\/#\/schema\/person\/c79759ca337c40791ae8d08e2923d403","name":"Brenda Cezillo","image":{"@type":"ImageObject","inLanguage":"pt-BR","@id":"https:\/\/www.gaveanews.com\/#\/schema\/person\/image\/","url":"https:\/\/secure.gravatar.com\/avatar\/1738d75cee7317f9c29ae61dd67620c5883d80a92e42a6fff88ae5d527af217a?s=96&d=mm&r=g","contentUrl":"https:\/\/secure.gravatar.com\/avatar\/1738d75cee7317f9c29ae61dd67620c5883d80a92e42a6fff88ae5d527af217a?s=96&d=mm&r=g","caption":"Brenda Cezillo"}}]}},"_links":{"self":[{"href":"https:\/\/www.gaveanews.com\/index.php\/wp-json\/wp\/v2\/posts\/257897","targetHints":{"allow":["GET"]}}],"collection":[{"href":"https:\/\/www.gaveanews.com\/index.php\/wp-json\/wp\/v2\/posts"}],"about":[{"href":"https:\/\/www.gaveanews.com\/index.php\/wp-json\/wp\/v2\/types\/post"}],"author":[{"embeddable":true,"href":"https:\/\/www.gaveanews.com\/index.php\/wp-json\/wp\/v2\/users\/33"}],"replies":[{"embeddable":true,"href":"https:\/\/www.gaveanews.com\/index.php\/wp-json\/wp\/v2\/comments?post=257897"}],"version-history":[{"count":1,"href":"https:\/\/www.gaveanews.com\/index.php\/wp-json\/wp\/v2\/posts\/257897\/revisions"}],"predecessor-version":[{"id":257899,"href":"https:\/\/www.gaveanews.com\/index.php\/wp-json\/wp\/v2\/posts\/257897\/revisions\/257899"}],"wp:featuredmedia":[{"embeddable":true,"href":"https:\/\/www.gaveanews.com\/index.php\/wp-json\/wp\/v2\/media\/207524"}],"wp:attachment":[{"href":"https:\/\/www.gaveanews.com\/index.php\/wp-json\/wp\/v2\/media?parent=257897"}],"wp:term":[{"taxonomy":"category","embeddable":true,"href":"https:\/\/www.gaveanews.com\/index.php\/wp-json\/wp\/v2\/categories?post=257897"},{"taxonomy":"post_tag","embeddable":true,"href":"https:\/\/www.gaveanews.com\/index.php\/wp-json\/wp\/v2\/tags?post=257897"}],"curies":[{"name":"wp","href":"https:\/\/api.w.org\/{rel}","templated":true}]}}