{"id":257900,"date":"2025-04-26T11:45:00","date_gmt":"2025-04-26T14:45:00","guid":{"rendered":"https:\/\/www.gaveanews.com\/?p=257900"},"modified":"2025-04-26T11:19:17","modified_gmt":"2025-04-26T14:19:17","slug":"atacante-do-corinthians-fala-sobre-expectativa-para-enfrentar-o-flamengo","status":"publish","type":"post","link":"https:\/\/www.gaveanews.com\/index.php\/2025\/04\/26\/atacante-do-corinthians-fala-sobre-expectativa-para-enfrentar-o-flamengo\/","title":{"rendered":"Atacante do Corinthians fala sobre expectativa para enfrentar o Flamengo"},"content":{"rendered":"\n<p>O Corinthians se prepara para um desafio de alto n\u00edvel neste domingo (27 de abril), \u00e0s 16h (hor\u00e1rio de Bras\u00edlia), quando enfrentar\u00e1 o Flamengo no Maracan\u00e3, pela sexta rodada do Campeonato Brasileiro. A partida promete ser intensa, afinal, ambos os clubes possuem hist\u00f3ricos recentes de confrontos equilibrados.<\/p>\n\n\n\n<p>A equipe alvinegra chega ao duelo com a confian\u00e7a renovada, principalmente ap\u00f3s a vit\u00f3ria expressiva sobre o Racing, do Uruguai, pela Copa Sul-Americana. Essa conquista, ali\u00e1s, surge como um est\u00edmulo importante para o grupo, que atualmente busca estabilidade em meio \u00e0 aus\u00eancia de um treinador efetivo.<\/p>\n\n\n\n<figure class=\"wp-block-image size-full\"><img loading=\"lazy\" decoding=\"async\" width=\"941\" height=\"604\" src=\"http:\/\/www.gaveanews.com\/wp-content\/uploads\/Yuri-Alberto-em-acao-pelo-Corinthians.webp\" alt=\"\" class=\"wp-image-171334\" srcset=\"https:\/\/www.gaveanews.com\/wp-content\/uploads\/Yuri-Alberto-em-acao-pelo-Corinthians.webp 941w, https:\/\/www.gaveanews.com\/wp-content\/uploads\/Yuri-Alberto-em-acao-pelo-Corinthians-300x194.webp 300w, https:\/\/www.gaveanews.com\/wp-content\/uploads\/Yuri-Alberto-em-acao-pelo-Corinthians-768x493.webp 768w, https:\/\/www.gaveanews.com\/wp-content\/uploads\/Yuri-Alberto-em-acao-pelo-Corinthians-654x420.webp 654w, https:\/\/www.gaveanews.com\/wp-content\/uploads\/Yuri-Alberto-em-acao-pelo-Corinthians-341x220.webp 341w, https:\/\/www.gaveanews.com\/wp-content\/uploads\/Yuri-Alberto-em-acao-pelo-Corinthians-640x411.webp 640w, https:\/\/www.gaveanews.com\/wp-content\/uploads\/Yuri-Alberto-em-acao-pelo-Corinthians-681x437.webp 681w, https:\/\/www.gaveanews.com\/wp-content\/uploads\/Yuri-Alberto-em-acao-pelo-Corinthians-100x64.webp 100w\" sizes=\"auto, (max-width: 941px) 100vw, 941px\" \/><figcaption class=\"wp-element-caption\">Yuri Alberto em a\u00e7\u00e3o pelo Corinthians (Foto: Rodrigo Coca\/Ag\u00eancia Corinthians)<\/figcaption><\/figure>\n\n\n\n<p>Historicamente, os confrontos entre Corinthians e Flamengo v\u00eam sendo bastante equilibrados desde 2022, com vit\u00f3rias divididas e diversos empates. Em 2024, entretanto, o Flamengo levou a melhor ao eliminar o Corinthians nas semifinais da Copa do Brasil, fato que ainda ressoa entre os torcedores.<\/p>\n\n\n\n<p>Enquanto a prepara\u00e7\u00e3o para o embate segue intensa, o foco do elenco corintiano \u00e9 neutralizar os pontos fortes do advers\u00e1rio, que, conforme apontado por especialistas, conta com um elenco estrelado e de grande profundidade. Essa estrat\u00e9gia, portanto, ser\u00e1 fundamental para tentar somar pontos fora de casa.<\/p>\n\n\n\n<p>Yuri Alberto, titular absoluto do Corinthians, falou sobre a expectativa para o duelo: \u201cPr\u00f3ximo jogo (Flamengo) tamb\u00e9m \u00e9 dif\u00edcil, ainda mais contra uma equipe como o Flamengo, fora de casa. A gente sabe que vai ser um jogo de alt\u00edssimo n\u00edvel, mas estamos nos preparando com seriedade. Sabemos do nosso potencial e vamos buscar os pontos com muita responsabilidade\u201d, declarou o atacante.<\/p>\n\n\n\n<p>Assim sendo, a partida no Maracan\u00e3 promete ser um verdadeiro teste para o Corinthians, que, mesmo em momento de transi\u00e7\u00e3o interna, demonstra empenho e seriedade no planejamento para o restante da temporada.<\/p>\n\n\n\n<p>Por fim, \u00e9 importante destacar que a aus\u00eancia de um treinador efetivo n\u00e3o tem abalado o comprometimento do elenco, que se mostra coeso e determinado. Essa uni\u00e3o, portanto, pode ser o diferencial para superar as adversidades e buscar um resultado positivo diante de um dos advers\u00e1rios mais fortes do pa\u00eds.<\/p>\n","protected":false},"excerpt":{"rendered":"<p>O Corinthians se prepara para um desafio de alto n\u00edvel neste domingo (27 de abril), \u00e0s 16h (hor\u00e1rio de Bras\u00edlia), quando enfrentar\u00e1 o Flamengo no Maracan\u00e3, pela sexta rodada do Campeonato Brasileiro. A partida promete ser intensa, afinal, ambos os clubes possuem hist\u00f3ricos recentes de confrontos equilibrados. A equipe alvinegra chega ao duelo com a [&hellip;]<\/p>\n","protected":false},"author":33,"featured_media":147346,"comment_status":"open","ping_status":"closed","sticky":false,"template":"","format":"standard","meta":{"footnotes":""},"categories":[141,1],"tags":[],"class_list":["post-257900","post","type-post","status-publish","format-standard","has-post-thumbnail","hentry","category-corinthians","category-flamengo"],"yoast_head":"<!-- This site is optimized with the Yoast SEO Premium plugin v24.2 (Yoast SEO v26.9) - https:\/\/yoast.com\/product\/yoast-seo-premium-wordpress\/ -->\n<title>Atacante do Corinthians fala sobre expectativa para enfrentar o Flamengo<\/title>\n<meta name=\"robots\" content=\"index, follow, max-snippet:-1, max-image-preview:large, max-video-preview:-1\" \/>\n<link rel=\"canonical\" href=\"https:\/\/www.gaveanews.com\/index.php\/2025\/04\/26\/atacante-do-corinthians-fala-sobre-expectativa-para-enfrentar-o-flamengo\/\" \/>\n<meta property=\"og:locale\" content=\"pt_BR\" \/>\n<meta property=\"og:type\" content=\"article\" \/>\n<meta property=\"og:title\" content=\"Atacante do Corinthians fala sobre expectativa para enfrentar o Flamengo\" \/>\n<meta property=\"og:description\" content=\"O Corinthians se prepara para um desafio de alto n\u00edvel neste domingo (27 de abril), \u00e0s 16h (hor\u00e1rio de Bras\u00edlia), quando enfrentar\u00e1 o Flamengo no Maracan\u00e3, pela sexta rodada do Campeonato Brasileiro. A partida promete ser intensa, afinal, ambos os clubes possuem hist\u00f3ricos recentes de confrontos equilibrados. A equipe alvinegra chega ao duelo com a [&hellip;]\" \/>\n<meta property=\"og:url\" content=\"https:\/\/www.gaveanews.com\/index.php\/2025\/04\/26\/atacante-do-corinthians-fala-sobre-expectativa-para-enfrentar-o-flamengo\/\" \/>\n<meta property=\"og:site_name\" content=\"G\u00e1vea News\" \/>\n<meta property=\"article:publisher\" content=\"https:\/\/facebook.com\/gaveaNews\/\" \/>\n<meta property=\"article:published_time\" content=\"2025-04-26T14:45:00+00:00\" \/>\n<meta property=\"og:image\" content=\"https:\/\/www.gaveanews.com\/wp-content\/uploads\/Escudos-de-Flamengo-e-Corinthians.webp\" \/>\n\t<meta property=\"og:image:width\" content=\"1200\" \/>\n\t<meta property=\"og:image:height\" content=\"798\" \/>\n\t<meta property=\"og:image:type\" content=\"image\/webp\" \/>\n<meta name=\"author\" content=\"Brenda Cezillo\" \/>\n<meta name=\"twitter:card\" content=\"summary_large_image\" \/>\n<meta name=\"twitter:label1\" content=\"Escrito por\" \/>\n\t<meta name=\"twitter:data1\" content=\"Brenda Cezillo\" \/>\n\t<meta name=\"twitter:label2\" content=\"Est. tempo de leitura\" \/>\n\t<meta name=\"twitter:data2\" content=\"3 minutos\" \/>\n<script type=\"application\/ld+json\" class=\"yoast-schema-graph\">{\"@context\":\"https:\/\/schema.org\",\"@graph\":[{\"@type\":\"NewsArticle\",\"@id\":\"https:\/\/www.gaveanews.com\/index.php\/2025\/04\/26\/atacante-do-corinthians-fala-sobre-expectativa-para-enfrentar-o-flamengo\/#article\",\"isPartOf\":{\"@id\":\"https:\/\/www.gaveanews.com\/index.php\/2025\/04\/26\/atacante-do-corinthians-fala-sobre-expectativa-para-enfrentar-o-flamengo\/\"},\"author\":{\"name\":\"Brenda Cezillo\",\"@id\":\"https:\/\/www.gaveanews.com\/#\/schema\/person\/c79759ca337c40791ae8d08e2923d403\"},\"headline\":\"Atacante do Corinthians fala sobre expectativa para enfrentar o Flamengo\",\"datePublished\":\"2025-04-26T14:45:00+00:00\",\"mainEntityOfPage\":{\"@id\":\"https:\/\/www.gaveanews.com\/index.php\/2025\/04\/26\/atacante-do-corinthians-fala-sobre-expectativa-para-enfrentar-o-flamengo\/\"},\"wordCount\":369,\"commentCount\":0,\"image\":{\"@id\":\"https:\/\/www.gaveanews.com\/index.php\/2025\/04\/26\/atacante-do-corinthians-fala-sobre-expectativa-para-enfrentar-o-flamengo\/#primaryimage\"},\"thumbnailUrl\":\"https:\/\/www.gaveanews.com\/wp-content\/uploads\/Escudos-de-Flamengo-e-Corinthians.webp\",\"articleSection\":[\"Corinthians\",\"Flamengo\"],\"inLanguage\":\"pt-BR\",\"potentialAction\":[{\"@type\":\"CommentAction\",\"name\":\"Comment\",\"target\":[\"https:\/\/www.gaveanews.com\/index.php\/2025\/04\/26\/atacante-do-corinthians-fala-sobre-expectativa-para-enfrentar-o-flamengo\/#respond\"]}],\"copyrightYear\":\"2025\",\"copyrightHolder\":{\"@id\":\"https:\/\/www.gaveanews.com\/#organization\"}},{\"@type\":\"WebPage\",\"@id\":\"https:\/\/www.gaveanews.com\/index.php\/2025\/04\/26\/atacante-do-corinthians-fala-sobre-expectativa-para-enfrentar-o-flamengo\/\",\"url\":\"https:\/\/www.gaveanews.com\/index.php\/2025\/04\/26\/atacante-do-corinthians-fala-sobre-expectativa-para-enfrentar-o-flamengo\/\",\"name\":\"Atacante do Corinthians fala sobre expectativa para enfrentar o Flamengo\",\"isPartOf\":{\"@id\":\"https:\/\/www.gaveanews.com\/#website\"},\"primaryImageOfPage\":{\"@id\":\"https:\/\/www.gaveanews.com\/index.php\/2025\/04\/26\/atacante-do-corinthians-fala-sobre-expectativa-para-enfrentar-o-flamengo\/#primaryimage\"},\"image\":{\"@id\":\"https:\/\/www.gaveanews.com\/index.php\/2025\/04\/26\/atacante-do-corinthians-fala-sobre-expectativa-para-enfrentar-o-flamengo\/#primaryimage\"},\"thumbnailUrl\":\"https:\/\/www.gaveanews.com\/wp-content\/uploads\/Escudos-de-Flamengo-e-Corinthians.webp\",\"datePublished\":\"2025-04-26T14:45:00+00:00\",\"author\":{\"@id\":\"https:\/\/www.gaveanews.com\/#\/schema\/person\/c79759ca337c40791ae8d08e2923d403\"},\"breadcrumb\":{\"@id\":\"https:\/\/www.gaveanews.com\/index.php\/2025\/04\/26\/atacante-do-corinthians-fala-sobre-expectativa-para-enfrentar-o-flamengo\/#breadcrumb\"},\"inLanguage\":\"pt-BR\",\"potentialAction\":[{\"@type\":\"ReadAction\",\"target\":[\"https:\/\/www.gaveanews.com\/index.php\/2025\/04\/26\/atacante-do-corinthians-fala-sobre-expectativa-para-enfrentar-o-flamengo\/\"]}]},{\"@type\":\"ImageObject\",\"inLanguage\":\"pt-BR\",\"@id\":\"https:\/\/www.gaveanews.com\/index.php\/2025\/04\/26\/atacante-do-corinthians-fala-sobre-expectativa-para-enfrentar-o-flamengo\/#primaryimage\",\"url\":\"https:\/\/www.gaveanews.com\/wp-content\/uploads\/Escudos-de-Flamengo-e-Corinthians.webp\",\"contentUrl\":\"https:\/\/www.gaveanews.com\/wp-content\/uploads\/Escudos-de-Flamengo-e-Corinthians.webp\",\"width\":1200,\"height\":798,\"caption\":\"Escudos de Flamengo e Corinthians (Foto: Reprodu\u00e7\u00e3o)\"},{\"@type\":\"BreadcrumbList\",\"@id\":\"https:\/\/www.gaveanews.com\/index.php\/2025\/04\/26\/atacante-do-corinthians-fala-sobre-expectativa-para-enfrentar-o-flamengo\/#breadcrumb\",\"itemListElement\":[{\"@type\":\"ListItem\",\"position\":1,\"name\":\"Home\",\"item\":\"https:\/\/www.gaveanews.com\/\"},{\"@type\":\"ListItem\",\"position\":2,\"name\":\"Atacante do Corinthians fala sobre expectativa para enfrentar o Flamengo\"}]},{\"@type\":\"WebSite\",\"@id\":\"https:\/\/www.gaveanews.com\/#website\",\"url\":\"https:\/\/www.gaveanews.com\/\",\"name\":\"G\u00e1vea News\",\"description\":\"Veja todas as not\u00edcias sobre o Flamengo: Contrata\u00e7\u00f5es, categorias de base, resultados das partidas, tabela de classifica\u00e7\u00e3o, pr\u00f3ximos jogos!\",\"potentialAction\":[{\"@type\":\"SearchAction\",\"target\":{\"@type\":\"EntryPoint\",\"urlTemplate\":\"https:\/\/www.gaveanews.com\/?s={search_term_string}\"},\"query-input\":{\"@type\":\"PropertyValueSpecification\",\"valueRequired\":true,\"valueName\":\"search_term_string\"}}],\"inLanguage\":\"pt-BR\"},{\"@type\":\"Person\",\"@id\":\"https:\/\/www.gaveanews.com\/#\/schema\/person\/c79759ca337c40791ae8d08e2923d403\",\"name\":\"Brenda Cezillo\",\"image\":{\"@type\":\"ImageObject\",\"inLanguage\":\"pt-BR\",\"@id\":\"https:\/\/www.gaveanews.com\/#\/schema\/person\/image\/\",\"url\":\"https:\/\/secure.gravatar.com\/avatar\/1738d75cee7317f9c29ae61dd67620c5883d80a92e42a6fff88ae5d527af217a?s=96&d=mm&r=g\",\"contentUrl\":\"https:\/\/secure.gravatar.com\/avatar\/1738d75cee7317f9c29ae61dd67620c5883d80a92e42a6fff88ae5d527af217a?s=96&d=mm&r=g\",\"caption\":\"Brenda Cezillo\"}}]}<\/script>\n<!-- \/ Yoast SEO Premium plugin. -->","yoast_head_json":{"title":"Atacante do Corinthians fala sobre expectativa para enfrentar o Flamengo","robots":{"index":"index","follow":"follow","max-snippet":"max-snippet:-1","max-image-preview":"max-image-preview:large","max-video-preview":"max-video-preview:-1"},"canonical":"https:\/\/www.gaveanews.com\/index.php\/2025\/04\/26\/atacante-do-corinthians-fala-sobre-expectativa-para-enfrentar-o-flamengo\/","og_locale":"pt_BR","og_type":"article","og_title":"Atacante do Corinthians fala sobre expectativa para enfrentar o Flamengo","og_description":"O Corinthians se prepara para um desafio de alto n\u00edvel neste domingo (27 de abril), \u00e0s 16h (hor\u00e1rio de Bras\u00edlia), quando enfrentar\u00e1 o Flamengo no Maracan\u00e3, pela sexta rodada do Campeonato Brasileiro. A partida promete ser intensa, afinal, ambos os clubes possuem hist\u00f3ricos recentes de confrontos equilibrados. A equipe alvinegra chega ao duelo com a [&hellip;]","og_url":"https:\/\/www.gaveanews.com\/index.php\/2025\/04\/26\/atacante-do-corinthians-fala-sobre-expectativa-para-enfrentar-o-flamengo\/","og_site_name":"G\u00e1vea News","article_publisher":"https:\/\/facebook.com\/gaveaNews\/","article_published_time":"2025-04-26T14:45:00+00:00","og_image":[{"width":1200,"height":798,"url":"https:\/\/www.gaveanews.com\/wp-content\/uploads\/Escudos-de-Flamengo-e-Corinthians.webp","type":"image\/webp"}],"author":"Brenda Cezillo","twitter_card":"summary_large_image","twitter_misc":{"Escrito por":"Brenda Cezillo","Est. tempo de leitura":"3 minutos"},"schema":{"@context":"https:\/\/schema.org","@graph":[{"@type":"NewsArticle","@id":"https:\/\/www.gaveanews.com\/index.php\/2025\/04\/26\/atacante-do-corinthians-fala-sobre-expectativa-para-enfrentar-o-flamengo\/#article","isPartOf":{"@id":"https:\/\/www.gaveanews.com\/index.php\/2025\/04\/26\/atacante-do-corinthians-fala-sobre-expectativa-para-enfrentar-o-flamengo\/"},"author":{"name":"Brenda Cezillo","@id":"https:\/\/www.gaveanews.com\/#\/schema\/person\/c79759ca337c40791ae8d08e2923d403"},"headline":"Atacante do Corinthians fala sobre expectativa para enfrentar o Flamengo","datePublished":"2025-04-26T14:45:00+00:00","mainEntityOfPage":{"@id":"https:\/\/www.gaveanews.com\/index.php\/2025\/04\/26\/atacante-do-corinthians-fala-sobre-expectativa-para-enfrentar-o-flamengo\/"},"wordCount":369,"commentCount":0,"image":{"@id":"https:\/\/www.gaveanews.com\/index.php\/2025\/04\/26\/atacante-do-corinthians-fala-sobre-expectativa-para-enfrentar-o-flamengo\/#primaryimage"},"thumbnailUrl":"https:\/\/www.gaveanews.com\/wp-content\/uploads\/Escudos-de-Flamengo-e-Corinthians.webp","articleSection":["Corinthians","Flamengo"],"inLanguage":"pt-BR","potentialAction":[{"@type":"CommentAction","name":"Comment","target":["https:\/\/www.gaveanews.com\/index.php\/2025\/04\/26\/atacante-do-corinthians-fala-sobre-expectativa-para-enfrentar-o-flamengo\/#respond"]}],"copyrightYear":"2025","copyrightHolder":{"@id":"https:\/\/www.gaveanews.com\/#organization"}},{"@type":"WebPage","@id":"https:\/\/www.gaveanews.com\/index.php\/2025\/04\/26\/atacante-do-corinthians-fala-sobre-expectativa-para-enfrentar-o-flamengo\/","url":"https:\/\/www.gaveanews.com\/index.php\/2025\/04\/26\/atacante-do-corinthians-fala-sobre-expectativa-para-enfrentar-o-flamengo\/","name":"Atacante do Corinthians fala sobre expectativa para enfrentar o Flamengo","isPartOf":{"@id":"https:\/\/www.gaveanews.com\/#website"},"primaryImageOfPage":{"@id":"https:\/\/www.gaveanews.com\/index.php\/2025\/04\/26\/atacante-do-corinthians-fala-sobre-expectativa-para-enfrentar-o-flamengo\/#primaryimage"},"image":{"@id":"https:\/\/www.gaveanews.com\/index.php\/2025\/04\/26\/atacante-do-corinthians-fala-sobre-expectativa-para-enfrentar-o-flamengo\/#primaryimage"},"thumbnailUrl":"https:\/\/www.gaveanews.com\/wp-content\/uploads\/Escudos-de-Flamengo-e-Corinthians.webp","datePublished":"2025-04-26T14:45:00+00:00","author":{"@id":"https:\/\/www.gaveanews.com\/#\/schema\/person\/c79759ca337c40791ae8d08e2923d403"},"breadcrumb":{"@id":"https:\/\/www.gaveanews.com\/index.php\/2025\/04\/26\/atacante-do-corinthians-fala-sobre-expectativa-para-enfrentar-o-flamengo\/#breadcrumb"},"inLanguage":"pt-BR","potentialAction":[{"@type":"ReadAction","target":["https:\/\/www.gaveanews.com\/index.php\/2025\/04\/26\/atacante-do-corinthians-fala-sobre-expectativa-para-enfrentar-o-flamengo\/"]}]},{"@type":"ImageObject","inLanguage":"pt-BR","@id":"https:\/\/www.gaveanews.com\/index.php\/2025\/04\/26\/atacante-do-corinthians-fala-sobre-expectativa-para-enfrentar-o-flamengo\/#primaryimage","url":"https:\/\/www.gaveanews.com\/wp-content\/uploads\/Escudos-de-Flamengo-e-Corinthians.webp","contentUrl":"https:\/\/www.gaveanews.com\/wp-content\/uploads\/Escudos-de-Flamengo-e-Corinthians.webp","width":1200,"height":798,"caption":"Escudos de Flamengo e Corinthians (Foto: Reprodu\u00e7\u00e3o)"},{"@type":"BreadcrumbList","@id":"https:\/\/www.gaveanews.com\/index.php\/2025\/04\/26\/atacante-do-corinthians-fala-sobre-expectativa-para-enfrentar-o-flamengo\/#breadcrumb","itemListElement":[{"@type":"ListItem","position":1,"name":"Home","item":"https:\/\/www.gaveanews.com\/"},{"@type":"ListItem","position":2,"name":"Atacante do Corinthians fala sobre expectativa para enfrentar o Flamengo"}]},{"@type":"WebSite","@id":"https:\/\/www.gaveanews.com\/#website","url":"https:\/\/www.gaveanews.com\/","name":"G\u00e1vea News","description":"Veja todas as not\u00edcias sobre o Flamengo: Contrata\u00e7\u00f5es, categorias de base, resultados das partidas, tabela de classifica\u00e7\u00e3o, pr\u00f3ximos jogos!","potentialAction":[{"@type":"SearchAction","target":{"@type":"EntryPoint","urlTemplate":"https:\/\/www.gaveanews.com\/?s={search_term_string}"},"query-input":{"@type":"PropertyValueSpecification","valueRequired":true,"valueName":"search_term_string"}}],"inLanguage":"pt-BR"},{"@type":"Person","@id":"https:\/\/www.gaveanews.com\/#\/schema\/person\/c79759ca337c40791ae8d08e2923d403","name":"Brenda Cezillo","image":{"@type":"ImageObject","inLanguage":"pt-BR","@id":"https:\/\/www.gaveanews.com\/#\/schema\/person\/image\/","url":"https:\/\/secure.gravatar.com\/avatar\/1738d75cee7317f9c29ae61dd67620c5883d80a92e42a6fff88ae5d527af217a?s=96&d=mm&r=g","contentUrl":"https:\/\/secure.gravatar.com\/avatar\/1738d75cee7317f9c29ae61dd67620c5883d80a92e42a6fff88ae5d527af217a?s=96&d=mm&r=g","caption":"Brenda Cezillo"}}]}},"_links":{"self":[{"href":"https:\/\/www.gaveanews.com\/index.php\/wp-json\/wp\/v2\/posts\/257900","targetHints":{"allow":["GET"]}}],"collection":[{"href":"https:\/\/www.gaveanews.com\/index.php\/wp-json\/wp\/v2\/posts"}],"about":[{"href":"https:\/\/www.gaveanews.com\/index.php\/wp-json\/wp\/v2\/types\/post"}],"author":[{"embeddable":true,"href":"https:\/\/www.gaveanews.com\/index.php\/wp-json\/wp\/v2\/users\/33"}],"replies":[{"embeddable":true,"href":"https:\/\/www.gaveanews.com\/index.php\/wp-json\/wp\/v2\/comments?post=257900"}],"version-history":[{"count":1,"href":"https:\/\/www.gaveanews.com\/index.php\/wp-json\/wp\/v2\/posts\/257900\/revisions"}],"predecessor-version":[{"id":257905,"href":"https:\/\/www.gaveanews.com\/index.php\/wp-json\/wp\/v2\/posts\/257900\/revisions\/257905"}],"wp:featuredmedia":[{"embeddable":true,"href":"https:\/\/www.gaveanews.com\/index.php\/wp-json\/wp\/v2\/media\/147346"}],"wp:attachment":[{"href":"https:\/\/www.gaveanews.com\/index.php\/wp-json\/wp\/v2\/media?parent=257900"}],"wp:term":[{"taxonomy":"category","embeddable":true,"href":"https:\/\/www.gaveanews.com\/index.php\/wp-json\/wp\/v2\/categories?post=257900"},{"taxonomy":"post_tag","embeddable":true,"href":"https:\/\/www.gaveanews.com\/index.php\/wp-json\/wp\/v2\/tags?post=257900"}],"curies":[{"name":"wp","href":"https:\/\/api.w.org\/{rel}","templated":true}]}}