{"id":257904,"date":"2025-04-26T11:55:00","date_gmt":"2025-04-26T14:55:00","guid":{"rendered":"https:\/\/www.gaveanews.com\/?p=257904"},"modified":"2025-04-26T11:34:20","modified_gmt":"2025-04-26T14:34:20","slug":"leila-pereira-acusa-machismo-e-seguira-com-acao-criminal","status":"publish","type":"post","link":"https:\/\/www.gaveanews.com\/index.php\/2025\/04\/26\/leila-pereira-acusa-machismo-e-seguira-com-acao-criminal\/","title":{"rendered":"Leila Pereira acusa &#8216;machismo&#8217; e seguir\u00e1 com a\u00e7\u00e3o criminal"},"content":{"rendered":"\n<p>A presidente do Palmeiras, Leila Pereira, reafirmou sua decis\u00e3o de n\u00e3o buscar concilia\u00e7\u00e3o com Dudu, atualmente no Cruzeiro, no processo criminal que move contra o atleta. A a\u00e7\u00e3o, que tramita na 8\u00aa Vara Criminal de Belo Horizonte, foi motivada por ofensas publicadas pelo jogador em uma rede social, conforme relatado pela defesa da dirigente.<\/p>\n\n\n\n<p>No documento entregue \u00e0 Justi\u00e7a, os advogados de Leila apontaram que as cr\u00edticas de Dudu tiveram conota\u00e7\u00e3o machista. &#8220;Seguramente, n\u00e3o fosse a querelante mulher, ele teria tido mais cuidado e parcim\u00f4nia nas suas palavras&#8221;, escreveram. Segundo eles, a rea\u00e7\u00e3o do atacante demonstra uma diferen\u00e7a de tratamento baseada em g\u00eanero, o que refor\u00e7a a acusa\u00e7\u00e3o de machismo e misoginia.<\/p>\n\n\n\n<figure class=\"wp-block-image size-full\"><img loading=\"lazy\" decoding=\"async\" width=\"688\" height=\"379\" src=\"http:\/\/www.gaveanews.com\/wp-content\/uploads\/dudu-cruzeiro.webp\" alt=\"Dudu, jogador do Cruzeiro\" class=\"wp-image-225511\"\/><figcaption class=\"wp-element-caption\">Dudu, jogador do Cruzeiro &#8211; Foto: Reprodu\u00e7\u00e3o<\/figcaption><\/figure>\n\n\n\n<p>Al\u00e9m do processo criminal, h\u00e1 tamb\u00e9m uma a\u00e7\u00e3o c\u00edvel em andamento. Neste caso, a presidente alviverde solicita uma indeniza\u00e7\u00e3o de R$ 500 mil por danos morais. Em caso de sucesso, Leila prometeu destinar o valor \u00e0 uma institui\u00e7\u00e3o que acolhe mulheres em situa\u00e7\u00e3o de vulnerabilidade, conforme detalhado nos autos.<\/p>\n\n\n\n<p>A defesa da dirigente destacou ainda a postura distinta de Dudu em outra situa\u00e7\u00e3o recente. Quando criticado por Pedro Louren\u00e7o, dono da SAF do Cruzeiro, o jogador adotou tom brando, reconhecendo que, &#8220;por ser dono do clube, ele pode falar o que quiser&#8221;. Essa compara\u00e7\u00e3o foi utilizada para evidenciar o tratamento mais hostil dirigido a Leila.<\/p>\n\n\n\n<p>Apesar da possibilidade de audi\u00eancia de concilia\u00e7\u00e3o, a presidente do Palmeiras deixou claro que pretende levar o processo adiante. &#8220;Ela entende que nada ir\u00e1 superar a dor moral e o vexame causados pelas ofensas perpetradas&#8221;, afirmou sua defesa em manifesta\u00e7\u00e3o oficial. Assim sendo, a expectativa \u00e9 que o caso continue a tramitar at\u00e9 decis\u00e3o final.<\/p>\n\n\n\n<p>Na esfera penal, Leila Pereira acusa Dudu de inj\u00faria e difama\u00e7\u00e3o, crimes previstos no C\u00f3digo Penal Brasileiro. A dirigente refor\u00e7ou que seguir\u00e1 firme no seu posicionamento, afirmando que as atitudes do atleta n\u00e3o podem ser toleradas, principalmente em um ambiente que, segundo ela, ainda apresenta resist\u00eancia \u00e0 lideran\u00e7a feminina no futebol.<\/p>\n","protected":false},"excerpt":{"rendered":"<p>A presidente do Palmeiras, Leila Pereira, reafirmou sua decis\u00e3o de n\u00e3o buscar concilia\u00e7\u00e3o com Dudu, atualmente no Cruzeiro, no processo criminal que move contra o atleta. A a\u00e7\u00e3o, que tramita na 8\u00aa Vara Criminal de Belo Horizonte, foi motivada por ofensas publicadas pelo jogador em uma rede social, conforme relatado pela defesa da dirigente. No [&hellip;]<\/p>\n","protected":false},"author":33,"featured_media":142474,"comment_status":"open","ping_status":"closed","sticky":false,"template":"","format":"standard","meta":{"footnotes":""},"categories":[150],"tags":[],"class_list":["post-257904","post","type-post","status-publish","format-standard","has-post-thumbnail","hentry","category-palmeiras"],"yoast_head":"<!-- This site is optimized with the Yoast SEO Premium plugin v24.2 (Yoast SEO v26.9) - https:\/\/yoast.com\/product\/yoast-seo-premium-wordpress\/ -->\n<title>Leila Pereira acusa &#039;machismo&#039; e seguir\u00e1 com a\u00e7\u00e3o criminal<\/title>\n<meta name=\"robots\" content=\"index, follow, max-snippet:-1, max-image-preview:large, max-video-preview:-1\" \/>\n<link rel=\"canonical\" href=\"https:\/\/www.gaveanews.com\/index.php\/2025\/04\/26\/leila-pereira-acusa-machismo-e-seguira-com-acao-criminal\/\" \/>\n<meta property=\"og:locale\" content=\"pt_BR\" \/>\n<meta property=\"og:type\" content=\"article\" \/>\n<meta property=\"og:title\" content=\"Leila Pereira acusa &#039;machismo&#039; e seguir\u00e1 com a\u00e7\u00e3o criminal\" \/>\n<meta property=\"og:description\" content=\"A presidente do Palmeiras, Leila Pereira, reafirmou sua decis\u00e3o de n\u00e3o buscar concilia\u00e7\u00e3o com Dudu, atualmente no Cruzeiro, no processo criminal que move contra o atleta. A a\u00e7\u00e3o, que tramita na 8\u00aa Vara Criminal de Belo Horizonte, foi motivada por ofensas publicadas pelo jogador em uma rede social, conforme relatado pela defesa da dirigente. No [&hellip;]\" \/>\n<meta property=\"og:url\" content=\"https:\/\/www.gaveanews.com\/index.php\/2025\/04\/26\/leila-pereira-acusa-machismo-e-seguira-com-acao-criminal\/\" \/>\n<meta property=\"og:site_name\" content=\"G\u00e1vea News\" \/>\n<meta property=\"article:publisher\" content=\"https:\/\/facebook.com\/gaveaNews\/\" \/>\n<meta property=\"article:published_time\" content=\"2025-04-26T14:55:00+00:00\" \/>\n<meta property=\"og:image\" content=\"https:\/\/www.gaveanews.com\/wp-content\/uploads\/A-presidente-Leila-Pereira-da-SE-Palmeiras-durante-coletiva-de-imprensa-na-Academia-de-Futebol-2-696x385-1.webp\" \/>\n\t<meta property=\"og:image:width\" content=\"696\" \/>\n\t<meta property=\"og:image:height\" content=\"385\" \/>\n\t<meta property=\"og:image:type\" content=\"image\/webp\" \/>\n<meta name=\"author\" content=\"Brenda Cezillo\" \/>\n<meta name=\"twitter:card\" content=\"summary_large_image\" \/>\n<meta name=\"twitter:label1\" content=\"Escrito por\" \/>\n\t<meta name=\"twitter:data1\" content=\"Brenda Cezillo\" \/>\n\t<meta name=\"twitter:label2\" content=\"Est. tempo de leitura\" \/>\n\t<meta name=\"twitter:data2\" content=\"3 minutos\" \/>\n<script type=\"application\/ld+json\" class=\"yoast-schema-graph\">{\"@context\":\"https:\/\/schema.org\",\"@graph\":[{\"@type\":\"NewsArticle\",\"@id\":\"https:\/\/www.gaveanews.com\/index.php\/2025\/04\/26\/leila-pereira-acusa-machismo-e-seguira-com-acao-criminal\/#article\",\"isPartOf\":{\"@id\":\"https:\/\/www.gaveanews.com\/index.php\/2025\/04\/26\/leila-pereira-acusa-machismo-e-seguira-com-acao-criminal\/\"},\"author\":{\"name\":\"Brenda Cezillo\",\"@id\":\"https:\/\/www.gaveanews.com\/#\/schema\/person\/c79759ca337c40791ae8d08e2923d403\"},\"headline\":\"Leila Pereira acusa &#8216;machismo&#8217; e seguir\u00e1 com a\u00e7\u00e3o criminal\",\"datePublished\":\"2025-04-26T14:55:00+00:00\",\"mainEntityOfPage\":{\"@id\":\"https:\/\/www.gaveanews.com\/index.php\/2025\/04\/26\/leila-pereira-acusa-machismo-e-seguira-com-acao-criminal\/\"},\"wordCount\":370,\"commentCount\":0,\"image\":{\"@id\":\"https:\/\/www.gaveanews.com\/index.php\/2025\/04\/26\/leila-pereira-acusa-machismo-e-seguira-com-acao-criminal\/#primaryimage\"},\"thumbnailUrl\":\"https:\/\/www.gaveanews.com\/wp-content\/uploads\/A-presidente-Leila-Pereira-da-SE-Palmeiras-durante-coletiva-de-imprensa-na-Academia-de-Futebol-2-696x385-1.webp\",\"articleSection\":[\"Palmeiras\"],\"inLanguage\":\"pt-BR\",\"potentialAction\":[{\"@type\":\"CommentAction\",\"name\":\"Comment\",\"target\":[\"https:\/\/www.gaveanews.com\/index.php\/2025\/04\/26\/leila-pereira-acusa-machismo-e-seguira-com-acao-criminal\/#respond\"]}],\"copyrightYear\":\"2025\",\"copyrightHolder\":{\"@id\":\"https:\/\/www.gaveanews.com\/#organization\"}},{\"@type\":\"WebPage\",\"@id\":\"https:\/\/www.gaveanews.com\/index.php\/2025\/04\/26\/leila-pereira-acusa-machismo-e-seguira-com-acao-criminal\/\",\"url\":\"https:\/\/www.gaveanews.com\/index.php\/2025\/04\/26\/leila-pereira-acusa-machismo-e-seguira-com-acao-criminal\/\",\"name\":\"Leila Pereira acusa 'machismo' e seguir\u00e1 com a\u00e7\u00e3o criminal\",\"isPartOf\":{\"@id\":\"https:\/\/www.gaveanews.com\/#website\"},\"primaryImageOfPage\":{\"@id\":\"https:\/\/www.gaveanews.com\/index.php\/2025\/04\/26\/leila-pereira-acusa-machismo-e-seguira-com-acao-criminal\/#primaryimage\"},\"image\":{\"@id\":\"https:\/\/www.gaveanews.com\/index.php\/2025\/04\/26\/leila-pereira-acusa-machismo-e-seguira-com-acao-criminal\/#primaryimage\"},\"thumbnailUrl\":\"https:\/\/www.gaveanews.com\/wp-content\/uploads\/A-presidente-Leila-Pereira-da-SE-Palmeiras-durante-coletiva-de-imprensa-na-Academia-de-Futebol-2-696x385-1.webp\",\"datePublished\":\"2025-04-26T14:55:00+00:00\",\"author\":{\"@id\":\"https:\/\/www.gaveanews.com\/#\/schema\/person\/c79759ca337c40791ae8d08e2923d403\"},\"breadcrumb\":{\"@id\":\"https:\/\/www.gaveanews.com\/index.php\/2025\/04\/26\/leila-pereira-acusa-machismo-e-seguira-com-acao-criminal\/#breadcrumb\"},\"inLanguage\":\"pt-BR\",\"potentialAction\":[{\"@type\":\"ReadAction\",\"target\":[\"https:\/\/www.gaveanews.com\/index.php\/2025\/04\/26\/leila-pereira-acusa-machismo-e-seguira-com-acao-criminal\/\"]}]},{\"@type\":\"ImageObject\",\"inLanguage\":\"pt-BR\",\"@id\":\"https:\/\/www.gaveanews.com\/index.php\/2025\/04\/26\/leila-pereira-acusa-machismo-e-seguira-com-acao-criminal\/#primaryimage\",\"url\":\"https:\/\/www.gaveanews.com\/wp-content\/uploads\/A-presidente-Leila-Pereira-da-SE-Palmeiras-durante-coletiva-de-imprensa-na-Academia-de-Futebol-2-696x385-1.webp\",\"contentUrl\":\"https:\/\/www.gaveanews.com\/wp-content\/uploads\/A-presidente-Leila-Pereira-da-SE-Palmeiras-durante-coletiva-de-imprensa-na-Academia-de-Futebol-2-696x385-1.webp\",\"width\":696,\"height\":385,\"caption\":\"Leila Pereira em coletiva - Foto: Cesar Greco\/Palmeiras\"},{\"@type\":\"BreadcrumbList\",\"@id\":\"https:\/\/www.gaveanews.com\/index.php\/2025\/04\/26\/leila-pereira-acusa-machismo-e-seguira-com-acao-criminal\/#breadcrumb\",\"itemListElement\":[{\"@type\":\"ListItem\",\"position\":1,\"name\":\"Home\",\"item\":\"https:\/\/www.gaveanews.com\/\"},{\"@type\":\"ListItem\",\"position\":2,\"name\":\"Leila Pereira acusa &#8216;machismo&#8217; e seguir\u00e1 com a\u00e7\u00e3o criminal\"}]},{\"@type\":\"WebSite\",\"@id\":\"https:\/\/www.gaveanews.com\/#website\",\"url\":\"https:\/\/www.gaveanews.com\/\",\"name\":\"G\u00e1vea News\",\"description\":\"Veja todas as not\u00edcias sobre o Flamengo: Contrata\u00e7\u00f5es, categorias de base, resultados das partidas, tabela de classifica\u00e7\u00e3o, pr\u00f3ximos jogos!\",\"potentialAction\":[{\"@type\":\"SearchAction\",\"target\":{\"@type\":\"EntryPoint\",\"urlTemplate\":\"https:\/\/www.gaveanews.com\/?s={search_term_string}\"},\"query-input\":{\"@type\":\"PropertyValueSpecification\",\"valueRequired\":true,\"valueName\":\"search_term_string\"}}],\"inLanguage\":\"pt-BR\"},{\"@type\":\"Person\",\"@id\":\"https:\/\/www.gaveanews.com\/#\/schema\/person\/c79759ca337c40791ae8d08e2923d403\",\"name\":\"Brenda Cezillo\",\"image\":{\"@type\":\"ImageObject\",\"inLanguage\":\"pt-BR\",\"@id\":\"https:\/\/www.gaveanews.com\/#\/schema\/person\/image\/\",\"url\":\"https:\/\/secure.gravatar.com\/avatar\/1738d75cee7317f9c29ae61dd67620c5883d80a92e42a6fff88ae5d527af217a?s=96&d=mm&r=g\",\"contentUrl\":\"https:\/\/secure.gravatar.com\/avatar\/1738d75cee7317f9c29ae61dd67620c5883d80a92e42a6fff88ae5d527af217a?s=96&d=mm&r=g\",\"caption\":\"Brenda Cezillo\"}}]}<\/script>\n<!-- \/ Yoast SEO Premium plugin. -->","yoast_head_json":{"title":"Leila Pereira acusa 'machismo' e seguir\u00e1 com a\u00e7\u00e3o criminal","robots":{"index":"index","follow":"follow","max-snippet":"max-snippet:-1","max-image-preview":"max-image-preview:large","max-video-preview":"max-video-preview:-1"},"canonical":"https:\/\/www.gaveanews.com\/index.php\/2025\/04\/26\/leila-pereira-acusa-machismo-e-seguira-com-acao-criminal\/","og_locale":"pt_BR","og_type":"article","og_title":"Leila Pereira acusa 'machismo' e seguir\u00e1 com a\u00e7\u00e3o criminal","og_description":"A presidente do Palmeiras, Leila Pereira, reafirmou sua decis\u00e3o de n\u00e3o buscar concilia\u00e7\u00e3o com Dudu, atualmente no Cruzeiro, no processo criminal que move contra o atleta. A a\u00e7\u00e3o, que tramita na 8\u00aa Vara Criminal de Belo Horizonte, foi motivada por ofensas publicadas pelo jogador em uma rede social, conforme relatado pela defesa da dirigente. No [&hellip;]","og_url":"https:\/\/www.gaveanews.com\/index.php\/2025\/04\/26\/leila-pereira-acusa-machismo-e-seguira-com-acao-criminal\/","og_site_name":"G\u00e1vea News","article_publisher":"https:\/\/facebook.com\/gaveaNews\/","article_published_time":"2025-04-26T14:55:00+00:00","og_image":[{"width":696,"height":385,"url":"https:\/\/www.gaveanews.com\/wp-content\/uploads\/A-presidente-Leila-Pereira-da-SE-Palmeiras-durante-coletiva-de-imprensa-na-Academia-de-Futebol-2-696x385-1.webp","type":"image\/webp"}],"author":"Brenda Cezillo","twitter_card":"summary_large_image","twitter_misc":{"Escrito por":"Brenda Cezillo","Est. tempo de leitura":"3 minutos"},"schema":{"@context":"https:\/\/schema.org","@graph":[{"@type":"NewsArticle","@id":"https:\/\/www.gaveanews.com\/index.php\/2025\/04\/26\/leila-pereira-acusa-machismo-e-seguira-com-acao-criminal\/#article","isPartOf":{"@id":"https:\/\/www.gaveanews.com\/index.php\/2025\/04\/26\/leila-pereira-acusa-machismo-e-seguira-com-acao-criminal\/"},"author":{"name":"Brenda Cezillo","@id":"https:\/\/www.gaveanews.com\/#\/schema\/person\/c79759ca337c40791ae8d08e2923d403"},"headline":"Leila Pereira acusa &#8216;machismo&#8217; e seguir\u00e1 com a\u00e7\u00e3o criminal","datePublished":"2025-04-26T14:55:00+00:00","mainEntityOfPage":{"@id":"https:\/\/www.gaveanews.com\/index.php\/2025\/04\/26\/leila-pereira-acusa-machismo-e-seguira-com-acao-criminal\/"},"wordCount":370,"commentCount":0,"image":{"@id":"https:\/\/www.gaveanews.com\/index.php\/2025\/04\/26\/leila-pereira-acusa-machismo-e-seguira-com-acao-criminal\/#primaryimage"},"thumbnailUrl":"https:\/\/www.gaveanews.com\/wp-content\/uploads\/A-presidente-Leila-Pereira-da-SE-Palmeiras-durante-coletiva-de-imprensa-na-Academia-de-Futebol-2-696x385-1.webp","articleSection":["Palmeiras"],"inLanguage":"pt-BR","potentialAction":[{"@type":"CommentAction","name":"Comment","target":["https:\/\/www.gaveanews.com\/index.php\/2025\/04\/26\/leila-pereira-acusa-machismo-e-seguira-com-acao-criminal\/#respond"]}],"copyrightYear":"2025","copyrightHolder":{"@id":"https:\/\/www.gaveanews.com\/#organization"}},{"@type":"WebPage","@id":"https:\/\/www.gaveanews.com\/index.php\/2025\/04\/26\/leila-pereira-acusa-machismo-e-seguira-com-acao-criminal\/","url":"https:\/\/www.gaveanews.com\/index.php\/2025\/04\/26\/leila-pereira-acusa-machismo-e-seguira-com-acao-criminal\/","name":"Leila Pereira acusa 'machismo' e seguir\u00e1 com a\u00e7\u00e3o criminal","isPartOf":{"@id":"https:\/\/www.gaveanews.com\/#website"},"primaryImageOfPage":{"@id":"https:\/\/www.gaveanews.com\/index.php\/2025\/04\/26\/leila-pereira-acusa-machismo-e-seguira-com-acao-criminal\/#primaryimage"},"image":{"@id":"https:\/\/www.gaveanews.com\/index.php\/2025\/04\/26\/leila-pereira-acusa-machismo-e-seguira-com-acao-criminal\/#primaryimage"},"thumbnailUrl":"https:\/\/www.gaveanews.com\/wp-content\/uploads\/A-presidente-Leila-Pereira-da-SE-Palmeiras-durante-coletiva-de-imprensa-na-Academia-de-Futebol-2-696x385-1.webp","datePublished":"2025-04-26T14:55:00+00:00","author":{"@id":"https:\/\/www.gaveanews.com\/#\/schema\/person\/c79759ca337c40791ae8d08e2923d403"},"breadcrumb":{"@id":"https:\/\/www.gaveanews.com\/index.php\/2025\/04\/26\/leila-pereira-acusa-machismo-e-seguira-com-acao-criminal\/#breadcrumb"},"inLanguage":"pt-BR","potentialAction":[{"@type":"ReadAction","target":["https:\/\/www.gaveanews.com\/index.php\/2025\/04\/26\/leila-pereira-acusa-machismo-e-seguira-com-acao-criminal\/"]}]},{"@type":"ImageObject","inLanguage":"pt-BR","@id":"https:\/\/www.gaveanews.com\/index.php\/2025\/04\/26\/leila-pereira-acusa-machismo-e-seguira-com-acao-criminal\/#primaryimage","url":"https:\/\/www.gaveanews.com\/wp-content\/uploads\/A-presidente-Leila-Pereira-da-SE-Palmeiras-durante-coletiva-de-imprensa-na-Academia-de-Futebol-2-696x385-1.webp","contentUrl":"https:\/\/www.gaveanews.com\/wp-content\/uploads\/A-presidente-Leila-Pereira-da-SE-Palmeiras-durante-coletiva-de-imprensa-na-Academia-de-Futebol-2-696x385-1.webp","width":696,"height":385,"caption":"Leila Pereira em coletiva - Foto: Cesar Greco\/Palmeiras"},{"@type":"BreadcrumbList","@id":"https:\/\/www.gaveanews.com\/index.php\/2025\/04\/26\/leila-pereira-acusa-machismo-e-seguira-com-acao-criminal\/#breadcrumb","itemListElement":[{"@type":"ListItem","position":1,"name":"Home","item":"https:\/\/www.gaveanews.com\/"},{"@type":"ListItem","position":2,"name":"Leila Pereira acusa &#8216;machismo&#8217; e seguir\u00e1 com a\u00e7\u00e3o criminal"}]},{"@type":"WebSite","@id":"https:\/\/www.gaveanews.com\/#website","url":"https:\/\/www.gaveanews.com\/","name":"G\u00e1vea News","description":"Veja todas as not\u00edcias sobre o Flamengo: Contrata\u00e7\u00f5es, categorias de base, resultados das partidas, tabela de classifica\u00e7\u00e3o, pr\u00f3ximos jogos!","potentialAction":[{"@type":"SearchAction","target":{"@type":"EntryPoint","urlTemplate":"https:\/\/www.gaveanews.com\/?s={search_term_string}"},"query-input":{"@type":"PropertyValueSpecification","valueRequired":true,"valueName":"search_term_string"}}],"inLanguage":"pt-BR"},{"@type":"Person","@id":"https:\/\/www.gaveanews.com\/#\/schema\/person\/c79759ca337c40791ae8d08e2923d403","name":"Brenda Cezillo","image":{"@type":"ImageObject","inLanguage":"pt-BR","@id":"https:\/\/www.gaveanews.com\/#\/schema\/person\/image\/","url":"https:\/\/secure.gravatar.com\/avatar\/1738d75cee7317f9c29ae61dd67620c5883d80a92e42a6fff88ae5d527af217a?s=96&d=mm&r=g","contentUrl":"https:\/\/secure.gravatar.com\/avatar\/1738d75cee7317f9c29ae61dd67620c5883d80a92e42a6fff88ae5d527af217a?s=96&d=mm&r=g","caption":"Brenda Cezillo"}}]}},"_links":{"self":[{"href":"https:\/\/www.gaveanews.com\/index.php\/wp-json\/wp\/v2\/posts\/257904","targetHints":{"allow":["GET"]}}],"collection":[{"href":"https:\/\/www.gaveanews.com\/index.php\/wp-json\/wp\/v2\/posts"}],"about":[{"href":"https:\/\/www.gaveanews.com\/index.php\/wp-json\/wp\/v2\/types\/post"}],"author":[{"embeddable":true,"href":"https:\/\/www.gaveanews.com\/index.php\/wp-json\/wp\/v2\/users\/33"}],"replies":[{"embeddable":true,"href":"https:\/\/www.gaveanews.com\/index.php\/wp-json\/wp\/v2\/comments?post=257904"}],"version-history":[{"count":1,"href":"https:\/\/www.gaveanews.com\/index.php\/wp-json\/wp\/v2\/posts\/257904\/revisions"}],"predecessor-version":[{"id":257908,"href":"https:\/\/www.gaveanews.com\/index.php\/wp-json\/wp\/v2\/posts\/257904\/revisions\/257908"}],"wp:featuredmedia":[{"embeddable":true,"href":"https:\/\/www.gaveanews.com\/index.php\/wp-json\/wp\/v2\/media\/142474"}],"wp:attachment":[{"href":"https:\/\/www.gaveanews.com\/index.php\/wp-json\/wp\/v2\/media?parent=257904"}],"wp:term":[{"taxonomy":"category","embeddable":true,"href":"https:\/\/www.gaveanews.com\/index.php\/wp-json\/wp\/v2\/categories?post=257904"},{"taxonomy":"post_tag","embeddable":true,"href":"https:\/\/www.gaveanews.com\/index.php\/wp-json\/wp\/v2\/tags?post=257904"}],"curies":[{"name":"wp","href":"https:\/\/api.w.org\/{rel}","templated":true}]}}