{"id":257906,"date":"2025-04-26T11:50:00","date_gmt":"2025-04-26T14:50:00","guid":{"rendered":"https:\/\/www.gaveanews.com\/?p=257906"},"modified":"2025-04-26T11:33:29","modified_gmt":"2025-04-26T14:33:29","slug":"suspeitos-de-furto-na-sede-da-cbf-sao-presos","status":"publish","type":"post","link":"https:\/\/www.gaveanews.com\/index.php\/2025\/04\/26\/suspeitos-de-furto-na-sede-da-cbf-sao-presos\/","title":{"rendered":"Suspeitos de furto na sede da CBF s\u00e3o presos"},"content":{"rendered":"\n<p>Tr\u00eas pessoas foram presas em flagrante na quinta-feira (24 de abril) por envolvimento em um furto de materiais esportivos na Granja Comary, sede da Confedera\u00e7\u00e3o Brasileira de Futebol (CBF), localizada em Teres\u00f3polis, na Regi\u00e3o Serrana do Rio de Janeiro. Conforme as informa\u00e7\u00f5es da pol\u00edcia, o grupo foi detido no momento em que deixava o local transportando equipamentos avaliados em cerca de R$ 50 mil.<\/p>\n\n\n\n<p>Segundo as autoridades, a a\u00e7\u00e3o criminosa foi descoberta ap\u00f3s den\u00fancias realizadas por funcion\u00e1rios do setor de seguran\u00e7a da CBF. A partir dessas informa\u00e7\u00f5es, iniciou-se o monitoramento dos suspeitos. De acordo com a investiga\u00e7\u00e3o, um dos ve\u00edculos utilizados no crime foi identificado, o que permitiu que a Pol\u00edcia Civil agisse rapidamente para impedir a fuga dos envolvidos.<\/p>\n\n\n\n<p>Os policiais civis da 110\u00aa Delegacia de Pol\u00edcia (Teres\u00f3polis) montaram um cerco no entorno da Granja Comary. Ali\u00e1s, o flagrante ocorreu logo ap\u00f3s o trio tentar sair do local transportando bolas, chuteiras, uniformes e outros itens exclusivos da entidade esportiva. Todo o material furtado foi recuperado no momento da abordagem.<\/p>\n\n\n\n<p>Assim como foi relatado pela pol\u00edcia, os tr\u00eas indiv\u00edduos foram autuados em flagrante pelos crimes de furto e recepta\u00e7\u00e3o. Embora a a\u00e7\u00e3o tenha resultado na pris\u00e3o imediata dos suspeitos, as investiga\u00e7\u00f5es prosseguem a fim de identificar outros poss\u00edveis participantes na a\u00e7\u00e3o criminosa. Afinal, h\u00e1 ind\u00edcios de que mais pessoas possam estar envolvidas no esquema.<\/p>\n\n\n\n<p>Posteriormente ao registro da ocorr\u00eancia, os suspeitos foram encaminhados para a delegacia da cidade. Eventualmente, novas dilig\u00eancias poder\u00e3o ser realizadas para aprofundar a apura\u00e7\u00e3o dos fatos. Em contrapartida, a CBF ainda n\u00e3o divulgou comunicado oficial sobre o epis\u00f3dio ocorrido em sua sede.<\/p>\n\n\n\n<p>Por fim, o caso gerou grande repercuss\u00e3o entre os torcedores, visto que a Granja Comary \u00e9 um dos s\u00edmbolos do futebol brasileiro. Salvo novas atualiza\u00e7\u00f5es, a pol\u00edcia trabalha com a hip\u00f3tese de que a quadrilha j\u00e1 atuava h\u00e1 algum tempo na tentativa de subtrair materiais valiosos da institui\u00e7\u00e3o.<\/p>\n","protected":false},"excerpt":{"rendered":"<p>Tr\u00eas pessoas foram presas em flagrante na quinta-feira (24 de abril) por envolvimento em um furto de materiais esportivos na Granja Comary, sede da Confedera\u00e7\u00e3o Brasileira de Futebol (CBF), localizada em Teres\u00f3polis, na Regi\u00e3o Serrana do Rio de Janeiro. Conforme as informa\u00e7\u00f5es da pol\u00edcia, o grupo foi detido no momento em que deixava o local [&hellip;]<\/p>\n","protected":false},"author":33,"featured_media":172597,"comment_status":"open","ping_status":"closed","sticky":false,"template":"","format":"standard","meta":{"footnotes":""},"categories":[478],"tags":[],"class_list":["post-257906","post","type-post","status-publish","format-standard","has-post-thumbnail","hentry","category-brasil"],"yoast_head":"<!-- This site is optimized with the Yoast SEO Premium plugin v24.2 (Yoast SEO v26.9) - https:\/\/yoast.com\/product\/yoast-seo-premium-wordpress\/ -->\n<title>Suspeitos de furto na sede da CBF s\u00e3o presos<\/title>\n<meta name=\"robots\" content=\"index, follow, max-snippet:-1, max-image-preview:large, max-video-preview:-1\" \/>\n<link rel=\"canonical\" href=\"https:\/\/www.gaveanews.com\/index.php\/2025\/04\/26\/suspeitos-de-furto-na-sede-da-cbf-sao-presos\/\" \/>\n<meta property=\"og:locale\" content=\"pt_BR\" \/>\n<meta property=\"og:type\" content=\"article\" \/>\n<meta property=\"og:title\" content=\"Suspeitos de furto na sede da CBF s\u00e3o presos\" \/>\n<meta property=\"og:description\" content=\"Tr\u00eas pessoas foram presas em flagrante na quinta-feira (24 de abril) por envolvimento em um furto de materiais esportivos na Granja Comary, sede da Confedera\u00e7\u00e3o Brasileira de Futebol (CBF), localizada em Teres\u00f3polis, na Regi\u00e3o Serrana do Rio de Janeiro. Conforme as informa\u00e7\u00f5es da pol\u00edcia, o grupo foi detido no momento em que deixava o local [&hellip;]\" \/>\n<meta property=\"og:url\" content=\"https:\/\/www.gaveanews.com\/index.php\/2025\/04\/26\/suspeitos-de-furto-na-sede-da-cbf-sao-presos\/\" \/>\n<meta property=\"og:site_name\" content=\"G\u00e1vea News\" \/>\n<meta property=\"article:publisher\" content=\"https:\/\/facebook.com\/gaveaNews\/\" \/>\n<meta property=\"article:published_time\" content=\"2025-04-26T14:50:00+00:00\" \/>\n<meta property=\"og:image\" content=\"https:\/\/www.gaveanews.com\/wp-content\/uploads\/Escudo-da-CBF.webp\" \/>\n\t<meta property=\"og:image:width\" content=\"1350\" \/>\n\t<meta property=\"og:image:height\" content=\"900\" \/>\n\t<meta property=\"og:image:type\" content=\"image\/webp\" \/>\n<meta name=\"author\" content=\"Brenda Cezillo\" \/>\n<meta name=\"twitter:card\" content=\"summary_large_image\" \/>\n<meta name=\"twitter:label1\" content=\"Escrito por\" \/>\n\t<meta name=\"twitter:data1\" content=\"Brenda Cezillo\" \/>\n\t<meta name=\"twitter:label2\" content=\"Est. tempo de leitura\" \/>\n\t<meta name=\"twitter:data2\" content=\"2 minutos\" \/>\n<script type=\"application\/ld+json\" class=\"yoast-schema-graph\">{\"@context\":\"https:\/\/schema.org\",\"@graph\":[{\"@type\":\"NewsArticle\",\"@id\":\"https:\/\/www.gaveanews.com\/index.php\/2025\/04\/26\/suspeitos-de-furto-na-sede-da-cbf-sao-presos\/#article\",\"isPartOf\":{\"@id\":\"https:\/\/www.gaveanews.com\/index.php\/2025\/04\/26\/suspeitos-de-furto-na-sede-da-cbf-sao-presos\/\"},\"author\":{\"name\":\"Brenda Cezillo\",\"@id\":\"https:\/\/www.gaveanews.com\/#\/schema\/person\/c79759ca337c40791ae8d08e2923d403\"},\"headline\":\"Suspeitos de furto na sede da CBF s\u00e3o presos\",\"datePublished\":\"2025-04-26T14:50:00+00:00\",\"mainEntityOfPage\":{\"@id\":\"https:\/\/www.gaveanews.com\/index.php\/2025\/04\/26\/suspeitos-de-furto-na-sede-da-cbf-sao-presos\/\"},\"wordCount\":361,\"commentCount\":0,\"image\":{\"@id\":\"https:\/\/www.gaveanews.com\/index.php\/2025\/04\/26\/suspeitos-de-furto-na-sede-da-cbf-sao-presos\/#primaryimage\"},\"thumbnailUrl\":\"https:\/\/www.gaveanews.com\/wp-content\/uploads\/Escudo-da-CBF.webp\",\"articleSection\":[\"Brasil\"],\"inLanguage\":\"pt-BR\",\"potentialAction\":[{\"@type\":\"CommentAction\",\"name\":\"Comment\",\"target\":[\"https:\/\/www.gaveanews.com\/index.php\/2025\/04\/26\/suspeitos-de-furto-na-sede-da-cbf-sao-presos\/#respond\"]}],\"copyrightYear\":\"2025\",\"copyrightHolder\":{\"@id\":\"https:\/\/www.gaveanews.com\/#organization\"}},{\"@type\":\"WebPage\",\"@id\":\"https:\/\/www.gaveanews.com\/index.php\/2025\/04\/26\/suspeitos-de-furto-na-sede-da-cbf-sao-presos\/\",\"url\":\"https:\/\/www.gaveanews.com\/index.php\/2025\/04\/26\/suspeitos-de-furto-na-sede-da-cbf-sao-presos\/\",\"name\":\"Suspeitos de furto na sede da CBF s\u00e3o presos\",\"isPartOf\":{\"@id\":\"https:\/\/www.gaveanews.com\/#website\"},\"primaryImageOfPage\":{\"@id\":\"https:\/\/www.gaveanews.com\/index.php\/2025\/04\/26\/suspeitos-de-furto-na-sede-da-cbf-sao-presos\/#primaryimage\"},\"image\":{\"@id\":\"https:\/\/www.gaveanews.com\/index.php\/2025\/04\/26\/suspeitos-de-furto-na-sede-da-cbf-sao-presos\/#primaryimage\"},\"thumbnailUrl\":\"https:\/\/www.gaveanews.com\/wp-content\/uploads\/Escudo-da-CBF.webp\",\"datePublished\":\"2025-04-26T14:50:00+00:00\",\"author\":{\"@id\":\"https:\/\/www.gaveanews.com\/#\/schema\/person\/c79759ca337c40791ae8d08e2923d403\"},\"breadcrumb\":{\"@id\":\"https:\/\/www.gaveanews.com\/index.php\/2025\/04\/26\/suspeitos-de-furto-na-sede-da-cbf-sao-presos\/#breadcrumb\"},\"inLanguage\":\"pt-BR\",\"potentialAction\":[{\"@type\":\"ReadAction\",\"target\":[\"https:\/\/www.gaveanews.com\/index.php\/2025\/04\/26\/suspeitos-de-furto-na-sede-da-cbf-sao-presos\/\"]}]},{\"@type\":\"ImageObject\",\"inLanguage\":\"pt-BR\",\"@id\":\"https:\/\/www.gaveanews.com\/index.php\/2025\/04\/26\/suspeitos-de-furto-na-sede-da-cbf-sao-presos\/#primaryimage\",\"url\":\"https:\/\/www.gaveanews.com\/wp-content\/uploads\/Escudo-da-CBF.webp\",\"contentUrl\":\"https:\/\/www.gaveanews.com\/wp-content\/uploads\/Escudo-da-CBF.webp\",\"width\":1350,\"height\":900,\"caption\":\"Escudo da CBF (Foto: Reprodu\u00e7\u00e3o)\"},{\"@type\":\"BreadcrumbList\",\"@id\":\"https:\/\/www.gaveanews.com\/index.php\/2025\/04\/26\/suspeitos-de-furto-na-sede-da-cbf-sao-presos\/#breadcrumb\",\"itemListElement\":[{\"@type\":\"ListItem\",\"position\":1,\"name\":\"Home\",\"item\":\"https:\/\/www.gaveanews.com\/\"},{\"@type\":\"ListItem\",\"position\":2,\"name\":\"Suspeitos de furto na sede da CBF s\u00e3o presos\"}]},{\"@type\":\"WebSite\",\"@id\":\"https:\/\/www.gaveanews.com\/#website\",\"url\":\"https:\/\/www.gaveanews.com\/\",\"name\":\"G\u00e1vea News\",\"description\":\"Veja todas as not\u00edcias sobre o Flamengo: Contrata\u00e7\u00f5es, categorias de base, resultados das partidas, tabela de classifica\u00e7\u00e3o, pr\u00f3ximos jogos!\",\"potentialAction\":[{\"@type\":\"SearchAction\",\"target\":{\"@type\":\"EntryPoint\",\"urlTemplate\":\"https:\/\/www.gaveanews.com\/?s={search_term_string}\"},\"query-input\":{\"@type\":\"PropertyValueSpecification\",\"valueRequired\":true,\"valueName\":\"search_term_string\"}}],\"inLanguage\":\"pt-BR\"},{\"@type\":\"Person\",\"@id\":\"https:\/\/www.gaveanews.com\/#\/schema\/person\/c79759ca337c40791ae8d08e2923d403\",\"name\":\"Brenda Cezillo\",\"image\":{\"@type\":\"ImageObject\",\"inLanguage\":\"pt-BR\",\"@id\":\"https:\/\/www.gaveanews.com\/#\/schema\/person\/image\/\",\"url\":\"https:\/\/secure.gravatar.com\/avatar\/1738d75cee7317f9c29ae61dd67620c5883d80a92e42a6fff88ae5d527af217a?s=96&d=mm&r=g\",\"contentUrl\":\"https:\/\/secure.gravatar.com\/avatar\/1738d75cee7317f9c29ae61dd67620c5883d80a92e42a6fff88ae5d527af217a?s=96&d=mm&r=g\",\"caption\":\"Brenda Cezillo\"}}]}<\/script>\n<!-- \/ Yoast SEO Premium plugin. -->","yoast_head_json":{"title":"Suspeitos de furto na sede da CBF s\u00e3o presos","robots":{"index":"index","follow":"follow","max-snippet":"max-snippet:-1","max-image-preview":"max-image-preview:large","max-video-preview":"max-video-preview:-1"},"canonical":"https:\/\/www.gaveanews.com\/index.php\/2025\/04\/26\/suspeitos-de-furto-na-sede-da-cbf-sao-presos\/","og_locale":"pt_BR","og_type":"article","og_title":"Suspeitos de furto na sede da CBF s\u00e3o presos","og_description":"Tr\u00eas pessoas foram presas em flagrante na quinta-feira (24 de abril) por envolvimento em um furto de materiais esportivos na Granja Comary, sede da Confedera\u00e7\u00e3o Brasileira de Futebol (CBF), localizada em Teres\u00f3polis, na Regi\u00e3o Serrana do Rio de Janeiro. Conforme as informa\u00e7\u00f5es da pol\u00edcia, o grupo foi detido no momento em que deixava o local [&hellip;]","og_url":"https:\/\/www.gaveanews.com\/index.php\/2025\/04\/26\/suspeitos-de-furto-na-sede-da-cbf-sao-presos\/","og_site_name":"G\u00e1vea News","article_publisher":"https:\/\/facebook.com\/gaveaNews\/","article_published_time":"2025-04-26T14:50:00+00:00","og_image":[{"width":1350,"height":900,"url":"https:\/\/www.gaveanews.com\/wp-content\/uploads\/Escudo-da-CBF.webp","type":"image\/webp"}],"author":"Brenda Cezillo","twitter_card":"summary_large_image","twitter_misc":{"Escrito por":"Brenda Cezillo","Est. tempo de leitura":"2 minutos"},"schema":{"@context":"https:\/\/schema.org","@graph":[{"@type":"NewsArticle","@id":"https:\/\/www.gaveanews.com\/index.php\/2025\/04\/26\/suspeitos-de-furto-na-sede-da-cbf-sao-presos\/#article","isPartOf":{"@id":"https:\/\/www.gaveanews.com\/index.php\/2025\/04\/26\/suspeitos-de-furto-na-sede-da-cbf-sao-presos\/"},"author":{"name":"Brenda Cezillo","@id":"https:\/\/www.gaveanews.com\/#\/schema\/person\/c79759ca337c40791ae8d08e2923d403"},"headline":"Suspeitos de furto na sede da CBF s\u00e3o presos","datePublished":"2025-04-26T14:50:00+00:00","mainEntityOfPage":{"@id":"https:\/\/www.gaveanews.com\/index.php\/2025\/04\/26\/suspeitos-de-furto-na-sede-da-cbf-sao-presos\/"},"wordCount":361,"commentCount":0,"image":{"@id":"https:\/\/www.gaveanews.com\/index.php\/2025\/04\/26\/suspeitos-de-furto-na-sede-da-cbf-sao-presos\/#primaryimage"},"thumbnailUrl":"https:\/\/www.gaveanews.com\/wp-content\/uploads\/Escudo-da-CBF.webp","articleSection":["Brasil"],"inLanguage":"pt-BR","potentialAction":[{"@type":"CommentAction","name":"Comment","target":["https:\/\/www.gaveanews.com\/index.php\/2025\/04\/26\/suspeitos-de-furto-na-sede-da-cbf-sao-presos\/#respond"]}],"copyrightYear":"2025","copyrightHolder":{"@id":"https:\/\/www.gaveanews.com\/#organization"}},{"@type":"WebPage","@id":"https:\/\/www.gaveanews.com\/index.php\/2025\/04\/26\/suspeitos-de-furto-na-sede-da-cbf-sao-presos\/","url":"https:\/\/www.gaveanews.com\/index.php\/2025\/04\/26\/suspeitos-de-furto-na-sede-da-cbf-sao-presos\/","name":"Suspeitos de furto na sede da CBF s\u00e3o presos","isPartOf":{"@id":"https:\/\/www.gaveanews.com\/#website"},"primaryImageOfPage":{"@id":"https:\/\/www.gaveanews.com\/index.php\/2025\/04\/26\/suspeitos-de-furto-na-sede-da-cbf-sao-presos\/#primaryimage"},"image":{"@id":"https:\/\/www.gaveanews.com\/index.php\/2025\/04\/26\/suspeitos-de-furto-na-sede-da-cbf-sao-presos\/#primaryimage"},"thumbnailUrl":"https:\/\/www.gaveanews.com\/wp-content\/uploads\/Escudo-da-CBF.webp","datePublished":"2025-04-26T14:50:00+00:00","author":{"@id":"https:\/\/www.gaveanews.com\/#\/schema\/person\/c79759ca337c40791ae8d08e2923d403"},"breadcrumb":{"@id":"https:\/\/www.gaveanews.com\/index.php\/2025\/04\/26\/suspeitos-de-furto-na-sede-da-cbf-sao-presos\/#breadcrumb"},"inLanguage":"pt-BR","potentialAction":[{"@type":"ReadAction","target":["https:\/\/www.gaveanews.com\/index.php\/2025\/04\/26\/suspeitos-de-furto-na-sede-da-cbf-sao-presos\/"]}]},{"@type":"ImageObject","inLanguage":"pt-BR","@id":"https:\/\/www.gaveanews.com\/index.php\/2025\/04\/26\/suspeitos-de-furto-na-sede-da-cbf-sao-presos\/#primaryimage","url":"https:\/\/www.gaveanews.com\/wp-content\/uploads\/Escudo-da-CBF.webp","contentUrl":"https:\/\/www.gaveanews.com\/wp-content\/uploads\/Escudo-da-CBF.webp","width":1350,"height":900,"caption":"Escudo da CBF (Foto: Reprodu\u00e7\u00e3o)"},{"@type":"BreadcrumbList","@id":"https:\/\/www.gaveanews.com\/index.php\/2025\/04\/26\/suspeitos-de-furto-na-sede-da-cbf-sao-presos\/#breadcrumb","itemListElement":[{"@type":"ListItem","position":1,"name":"Home","item":"https:\/\/www.gaveanews.com\/"},{"@type":"ListItem","position":2,"name":"Suspeitos de furto na sede da CBF s\u00e3o presos"}]},{"@type":"WebSite","@id":"https:\/\/www.gaveanews.com\/#website","url":"https:\/\/www.gaveanews.com\/","name":"G\u00e1vea News","description":"Veja todas as not\u00edcias sobre o Flamengo: Contrata\u00e7\u00f5es, categorias de base, resultados das partidas, tabela de classifica\u00e7\u00e3o, pr\u00f3ximos jogos!","potentialAction":[{"@type":"SearchAction","target":{"@type":"EntryPoint","urlTemplate":"https:\/\/www.gaveanews.com\/?s={search_term_string}"},"query-input":{"@type":"PropertyValueSpecification","valueRequired":true,"valueName":"search_term_string"}}],"inLanguage":"pt-BR"},{"@type":"Person","@id":"https:\/\/www.gaveanews.com\/#\/schema\/person\/c79759ca337c40791ae8d08e2923d403","name":"Brenda Cezillo","image":{"@type":"ImageObject","inLanguage":"pt-BR","@id":"https:\/\/www.gaveanews.com\/#\/schema\/person\/image\/","url":"https:\/\/secure.gravatar.com\/avatar\/1738d75cee7317f9c29ae61dd67620c5883d80a92e42a6fff88ae5d527af217a?s=96&d=mm&r=g","contentUrl":"https:\/\/secure.gravatar.com\/avatar\/1738d75cee7317f9c29ae61dd67620c5883d80a92e42a6fff88ae5d527af217a?s=96&d=mm&r=g","caption":"Brenda Cezillo"}}]}},"_links":{"self":[{"href":"https:\/\/www.gaveanews.com\/index.php\/wp-json\/wp\/v2\/posts\/257906","targetHints":{"allow":["GET"]}}],"collection":[{"href":"https:\/\/www.gaveanews.com\/index.php\/wp-json\/wp\/v2\/posts"}],"about":[{"href":"https:\/\/www.gaveanews.com\/index.php\/wp-json\/wp\/v2\/types\/post"}],"author":[{"embeddable":true,"href":"https:\/\/www.gaveanews.com\/index.php\/wp-json\/wp\/v2\/users\/33"}],"replies":[{"embeddable":true,"href":"https:\/\/www.gaveanews.com\/index.php\/wp-json\/wp\/v2\/comments?post=257906"}],"version-history":[{"count":1,"href":"https:\/\/www.gaveanews.com\/index.php\/wp-json\/wp\/v2\/posts\/257906\/revisions"}],"predecessor-version":[{"id":257907,"href":"https:\/\/www.gaveanews.com\/index.php\/wp-json\/wp\/v2\/posts\/257906\/revisions\/257907"}],"wp:featuredmedia":[{"embeddable":true,"href":"https:\/\/www.gaveanews.com\/index.php\/wp-json\/wp\/v2\/media\/172597"}],"wp:attachment":[{"href":"https:\/\/www.gaveanews.com\/index.php\/wp-json\/wp\/v2\/media?parent=257906"}],"wp:term":[{"taxonomy":"category","embeddable":true,"href":"https:\/\/www.gaveanews.com\/index.php\/wp-json\/wp\/v2\/categories?post=257906"},{"taxonomy":"post_tag","embeddable":true,"href":"https:\/\/www.gaveanews.com\/index.php\/wp-json\/wp\/v2\/tags?post=257906"}],"curies":[{"name":"wp","href":"https:\/\/api.w.org\/{rel}","templated":true}]}}