{"id":257911,"date":"2025-04-26T19:35:00","date_gmt":"2025-04-26T22:35:00","guid":{"rendered":"https:\/\/www.gaveanews.com\/?p=257911"},"modified":"2025-04-26T18:43:39","modified_gmt":"2025-04-26T21:43:39","slug":"a-declaracao-de-estevao-do-palmeiras-sobre-neymar","status":"publish","type":"post","link":"https:\/\/www.gaveanews.com\/index.php\/2025\/04\/26\/a-declaracao-de-estevao-do-palmeiras-sobre-neymar\/","title":{"rendered":"A declara\u00e7\u00e3o de Est\u00eav\u00e3o, do Palmeiras, sobre Neymar"},"content":{"rendered":"\n<h2 class=\"wp-block-heading\" id=\"h-palmeiras-celebra-18-anos-de-estevao-jogador-fala-sobre-apoio-de-neymar\">Palmeiras celebra 18 Anos de Est\u00eav\u00e3o; jogador fala sobre apoio de Neymar <\/h2>\n\n\n\n<p>Est\u00eav\u00e3o, atacante do Palmeiras, completou 18 anos na quinta-feira, 24 de maio. A data especial marcou a divulga\u00e7\u00e3o de uma extensa entrevista concedida pelo jogador ao portal &#8220;The Players Tribune&#8221;. Nela, o jovem atleta abordou diversos momentos de sua carreira e vida pessoal, revelando detalhes in\u00e9ditos sobre sua trajet\u00f3ria no futebol.<\/p>\n\n\n\n<p>Nesse sentido, o jogador compartilhou uma experi\u00eancia significativa envolvendo Neymar Jr., seu \u00eddolo no esporte. Est\u00eav\u00e3o contou que recebeu uma mensagem do craque ap\u00f3s uma partida importante.<\/p>\n\n\n\n<p>Este contato inesperado ocorreu depois que Est\u00eav\u00e3o perdeu um p\u00eanalti. O lance aconteceu durante o empate em 1 a 1 contra o Corinthians, em confronto v\u00e1lido pela fase de grupos do Campeonato Paulista de 2025.<\/p>\n\n\n\n<p>A mensagem de Neymar chegou em um momento de vulnerabilidade para o jovem palmeirense. Desse modo, Est\u00eav\u00e3o descreveu o impacto da situa\u00e7\u00e3o em suas pr\u00f3prias palavras.<\/p>\n\n\n\n<p>&#8220;Eu desapareci no meu mundinho, s\u00f3 eu e meu celular. Nem queria olhar as not\u00edcias. Abri o Instagram, procurando algo para me animar. Um meme engra\u00e7ado, um v\u00eddeo bobo. Qualquer coisa .A\u00ed eu chequei minha \u2018DM\u2019 e vi. Neymar Jr. Ele realmente n\u00e3o precisava ter feito isso, mas sabia quanta press\u00e3o um garoto de 17 anos pode suportar no Brasil, e como os f\u00e3s e a m\u00eddia podem te chutar quando voc\u00ea est\u00e1 para baixo&#8221;.<\/p>\n\n\n\n<p>O conte\u00fado da mensagem de Neymar ofereceu encorajamento ao atacante. Conforme Est\u00eav\u00e3o relatou na entrevista, o \u00eddolo transmitiu palavras de apoio e perspectiva.<\/p>\n\n\n\n<p>&#8220;Ele me disse para manter a confian\u00e7a e que eu vou perder muitos outros p\u00eanaltis na minha carreira. Faz parte do jogo. O que importa \u00e9 como voc\u00ea reage&#8221;, revelou Est\u00eav\u00e3o sobre o conselho recebido.<\/p>\n\n\n\n<h2 class=\"wp-block-heading\" id=\"h-transicao-para-a-europa-e-homenagem-aos-pais\">Transi\u00e7\u00e3o para a Europa e homenagem aos pais<\/h2>\n\n\n\n<p>Atualmente, Est\u00eav\u00e3o figura entre os principais talentos do elenco palmeirense. Ao atingir a maioridade, o atleta agora possui idade legal para se transferir para clubes europeus. Ele j\u00e1 formalizou sua negocia\u00e7\u00e3o com o Chelsea, da Inglaterra. Assim sendo, a mudan\u00e7a de clube ocorrer\u00e1 oficialmente ao t\u00e9rmino do Super Mundial da Fifa.<\/p>\n\n\n\n<p>Al\u00e9m dos aspectos de carreira, Est\u00eav\u00e3o dedicou um trecho da conversa a seus pais. O jovem fez uma emocionante homenagem a eles, reconhecendo a import\u00e2ncia de suas figuras em sua forma\u00e7\u00e3o.<\/p>\n\n\n\n<p>&#8220;Hoje, no dia do meu anivers\u00e1rio de 18 anos, sou eu quem vai homenagear voc\u00eas. Algumas palavras do cora\u00e7\u00e3o para mostrar que voc\u00eas representam para mim. Quero ser a pessoa a dar um presente para voc\u00eas, que me deram tanto&#8221;, destacou Est\u00eav\u00e3o, expressando sua gratid\u00e3o.<\/p>\n","protected":false},"excerpt":{"rendered":"<p>Palmeiras celebra 18 Anos de Est\u00eav\u00e3o; jogador fala sobre apoio de Neymar Est\u00eav\u00e3o, atacante do Palmeiras, completou 18 anos na quinta-feira, 24 de maio. A data especial marcou a divulga\u00e7\u00e3o de uma extensa entrevista concedida pelo jogador ao portal &#8220;The Players Tribune&#8221;. Nela, o jovem atleta abordou diversos momentos de sua carreira e vida pessoal, [&hellip;]<\/p>\n","protected":false},"author":28,"featured_media":141974,"comment_status":"open","ping_status":"closed","sticky":false,"template":"","format":"standard","meta":{"footnotes":""},"categories":[150,139],"tags":[],"class_list":["post-257911","post","type-post","status-publish","format-standard","has-post-thumbnail","hentry","category-palmeiras","category-santos"],"yoast_head":"<!-- This site is optimized with the Yoast SEO Premium plugin v24.2 (Yoast SEO v26.9) - https:\/\/yoast.com\/product\/yoast-seo-premium-wordpress\/ -->\n<title>A declara\u00e7\u00e3o de Est\u00eav\u00e3o, do Palmeiras, sobre Neymar<\/title>\n<meta name=\"robots\" content=\"index, follow, max-snippet:-1, max-image-preview:large, max-video-preview:-1\" \/>\n<link rel=\"canonical\" href=\"https:\/\/www.gaveanews.com\/index.php\/2025\/04\/26\/a-declaracao-de-estevao-do-palmeiras-sobre-neymar\/\" \/>\n<meta property=\"og:locale\" content=\"pt_BR\" \/>\n<meta property=\"og:type\" content=\"article\" \/>\n<meta property=\"og:title\" content=\"A declara\u00e7\u00e3o de Est\u00eav\u00e3o, do Palmeiras, sobre Neymar\" \/>\n<meta property=\"og:description\" content=\"Palmeiras celebra 18 Anos de Est\u00eav\u00e3o; jogador fala sobre apoio de Neymar Est\u00eav\u00e3o, atacante do Palmeiras, completou 18 anos na quinta-feira, 24 de maio. A data especial marcou a divulga\u00e7\u00e3o de uma extensa entrevista concedida pelo jogador ao portal &#8220;The Players Tribune&#8221;. Nela, o jovem atleta abordou diversos momentos de sua carreira e vida pessoal, [&hellip;]\" \/>\n<meta property=\"og:url\" content=\"https:\/\/www.gaveanews.com\/index.php\/2025\/04\/26\/a-declaracao-de-estevao-do-palmeiras-sobre-neymar\/\" \/>\n<meta property=\"og:site_name\" content=\"G\u00e1vea News\" \/>\n<meta property=\"article:publisher\" content=\"https:\/\/facebook.com\/gaveaNews\/\" \/>\n<meta property=\"article:published_time\" content=\"2025-04-26T22:35:00+00:00\" \/>\n<meta property=\"og:image\" content=\"https:\/\/www.gaveanews.com\/wp-content\/uploads\/O-jogador-Estevao-da-SE-Palmeiras-comemora-seu-contra-a-equipe-do-Botafogo-FC-durante-partida-valida-pela-terceira-fase-da-Copa-do-Brasil-na-arena-Allianz-Parque-1024x576-1.webp\" \/>\n\t<meta property=\"og:image:width\" content=\"1024\" \/>\n\t<meta property=\"og:image:height\" content=\"576\" \/>\n\t<meta property=\"og:image:type\" content=\"image\/webp\" \/>\n<meta name=\"author\" content=\"Hudson Pereira\" \/>\n<meta name=\"twitter:card\" content=\"summary_large_image\" \/>\n<meta name=\"twitter:label1\" content=\"Escrito por\" \/>\n\t<meta name=\"twitter:data1\" content=\"Hudson Pereira\" \/>\n\t<meta name=\"twitter:label2\" content=\"Est. tempo de leitura\" \/>\n\t<meta name=\"twitter:data2\" content=\"3 minutos\" \/>\n<script type=\"application\/ld+json\" class=\"yoast-schema-graph\">{\"@context\":\"https:\/\/schema.org\",\"@graph\":[{\"@type\":\"NewsArticle\",\"@id\":\"https:\/\/www.gaveanews.com\/index.php\/2025\/04\/26\/a-declaracao-de-estevao-do-palmeiras-sobre-neymar\/#article\",\"isPartOf\":{\"@id\":\"https:\/\/www.gaveanews.com\/index.php\/2025\/04\/26\/a-declaracao-de-estevao-do-palmeiras-sobre-neymar\/\"},\"author\":{\"name\":\"Hudson Pereira\",\"@id\":\"https:\/\/www.gaveanews.com\/#\/schema\/person\/bd08f00534b403119b92741a6d469ef0\"},\"headline\":\"A declara\u00e7\u00e3o de Est\u00eav\u00e3o, do Palmeiras, sobre Neymar\",\"datePublished\":\"2025-04-26T22:35:00+00:00\",\"mainEntityOfPage\":{\"@id\":\"https:\/\/www.gaveanews.com\/index.php\/2025\/04\/26\/a-declaracao-de-estevao-do-palmeiras-sobre-neymar\/\"},\"wordCount\":473,\"commentCount\":0,\"image\":{\"@id\":\"https:\/\/www.gaveanews.com\/index.php\/2025\/04\/26\/a-declaracao-de-estevao-do-palmeiras-sobre-neymar\/#primaryimage\"},\"thumbnailUrl\":\"https:\/\/www.gaveanews.com\/wp-content\/uploads\/O-jogador-Estevao-da-SE-Palmeiras-comemora-seu-contra-a-equipe-do-Botafogo-FC-durante-partida-valida-pela-terceira-fase-da-Copa-do-Brasil-na-arena-Allianz-Parque-1024x576-1.webp\",\"articleSection\":[\"Palmeiras\",\"Santos\"],\"inLanguage\":\"pt-BR\",\"potentialAction\":[{\"@type\":\"CommentAction\",\"name\":\"Comment\",\"target\":[\"https:\/\/www.gaveanews.com\/index.php\/2025\/04\/26\/a-declaracao-de-estevao-do-palmeiras-sobre-neymar\/#respond\"]}],\"copyrightYear\":\"2025\",\"copyrightHolder\":{\"@id\":\"https:\/\/www.gaveanews.com\/#organization\"}},{\"@type\":\"WebPage\",\"@id\":\"https:\/\/www.gaveanews.com\/index.php\/2025\/04\/26\/a-declaracao-de-estevao-do-palmeiras-sobre-neymar\/\",\"url\":\"https:\/\/www.gaveanews.com\/index.php\/2025\/04\/26\/a-declaracao-de-estevao-do-palmeiras-sobre-neymar\/\",\"name\":\"A declara\u00e7\u00e3o de Est\u00eav\u00e3o, do Palmeiras, sobre Neymar\",\"isPartOf\":{\"@id\":\"https:\/\/www.gaveanews.com\/#website\"},\"primaryImageOfPage\":{\"@id\":\"https:\/\/www.gaveanews.com\/index.php\/2025\/04\/26\/a-declaracao-de-estevao-do-palmeiras-sobre-neymar\/#primaryimage\"},\"image\":{\"@id\":\"https:\/\/www.gaveanews.com\/index.php\/2025\/04\/26\/a-declaracao-de-estevao-do-palmeiras-sobre-neymar\/#primaryimage\"},\"thumbnailUrl\":\"https:\/\/www.gaveanews.com\/wp-content\/uploads\/O-jogador-Estevao-da-SE-Palmeiras-comemora-seu-contra-a-equipe-do-Botafogo-FC-durante-partida-valida-pela-terceira-fase-da-Copa-do-Brasil-na-arena-Allianz-Parque-1024x576-1.webp\",\"datePublished\":\"2025-04-26T22:35:00+00:00\",\"author\":{\"@id\":\"https:\/\/www.gaveanews.com\/#\/schema\/person\/bd08f00534b403119b92741a6d469ef0\"},\"breadcrumb\":{\"@id\":\"https:\/\/www.gaveanews.com\/index.php\/2025\/04\/26\/a-declaracao-de-estevao-do-palmeiras-sobre-neymar\/#breadcrumb\"},\"inLanguage\":\"pt-BR\",\"potentialAction\":[{\"@type\":\"ReadAction\",\"target\":[\"https:\/\/www.gaveanews.com\/index.php\/2025\/04\/26\/a-declaracao-de-estevao-do-palmeiras-sobre-neymar\/\"]}]},{\"@type\":\"ImageObject\",\"inLanguage\":\"pt-BR\",\"@id\":\"https:\/\/www.gaveanews.com\/index.php\/2025\/04\/26\/a-declaracao-de-estevao-do-palmeiras-sobre-neymar\/#primaryimage\",\"url\":\"https:\/\/www.gaveanews.com\/wp-content\/uploads\/O-jogador-Estevao-da-SE-Palmeiras-comemora-seu-contra-a-equipe-do-Botafogo-FC-durante-partida-valida-pela-terceira-fase-da-Copa-do-Brasil-na-arena-Allianz-Parque-1024x576-1.webp\",\"contentUrl\":\"https:\/\/www.gaveanews.com\/wp-content\/uploads\/O-jogador-Estevao-da-SE-Palmeiras-comemora-seu-contra-a-equipe-do-Botafogo-FC-durante-partida-valida-pela-terceira-fase-da-Copa-do-Brasil-na-arena-Allianz-Parque-1024x576-1.webp\",\"width\":1024,\"height\":576,\"caption\":\"O jogador Est\u00eav\u00e3o - Foto: Cesar Greco\/Palmeiras\/by Canon\"},{\"@type\":\"BreadcrumbList\",\"@id\":\"https:\/\/www.gaveanews.com\/index.php\/2025\/04\/26\/a-declaracao-de-estevao-do-palmeiras-sobre-neymar\/#breadcrumb\",\"itemListElement\":[{\"@type\":\"ListItem\",\"position\":1,\"name\":\"Home\",\"item\":\"https:\/\/www.gaveanews.com\/\"},{\"@type\":\"ListItem\",\"position\":2,\"name\":\"A declara\u00e7\u00e3o de Est\u00eav\u00e3o, do Palmeiras, sobre Neymar\"}]},{\"@type\":\"WebSite\",\"@id\":\"https:\/\/www.gaveanews.com\/#website\",\"url\":\"https:\/\/www.gaveanews.com\/\",\"name\":\"G\u00e1vea News\",\"description\":\"Veja todas as not\u00edcias sobre o Flamengo: Contrata\u00e7\u00f5es, categorias de base, resultados das partidas, tabela de classifica\u00e7\u00e3o, pr\u00f3ximos jogos!\",\"potentialAction\":[{\"@type\":\"SearchAction\",\"target\":{\"@type\":\"EntryPoint\",\"urlTemplate\":\"https:\/\/www.gaveanews.com\/?s={search_term_string}\"},\"query-input\":{\"@type\":\"PropertyValueSpecification\",\"valueRequired\":true,\"valueName\":\"search_term_string\"}}],\"inLanguage\":\"pt-BR\"},{\"@type\":\"Person\",\"@id\":\"https:\/\/www.gaveanews.com\/#\/schema\/person\/bd08f00534b403119b92741a6d469ef0\",\"name\":\"Hudson Pereira\",\"image\":{\"@type\":\"ImageObject\",\"inLanguage\":\"pt-BR\",\"@id\":\"https:\/\/www.gaveanews.com\/#\/schema\/person\/image\/\",\"url\":\"https:\/\/secure.gravatar.com\/avatar\/ecc491b489e454e510efffc9b23c1052ce5fb4f2e05555768ba65819cd55f03e?s=96&d=mm&r=g\",\"contentUrl\":\"https:\/\/secure.gravatar.com\/avatar\/ecc491b489e454e510efffc9b23c1052ce5fb4f2e05555768ba65819cd55f03e?s=96&d=mm&r=g\",\"caption\":\"Hudson Pereira\"}}]}<\/script>\n<!-- \/ Yoast SEO Premium plugin. -->","yoast_head_json":{"title":"A declara\u00e7\u00e3o de Est\u00eav\u00e3o, do Palmeiras, sobre Neymar","robots":{"index":"index","follow":"follow","max-snippet":"max-snippet:-1","max-image-preview":"max-image-preview:large","max-video-preview":"max-video-preview:-1"},"canonical":"https:\/\/www.gaveanews.com\/index.php\/2025\/04\/26\/a-declaracao-de-estevao-do-palmeiras-sobre-neymar\/","og_locale":"pt_BR","og_type":"article","og_title":"A declara\u00e7\u00e3o de Est\u00eav\u00e3o, do Palmeiras, sobre Neymar","og_description":"Palmeiras celebra 18 Anos de Est\u00eav\u00e3o; jogador fala sobre apoio de Neymar Est\u00eav\u00e3o, atacante do Palmeiras, completou 18 anos na quinta-feira, 24 de maio. A data especial marcou a divulga\u00e7\u00e3o de uma extensa entrevista concedida pelo jogador ao portal &#8220;The Players Tribune&#8221;. Nela, o jovem atleta abordou diversos momentos de sua carreira e vida pessoal, [&hellip;]","og_url":"https:\/\/www.gaveanews.com\/index.php\/2025\/04\/26\/a-declaracao-de-estevao-do-palmeiras-sobre-neymar\/","og_site_name":"G\u00e1vea News","article_publisher":"https:\/\/facebook.com\/gaveaNews\/","article_published_time":"2025-04-26T22:35:00+00:00","og_image":[{"width":1024,"height":576,"url":"https:\/\/www.gaveanews.com\/wp-content\/uploads\/O-jogador-Estevao-da-SE-Palmeiras-comemora-seu-contra-a-equipe-do-Botafogo-FC-durante-partida-valida-pela-terceira-fase-da-Copa-do-Brasil-na-arena-Allianz-Parque-1024x576-1.webp","type":"image\/webp"}],"author":"Hudson Pereira","twitter_card":"summary_large_image","twitter_misc":{"Escrito por":"Hudson Pereira","Est. tempo de leitura":"3 minutos"},"schema":{"@context":"https:\/\/schema.org","@graph":[{"@type":"NewsArticle","@id":"https:\/\/www.gaveanews.com\/index.php\/2025\/04\/26\/a-declaracao-de-estevao-do-palmeiras-sobre-neymar\/#article","isPartOf":{"@id":"https:\/\/www.gaveanews.com\/index.php\/2025\/04\/26\/a-declaracao-de-estevao-do-palmeiras-sobre-neymar\/"},"author":{"name":"Hudson Pereira","@id":"https:\/\/www.gaveanews.com\/#\/schema\/person\/bd08f00534b403119b92741a6d469ef0"},"headline":"A declara\u00e7\u00e3o de Est\u00eav\u00e3o, do Palmeiras, sobre Neymar","datePublished":"2025-04-26T22:35:00+00:00","mainEntityOfPage":{"@id":"https:\/\/www.gaveanews.com\/index.php\/2025\/04\/26\/a-declaracao-de-estevao-do-palmeiras-sobre-neymar\/"},"wordCount":473,"commentCount":0,"image":{"@id":"https:\/\/www.gaveanews.com\/index.php\/2025\/04\/26\/a-declaracao-de-estevao-do-palmeiras-sobre-neymar\/#primaryimage"},"thumbnailUrl":"https:\/\/www.gaveanews.com\/wp-content\/uploads\/O-jogador-Estevao-da-SE-Palmeiras-comemora-seu-contra-a-equipe-do-Botafogo-FC-durante-partida-valida-pela-terceira-fase-da-Copa-do-Brasil-na-arena-Allianz-Parque-1024x576-1.webp","articleSection":["Palmeiras","Santos"],"inLanguage":"pt-BR","potentialAction":[{"@type":"CommentAction","name":"Comment","target":["https:\/\/www.gaveanews.com\/index.php\/2025\/04\/26\/a-declaracao-de-estevao-do-palmeiras-sobre-neymar\/#respond"]}],"copyrightYear":"2025","copyrightHolder":{"@id":"https:\/\/www.gaveanews.com\/#organization"}},{"@type":"WebPage","@id":"https:\/\/www.gaveanews.com\/index.php\/2025\/04\/26\/a-declaracao-de-estevao-do-palmeiras-sobre-neymar\/","url":"https:\/\/www.gaveanews.com\/index.php\/2025\/04\/26\/a-declaracao-de-estevao-do-palmeiras-sobre-neymar\/","name":"A declara\u00e7\u00e3o de Est\u00eav\u00e3o, do Palmeiras, sobre Neymar","isPartOf":{"@id":"https:\/\/www.gaveanews.com\/#website"},"primaryImageOfPage":{"@id":"https:\/\/www.gaveanews.com\/index.php\/2025\/04\/26\/a-declaracao-de-estevao-do-palmeiras-sobre-neymar\/#primaryimage"},"image":{"@id":"https:\/\/www.gaveanews.com\/index.php\/2025\/04\/26\/a-declaracao-de-estevao-do-palmeiras-sobre-neymar\/#primaryimage"},"thumbnailUrl":"https:\/\/www.gaveanews.com\/wp-content\/uploads\/O-jogador-Estevao-da-SE-Palmeiras-comemora-seu-contra-a-equipe-do-Botafogo-FC-durante-partida-valida-pela-terceira-fase-da-Copa-do-Brasil-na-arena-Allianz-Parque-1024x576-1.webp","datePublished":"2025-04-26T22:35:00+00:00","author":{"@id":"https:\/\/www.gaveanews.com\/#\/schema\/person\/bd08f00534b403119b92741a6d469ef0"},"breadcrumb":{"@id":"https:\/\/www.gaveanews.com\/index.php\/2025\/04\/26\/a-declaracao-de-estevao-do-palmeiras-sobre-neymar\/#breadcrumb"},"inLanguage":"pt-BR","potentialAction":[{"@type":"ReadAction","target":["https:\/\/www.gaveanews.com\/index.php\/2025\/04\/26\/a-declaracao-de-estevao-do-palmeiras-sobre-neymar\/"]}]},{"@type":"ImageObject","inLanguage":"pt-BR","@id":"https:\/\/www.gaveanews.com\/index.php\/2025\/04\/26\/a-declaracao-de-estevao-do-palmeiras-sobre-neymar\/#primaryimage","url":"https:\/\/www.gaveanews.com\/wp-content\/uploads\/O-jogador-Estevao-da-SE-Palmeiras-comemora-seu-contra-a-equipe-do-Botafogo-FC-durante-partida-valida-pela-terceira-fase-da-Copa-do-Brasil-na-arena-Allianz-Parque-1024x576-1.webp","contentUrl":"https:\/\/www.gaveanews.com\/wp-content\/uploads\/O-jogador-Estevao-da-SE-Palmeiras-comemora-seu-contra-a-equipe-do-Botafogo-FC-durante-partida-valida-pela-terceira-fase-da-Copa-do-Brasil-na-arena-Allianz-Parque-1024x576-1.webp","width":1024,"height":576,"caption":"O jogador Est\u00eav\u00e3o - Foto: Cesar Greco\/Palmeiras\/by Canon"},{"@type":"BreadcrumbList","@id":"https:\/\/www.gaveanews.com\/index.php\/2025\/04\/26\/a-declaracao-de-estevao-do-palmeiras-sobre-neymar\/#breadcrumb","itemListElement":[{"@type":"ListItem","position":1,"name":"Home","item":"https:\/\/www.gaveanews.com\/"},{"@type":"ListItem","position":2,"name":"A declara\u00e7\u00e3o de Est\u00eav\u00e3o, do Palmeiras, sobre Neymar"}]},{"@type":"WebSite","@id":"https:\/\/www.gaveanews.com\/#website","url":"https:\/\/www.gaveanews.com\/","name":"G\u00e1vea News","description":"Veja todas as not\u00edcias sobre o Flamengo: Contrata\u00e7\u00f5es, categorias de base, resultados das partidas, tabela de classifica\u00e7\u00e3o, pr\u00f3ximos jogos!","potentialAction":[{"@type":"SearchAction","target":{"@type":"EntryPoint","urlTemplate":"https:\/\/www.gaveanews.com\/?s={search_term_string}"},"query-input":{"@type":"PropertyValueSpecification","valueRequired":true,"valueName":"search_term_string"}}],"inLanguage":"pt-BR"},{"@type":"Person","@id":"https:\/\/www.gaveanews.com\/#\/schema\/person\/bd08f00534b403119b92741a6d469ef0","name":"Hudson Pereira","image":{"@type":"ImageObject","inLanguage":"pt-BR","@id":"https:\/\/www.gaveanews.com\/#\/schema\/person\/image\/","url":"https:\/\/secure.gravatar.com\/avatar\/ecc491b489e454e510efffc9b23c1052ce5fb4f2e05555768ba65819cd55f03e?s=96&d=mm&r=g","contentUrl":"https:\/\/secure.gravatar.com\/avatar\/ecc491b489e454e510efffc9b23c1052ce5fb4f2e05555768ba65819cd55f03e?s=96&d=mm&r=g","caption":"Hudson Pereira"}}]}},"_links":{"self":[{"href":"https:\/\/www.gaveanews.com\/index.php\/wp-json\/wp\/v2\/posts\/257911","targetHints":{"allow":["GET"]}}],"collection":[{"href":"https:\/\/www.gaveanews.com\/index.php\/wp-json\/wp\/v2\/posts"}],"about":[{"href":"https:\/\/www.gaveanews.com\/index.php\/wp-json\/wp\/v2\/types\/post"}],"author":[{"embeddable":true,"href":"https:\/\/www.gaveanews.com\/index.php\/wp-json\/wp\/v2\/users\/28"}],"replies":[{"embeddable":true,"href":"https:\/\/www.gaveanews.com\/index.php\/wp-json\/wp\/v2\/comments?post=257911"}],"version-history":[{"count":1,"href":"https:\/\/www.gaveanews.com\/index.php\/wp-json\/wp\/v2\/posts\/257911\/revisions"}],"predecessor-version":[{"id":257912,"href":"https:\/\/www.gaveanews.com\/index.php\/wp-json\/wp\/v2\/posts\/257911\/revisions\/257912"}],"wp:featuredmedia":[{"embeddable":true,"href":"https:\/\/www.gaveanews.com\/index.php\/wp-json\/wp\/v2\/media\/141974"}],"wp:attachment":[{"href":"https:\/\/www.gaveanews.com\/index.php\/wp-json\/wp\/v2\/media?parent=257911"}],"wp:term":[{"taxonomy":"category","embeddable":true,"href":"https:\/\/www.gaveanews.com\/index.php\/wp-json\/wp\/v2\/categories?post=257911"},{"taxonomy":"post_tag","embeddable":true,"href":"https:\/\/www.gaveanews.com\/index.php\/wp-json\/wp\/v2\/tags?post=257911"}],"curies":[{"name":"wp","href":"https:\/\/api.w.org\/{rel}","templated":true}]}}