{"id":257917,"date":"2025-04-26T19:30:00","date_gmt":"2025-04-26T22:30:00","guid":{"rendered":"https:\/\/www.gaveanews.com\/?p=257917"},"modified":"2025-04-26T18:42:24","modified_gmt":"2025-04-26T21:42:24","slug":"a-declaracao-de-rivaldo-sobre-a-atitude-de-tite-com-o-corinthians","status":"publish","type":"post","link":"https:\/\/www.gaveanews.com\/index.php\/2025\/04\/26\/a-declaracao-de-rivaldo-sobre-a-atitude-de-tite-com-o-corinthians\/","title":{"rendered":"A declara\u00e7\u00e3o de Rivaldo sobre a atitude de Tite com o Corinthians"},"content":{"rendered":"\n<h2 class=\"wp-block-heading\" id=\"h-crise-de-ansiedade-afasta-tite-do-corinthians-rivaldo-comenta-decisao-de-cuidar-da-saude-mental\">Crise de ansiedade afasta Tite do Corinthians: Rivaldo comenta decis\u00e3o de cuidar da sa\u00fade mental<\/h2>\n\n\n\n<p>O t\u00e9cnico Tite decidiu n\u00e3o assinar contrato para retornar ao Corinthians. Ele desistiu da proposta ap\u00f3s enfrentar uma crise de ansiedade pouco antes de viajar para S\u00e3o Paulo onde formalizaria o acordo com o clube. O ex-jogador Rivaldo manifestou apoio ao treinador, destacando a import\u00e2ncia de priorizar a sa\u00fade mental.<\/p>\n\n\n\n<p>Nesse sentido, Rivaldo considerou a decis\u00e3o de Tite acertada. Ele afirmou que apenas o pr\u00f3prio treinador compreende plenamente a situa\u00e7\u00e3o pela qual passa naquele momento. Assim, Rivaldo declarou que cabe a todos apoiar e aguardar a recupera\u00e7\u00e3o de Tite.<\/p>\n\n\n\n<h2 class=\"wp-block-heading\" id=\"h-a-visao-de-rivaldo-sobre-a-saude-do-treinador\">A vis\u00e3o de Rivaldo sobre a sa\u00fade do treinador<\/h2>\n\n\n\n<p>&#8220;Tite \u00e9 um grande treinador, se ele acertasse o contrato ainda com esses sintomas ele poderia se prejudicar. Se n\u00e3o se encontra bem, fez certo em esperar um pouco, o melhor a se fazer neste momento \u00e9 parar e olhar pra sa\u00fade mental&#8221;, destacou.<\/p>\n\n\n\n<p>Tite e o Corinthians, mais uma vez, n\u00e3o conclu\u00edram a negocia\u00e7\u00e3o que traria o treinador campe\u00e3o do Mundial de Clubes de 2012 de volta ao Parque S\u00e3o Jorge. A justificativa apresentada indica que o t\u00e9cnico far\u00e1 uma pausa na carreira para tratar sua sa\u00fade mental, motivado pela crise de ansiedade no dia marcado para a assinatura do contrato.<\/p>\n\n\n\n<p>Rivaldo pontuou que a atitude de n\u00e3o assinar o acordo foi correta. Ele lembrou que Tite viveu momentos de intensa press\u00e3o em duas Copas do Mundo, sempre trabalhando em grandes clubes que exigem alto n\u00edvel de desempenho constantemente.<\/p>\n\n\n\n<h2 class=\"wp-block-heading\" id=\"h-priorizando-o-bem-estar\">Priorizando o bem-estar<\/h2>\n\n\n\n<p>Rivaldo acredita que, se Tite n\u00e3o se sente bem, ele precisa voltar o olhar para si mesmo e cuidar de sua sa\u00fade. Dessa forma, ele poder\u00e1 retornar mais adiante com 100% de sua capacidade. Segundo Rivaldo, a atitude do t\u00e9cnico demonstrou acerto.<\/p>\n\n\n\n<p>Durante a entrevista, Rivaldo compartilhou que nunca enfrentou problemas emocionais ao longo de sua carreira como jogador de futebol. Ele ressaltou, contudo, a dificuldade que uma pessoa deve sentir ao passar por um momento delicado como esse, especialmente quando ela gosta do que faz, mas n\u00e3o se encontra bem psicologicamente.<\/p>\n","protected":false},"excerpt":{"rendered":"<p>Crise de ansiedade afasta Tite do Corinthians: Rivaldo comenta decis\u00e3o de cuidar da sa\u00fade mental O t\u00e9cnico Tite decidiu n\u00e3o assinar contrato para retornar ao Corinthians. Ele desistiu da proposta ap\u00f3s enfrentar uma crise de ansiedade pouco antes de viajar para S\u00e3o Paulo onde formalizaria o acordo com o clube. O ex-jogador Rivaldo manifestou apoio [&hellip;]<\/p>\n","protected":false},"author":28,"featured_media":126054,"comment_status":"open","ping_status":"closed","sticky":false,"template":"","format":"standard","meta":{"footnotes":""},"categories":[141],"tags":[],"class_list":["post-257917","post","type-post","status-publish","format-standard","has-post-thumbnail","hentry","category-corinthians"],"yoast_head":"<!-- This site is optimized with the Yoast SEO Premium plugin v24.2 (Yoast SEO v26.9) - https:\/\/yoast.com\/product\/yoast-seo-premium-wordpress\/ -->\n<title>A declara\u00e7\u00e3o de Rivaldo sobre a atitude de Tite com o Corinthians<\/title>\n<meta name=\"robots\" content=\"index, follow, max-snippet:-1, max-image-preview:large, max-video-preview:-1\" \/>\n<link rel=\"canonical\" href=\"https:\/\/www.gaveanews.com\/index.php\/2025\/04\/26\/a-declaracao-de-rivaldo-sobre-a-atitude-de-tite-com-o-corinthians\/\" \/>\n<meta property=\"og:locale\" content=\"pt_BR\" \/>\n<meta property=\"og:type\" content=\"article\" \/>\n<meta property=\"og:title\" content=\"A declara\u00e7\u00e3o de Rivaldo sobre a atitude de Tite com o Corinthians\" \/>\n<meta property=\"og:description\" content=\"Crise de ansiedade afasta Tite do Corinthians: Rivaldo comenta decis\u00e3o de cuidar da sa\u00fade mental O t\u00e9cnico Tite decidiu n\u00e3o assinar contrato para retornar ao Corinthians. Ele desistiu da proposta ap\u00f3s enfrentar uma crise de ansiedade pouco antes de viajar para S\u00e3o Paulo onde formalizaria o acordo com o clube. O ex-jogador Rivaldo manifestou apoio [&hellip;]\" \/>\n<meta property=\"og:url\" content=\"https:\/\/www.gaveanews.com\/index.php\/2025\/04\/26\/a-declaracao-de-rivaldo-sobre-a-atitude-de-tite-com-o-corinthians\/\" \/>\n<meta property=\"og:site_name\" content=\"G\u00e1vea News\" \/>\n<meta property=\"article:publisher\" content=\"https:\/\/facebook.com\/gaveaNews\/\" \/>\n<meta property=\"article:published_time\" content=\"2025-04-26T22:30:00+00:00\" \/>\n<meta property=\"og:image\" content=\"https:\/\/www.gaveanews.com\/wp-content\/uploads\/tite-treino-flamengo.webp\" \/>\n\t<meta property=\"og:image:width\" content=\"900\" \/>\n\t<meta property=\"og:image:height\" content=\"598\" \/>\n\t<meta property=\"og:image:type\" content=\"image\/jpeg\" \/>\n<meta name=\"author\" content=\"Hudson Pereira\" \/>\n<meta name=\"twitter:card\" content=\"summary_large_image\" \/>\n<meta name=\"twitter:label1\" content=\"Escrito por\" \/>\n\t<meta name=\"twitter:data1\" content=\"Hudson Pereira\" \/>\n\t<meta name=\"twitter:label2\" content=\"Est. tempo de leitura\" \/>\n\t<meta name=\"twitter:data2\" content=\"3 minutos\" \/>\n<script type=\"application\/ld+json\" class=\"yoast-schema-graph\">{\"@context\":\"https:\/\/schema.org\",\"@graph\":[{\"@type\":\"NewsArticle\",\"@id\":\"https:\/\/www.gaveanews.com\/index.php\/2025\/04\/26\/a-declaracao-de-rivaldo-sobre-a-atitude-de-tite-com-o-corinthians\/#article\",\"isPartOf\":{\"@id\":\"https:\/\/www.gaveanews.com\/index.php\/2025\/04\/26\/a-declaracao-de-rivaldo-sobre-a-atitude-de-tite-com-o-corinthians\/\"},\"author\":{\"name\":\"Hudson Pereira\",\"@id\":\"https:\/\/www.gaveanews.com\/#\/schema\/person\/bd08f00534b403119b92741a6d469ef0\"},\"headline\":\"A declara\u00e7\u00e3o de Rivaldo sobre a atitude de Tite com o Corinthians\",\"datePublished\":\"2025-04-26T22:30:00+00:00\",\"mainEntityOfPage\":{\"@id\":\"https:\/\/www.gaveanews.com\/index.php\/2025\/04\/26\/a-declaracao-de-rivaldo-sobre-a-atitude-de-tite-com-o-corinthians\/\"},\"wordCount\":387,\"commentCount\":0,\"image\":{\"@id\":\"https:\/\/www.gaveanews.com\/index.php\/2025\/04\/26\/a-declaracao-de-rivaldo-sobre-a-atitude-de-tite-com-o-corinthians\/#primaryimage\"},\"thumbnailUrl\":\"https:\/\/www.gaveanews.com\/wp-content\/uploads\/tite-treino-flamengo.webp\",\"articleSection\":[\"Corinthians\"],\"inLanguage\":\"pt-BR\",\"potentialAction\":[{\"@type\":\"CommentAction\",\"name\":\"Comment\",\"target\":[\"https:\/\/www.gaveanews.com\/index.php\/2025\/04\/26\/a-declaracao-de-rivaldo-sobre-a-atitude-de-tite-com-o-corinthians\/#respond\"]}],\"copyrightYear\":\"2025\",\"copyrightHolder\":{\"@id\":\"https:\/\/www.gaveanews.com\/#organization\"}},{\"@type\":\"WebPage\",\"@id\":\"https:\/\/www.gaveanews.com\/index.php\/2025\/04\/26\/a-declaracao-de-rivaldo-sobre-a-atitude-de-tite-com-o-corinthians\/\",\"url\":\"https:\/\/www.gaveanews.com\/index.php\/2025\/04\/26\/a-declaracao-de-rivaldo-sobre-a-atitude-de-tite-com-o-corinthians\/\",\"name\":\"A declara\u00e7\u00e3o de Rivaldo sobre a atitude de Tite com o Corinthians\",\"isPartOf\":{\"@id\":\"https:\/\/www.gaveanews.com\/#website\"},\"primaryImageOfPage\":{\"@id\":\"https:\/\/www.gaveanews.com\/index.php\/2025\/04\/26\/a-declaracao-de-rivaldo-sobre-a-atitude-de-tite-com-o-corinthians\/#primaryimage\"},\"image\":{\"@id\":\"https:\/\/www.gaveanews.com\/index.php\/2025\/04\/26\/a-declaracao-de-rivaldo-sobre-a-atitude-de-tite-com-o-corinthians\/#primaryimage\"},\"thumbnailUrl\":\"https:\/\/www.gaveanews.com\/wp-content\/uploads\/tite-treino-flamengo.webp\",\"datePublished\":\"2025-04-26T22:30:00+00:00\",\"author\":{\"@id\":\"https:\/\/www.gaveanews.com\/#\/schema\/person\/bd08f00534b403119b92741a6d469ef0\"},\"breadcrumb\":{\"@id\":\"https:\/\/www.gaveanews.com\/index.php\/2025\/04\/26\/a-declaracao-de-rivaldo-sobre-a-atitude-de-tite-com-o-corinthians\/#breadcrumb\"},\"inLanguage\":\"pt-BR\",\"potentialAction\":[{\"@type\":\"ReadAction\",\"target\":[\"https:\/\/www.gaveanews.com\/index.php\/2025\/04\/26\/a-declaracao-de-rivaldo-sobre-a-atitude-de-tite-com-o-corinthians\/\"]}]},{\"@type\":\"ImageObject\",\"inLanguage\":\"pt-BR\",\"@id\":\"https:\/\/www.gaveanews.com\/index.php\/2025\/04\/26\/a-declaracao-de-rivaldo-sobre-a-atitude-de-tite-com-o-corinthians\/#primaryimage\",\"url\":\"https:\/\/www.gaveanews.com\/wp-content\/uploads\/tite-treino-flamengo.webp\",\"contentUrl\":\"https:\/\/www.gaveanews.com\/wp-content\/uploads\/tite-treino-flamengo.webp\",\"width\":900,\"height\":598,\"caption\":\"Tite em treino do Flamengo (Foto: Marcelo Cortes\/Flamengo)\"},{\"@type\":\"BreadcrumbList\",\"@id\":\"https:\/\/www.gaveanews.com\/index.php\/2025\/04\/26\/a-declaracao-de-rivaldo-sobre-a-atitude-de-tite-com-o-corinthians\/#breadcrumb\",\"itemListElement\":[{\"@type\":\"ListItem\",\"position\":1,\"name\":\"Home\",\"item\":\"https:\/\/www.gaveanews.com\/\"},{\"@type\":\"ListItem\",\"position\":2,\"name\":\"A declara\u00e7\u00e3o de Rivaldo sobre a atitude de Tite com o Corinthians\"}]},{\"@type\":\"WebSite\",\"@id\":\"https:\/\/www.gaveanews.com\/#website\",\"url\":\"https:\/\/www.gaveanews.com\/\",\"name\":\"G\u00e1vea News\",\"description\":\"Veja todas as not\u00edcias sobre o Flamengo: Contrata\u00e7\u00f5es, categorias de base, resultados das partidas, tabela de classifica\u00e7\u00e3o, pr\u00f3ximos jogos!\",\"potentialAction\":[{\"@type\":\"SearchAction\",\"target\":{\"@type\":\"EntryPoint\",\"urlTemplate\":\"https:\/\/www.gaveanews.com\/?s={search_term_string}\"},\"query-input\":{\"@type\":\"PropertyValueSpecification\",\"valueRequired\":true,\"valueName\":\"search_term_string\"}}],\"inLanguage\":\"pt-BR\"},{\"@type\":\"Person\",\"@id\":\"https:\/\/www.gaveanews.com\/#\/schema\/person\/bd08f00534b403119b92741a6d469ef0\",\"name\":\"Hudson Pereira\",\"image\":{\"@type\":\"ImageObject\",\"inLanguage\":\"pt-BR\",\"@id\":\"https:\/\/www.gaveanews.com\/#\/schema\/person\/image\/\",\"url\":\"https:\/\/secure.gravatar.com\/avatar\/ecc491b489e454e510efffc9b23c1052ce5fb4f2e05555768ba65819cd55f03e?s=96&d=mm&r=g\",\"contentUrl\":\"https:\/\/secure.gravatar.com\/avatar\/ecc491b489e454e510efffc9b23c1052ce5fb4f2e05555768ba65819cd55f03e?s=96&d=mm&r=g\",\"caption\":\"Hudson Pereira\"}}]}<\/script>\n<!-- \/ Yoast SEO Premium plugin. -->","yoast_head_json":{"title":"A declara\u00e7\u00e3o de Rivaldo sobre a atitude de Tite com o Corinthians","robots":{"index":"index","follow":"follow","max-snippet":"max-snippet:-1","max-image-preview":"max-image-preview:large","max-video-preview":"max-video-preview:-1"},"canonical":"https:\/\/www.gaveanews.com\/index.php\/2025\/04\/26\/a-declaracao-de-rivaldo-sobre-a-atitude-de-tite-com-o-corinthians\/","og_locale":"pt_BR","og_type":"article","og_title":"A declara\u00e7\u00e3o de Rivaldo sobre a atitude de Tite com o Corinthians","og_description":"Crise de ansiedade afasta Tite do Corinthians: Rivaldo comenta decis\u00e3o de cuidar da sa\u00fade mental O t\u00e9cnico Tite decidiu n\u00e3o assinar contrato para retornar ao Corinthians. Ele desistiu da proposta ap\u00f3s enfrentar uma crise de ansiedade pouco antes de viajar para S\u00e3o Paulo onde formalizaria o acordo com o clube. O ex-jogador Rivaldo manifestou apoio [&hellip;]","og_url":"https:\/\/www.gaveanews.com\/index.php\/2025\/04\/26\/a-declaracao-de-rivaldo-sobre-a-atitude-de-tite-com-o-corinthians\/","og_site_name":"G\u00e1vea News","article_publisher":"https:\/\/facebook.com\/gaveaNews\/","article_published_time":"2025-04-26T22:30:00+00:00","og_image":[{"width":900,"height":598,"url":"https:\/\/www.gaveanews.com\/wp-content\/uploads\/tite-treino-flamengo.webp","type":"image\/jpeg"}],"author":"Hudson Pereira","twitter_card":"summary_large_image","twitter_misc":{"Escrito por":"Hudson Pereira","Est. tempo de leitura":"3 minutos"},"schema":{"@context":"https:\/\/schema.org","@graph":[{"@type":"NewsArticle","@id":"https:\/\/www.gaveanews.com\/index.php\/2025\/04\/26\/a-declaracao-de-rivaldo-sobre-a-atitude-de-tite-com-o-corinthians\/#article","isPartOf":{"@id":"https:\/\/www.gaveanews.com\/index.php\/2025\/04\/26\/a-declaracao-de-rivaldo-sobre-a-atitude-de-tite-com-o-corinthians\/"},"author":{"name":"Hudson Pereira","@id":"https:\/\/www.gaveanews.com\/#\/schema\/person\/bd08f00534b403119b92741a6d469ef0"},"headline":"A declara\u00e7\u00e3o de Rivaldo sobre a atitude de Tite com o Corinthians","datePublished":"2025-04-26T22:30:00+00:00","mainEntityOfPage":{"@id":"https:\/\/www.gaveanews.com\/index.php\/2025\/04\/26\/a-declaracao-de-rivaldo-sobre-a-atitude-de-tite-com-o-corinthians\/"},"wordCount":387,"commentCount":0,"image":{"@id":"https:\/\/www.gaveanews.com\/index.php\/2025\/04\/26\/a-declaracao-de-rivaldo-sobre-a-atitude-de-tite-com-o-corinthians\/#primaryimage"},"thumbnailUrl":"https:\/\/www.gaveanews.com\/wp-content\/uploads\/tite-treino-flamengo.webp","articleSection":["Corinthians"],"inLanguage":"pt-BR","potentialAction":[{"@type":"CommentAction","name":"Comment","target":["https:\/\/www.gaveanews.com\/index.php\/2025\/04\/26\/a-declaracao-de-rivaldo-sobre-a-atitude-de-tite-com-o-corinthians\/#respond"]}],"copyrightYear":"2025","copyrightHolder":{"@id":"https:\/\/www.gaveanews.com\/#organization"}},{"@type":"WebPage","@id":"https:\/\/www.gaveanews.com\/index.php\/2025\/04\/26\/a-declaracao-de-rivaldo-sobre-a-atitude-de-tite-com-o-corinthians\/","url":"https:\/\/www.gaveanews.com\/index.php\/2025\/04\/26\/a-declaracao-de-rivaldo-sobre-a-atitude-de-tite-com-o-corinthians\/","name":"A declara\u00e7\u00e3o de Rivaldo sobre a atitude de Tite com o Corinthians","isPartOf":{"@id":"https:\/\/www.gaveanews.com\/#website"},"primaryImageOfPage":{"@id":"https:\/\/www.gaveanews.com\/index.php\/2025\/04\/26\/a-declaracao-de-rivaldo-sobre-a-atitude-de-tite-com-o-corinthians\/#primaryimage"},"image":{"@id":"https:\/\/www.gaveanews.com\/index.php\/2025\/04\/26\/a-declaracao-de-rivaldo-sobre-a-atitude-de-tite-com-o-corinthians\/#primaryimage"},"thumbnailUrl":"https:\/\/www.gaveanews.com\/wp-content\/uploads\/tite-treino-flamengo.webp","datePublished":"2025-04-26T22:30:00+00:00","author":{"@id":"https:\/\/www.gaveanews.com\/#\/schema\/person\/bd08f00534b403119b92741a6d469ef0"},"breadcrumb":{"@id":"https:\/\/www.gaveanews.com\/index.php\/2025\/04\/26\/a-declaracao-de-rivaldo-sobre-a-atitude-de-tite-com-o-corinthians\/#breadcrumb"},"inLanguage":"pt-BR","potentialAction":[{"@type":"ReadAction","target":["https:\/\/www.gaveanews.com\/index.php\/2025\/04\/26\/a-declaracao-de-rivaldo-sobre-a-atitude-de-tite-com-o-corinthians\/"]}]},{"@type":"ImageObject","inLanguage":"pt-BR","@id":"https:\/\/www.gaveanews.com\/index.php\/2025\/04\/26\/a-declaracao-de-rivaldo-sobre-a-atitude-de-tite-com-o-corinthians\/#primaryimage","url":"https:\/\/www.gaveanews.com\/wp-content\/uploads\/tite-treino-flamengo.webp","contentUrl":"https:\/\/www.gaveanews.com\/wp-content\/uploads\/tite-treino-flamengo.webp","width":900,"height":598,"caption":"Tite em treino do Flamengo (Foto: Marcelo Cortes\/Flamengo)"},{"@type":"BreadcrumbList","@id":"https:\/\/www.gaveanews.com\/index.php\/2025\/04\/26\/a-declaracao-de-rivaldo-sobre-a-atitude-de-tite-com-o-corinthians\/#breadcrumb","itemListElement":[{"@type":"ListItem","position":1,"name":"Home","item":"https:\/\/www.gaveanews.com\/"},{"@type":"ListItem","position":2,"name":"A declara\u00e7\u00e3o de Rivaldo sobre a atitude de Tite com o Corinthians"}]},{"@type":"WebSite","@id":"https:\/\/www.gaveanews.com\/#website","url":"https:\/\/www.gaveanews.com\/","name":"G\u00e1vea News","description":"Veja todas as not\u00edcias sobre o Flamengo: Contrata\u00e7\u00f5es, categorias de base, resultados das partidas, tabela de classifica\u00e7\u00e3o, pr\u00f3ximos jogos!","potentialAction":[{"@type":"SearchAction","target":{"@type":"EntryPoint","urlTemplate":"https:\/\/www.gaveanews.com\/?s={search_term_string}"},"query-input":{"@type":"PropertyValueSpecification","valueRequired":true,"valueName":"search_term_string"}}],"inLanguage":"pt-BR"},{"@type":"Person","@id":"https:\/\/www.gaveanews.com\/#\/schema\/person\/bd08f00534b403119b92741a6d469ef0","name":"Hudson Pereira","image":{"@type":"ImageObject","inLanguage":"pt-BR","@id":"https:\/\/www.gaveanews.com\/#\/schema\/person\/image\/","url":"https:\/\/secure.gravatar.com\/avatar\/ecc491b489e454e510efffc9b23c1052ce5fb4f2e05555768ba65819cd55f03e?s=96&d=mm&r=g","contentUrl":"https:\/\/secure.gravatar.com\/avatar\/ecc491b489e454e510efffc9b23c1052ce5fb4f2e05555768ba65819cd55f03e?s=96&d=mm&r=g","caption":"Hudson Pereira"}}]}},"_links":{"self":[{"href":"https:\/\/www.gaveanews.com\/index.php\/wp-json\/wp\/v2\/posts\/257917","targetHints":{"allow":["GET"]}}],"collection":[{"href":"https:\/\/www.gaveanews.com\/index.php\/wp-json\/wp\/v2\/posts"}],"about":[{"href":"https:\/\/www.gaveanews.com\/index.php\/wp-json\/wp\/v2\/types\/post"}],"author":[{"embeddable":true,"href":"https:\/\/www.gaveanews.com\/index.php\/wp-json\/wp\/v2\/users\/28"}],"replies":[{"embeddable":true,"href":"https:\/\/www.gaveanews.com\/index.php\/wp-json\/wp\/v2\/comments?post=257917"}],"version-history":[{"count":1,"href":"https:\/\/www.gaveanews.com\/index.php\/wp-json\/wp\/v2\/posts\/257917\/revisions"}],"predecessor-version":[{"id":257918,"href":"https:\/\/www.gaveanews.com\/index.php\/wp-json\/wp\/v2\/posts\/257917\/revisions\/257918"}],"wp:featuredmedia":[{"embeddable":true,"href":"https:\/\/www.gaveanews.com\/index.php\/wp-json\/wp\/v2\/media\/126054"}],"wp:attachment":[{"href":"https:\/\/www.gaveanews.com\/index.php\/wp-json\/wp\/v2\/media?parent=257917"}],"wp:term":[{"taxonomy":"category","embeddable":true,"href":"https:\/\/www.gaveanews.com\/index.php\/wp-json\/wp\/v2\/categories?post=257917"},{"taxonomy":"post_tag","embeddable":true,"href":"https:\/\/www.gaveanews.com\/index.php\/wp-json\/wp\/v2\/tags?post=257917"}],"curies":[{"name":"wp","href":"https:\/\/api.w.org\/{rel}","templated":true}]}}