{"id":257919,"date":"2025-04-26T19:25:00","date_gmt":"2025-04-26T22:25:00","guid":{"rendered":"https:\/\/www.gaveanews.com\/?p=257919"},"modified":"2025-04-26T18:41:48","modified_gmt":"2025-04-26T21:41:48","slug":"torcida-quebra-marca-historica-do-corinthians-em-itaquera","status":"publish","type":"post","link":"https:\/\/www.gaveanews.com\/index.php\/2025\/04\/26\/torcida-quebra-marca-historica-do-corinthians-em-itaquera\/","title":{"rendered":"Torcida quebra marca hist\u00f3rica do Corinthians em Itaquera"},"content":{"rendered":"\n<h2 class=\"wp-block-heading\" id=\"h-fim-de-uma-era-corinthians-quebra-sequencia-na-neo-quimica-arena\">Fim de uma era: Corinthians quebra sequ\u00eancia na Neo Qu\u00edmica Arena<\/h2>\n\n\n\n<p>O confronto do Corinthians contra o Racing, v\u00e1lido pela terceira rodada da fase de grupos da Sul-Americana, ocorreu na Neo Qu\u00edmica Arena e registrou a presen\u00e7a de 39.074 torcedores.<\/p>\n\n\n\n<p>Este p\u00fablico encerrou uma sequ\u00eancia impressionante de 33 partidas consecutivas do Tim\u00e3o com mais de 40 mil espectadores em seu est\u00e1dio.<\/p>\n\n\n\n<p>A sequ\u00eancia de jogos com mais de 40 mil torcedores na Neo Qu\u00edmica Arena havia come\u00e7ado em julho do ano anterior.<\/p>\n\n\n\n<p>Naquela ocasi\u00e3o, o Tim\u00e3o venceu o Crici\u00fama por 2 a 1, em uma partida v\u00e1lida pelo Campeonato Brasileiro. Durante aquele per\u00edodo, o Corinthians enfrentava a luta contra o rebaixamento no campeonato nacional.<\/p>\n\n\n\n<p>A sinergia e o apoio da Fiel, contudo, impulsionaram a equipe a somar nove vit\u00f3rias consecutivas e, consequentemente, garantir uma vaga na Pr\u00e9-Libertadores.<\/p>\n\n\n\n<p>Nesta temporada, o clube alvinegro estabeleceu as duas maiores marcas de p\u00fablico da hist\u00f3ria da Neo Qu\u00edmica Arena em partidas do Tim\u00e3o.<\/p>\n\n\n\n<p>Ambas as partidas que definiram os recordes ocorreram durante o Campeonato Paulista. Na fase de grupos, por exemplo, 42.965 torcedores assistiram \u00e0 vit\u00f3ria do Tim\u00e3o por 2 a 1 sobre o Santos.<\/p>\n\n\n\n<p>Posteriormente, a pr\u00f3pria torcida corintiana superou esta marca durante a final do Paulist\u00e3o. O est\u00e1dio recebeu 48.196 pessoas para o empate em 0 a 0 contra o Palmeiras, estabelecendo o novo recorde hist\u00f3rico.<\/p>\n\n\n\n<h2 class=\"wp-block-heading\" id=\"h-fatores-que-dificultaram-a-chegada-da-torcida-a-neo-quimica-arena\">Fatores que dificultaram a chegada da torcida \u00e0 Neo Qu\u00edmica Arena<\/h2>\n\n\n\n<p>Conforme o portal Lance, no in\u00edcio da partida contra o Racing, as arquibancadas da Neo Qu\u00edmica Arena apresentavam pouca ocupa\u00e7\u00e3o.<\/p>\n\n\n\n<p>O hor\u00e1rio do jogo, que come\u00e7ou \u00e0s 19h (hor\u00e1rio de Bras\u00edlia), assim como a forte chuva que ca\u00eda na cidade de S\u00e3o Paulo no per\u00edodo, representaram fatores que dificultaram a chegada dos torcedores ao est\u00e1dio.<\/p>\n\n\n\n<p>Apesar do in\u00edcio com menor p\u00fablico, a Neo Qu\u00edmica Arena recebeu mais torcedores ao longo do primeiro tempo do jogo.<\/p>\n\n\n\n<p>Entretanto, o n\u00famero final de 39.074 presentes n\u00e3o atingiu a marca de 40 mil, encerrando a sequ\u00eancia hist\u00f3rica de p\u00fablico do Corinthians em seu est\u00e1dio, inaugurado no ano de 2014.<\/p>\n\n\n\n<p>Mesmo com o fim da sequ\u00eancia dos 40 mil, a partida contra o Racing representou o 54\u00ba jogo do Corinthians na Neo Qu\u00edmica Arena com a presen\u00e7a de pelo menos 30 mil torcedores, um patamar que muitos consideram &#8216;casa cheia&#8217; em Itaquera.<\/p>\n\n\n\n<p>O clube alvinegro retorna ao seu est\u00e1dio no dia 3 de maio, quando enfrentar\u00e1 o Internacional em partida v\u00e1lida pelo Campeonato Brasileiro.<\/p>\n","protected":false},"excerpt":{"rendered":"<p>Fim de uma era: Corinthians quebra sequ\u00eancia na Neo Qu\u00edmica Arena O confronto do Corinthians contra o Racing, v\u00e1lido pela terceira rodada da fase de grupos da Sul-Americana, ocorreu na Neo Qu\u00edmica Arena e registrou a presen\u00e7a de 39.074 torcedores. Este p\u00fablico encerrou uma sequ\u00eancia impressionante de 33 partidas consecutivas do Tim\u00e3o com mais de [&hellip;]<\/p>\n","protected":false},"author":28,"featured_media":154473,"comment_status":"open","ping_status":"closed","sticky":false,"template":"","format":"standard","meta":{"footnotes":""},"categories":[141],"tags":[],"class_list":["post-257919","post","type-post","status-publish","format-standard","has-post-thumbnail","hentry","category-corinthians"],"yoast_head":"<!-- This site is optimized with the Yoast SEO Premium plugin v24.2 (Yoast SEO v26.9) - https:\/\/yoast.com\/product\/yoast-seo-premium-wordpress\/ -->\n<title>Torcida quebra marca hist\u00f3rica do Corinthians em Itaquera<\/title>\n<meta name=\"robots\" content=\"index, follow, max-snippet:-1, max-image-preview:large, max-video-preview:-1\" \/>\n<link rel=\"canonical\" href=\"https:\/\/www.gaveanews.com\/index.php\/2025\/04\/26\/torcida-quebra-marca-historica-do-corinthians-em-itaquera\/\" \/>\n<meta property=\"og:locale\" content=\"pt_BR\" \/>\n<meta property=\"og:type\" content=\"article\" \/>\n<meta property=\"og:title\" content=\"Torcida quebra marca hist\u00f3rica do Corinthians em Itaquera\" \/>\n<meta property=\"og:description\" content=\"Fim de uma era: Corinthians quebra sequ\u00eancia na Neo Qu\u00edmica Arena O confronto do Corinthians contra o Racing, v\u00e1lido pela terceira rodada da fase de grupos da Sul-Americana, ocorreu na Neo Qu\u00edmica Arena e registrou a presen\u00e7a de 39.074 torcedores. Este p\u00fablico encerrou uma sequ\u00eancia impressionante de 33 partidas consecutivas do Tim\u00e3o com mais de [&hellip;]\" \/>\n<meta property=\"og:url\" content=\"https:\/\/www.gaveanews.com\/index.php\/2025\/04\/26\/torcida-quebra-marca-historica-do-corinthians-em-itaquera\/\" \/>\n<meta property=\"og:site_name\" content=\"G\u00e1vea News\" \/>\n<meta property=\"article:publisher\" content=\"https:\/\/facebook.com\/gaveaNews\/\" \/>\n<meta property=\"article:published_time\" content=\"2025-04-26T22:25:00+00:00\" \/>\n<meta property=\"og:image\" content=\"https:\/\/www.gaveanews.com\/wp-content\/uploads\/Escudo-do-Corinthians-na-Neo-Quimica-Arena.webp\" \/>\n\t<meta property=\"og:image:width\" content=\"1440\" \/>\n\t<meta property=\"og:image:height\" content=\"959\" \/>\n\t<meta property=\"og:image:type\" content=\"image\/jpeg\" \/>\n<meta name=\"author\" content=\"Hudson Pereira\" \/>\n<meta name=\"twitter:card\" content=\"summary_large_image\" \/>\n<meta name=\"twitter:label1\" content=\"Escrito por\" \/>\n\t<meta name=\"twitter:data1\" content=\"Hudson Pereira\" \/>\n\t<meta name=\"twitter:label2\" content=\"Est. tempo de leitura\" \/>\n\t<meta name=\"twitter:data2\" content=\"3 minutos\" \/>\n<script type=\"application\/ld+json\" class=\"yoast-schema-graph\">{\"@context\":\"https:\/\/schema.org\",\"@graph\":[{\"@type\":\"NewsArticle\",\"@id\":\"https:\/\/www.gaveanews.com\/index.php\/2025\/04\/26\/torcida-quebra-marca-historica-do-corinthians-em-itaquera\/#article\",\"isPartOf\":{\"@id\":\"https:\/\/www.gaveanews.com\/index.php\/2025\/04\/26\/torcida-quebra-marca-historica-do-corinthians-em-itaquera\/\"},\"author\":{\"name\":\"Hudson Pereira\",\"@id\":\"https:\/\/www.gaveanews.com\/#\/schema\/person\/bd08f00534b403119b92741a6d469ef0\"},\"headline\":\"Torcida quebra marca hist\u00f3rica do Corinthians em Itaquera\",\"datePublished\":\"2025-04-26T22:25:00+00:00\",\"mainEntityOfPage\":{\"@id\":\"https:\/\/www.gaveanews.com\/index.php\/2025\/04\/26\/torcida-quebra-marca-historica-do-corinthians-em-itaquera\/\"},\"wordCount\":447,\"commentCount\":0,\"image\":{\"@id\":\"https:\/\/www.gaveanews.com\/index.php\/2025\/04\/26\/torcida-quebra-marca-historica-do-corinthians-em-itaquera\/#primaryimage\"},\"thumbnailUrl\":\"https:\/\/www.gaveanews.com\/wp-content\/uploads\/Escudo-do-Corinthians-na-Neo-Quimica-Arena.webp\",\"articleSection\":[\"Corinthians\"],\"inLanguage\":\"pt-BR\",\"potentialAction\":[{\"@type\":\"CommentAction\",\"name\":\"Comment\",\"target\":[\"https:\/\/www.gaveanews.com\/index.php\/2025\/04\/26\/torcida-quebra-marca-historica-do-corinthians-em-itaquera\/#respond\"]}],\"copyrightYear\":\"2025\",\"copyrightHolder\":{\"@id\":\"https:\/\/www.gaveanews.com\/#organization\"}},{\"@type\":\"WebPage\",\"@id\":\"https:\/\/www.gaveanews.com\/index.php\/2025\/04\/26\/torcida-quebra-marca-historica-do-corinthians-em-itaquera\/\",\"url\":\"https:\/\/www.gaveanews.com\/index.php\/2025\/04\/26\/torcida-quebra-marca-historica-do-corinthians-em-itaquera\/\",\"name\":\"Torcida quebra marca hist\u00f3rica do Corinthians em Itaquera\",\"isPartOf\":{\"@id\":\"https:\/\/www.gaveanews.com\/#website\"},\"primaryImageOfPage\":{\"@id\":\"https:\/\/www.gaveanews.com\/index.php\/2025\/04\/26\/torcida-quebra-marca-historica-do-corinthians-em-itaquera\/#primaryimage\"},\"image\":{\"@id\":\"https:\/\/www.gaveanews.com\/index.php\/2025\/04\/26\/torcida-quebra-marca-historica-do-corinthians-em-itaquera\/#primaryimage\"},\"thumbnailUrl\":\"https:\/\/www.gaveanews.com\/wp-content\/uploads\/Escudo-do-Corinthians-na-Neo-Quimica-Arena.webp\",\"datePublished\":\"2025-04-26T22:25:00+00:00\",\"author\":{\"@id\":\"https:\/\/www.gaveanews.com\/#\/schema\/person\/bd08f00534b403119b92741a6d469ef0\"},\"breadcrumb\":{\"@id\":\"https:\/\/www.gaveanews.com\/index.php\/2025\/04\/26\/torcida-quebra-marca-historica-do-corinthians-em-itaquera\/#breadcrumb\"},\"inLanguage\":\"pt-BR\",\"potentialAction\":[{\"@type\":\"ReadAction\",\"target\":[\"https:\/\/www.gaveanews.com\/index.php\/2025\/04\/26\/torcida-quebra-marca-historica-do-corinthians-em-itaquera\/\"]}]},{\"@type\":\"ImageObject\",\"inLanguage\":\"pt-BR\",\"@id\":\"https:\/\/www.gaveanews.com\/index.php\/2025\/04\/26\/torcida-quebra-marca-historica-do-corinthians-em-itaquera\/#primaryimage\",\"url\":\"https:\/\/www.gaveanews.com\/wp-content\/uploads\/Escudo-do-Corinthians-na-Neo-Quimica-Arena.webp\",\"contentUrl\":\"https:\/\/www.gaveanews.com\/wp-content\/uploads\/Escudo-do-Corinthians-na-Neo-Quimica-Arena.webp\",\"width\":1440,\"height\":959,\"caption\":\"Escudo do Corinthians na N\u00e9o Qu\u00edmica Arena (Foto Reprodu\u00e7\u00e3o\/Instagram)\"},{\"@type\":\"BreadcrumbList\",\"@id\":\"https:\/\/www.gaveanews.com\/index.php\/2025\/04\/26\/torcida-quebra-marca-historica-do-corinthians-em-itaquera\/#breadcrumb\",\"itemListElement\":[{\"@type\":\"ListItem\",\"position\":1,\"name\":\"Home\",\"item\":\"https:\/\/www.gaveanews.com\/\"},{\"@type\":\"ListItem\",\"position\":2,\"name\":\"Torcida quebra marca hist\u00f3rica do Corinthians em Itaquera\"}]},{\"@type\":\"WebSite\",\"@id\":\"https:\/\/www.gaveanews.com\/#website\",\"url\":\"https:\/\/www.gaveanews.com\/\",\"name\":\"G\u00e1vea News\",\"description\":\"Veja todas as not\u00edcias sobre o Flamengo: Contrata\u00e7\u00f5es, categorias de base, resultados das partidas, tabela de classifica\u00e7\u00e3o, pr\u00f3ximos jogos!\",\"potentialAction\":[{\"@type\":\"SearchAction\",\"target\":{\"@type\":\"EntryPoint\",\"urlTemplate\":\"https:\/\/www.gaveanews.com\/?s={search_term_string}\"},\"query-input\":{\"@type\":\"PropertyValueSpecification\",\"valueRequired\":true,\"valueName\":\"search_term_string\"}}],\"inLanguage\":\"pt-BR\"},{\"@type\":\"Person\",\"@id\":\"https:\/\/www.gaveanews.com\/#\/schema\/person\/bd08f00534b403119b92741a6d469ef0\",\"name\":\"Hudson Pereira\",\"image\":{\"@type\":\"ImageObject\",\"inLanguage\":\"pt-BR\",\"@id\":\"https:\/\/www.gaveanews.com\/#\/schema\/person\/image\/\",\"url\":\"https:\/\/secure.gravatar.com\/avatar\/ecc491b489e454e510efffc9b23c1052ce5fb4f2e05555768ba65819cd55f03e?s=96&d=mm&r=g\",\"contentUrl\":\"https:\/\/secure.gravatar.com\/avatar\/ecc491b489e454e510efffc9b23c1052ce5fb4f2e05555768ba65819cd55f03e?s=96&d=mm&r=g\",\"caption\":\"Hudson Pereira\"}}]}<\/script>\n<!-- \/ Yoast SEO Premium plugin. -->","yoast_head_json":{"title":"Torcida quebra marca hist\u00f3rica do Corinthians em Itaquera","robots":{"index":"index","follow":"follow","max-snippet":"max-snippet:-1","max-image-preview":"max-image-preview:large","max-video-preview":"max-video-preview:-1"},"canonical":"https:\/\/www.gaveanews.com\/index.php\/2025\/04\/26\/torcida-quebra-marca-historica-do-corinthians-em-itaquera\/","og_locale":"pt_BR","og_type":"article","og_title":"Torcida quebra marca hist\u00f3rica do Corinthians em Itaquera","og_description":"Fim de uma era: Corinthians quebra sequ\u00eancia na Neo Qu\u00edmica Arena O confronto do Corinthians contra o Racing, v\u00e1lido pela terceira rodada da fase de grupos da Sul-Americana, ocorreu na Neo Qu\u00edmica Arena e registrou a presen\u00e7a de 39.074 torcedores. Este p\u00fablico encerrou uma sequ\u00eancia impressionante de 33 partidas consecutivas do Tim\u00e3o com mais de [&hellip;]","og_url":"https:\/\/www.gaveanews.com\/index.php\/2025\/04\/26\/torcida-quebra-marca-historica-do-corinthians-em-itaquera\/","og_site_name":"G\u00e1vea News","article_publisher":"https:\/\/facebook.com\/gaveaNews\/","article_published_time":"2025-04-26T22:25:00+00:00","og_image":[{"width":1440,"height":959,"url":"https:\/\/www.gaveanews.com\/wp-content\/uploads\/Escudo-do-Corinthians-na-Neo-Quimica-Arena.webp","type":"image\/jpeg"}],"author":"Hudson Pereira","twitter_card":"summary_large_image","twitter_misc":{"Escrito por":"Hudson Pereira","Est. tempo de leitura":"3 minutos"},"schema":{"@context":"https:\/\/schema.org","@graph":[{"@type":"NewsArticle","@id":"https:\/\/www.gaveanews.com\/index.php\/2025\/04\/26\/torcida-quebra-marca-historica-do-corinthians-em-itaquera\/#article","isPartOf":{"@id":"https:\/\/www.gaveanews.com\/index.php\/2025\/04\/26\/torcida-quebra-marca-historica-do-corinthians-em-itaquera\/"},"author":{"name":"Hudson Pereira","@id":"https:\/\/www.gaveanews.com\/#\/schema\/person\/bd08f00534b403119b92741a6d469ef0"},"headline":"Torcida quebra marca hist\u00f3rica do Corinthians em Itaquera","datePublished":"2025-04-26T22:25:00+00:00","mainEntityOfPage":{"@id":"https:\/\/www.gaveanews.com\/index.php\/2025\/04\/26\/torcida-quebra-marca-historica-do-corinthians-em-itaquera\/"},"wordCount":447,"commentCount":0,"image":{"@id":"https:\/\/www.gaveanews.com\/index.php\/2025\/04\/26\/torcida-quebra-marca-historica-do-corinthians-em-itaquera\/#primaryimage"},"thumbnailUrl":"https:\/\/www.gaveanews.com\/wp-content\/uploads\/Escudo-do-Corinthians-na-Neo-Quimica-Arena.webp","articleSection":["Corinthians"],"inLanguage":"pt-BR","potentialAction":[{"@type":"CommentAction","name":"Comment","target":["https:\/\/www.gaveanews.com\/index.php\/2025\/04\/26\/torcida-quebra-marca-historica-do-corinthians-em-itaquera\/#respond"]}],"copyrightYear":"2025","copyrightHolder":{"@id":"https:\/\/www.gaveanews.com\/#organization"}},{"@type":"WebPage","@id":"https:\/\/www.gaveanews.com\/index.php\/2025\/04\/26\/torcida-quebra-marca-historica-do-corinthians-em-itaquera\/","url":"https:\/\/www.gaveanews.com\/index.php\/2025\/04\/26\/torcida-quebra-marca-historica-do-corinthians-em-itaquera\/","name":"Torcida quebra marca hist\u00f3rica do Corinthians em Itaquera","isPartOf":{"@id":"https:\/\/www.gaveanews.com\/#website"},"primaryImageOfPage":{"@id":"https:\/\/www.gaveanews.com\/index.php\/2025\/04\/26\/torcida-quebra-marca-historica-do-corinthians-em-itaquera\/#primaryimage"},"image":{"@id":"https:\/\/www.gaveanews.com\/index.php\/2025\/04\/26\/torcida-quebra-marca-historica-do-corinthians-em-itaquera\/#primaryimage"},"thumbnailUrl":"https:\/\/www.gaveanews.com\/wp-content\/uploads\/Escudo-do-Corinthians-na-Neo-Quimica-Arena.webp","datePublished":"2025-04-26T22:25:00+00:00","author":{"@id":"https:\/\/www.gaveanews.com\/#\/schema\/person\/bd08f00534b403119b92741a6d469ef0"},"breadcrumb":{"@id":"https:\/\/www.gaveanews.com\/index.php\/2025\/04\/26\/torcida-quebra-marca-historica-do-corinthians-em-itaquera\/#breadcrumb"},"inLanguage":"pt-BR","potentialAction":[{"@type":"ReadAction","target":["https:\/\/www.gaveanews.com\/index.php\/2025\/04\/26\/torcida-quebra-marca-historica-do-corinthians-em-itaquera\/"]}]},{"@type":"ImageObject","inLanguage":"pt-BR","@id":"https:\/\/www.gaveanews.com\/index.php\/2025\/04\/26\/torcida-quebra-marca-historica-do-corinthians-em-itaquera\/#primaryimage","url":"https:\/\/www.gaveanews.com\/wp-content\/uploads\/Escudo-do-Corinthians-na-Neo-Quimica-Arena.webp","contentUrl":"https:\/\/www.gaveanews.com\/wp-content\/uploads\/Escudo-do-Corinthians-na-Neo-Quimica-Arena.webp","width":1440,"height":959,"caption":"Escudo do Corinthians na N\u00e9o Qu\u00edmica Arena (Foto Reprodu\u00e7\u00e3o\/Instagram)"},{"@type":"BreadcrumbList","@id":"https:\/\/www.gaveanews.com\/index.php\/2025\/04\/26\/torcida-quebra-marca-historica-do-corinthians-em-itaquera\/#breadcrumb","itemListElement":[{"@type":"ListItem","position":1,"name":"Home","item":"https:\/\/www.gaveanews.com\/"},{"@type":"ListItem","position":2,"name":"Torcida quebra marca hist\u00f3rica do Corinthians em Itaquera"}]},{"@type":"WebSite","@id":"https:\/\/www.gaveanews.com\/#website","url":"https:\/\/www.gaveanews.com\/","name":"G\u00e1vea News","description":"Veja todas as not\u00edcias sobre o Flamengo: Contrata\u00e7\u00f5es, categorias de base, resultados das partidas, tabela de classifica\u00e7\u00e3o, pr\u00f3ximos jogos!","potentialAction":[{"@type":"SearchAction","target":{"@type":"EntryPoint","urlTemplate":"https:\/\/www.gaveanews.com\/?s={search_term_string}"},"query-input":{"@type":"PropertyValueSpecification","valueRequired":true,"valueName":"search_term_string"}}],"inLanguage":"pt-BR"},{"@type":"Person","@id":"https:\/\/www.gaveanews.com\/#\/schema\/person\/bd08f00534b403119b92741a6d469ef0","name":"Hudson Pereira","image":{"@type":"ImageObject","inLanguage":"pt-BR","@id":"https:\/\/www.gaveanews.com\/#\/schema\/person\/image\/","url":"https:\/\/secure.gravatar.com\/avatar\/ecc491b489e454e510efffc9b23c1052ce5fb4f2e05555768ba65819cd55f03e?s=96&d=mm&r=g","contentUrl":"https:\/\/secure.gravatar.com\/avatar\/ecc491b489e454e510efffc9b23c1052ce5fb4f2e05555768ba65819cd55f03e?s=96&d=mm&r=g","caption":"Hudson Pereira"}}]}},"_links":{"self":[{"href":"https:\/\/www.gaveanews.com\/index.php\/wp-json\/wp\/v2\/posts\/257919","targetHints":{"allow":["GET"]}}],"collection":[{"href":"https:\/\/www.gaveanews.com\/index.php\/wp-json\/wp\/v2\/posts"}],"about":[{"href":"https:\/\/www.gaveanews.com\/index.php\/wp-json\/wp\/v2\/types\/post"}],"author":[{"embeddable":true,"href":"https:\/\/www.gaveanews.com\/index.php\/wp-json\/wp\/v2\/users\/28"}],"replies":[{"embeddable":true,"href":"https:\/\/www.gaveanews.com\/index.php\/wp-json\/wp\/v2\/comments?post=257919"}],"version-history":[{"count":1,"href":"https:\/\/www.gaveanews.com\/index.php\/wp-json\/wp\/v2\/posts\/257919\/revisions"}],"predecessor-version":[{"id":257920,"href":"https:\/\/www.gaveanews.com\/index.php\/wp-json\/wp\/v2\/posts\/257919\/revisions\/257920"}],"wp:featuredmedia":[{"embeddable":true,"href":"https:\/\/www.gaveanews.com\/index.php\/wp-json\/wp\/v2\/media\/154473"}],"wp:attachment":[{"href":"https:\/\/www.gaveanews.com\/index.php\/wp-json\/wp\/v2\/media?parent=257919"}],"wp:term":[{"taxonomy":"category","embeddable":true,"href":"https:\/\/www.gaveanews.com\/index.php\/wp-json\/wp\/v2\/categories?post=257919"},{"taxonomy":"post_tag","embeddable":true,"href":"https:\/\/www.gaveanews.com\/index.php\/wp-json\/wp\/v2\/tags?post=257919"}],"curies":[{"name":"wp","href":"https:\/\/api.w.org\/{rel}","templated":true}]}}