{"id":257934,"date":"2025-04-26T14:00:00","date_gmt":"2025-04-26T17:00:00","guid":{"rendered":"https:\/\/www.gaveanews.com\/?p=257934"},"modified":"2025-04-26T13:53:10","modified_gmt":"2025-04-26T16:53:10","slug":"mauricio-lemos-do-vasco-segue-sem-previsao-de-retorno-aos-gramados","status":"publish","type":"post","link":"https:\/\/www.gaveanews.com\/index.php\/2025\/04\/26\/mauricio-lemos-do-vasco-segue-sem-previsao-de-retorno-aos-gramados\/","title":{"rendered":"Maur\u00edcio Lemos, do Vasco, segue sem previs\u00e3o de retorno aos gramados"},"content":{"rendered":"\n<p>O Vasco se prepara para mais um compromisso no Campeonato Brasileiro e, para a partida contra o Cruzeiro, neste domingo (27), \u00e0s 18h30 (hor\u00e1rio de Bras\u00edlia), a equipe comandada por F\u00e1bio Carille enfrentar\u00e1 uma s\u00e9rie de desfalques. Entre os ausentes est\u00e1 Maur\u00edcio Lemos, que segue em recupera\u00e7\u00e3o de uma les\u00e3o na costela e ainda n\u00e3o possui previs\u00e3o de retorno aos gramados.<\/p>\n\n\n\n<p>Ali\u00e1s, a aus\u00eancia de Maur\u00edcio Lemos se soma \u00e0 de outros jogadores importantes: Tch\u00ea Tch\u00ea, Dimitri Payet, David e Estrella tamb\u00e9m est\u00e3o fora da partida. Conforme informado, o departamento m\u00e9dico do clube adota uma postura cautelosa com a recupera\u00e7\u00e3o do defensor uruguaio, que desde sua chegada ao Vasco disputou apenas quatro partidas, sendo uma delas pelo Campeonato Brasileiro.<\/p>\n\n\n\n<figure class=\"wp-block-image size-full\"><img loading=\"lazy\" decoding=\"async\" width=\"1501\" height=\"1000\" src=\"http:\/\/www.gaveanews.com\/wp-content\/uploads\/Carille-apresentado-pelo-Vasco.webp\" alt=\"Carille apresentado pelo Vasco\" class=\"wp-image-220356\"\/><figcaption class=\"wp-element-caption\">Carille apresentado pelo Vasco (Foto: Divulga\u00e7\u00e3o)<\/figcaption><\/figure>\n\n\n\n<p>Enquanto busca solu\u00e7\u00f5es para compor o sistema defensivo, o Vasco igualmente se movimenta no mercado da bola. O clube est\u00e1 de olho em novos nomes para refor\u00e7ar a zaga no segundo semestre. Entre os especulados, Balbuena, que j\u00e1 foi sondado anteriormente, pode voltar \u00e0 pauta em S\u00e3o Janu\u00e1rio.<\/p>\n\n\n\n<p>Mesmo com tantos desfalques, F\u00e1bio Carille planeja levar a campo a sua for\u00e7a m\u00e1xima dispon\u00edvel. Assim, o time deve iniciar o duelo contra o Cruzeiro com L\u00e9o Jardim; Paulo Henrique, Jo\u00e3o Victor, Lucas Freitas e Lucas Piton; Hugo Moura, Jair; Philippe Coutinho, Nuno Moreira, Rayan e Pablo Vegetti. Portanto, a expectativa \u00e9 de um confronto equilibrado no Parque do Sabi\u00e1.<\/p>\n\n\n\n<p>Em paralelo, o Vasco tamb\u00e9m negocia a renova\u00e7\u00e3o de contrato com o goleiro L\u00e9o Jardim. De acordo com informa\u00e7\u00f5es recentes, a diretoria cruzmaltina apresentou uma terceira proposta ao jogador, incluindo um &#8220;plano de carreira&#8221; para mant\u00ea-lo no clube a longo prazo.<\/p>\n\n\n\n<p>No cen\u00e1rio nacional, outras tend\u00eancias chamam a aten\u00e7\u00e3o dos torcedores. Entre elas, a irrita\u00e7\u00e3o no Internacional com Bernabei, o avan\u00e7o do Gr\u00eamio em negocia\u00e7\u00f5es com Mano Menezes, e a movimenta\u00e7\u00e3o do Flamengo envolvendo Julio Enciso. Al\u00e9m disso, a decis\u00e3o de Arteta sobre o futuro de Jorginho no Arsenal, o poss\u00edvel desaparecimento de Paulinho e o v\u00ednculo de Tite com o Al-Hilal completam o panorama do futebol neste momento.<\/p>\n","protected":false},"excerpt":{"rendered":"<p>O Vasco se prepara para mais um compromisso no Campeonato Brasileiro e, para a partida contra o Cruzeiro, neste domingo (27), \u00e0s 18h30 (hor\u00e1rio de Bras\u00edlia), a equipe comandada por F\u00e1bio Carille enfrentar\u00e1 uma s\u00e9rie de desfalques. Entre os ausentes est\u00e1 Maur\u00edcio Lemos, que segue em recupera\u00e7\u00e3o de uma les\u00e3o na costela e ainda n\u00e3o [&hellip;]<\/p>\n","protected":false},"author":27,"featured_media":255111,"comment_status":"open","ping_status":"closed","sticky":false,"template":"","format":"standard","meta":{"footnotes":""},"categories":[152],"tags":[],"class_list":["post-257934","post","type-post","status-publish","format-standard","has-post-thumbnail","hentry","category-vasco"],"yoast_head":"<!-- This site is optimized with the Yoast SEO Premium plugin v24.2 (Yoast SEO v26.9) - https:\/\/yoast.com\/product\/yoast-seo-premium-wordpress\/ -->\n<title>Maur\u00edcio Lemos, do Vasco, segue sem previs\u00e3o de retorno aos gramados<\/title>\n<meta name=\"robots\" content=\"index, follow, max-snippet:-1, max-image-preview:large, max-video-preview:-1\" \/>\n<link rel=\"canonical\" href=\"https:\/\/www.gaveanews.com\/index.php\/2025\/04\/26\/mauricio-lemos-do-vasco-segue-sem-previsao-de-retorno-aos-gramados\/\" \/>\n<meta property=\"og:locale\" content=\"pt_BR\" \/>\n<meta property=\"og:type\" content=\"article\" \/>\n<meta property=\"og:title\" content=\"Maur\u00edcio Lemos, do Vasco, segue sem previs\u00e3o de retorno aos gramados\" \/>\n<meta property=\"og:description\" content=\"O Vasco se prepara para mais um compromisso no Campeonato Brasileiro e, para a partida contra o Cruzeiro, neste domingo (27), \u00e0s 18h30 (hor\u00e1rio de Bras\u00edlia), a equipe comandada por F\u00e1bio Carille enfrentar\u00e1 uma s\u00e9rie de desfalques. Entre os ausentes est\u00e1 Maur\u00edcio Lemos, que segue em recupera\u00e7\u00e3o de uma les\u00e3o na costela e ainda n\u00e3o [&hellip;]\" \/>\n<meta property=\"og:url\" content=\"https:\/\/www.gaveanews.com\/index.php\/2025\/04\/26\/mauricio-lemos-do-vasco-segue-sem-previsao-de-retorno-aos-gramados\/\" \/>\n<meta property=\"og:site_name\" content=\"G\u00e1vea News\" \/>\n<meta property=\"article:publisher\" content=\"https:\/\/facebook.com\/gaveaNews\/\" \/>\n<meta property=\"article:published_time\" content=\"2025-04-26T17:00:00+00:00\" \/>\n<meta property=\"og:image\" content=\"https:\/\/www.gaveanews.com\/wp-content\/uploads\/mauricio-lemos-pelo-vasco.webp\" \/>\n\t<meta property=\"og:image:width\" content=\"607\" \/>\n\t<meta property=\"og:image:height\" content=\"409\" \/>\n\t<meta property=\"og:image:type\" content=\"image\/jpeg\" \/>\n<meta name=\"author\" content=\"Matheus Felipe\" \/>\n<meta name=\"twitter:card\" content=\"summary_large_image\" \/>\n<meta name=\"twitter:label1\" content=\"Escrito por\" \/>\n\t<meta name=\"twitter:data1\" content=\"Matheus Felipe\" \/>\n\t<meta name=\"twitter:label2\" content=\"Est. tempo de leitura\" \/>\n\t<meta name=\"twitter:data2\" content=\"3 minutos\" \/>\n<script type=\"application\/ld+json\" class=\"yoast-schema-graph\">{\"@context\":\"https:\/\/schema.org\",\"@graph\":[{\"@type\":\"NewsArticle\",\"@id\":\"https:\/\/www.gaveanews.com\/index.php\/2025\/04\/26\/mauricio-lemos-do-vasco-segue-sem-previsao-de-retorno-aos-gramados\/#article\",\"isPartOf\":{\"@id\":\"https:\/\/www.gaveanews.com\/index.php\/2025\/04\/26\/mauricio-lemos-do-vasco-segue-sem-previsao-de-retorno-aos-gramados\/\"},\"author\":{\"name\":\"Matheus Felipe\",\"@id\":\"https:\/\/www.gaveanews.com\/#\/schema\/person\/8207cd4627f56151707418bfc835b2fb\"},\"headline\":\"Maur\u00edcio Lemos, do Vasco, segue sem previs\u00e3o de retorno aos gramados\",\"datePublished\":\"2025-04-26T17:00:00+00:00\",\"mainEntityOfPage\":{\"@id\":\"https:\/\/www.gaveanews.com\/index.php\/2025\/04\/26\/mauricio-lemos-do-vasco-segue-sem-previsao-de-retorno-aos-gramados\/\"},\"wordCount\":395,\"commentCount\":0,\"image\":{\"@id\":\"https:\/\/www.gaveanews.com\/index.php\/2025\/04\/26\/mauricio-lemos-do-vasco-segue-sem-previsao-de-retorno-aos-gramados\/#primaryimage\"},\"thumbnailUrl\":\"https:\/\/www.gaveanews.com\/wp-content\/uploads\/mauricio-lemos-pelo-vasco.webp\",\"articleSection\":[\"Vasco\"],\"inLanguage\":\"pt-BR\",\"potentialAction\":[{\"@type\":\"CommentAction\",\"name\":\"Comment\",\"target\":[\"https:\/\/www.gaveanews.com\/index.php\/2025\/04\/26\/mauricio-lemos-do-vasco-segue-sem-previsao-de-retorno-aos-gramados\/#respond\"]}],\"copyrightYear\":\"2025\",\"copyrightHolder\":{\"@id\":\"https:\/\/www.gaveanews.com\/#organization\"}},{\"@type\":\"WebPage\",\"@id\":\"https:\/\/www.gaveanews.com\/index.php\/2025\/04\/26\/mauricio-lemos-do-vasco-segue-sem-previsao-de-retorno-aos-gramados\/\",\"url\":\"https:\/\/www.gaveanews.com\/index.php\/2025\/04\/26\/mauricio-lemos-do-vasco-segue-sem-previsao-de-retorno-aos-gramados\/\",\"name\":\"Maur\u00edcio Lemos, do Vasco, segue sem previs\u00e3o de retorno aos gramados\",\"isPartOf\":{\"@id\":\"https:\/\/www.gaveanews.com\/#website\"},\"primaryImageOfPage\":{\"@id\":\"https:\/\/www.gaveanews.com\/index.php\/2025\/04\/26\/mauricio-lemos-do-vasco-segue-sem-previsao-de-retorno-aos-gramados\/#primaryimage\"},\"image\":{\"@id\":\"https:\/\/www.gaveanews.com\/index.php\/2025\/04\/26\/mauricio-lemos-do-vasco-segue-sem-previsao-de-retorno-aos-gramados\/#primaryimage\"},\"thumbnailUrl\":\"https:\/\/www.gaveanews.com\/wp-content\/uploads\/mauricio-lemos-pelo-vasco.webp\",\"datePublished\":\"2025-04-26T17:00:00+00:00\",\"author\":{\"@id\":\"https:\/\/www.gaveanews.com\/#\/schema\/person\/8207cd4627f56151707418bfc835b2fb\"},\"breadcrumb\":{\"@id\":\"https:\/\/www.gaveanews.com\/index.php\/2025\/04\/26\/mauricio-lemos-do-vasco-segue-sem-previsao-de-retorno-aos-gramados\/#breadcrumb\"},\"inLanguage\":\"pt-BR\",\"potentialAction\":[{\"@type\":\"ReadAction\",\"target\":[\"https:\/\/www.gaveanews.com\/index.php\/2025\/04\/26\/mauricio-lemos-do-vasco-segue-sem-previsao-de-retorno-aos-gramados\/\"]}]},{\"@type\":\"ImageObject\",\"inLanguage\":\"pt-BR\",\"@id\":\"https:\/\/www.gaveanews.com\/index.php\/2025\/04\/26\/mauricio-lemos-do-vasco-segue-sem-previsao-de-retorno-aos-gramados\/#primaryimage\",\"url\":\"https:\/\/www.gaveanews.com\/wp-content\/uploads\/mauricio-lemos-pelo-vasco.webp\",\"contentUrl\":\"https:\/\/www.gaveanews.com\/wp-content\/uploads\/mauricio-lemos-pelo-vasco.webp\",\"width\":607,\"height\":409,\"caption\":\"maur\u00edcio lemos pelo vasco (foto: reprodu\u00e7\u00e3o\/vasco)\"},{\"@type\":\"BreadcrumbList\",\"@id\":\"https:\/\/www.gaveanews.com\/index.php\/2025\/04\/26\/mauricio-lemos-do-vasco-segue-sem-previsao-de-retorno-aos-gramados\/#breadcrumb\",\"itemListElement\":[{\"@type\":\"ListItem\",\"position\":1,\"name\":\"Home\",\"item\":\"https:\/\/www.gaveanews.com\/\"},{\"@type\":\"ListItem\",\"position\":2,\"name\":\"Maur\u00edcio Lemos, do Vasco, segue sem previs\u00e3o de retorno aos gramados\"}]},{\"@type\":\"WebSite\",\"@id\":\"https:\/\/www.gaveanews.com\/#website\",\"url\":\"https:\/\/www.gaveanews.com\/\",\"name\":\"G\u00e1vea News\",\"description\":\"Veja todas as not\u00edcias sobre o Flamengo: Contrata\u00e7\u00f5es, categorias de base, resultados das partidas, tabela de classifica\u00e7\u00e3o, pr\u00f3ximos jogos!\",\"potentialAction\":[{\"@type\":\"SearchAction\",\"target\":{\"@type\":\"EntryPoint\",\"urlTemplate\":\"https:\/\/www.gaveanews.com\/?s={search_term_string}\"},\"query-input\":{\"@type\":\"PropertyValueSpecification\",\"valueRequired\":true,\"valueName\":\"search_term_string\"}}],\"inLanguage\":\"pt-BR\"},{\"@type\":\"Person\",\"@id\":\"https:\/\/www.gaveanews.com\/#\/schema\/person\/8207cd4627f56151707418bfc835b2fb\",\"name\":\"Matheus Felipe\",\"image\":{\"@type\":\"ImageObject\",\"inLanguage\":\"pt-BR\",\"@id\":\"https:\/\/www.gaveanews.com\/#\/schema\/person\/image\/\",\"url\":\"https:\/\/secure.gravatar.com\/avatar\/a452ffbed9130f726358b298bb3a99ce4bd3c5338411f8440e87e14d74c7c087?s=96&d=mm&r=g\",\"contentUrl\":\"https:\/\/secure.gravatar.com\/avatar\/a452ffbed9130f726358b298bb3a99ce4bd3c5338411f8440e87e14d74c7c087?s=96&d=mm&r=g\",\"caption\":\"Matheus Felipe\"}}]}<\/script>\n<!-- \/ Yoast SEO Premium plugin. -->","yoast_head_json":{"title":"Maur\u00edcio Lemos, do Vasco, segue sem previs\u00e3o de retorno aos gramados","robots":{"index":"index","follow":"follow","max-snippet":"max-snippet:-1","max-image-preview":"max-image-preview:large","max-video-preview":"max-video-preview:-1"},"canonical":"https:\/\/www.gaveanews.com\/index.php\/2025\/04\/26\/mauricio-lemos-do-vasco-segue-sem-previsao-de-retorno-aos-gramados\/","og_locale":"pt_BR","og_type":"article","og_title":"Maur\u00edcio Lemos, do Vasco, segue sem previs\u00e3o de retorno aos gramados","og_description":"O Vasco se prepara para mais um compromisso no Campeonato Brasileiro e, para a partida contra o Cruzeiro, neste domingo (27), \u00e0s 18h30 (hor\u00e1rio de Bras\u00edlia), a equipe comandada por F\u00e1bio Carille enfrentar\u00e1 uma s\u00e9rie de desfalques. Entre os ausentes est\u00e1 Maur\u00edcio Lemos, que segue em recupera\u00e7\u00e3o de uma les\u00e3o na costela e ainda n\u00e3o [&hellip;]","og_url":"https:\/\/www.gaveanews.com\/index.php\/2025\/04\/26\/mauricio-lemos-do-vasco-segue-sem-previsao-de-retorno-aos-gramados\/","og_site_name":"G\u00e1vea News","article_publisher":"https:\/\/facebook.com\/gaveaNews\/","article_published_time":"2025-04-26T17:00:00+00:00","og_image":[{"width":607,"height":409,"url":"https:\/\/www.gaveanews.com\/wp-content\/uploads\/mauricio-lemos-pelo-vasco.webp","type":"image\/jpeg"}],"author":"Matheus Felipe","twitter_card":"summary_large_image","twitter_misc":{"Escrito por":"Matheus Felipe","Est. tempo de leitura":"3 minutos"},"schema":{"@context":"https:\/\/schema.org","@graph":[{"@type":"NewsArticle","@id":"https:\/\/www.gaveanews.com\/index.php\/2025\/04\/26\/mauricio-lemos-do-vasco-segue-sem-previsao-de-retorno-aos-gramados\/#article","isPartOf":{"@id":"https:\/\/www.gaveanews.com\/index.php\/2025\/04\/26\/mauricio-lemos-do-vasco-segue-sem-previsao-de-retorno-aos-gramados\/"},"author":{"name":"Matheus Felipe","@id":"https:\/\/www.gaveanews.com\/#\/schema\/person\/8207cd4627f56151707418bfc835b2fb"},"headline":"Maur\u00edcio Lemos, do Vasco, segue sem previs\u00e3o de retorno aos gramados","datePublished":"2025-04-26T17:00:00+00:00","mainEntityOfPage":{"@id":"https:\/\/www.gaveanews.com\/index.php\/2025\/04\/26\/mauricio-lemos-do-vasco-segue-sem-previsao-de-retorno-aos-gramados\/"},"wordCount":395,"commentCount":0,"image":{"@id":"https:\/\/www.gaveanews.com\/index.php\/2025\/04\/26\/mauricio-lemos-do-vasco-segue-sem-previsao-de-retorno-aos-gramados\/#primaryimage"},"thumbnailUrl":"https:\/\/www.gaveanews.com\/wp-content\/uploads\/mauricio-lemos-pelo-vasco.webp","articleSection":["Vasco"],"inLanguage":"pt-BR","potentialAction":[{"@type":"CommentAction","name":"Comment","target":["https:\/\/www.gaveanews.com\/index.php\/2025\/04\/26\/mauricio-lemos-do-vasco-segue-sem-previsao-de-retorno-aos-gramados\/#respond"]}],"copyrightYear":"2025","copyrightHolder":{"@id":"https:\/\/www.gaveanews.com\/#organization"}},{"@type":"WebPage","@id":"https:\/\/www.gaveanews.com\/index.php\/2025\/04\/26\/mauricio-lemos-do-vasco-segue-sem-previsao-de-retorno-aos-gramados\/","url":"https:\/\/www.gaveanews.com\/index.php\/2025\/04\/26\/mauricio-lemos-do-vasco-segue-sem-previsao-de-retorno-aos-gramados\/","name":"Maur\u00edcio Lemos, do Vasco, segue sem previs\u00e3o de retorno aos gramados","isPartOf":{"@id":"https:\/\/www.gaveanews.com\/#website"},"primaryImageOfPage":{"@id":"https:\/\/www.gaveanews.com\/index.php\/2025\/04\/26\/mauricio-lemos-do-vasco-segue-sem-previsao-de-retorno-aos-gramados\/#primaryimage"},"image":{"@id":"https:\/\/www.gaveanews.com\/index.php\/2025\/04\/26\/mauricio-lemos-do-vasco-segue-sem-previsao-de-retorno-aos-gramados\/#primaryimage"},"thumbnailUrl":"https:\/\/www.gaveanews.com\/wp-content\/uploads\/mauricio-lemos-pelo-vasco.webp","datePublished":"2025-04-26T17:00:00+00:00","author":{"@id":"https:\/\/www.gaveanews.com\/#\/schema\/person\/8207cd4627f56151707418bfc835b2fb"},"breadcrumb":{"@id":"https:\/\/www.gaveanews.com\/index.php\/2025\/04\/26\/mauricio-lemos-do-vasco-segue-sem-previsao-de-retorno-aos-gramados\/#breadcrumb"},"inLanguage":"pt-BR","potentialAction":[{"@type":"ReadAction","target":["https:\/\/www.gaveanews.com\/index.php\/2025\/04\/26\/mauricio-lemos-do-vasco-segue-sem-previsao-de-retorno-aos-gramados\/"]}]},{"@type":"ImageObject","inLanguage":"pt-BR","@id":"https:\/\/www.gaveanews.com\/index.php\/2025\/04\/26\/mauricio-lemos-do-vasco-segue-sem-previsao-de-retorno-aos-gramados\/#primaryimage","url":"https:\/\/www.gaveanews.com\/wp-content\/uploads\/mauricio-lemos-pelo-vasco.webp","contentUrl":"https:\/\/www.gaveanews.com\/wp-content\/uploads\/mauricio-lemos-pelo-vasco.webp","width":607,"height":409,"caption":"maur\u00edcio lemos pelo vasco (foto: reprodu\u00e7\u00e3o\/vasco)"},{"@type":"BreadcrumbList","@id":"https:\/\/www.gaveanews.com\/index.php\/2025\/04\/26\/mauricio-lemos-do-vasco-segue-sem-previsao-de-retorno-aos-gramados\/#breadcrumb","itemListElement":[{"@type":"ListItem","position":1,"name":"Home","item":"https:\/\/www.gaveanews.com\/"},{"@type":"ListItem","position":2,"name":"Maur\u00edcio Lemos, do Vasco, segue sem previs\u00e3o de retorno aos gramados"}]},{"@type":"WebSite","@id":"https:\/\/www.gaveanews.com\/#website","url":"https:\/\/www.gaveanews.com\/","name":"G\u00e1vea News","description":"Veja todas as not\u00edcias sobre o Flamengo: Contrata\u00e7\u00f5es, categorias de base, resultados das partidas, tabela de classifica\u00e7\u00e3o, pr\u00f3ximos jogos!","potentialAction":[{"@type":"SearchAction","target":{"@type":"EntryPoint","urlTemplate":"https:\/\/www.gaveanews.com\/?s={search_term_string}"},"query-input":{"@type":"PropertyValueSpecification","valueRequired":true,"valueName":"search_term_string"}}],"inLanguage":"pt-BR"},{"@type":"Person","@id":"https:\/\/www.gaveanews.com\/#\/schema\/person\/8207cd4627f56151707418bfc835b2fb","name":"Matheus Felipe","image":{"@type":"ImageObject","inLanguage":"pt-BR","@id":"https:\/\/www.gaveanews.com\/#\/schema\/person\/image\/","url":"https:\/\/secure.gravatar.com\/avatar\/a452ffbed9130f726358b298bb3a99ce4bd3c5338411f8440e87e14d74c7c087?s=96&d=mm&r=g","contentUrl":"https:\/\/secure.gravatar.com\/avatar\/a452ffbed9130f726358b298bb3a99ce4bd3c5338411f8440e87e14d74c7c087?s=96&d=mm&r=g","caption":"Matheus Felipe"}}]}},"_links":{"self":[{"href":"https:\/\/www.gaveanews.com\/index.php\/wp-json\/wp\/v2\/posts\/257934","targetHints":{"allow":["GET"]}}],"collection":[{"href":"https:\/\/www.gaveanews.com\/index.php\/wp-json\/wp\/v2\/posts"}],"about":[{"href":"https:\/\/www.gaveanews.com\/index.php\/wp-json\/wp\/v2\/types\/post"}],"author":[{"embeddable":true,"href":"https:\/\/www.gaveanews.com\/index.php\/wp-json\/wp\/v2\/users\/27"}],"replies":[{"embeddable":true,"href":"https:\/\/www.gaveanews.com\/index.php\/wp-json\/wp\/v2\/comments?post=257934"}],"version-history":[{"count":1,"href":"https:\/\/www.gaveanews.com\/index.php\/wp-json\/wp\/v2\/posts\/257934\/revisions"}],"predecessor-version":[{"id":257935,"href":"https:\/\/www.gaveanews.com\/index.php\/wp-json\/wp\/v2\/posts\/257934\/revisions\/257935"}],"wp:featuredmedia":[{"embeddable":true,"href":"https:\/\/www.gaveanews.com\/index.php\/wp-json\/wp\/v2\/media\/255111"}],"wp:attachment":[{"href":"https:\/\/www.gaveanews.com\/index.php\/wp-json\/wp\/v2\/media?parent=257934"}],"wp:term":[{"taxonomy":"category","embeddable":true,"href":"https:\/\/www.gaveanews.com\/index.php\/wp-json\/wp\/v2\/categories?post=257934"},{"taxonomy":"post_tag","embeddable":true,"href":"https:\/\/www.gaveanews.com\/index.php\/wp-json\/wp\/v2\/tags?post=257934"}],"curies":[{"name":"wp","href":"https:\/\/api.w.org\/{rel}","templated":true}]}}