{"id":257950,"date":"2025-04-26T18:00:00","date_gmt":"2025-04-26T21:00:00","guid":{"rendered":"https:\/\/www.gaveanews.com\/?p=257950"},"modified":"2025-04-26T17:53:29","modified_gmt":"2025-04-26T20:53:29","slug":"atualizacoes-do-departamento-medico-do-palmeiras","status":"publish","type":"post","link":"https:\/\/www.gaveanews.com\/index.php\/2025\/04\/26\/atualizacoes-do-departamento-medico-do-palmeiras\/","title":{"rendered":"Atualiza\u00e7\u00f5es do departamento m\u00e9dico do Palmeiras"},"content":{"rendered":"\n<p>Horas depois de vencer o Bol\u00edvar por 3 a 2, na altitude de La Paz, pela fase de grupos da Libertadores, o elenco do Palmeiras se reapresentou na Academia de Futebol na manh\u00e3 de sexta-feira (25). A vit\u00f3ria em solo boliviano manteve o time alviverde com 100% de aproveitamento na competi\u00e7\u00e3o continental, enquanto o foco agora se volta para a sequ\u00eancia do Brasileir\u00e3o.<\/p>\n\n\n\n<p>Uma not\u00edcia animadora surgiu para os torcedores durante a reapresenta\u00e7\u00e3o. Bruno Rodrigues participou do treinamento em campo e iniciou o processo de transi\u00e7\u00e3o f\u00edsica ap\u00f3s um per\u00edodo afastado por les\u00e3o. Ali\u00e1s, ele n\u00e3o esteve sozinho: Murilo, Mayke e Raphael Veiga tamb\u00e9m deram passos importantes na recupera\u00e7\u00e3o f\u00edsica. O quarteto participou de parte das atividades com cronogramas espec\u00edficos, visando a retomada gradual e segura aos trabalhos.<\/p>\n\n\n\n<p>Enquanto isso, jogadores que atuaram mais minutos contra o Bol\u00edvar realizaram atividades regenerativas na parte interna da Academia. J\u00e1 aqueles que foram menos utilizados, juntamente com alguns atletas das categorias de base, participaram de um treino t\u00e9cnico em campo reduzido.<\/p>\n\n\n\n<p>De maneira semelhante, Richard R\u00edos, que n\u00e3o viajou \u00e0 Bol\u00edvia por conta de dores na coxa esquerda, voltou a trabalhar normalmente com o grupo. \u201cEstou bem e pronto para ajudar o time&#8221;, indicou o volante. Por outro lado, Vitor Roque, preservado devido a dores no tornozelo, permaneceu em tratamento no N\u00facleo de Sa\u00fade e Performance, sem previs\u00e3o imediata de retorno.<\/p>\n\n\n\n<p>Atualmente, o planejamento do Palmeiras envolve ajustes na escala\u00e7\u00e3o para o confronto diante do Bahia, que acontecer\u00e1 no domingo (27), \u00e0s 18h30, no Allianz Parque, v\u00e1lido pela sexta rodada do Brasileir\u00e3o. Embora Abel Ferreira ainda n\u00e3o tenha definido os 11 iniciais, \u00e9 prov\u00e1vel que haja mudan\u00e7as, principalmente em raz\u00e3o do desgaste causado pela altitude e pela sequ\u00eancia de jogos.<\/p>\n\n\n\n<h2 class=\"wp-block-heading\" id=\"h-vanderlan-proximo-da-marca-centenaria\">Vanderlan pr\u00f3ximo da marca centen\u00e1ria<\/h2>\n\n\n\n<p>Outro destaque do momento alviverde \u00e9 o lateral-esquerdo Vanderlan. Ap\u00f3s ser titular na Bol\u00edvia e desempenhar uma fun\u00e7\u00e3o mais defensiva do que a habitual, o jogador est\u00e1 prestes a completar 100 jogos pelo clube. \u201cSempre foi um sonho, primeiramente, me tornar jogador profissional do Palmeiras, e agora estou quase completando 100 jogos. \u00c9 um sentimento muito bom, de gratid\u00e3o\u201d, declarou o camisa 6.<\/p>\n\n\n\n<p>Segundo o pr\u00f3prio atleta, a partida contra o Bol\u00edvar exigiu uma postura t\u00e1tica diferente: &#8220;Minha fun\u00e7\u00e3o era defender e esperar o momento certo para sair no contra-ataque. Fiz um jogo mais defensivo, que n\u00e3o \u00e9 muito a minha caracter\u00edstica, mas consegui me sair bem&#8221;, explicou.<\/p>\n\n\n\n<h2 class=\"wp-block-heading\" id=\"h-situacao-do-palmeiras\">Situa\u00e7\u00e3o do Palmeiras<\/h2>\n\n\n\n<p>No momento, o Palmeiras lidera o Brasileir\u00e3o com 13 pontos conquistados em cinco partidas. Assim sendo, busca sua oitava vit\u00f3ria consecutiva considerando todas as competi\u00e7\u00f5es. Posteriormente, o Verd\u00e3o ter\u00e1 pela frente o Cear\u00e1, na pr\u00f3xima quarta-feira (30), \u00e0s 19h30, pela Copa do Brasil, antes de enfrentar o Vasco no Campeonato Brasileiro no domingo seguinte (04).<\/p>\n\n\n\n<p><\/p>\n","protected":false},"excerpt":{"rendered":"<p>Horas depois de vencer o Bol\u00edvar por 3 a 2, na altitude de La Paz, pela fase de grupos da Libertadores, o elenco do Palmeiras se reapresentou na Academia de Futebol na manh\u00e3 de sexta-feira (25). A vit\u00f3ria em solo boliviano manteve o time alviverde com 100% de aproveitamento na competi\u00e7\u00e3o continental, enquanto o foco [&hellip;]<\/p>\n","protected":false},"author":30,"featured_media":155182,"comment_status":"open","ping_status":"closed","sticky":false,"template":"","format":"standard","meta":{"footnotes":""},"categories":[133,150],"tags":[],"class_list":["post-257950","post","type-post","status-publish","format-standard","has-post-thumbnail","hentry","category-brasileirao","category-palmeiras"],"yoast_head":"<!-- This site is optimized with the Yoast SEO Premium plugin v24.2 (Yoast SEO v26.9) - https:\/\/yoast.com\/product\/yoast-seo-premium-wordpress\/ -->\n<title>Atualiza\u00e7\u00f5es do departamento m\u00e9dico do Palmeiras<\/title>\n<meta name=\"robots\" content=\"index, follow, max-snippet:-1, max-image-preview:large, max-video-preview:-1\" \/>\n<link rel=\"canonical\" href=\"https:\/\/www.gaveanews.com\/index.php\/2025\/04\/26\/atualizacoes-do-departamento-medico-do-palmeiras\/\" \/>\n<meta property=\"og:locale\" content=\"pt_BR\" \/>\n<meta property=\"og:type\" content=\"article\" \/>\n<meta property=\"og:title\" content=\"Atualiza\u00e7\u00f5es do departamento m\u00e9dico do Palmeiras\" \/>\n<meta property=\"og:description\" content=\"Horas depois de vencer o Bol\u00edvar por 3 a 2, na altitude de La Paz, pela fase de grupos da Libertadores, o elenco do Palmeiras se reapresentou na Academia de Futebol na manh\u00e3 de sexta-feira (25). A vit\u00f3ria em solo boliviano manteve o time alviverde com 100% de aproveitamento na competi\u00e7\u00e3o continental, enquanto o foco [&hellip;]\" \/>\n<meta property=\"og:url\" content=\"https:\/\/www.gaveanews.com\/index.php\/2025\/04\/26\/atualizacoes-do-departamento-medico-do-palmeiras\/\" \/>\n<meta property=\"og:site_name\" content=\"G\u00e1vea News\" \/>\n<meta property=\"article:publisher\" content=\"https:\/\/facebook.com\/gaveaNews\/\" \/>\n<meta property=\"article:published_time\" content=\"2025-04-26T21:00:00+00:00\" \/>\n<meta property=\"og:image\" content=\"https:\/\/www.gaveanews.com\/wp-content\/uploads\/Allianz-Parque-estadio-do-Palmeiras.webp\" \/>\n\t<meta property=\"og:image:width\" content=\"1023\" \/>\n\t<meta property=\"og:image:height\" content=\"767\" \/>\n\t<meta property=\"og:image:type\" content=\"image\/webp\" \/>\n<meta name=\"author\" content=\"Ana Teixeira\" \/>\n<meta name=\"twitter:card\" content=\"summary_large_image\" \/>\n<meta name=\"twitter:label1\" content=\"Escrito por\" \/>\n\t<meta name=\"twitter:data1\" content=\"Ana Teixeira\" \/>\n\t<meta name=\"twitter:label2\" content=\"Est. tempo de leitura\" \/>\n\t<meta name=\"twitter:data2\" content=\"3 minutos\" \/>\n<script type=\"application\/ld+json\" class=\"yoast-schema-graph\">{\"@context\":\"https:\/\/schema.org\",\"@graph\":[{\"@type\":\"NewsArticle\",\"@id\":\"https:\/\/www.gaveanews.com\/index.php\/2025\/04\/26\/atualizacoes-do-departamento-medico-do-palmeiras\/#article\",\"isPartOf\":{\"@id\":\"https:\/\/www.gaveanews.com\/index.php\/2025\/04\/26\/atualizacoes-do-departamento-medico-do-palmeiras\/\"},\"author\":{\"name\":\"Ana Teixeira\",\"@id\":\"https:\/\/www.gaveanews.com\/#\/schema\/person\/3b19f7288b0ce20372991275e4f2e6c2\"},\"headline\":\"Atualiza\u00e7\u00f5es do departamento m\u00e9dico do Palmeiras\",\"datePublished\":\"2025-04-26T21:00:00+00:00\",\"mainEntityOfPage\":{\"@id\":\"https:\/\/www.gaveanews.com\/index.php\/2025\/04\/26\/atualizacoes-do-departamento-medico-do-palmeiras\/\"},\"wordCount\":501,\"commentCount\":0,\"image\":{\"@id\":\"https:\/\/www.gaveanews.com\/index.php\/2025\/04\/26\/atualizacoes-do-departamento-medico-do-palmeiras\/#primaryimage\"},\"thumbnailUrl\":\"https:\/\/www.gaveanews.com\/wp-content\/uploads\/Allianz-Parque-estadio-do-Palmeiras.webp\",\"articleSection\":[\"Brasileir\u00e3o\",\"Palmeiras\"],\"inLanguage\":\"pt-BR\",\"potentialAction\":[{\"@type\":\"CommentAction\",\"name\":\"Comment\",\"target\":[\"https:\/\/www.gaveanews.com\/index.php\/2025\/04\/26\/atualizacoes-do-departamento-medico-do-palmeiras\/#respond\"]}],\"copyrightYear\":\"2025\",\"copyrightHolder\":{\"@id\":\"https:\/\/www.gaveanews.com\/#organization\"}},{\"@type\":\"WebPage\",\"@id\":\"https:\/\/www.gaveanews.com\/index.php\/2025\/04\/26\/atualizacoes-do-departamento-medico-do-palmeiras\/\",\"url\":\"https:\/\/www.gaveanews.com\/index.php\/2025\/04\/26\/atualizacoes-do-departamento-medico-do-palmeiras\/\",\"name\":\"Atualiza\u00e7\u00f5es do departamento m\u00e9dico do Palmeiras\",\"isPartOf\":{\"@id\":\"https:\/\/www.gaveanews.com\/#website\"},\"primaryImageOfPage\":{\"@id\":\"https:\/\/www.gaveanews.com\/index.php\/2025\/04\/26\/atualizacoes-do-departamento-medico-do-palmeiras\/#primaryimage\"},\"image\":{\"@id\":\"https:\/\/www.gaveanews.com\/index.php\/2025\/04\/26\/atualizacoes-do-departamento-medico-do-palmeiras\/#primaryimage\"},\"thumbnailUrl\":\"https:\/\/www.gaveanews.com\/wp-content\/uploads\/Allianz-Parque-estadio-do-Palmeiras.webp\",\"datePublished\":\"2025-04-26T21:00:00+00:00\",\"author\":{\"@id\":\"https:\/\/www.gaveanews.com\/#\/schema\/person\/3b19f7288b0ce20372991275e4f2e6c2\"},\"breadcrumb\":{\"@id\":\"https:\/\/www.gaveanews.com\/index.php\/2025\/04\/26\/atualizacoes-do-departamento-medico-do-palmeiras\/#breadcrumb\"},\"inLanguage\":\"pt-BR\",\"potentialAction\":[{\"@type\":\"ReadAction\",\"target\":[\"https:\/\/www.gaveanews.com\/index.php\/2025\/04\/26\/atualizacoes-do-departamento-medico-do-palmeiras\/\"]}]},{\"@type\":\"ImageObject\",\"inLanguage\":\"pt-BR\",\"@id\":\"https:\/\/www.gaveanews.com\/index.php\/2025\/04\/26\/atualizacoes-do-departamento-medico-do-palmeiras\/#primaryimage\",\"url\":\"https:\/\/www.gaveanews.com\/wp-content\/uploads\/Allianz-Parque-estadio-do-Palmeiras.webp\",\"contentUrl\":\"https:\/\/www.gaveanews.com\/wp-content\/uploads\/Allianz-Parque-estadio-do-Palmeiras.webp\",\"width\":1023,\"height\":767,\"caption\":\"Allianz Parque, est\u00e1dio do Palmeiras (Foto: Reprodu\u00e7\u00e3o\/Palmeiras)\"},{\"@type\":\"BreadcrumbList\",\"@id\":\"https:\/\/www.gaveanews.com\/index.php\/2025\/04\/26\/atualizacoes-do-departamento-medico-do-palmeiras\/#breadcrumb\",\"itemListElement\":[{\"@type\":\"ListItem\",\"position\":1,\"name\":\"Home\",\"item\":\"https:\/\/www.gaveanews.com\/\"},{\"@type\":\"ListItem\",\"position\":2,\"name\":\"Atualiza\u00e7\u00f5es do departamento m\u00e9dico do Palmeiras\"}]},{\"@type\":\"WebSite\",\"@id\":\"https:\/\/www.gaveanews.com\/#website\",\"url\":\"https:\/\/www.gaveanews.com\/\",\"name\":\"G\u00e1vea News\",\"description\":\"Veja todas as not\u00edcias sobre o Flamengo: Contrata\u00e7\u00f5es, categorias de base, resultados das partidas, tabela de classifica\u00e7\u00e3o, pr\u00f3ximos jogos!\",\"potentialAction\":[{\"@type\":\"SearchAction\",\"target\":{\"@type\":\"EntryPoint\",\"urlTemplate\":\"https:\/\/www.gaveanews.com\/?s={search_term_string}\"},\"query-input\":{\"@type\":\"PropertyValueSpecification\",\"valueRequired\":true,\"valueName\":\"search_term_string\"}}],\"inLanguage\":\"pt-BR\"},{\"@type\":\"Person\",\"@id\":\"https:\/\/www.gaveanews.com\/#\/schema\/person\/3b19f7288b0ce20372991275e4f2e6c2\",\"name\":\"Ana Teixeira\",\"image\":{\"@type\":\"ImageObject\",\"inLanguage\":\"pt-BR\",\"@id\":\"https:\/\/www.gaveanews.com\/#\/schema\/person\/image\/\",\"url\":\"https:\/\/secure.gravatar.com\/avatar\/0a73f5a5258f3fed37fc2fa641892f3f7a4748456d4d4792f9bc550e6c19e06c?s=96&d=mm&r=g\",\"contentUrl\":\"https:\/\/secure.gravatar.com\/avatar\/0a73f5a5258f3fed37fc2fa641892f3f7a4748456d4d4792f9bc550e6c19e06c?s=96&d=mm&r=g\",\"caption\":\"Ana Teixeira\"}}]}<\/script>\n<!-- \/ Yoast SEO Premium plugin. -->","yoast_head_json":{"title":"Atualiza\u00e7\u00f5es do departamento m\u00e9dico do Palmeiras","robots":{"index":"index","follow":"follow","max-snippet":"max-snippet:-1","max-image-preview":"max-image-preview:large","max-video-preview":"max-video-preview:-1"},"canonical":"https:\/\/www.gaveanews.com\/index.php\/2025\/04\/26\/atualizacoes-do-departamento-medico-do-palmeiras\/","og_locale":"pt_BR","og_type":"article","og_title":"Atualiza\u00e7\u00f5es do departamento m\u00e9dico do Palmeiras","og_description":"Horas depois de vencer o Bol\u00edvar por 3 a 2, na altitude de La Paz, pela fase de grupos da Libertadores, o elenco do Palmeiras se reapresentou na Academia de Futebol na manh\u00e3 de sexta-feira (25). A vit\u00f3ria em solo boliviano manteve o time alviverde com 100% de aproveitamento na competi\u00e7\u00e3o continental, enquanto o foco [&hellip;]","og_url":"https:\/\/www.gaveanews.com\/index.php\/2025\/04\/26\/atualizacoes-do-departamento-medico-do-palmeiras\/","og_site_name":"G\u00e1vea News","article_publisher":"https:\/\/facebook.com\/gaveaNews\/","article_published_time":"2025-04-26T21:00:00+00:00","og_image":[{"width":1023,"height":767,"url":"https:\/\/www.gaveanews.com\/wp-content\/uploads\/Allianz-Parque-estadio-do-Palmeiras.webp","type":"image\/webp"}],"author":"Ana Teixeira","twitter_card":"summary_large_image","twitter_misc":{"Escrito por":"Ana Teixeira","Est. tempo de leitura":"3 minutos"},"schema":{"@context":"https:\/\/schema.org","@graph":[{"@type":"NewsArticle","@id":"https:\/\/www.gaveanews.com\/index.php\/2025\/04\/26\/atualizacoes-do-departamento-medico-do-palmeiras\/#article","isPartOf":{"@id":"https:\/\/www.gaveanews.com\/index.php\/2025\/04\/26\/atualizacoes-do-departamento-medico-do-palmeiras\/"},"author":{"name":"Ana Teixeira","@id":"https:\/\/www.gaveanews.com\/#\/schema\/person\/3b19f7288b0ce20372991275e4f2e6c2"},"headline":"Atualiza\u00e7\u00f5es do departamento m\u00e9dico do Palmeiras","datePublished":"2025-04-26T21:00:00+00:00","mainEntityOfPage":{"@id":"https:\/\/www.gaveanews.com\/index.php\/2025\/04\/26\/atualizacoes-do-departamento-medico-do-palmeiras\/"},"wordCount":501,"commentCount":0,"image":{"@id":"https:\/\/www.gaveanews.com\/index.php\/2025\/04\/26\/atualizacoes-do-departamento-medico-do-palmeiras\/#primaryimage"},"thumbnailUrl":"https:\/\/www.gaveanews.com\/wp-content\/uploads\/Allianz-Parque-estadio-do-Palmeiras.webp","articleSection":["Brasileir\u00e3o","Palmeiras"],"inLanguage":"pt-BR","potentialAction":[{"@type":"CommentAction","name":"Comment","target":["https:\/\/www.gaveanews.com\/index.php\/2025\/04\/26\/atualizacoes-do-departamento-medico-do-palmeiras\/#respond"]}],"copyrightYear":"2025","copyrightHolder":{"@id":"https:\/\/www.gaveanews.com\/#organization"}},{"@type":"WebPage","@id":"https:\/\/www.gaveanews.com\/index.php\/2025\/04\/26\/atualizacoes-do-departamento-medico-do-palmeiras\/","url":"https:\/\/www.gaveanews.com\/index.php\/2025\/04\/26\/atualizacoes-do-departamento-medico-do-palmeiras\/","name":"Atualiza\u00e7\u00f5es do departamento m\u00e9dico do Palmeiras","isPartOf":{"@id":"https:\/\/www.gaveanews.com\/#website"},"primaryImageOfPage":{"@id":"https:\/\/www.gaveanews.com\/index.php\/2025\/04\/26\/atualizacoes-do-departamento-medico-do-palmeiras\/#primaryimage"},"image":{"@id":"https:\/\/www.gaveanews.com\/index.php\/2025\/04\/26\/atualizacoes-do-departamento-medico-do-palmeiras\/#primaryimage"},"thumbnailUrl":"https:\/\/www.gaveanews.com\/wp-content\/uploads\/Allianz-Parque-estadio-do-Palmeiras.webp","datePublished":"2025-04-26T21:00:00+00:00","author":{"@id":"https:\/\/www.gaveanews.com\/#\/schema\/person\/3b19f7288b0ce20372991275e4f2e6c2"},"breadcrumb":{"@id":"https:\/\/www.gaveanews.com\/index.php\/2025\/04\/26\/atualizacoes-do-departamento-medico-do-palmeiras\/#breadcrumb"},"inLanguage":"pt-BR","potentialAction":[{"@type":"ReadAction","target":["https:\/\/www.gaveanews.com\/index.php\/2025\/04\/26\/atualizacoes-do-departamento-medico-do-palmeiras\/"]}]},{"@type":"ImageObject","inLanguage":"pt-BR","@id":"https:\/\/www.gaveanews.com\/index.php\/2025\/04\/26\/atualizacoes-do-departamento-medico-do-palmeiras\/#primaryimage","url":"https:\/\/www.gaveanews.com\/wp-content\/uploads\/Allianz-Parque-estadio-do-Palmeiras.webp","contentUrl":"https:\/\/www.gaveanews.com\/wp-content\/uploads\/Allianz-Parque-estadio-do-Palmeiras.webp","width":1023,"height":767,"caption":"Allianz Parque, est\u00e1dio do Palmeiras (Foto: Reprodu\u00e7\u00e3o\/Palmeiras)"},{"@type":"BreadcrumbList","@id":"https:\/\/www.gaveanews.com\/index.php\/2025\/04\/26\/atualizacoes-do-departamento-medico-do-palmeiras\/#breadcrumb","itemListElement":[{"@type":"ListItem","position":1,"name":"Home","item":"https:\/\/www.gaveanews.com\/"},{"@type":"ListItem","position":2,"name":"Atualiza\u00e7\u00f5es do departamento m\u00e9dico do Palmeiras"}]},{"@type":"WebSite","@id":"https:\/\/www.gaveanews.com\/#website","url":"https:\/\/www.gaveanews.com\/","name":"G\u00e1vea News","description":"Veja todas as not\u00edcias sobre o Flamengo: Contrata\u00e7\u00f5es, categorias de base, resultados das partidas, tabela de classifica\u00e7\u00e3o, pr\u00f3ximos jogos!","potentialAction":[{"@type":"SearchAction","target":{"@type":"EntryPoint","urlTemplate":"https:\/\/www.gaveanews.com\/?s={search_term_string}"},"query-input":{"@type":"PropertyValueSpecification","valueRequired":true,"valueName":"search_term_string"}}],"inLanguage":"pt-BR"},{"@type":"Person","@id":"https:\/\/www.gaveanews.com\/#\/schema\/person\/3b19f7288b0ce20372991275e4f2e6c2","name":"Ana Teixeira","image":{"@type":"ImageObject","inLanguage":"pt-BR","@id":"https:\/\/www.gaveanews.com\/#\/schema\/person\/image\/","url":"https:\/\/secure.gravatar.com\/avatar\/0a73f5a5258f3fed37fc2fa641892f3f7a4748456d4d4792f9bc550e6c19e06c?s=96&d=mm&r=g","contentUrl":"https:\/\/secure.gravatar.com\/avatar\/0a73f5a5258f3fed37fc2fa641892f3f7a4748456d4d4792f9bc550e6c19e06c?s=96&d=mm&r=g","caption":"Ana Teixeira"}}]}},"_links":{"self":[{"href":"https:\/\/www.gaveanews.com\/index.php\/wp-json\/wp\/v2\/posts\/257950","targetHints":{"allow":["GET"]}}],"collection":[{"href":"https:\/\/www.gaveanews.com\/index.php\/wp-json\/wp\/v2\/posts"}],"about":[{"href":"https:\/\/www.gaveanews.com\/index.php\/wp-json\/wp\/v2\/types\/post"}],"author":[{"embeddable":true,"href":"https:\/\/www.gaveanews.com\/index.php\/wp-json\/wp\/v2\/users\/30"}],"replies":[{"embeddable":true,"href":"https:\/\/www.gaveanews.com\/index.php\/wp-json\/wp\/v2\/comments?post=257950"}],"version-history":[{"count":1,"href":"https:\/\/www.gaveanews.com\/index.php\/wp-json\/wp\/v2\/posts\/257950\/revisions"}],"predecessor-version":[{"id":257955,"href":"https:\/\/www.gaveanews.com\/index.php\/wp-json\/wp\/v2\/posts\/257950\/revisions\/257955"}],"wp:featuredmedia":[{"embeddable":true,"href":"https:\/\/www.gaveanews.com\/index.php\/wp-json\/wp\/v2\/media\/155182"}],"wp:attachment":[{"href":"https:\/\/www.gaveanews.com\/index.php\/wp-json\/wp\/v2\/media?parent=257950"}],"wp:term":[{"taxonomy":"category","embeddable":true,"href":"https:\/\/www.gaveanews.com\/index.php\/wp-json\/wp\/v2\/categories?post=257950"},{"taxonomy":"post_tag","embeddable":true,"href":"https:\/\/www.gaveanews.com\/index.php\/wp-json\/wp\/v2\/tags?post=257950"}],"curies":[{"name":"wp","href":"https:\/\/api.w.org\/{rel}","templated":true}]}}