{"id":257957,"date":"2025-04-26T18:15:00","date_gmt":"2025-04-26T21:15:00","guid":{"rendered":"https:\/\/www.gaveanews.com\/?p=257957"},"modified":"2025-04-26T18:11:41","modified_gmt":"2025-04-26T21:11:41","slug":"ex-palmeiras-conta-como-virou-o-meia-mais-criativo-do-futebol-brasileiro","status":"publish","type":"post","link":"https:\/\/www.gaveanews.com\/index.php\/2025\/04\/26\/ex-palmeiras-conta-como-virou-o-meia-mais-criativo-do-futebol-brasileiro\/","title":{"rendered":"Ex-Palmeiras conta como virou \u2018o meia mais criativo\u2019 do futebol brasileiro"},"content":{"rendered":"\n<p>O meia Jhon Jhon, revelado pelas categorias de base do Palmeiras, vive um momento especial no Red Bull Bragantino. Ap\u00f3s sua transfer\u00eancia no meio do ano passado, o jogador de 22 anos assumiu a camisa 10 da equipe e, atualmente, lidera as estat\u00edsticas de chances claras criadas no Brasileir\u00e3o, com sete oportunidades.<\/p>\n\n\n\n<p>Em entrevista, o meio-campista compartilhou as mudan\u00e7as que impulsionaram sua evolu\u00e7\u00e3o. &#8220;Vim para o Red Bull Bragantino para assumir essa responsabilidade e ter continuidade na minha carreira. Estou jogando atr\u00e1s do centroavante, \u00e9 uma posi\u00e7\u00e3o que gosto, e a sequ\u00eancia que recebi aqui foi essencial. Ganhei confian\u00e7a, voc\u00ea come\u00e7a a mostrar mais o seu futebol e as coisas ficam mais f\u00e1ceis&#8221;, afirmou.<\/p>\n\n\n\n<p>Ali\u00e1s, desde sua chegada a Bragan\u00e7a Paulista, a trajet\u00f3ria de Jhon Jhon ganhou novos contornos. Anteriormente criticado pela torcida do Palmeiras e sem espa\u00e7o consolidado no elenco principal, ele decidiu buscar novos ares. Conforme informa\u00e7\u00f5es, o jogador foi vendido ao Bragantino por R$ 24,5 milh\u00f5es, com uma cl\u00e1usula de compra obrigat\u00f3ria de mais 20% dos direitos em caso de metas atingidas.<\/p>\n\n\n\n<h2 class=\"wp-block-heading\" id=\"h-primeiros-passos-em-braganca\">Primeiros passos em Bragan\u00e7a<\/h2>\n\n\n\n<p>A estreia de Jhon Jhon pelo Bragantino foi surpreendentemente positiva. Com apenas 12 minutos em campo, marcou um gol crucial que garantiu a classifica\u00e7\u00e3o do time para as oitavas de final da Copa Sul-Americana. Posteriormente, fechou sua primeira temporada no clube com quatro gols e tr\u00eas assist\u00eancias em 23 jogos. Dessa forma, o jovem meio-campista consolidou sua posi\u00e7\u00e3o como pe\u00e7a fundamental no planejamento do clube.<\/p>\n\n\n\n<p>&#8220;O projeto aqui \u00e9 super grande. Vim para ter sequ\u00eancia, continuidade, mostrar mais [em campo] e poder ter meu espa\u00e7o. Ganhei sequ\u00eancia e estou conseguindo mostrar isso nos n\u00fameros&#8221;, declarou o jogador, evidenciando o impacto positivo da mudan\u00e7a de ambiente em sua carreira.<\/p>\n\n\n\n<h2 class=\"wp-block-heading\" id=\"h-comparativo-com-a-passagem-pelo-palmeiras\">Comparativo com a passagem pelo Palmeiras<\/h2>\n\n\n\n<p>Durante sua trajet\u00f3ria no Palmeiras, Jhon Jhon disputou 46 partidas, anotou uma assist\u00eancia e n\u00e3o balan\u00e7ou as redes. Apesar do apoio interno de comiss\u00e3o t\u00e9cnica e companheiros, enfrentava vaias e cr\u00edticas constantes da torcida no Allianz Parque e nas redes sociais. Portanto, a falta de reconhecimento contribuiu para a busca por novos desafios.<\/p>\n\n\n\n<p>Atualmente, em apenas 18 partidas disputadas na temporada 2025, o meia j\u00e1 igualou suas estat\u00edsticas do ano anterior. &#8220;S\u00e3o n\u00fameros importantes, mas acredito que \u00e9 s\u00f3 o come\u00e7o. Acreditamos em coisas grandes nesta temporada, fizemos bom Paulist\u00e3o e agora fizemos bom come\u00e7o de Brasileir\u00e3o. Queremos ganhar t\u00edtulos, conseguir vaga na Libertadores e meus n\u00fameros pessoais v\u00eam como consequ\u00eancia do trabalho&#8221;, refor\u00e7ou.<\/p>\n\n\n\n<h2 class=\"wp-block-heading\" id=\"h-red-bull-bragantino-em-alta\">Red Bull Bragantino em alta<\/h2>\n\n\n\n<p>O bom desempenho individual de Jhon Jhon reflete o momento vivido pelo Red Bull Bragantino. A equipe ocupa a quarta coloca\u00e7\u00e3o no Brasileir\u00e3o, somando dez pontos, com tr\u00eas vit\u00f3rias, um empate e uma derrota. A pr\u00f3xima partida ser\u00e1 no domingo (27), contra o Santos, \u00e0s 20h30, na Vila Belmiro.<\/p>\n\n\n\n<p>Segundo o camisa 10, a conquista de um t\u00edtulo \u00e9 o que falta para o clube se consolidar entre os principais do pa\u00eds. &#8220;Estamos cada vez mais perto disso. Voc\u00ea pode ver em outros anos, n\u00f3s sempre incomodamos, mas falta algo a mais que \u00e9 o t\u00edtulo. Todos que trabalham aqui, desde o elenco ao estafe, buscam essa evolu\u00e7\u00e3o dia ap\u00f3s dia. A cada dia sentimos que estamos mais perto de conquistar e elevar o nome do Red Bull Bragantino&#8221;, finalizou.<\/p>\n\n\n\n<p><\/p>\n","protected":false},"excerpt":{"rendered":"<p>O meia Jhon Jhon, revelado pelas categorias de base do Palmeiras, vive um momento especial no Red Bull Bragantino. Ap\u00f3s sua transfer\u00eancia no meio do ano passado, o jogador de 22 anos assumiu a camisa 10 da equipe e, atualmente, lidera as estat\u00edsticas de chances claras criadas no Brasileir\u00e3o, com sete oportunidades. Em entrevista, o [&hellip;]<\/p>\n","protected":false},"author":30,"featured_media":155182,"comment_status":"open","ping_status":"closed","sticky":false,"template":"","format":"standard","meta":{"footnotes":""},"categories":[140,478,150],"tags":[],"class_list":["post-257957","post","type-post","status-publish","format-standard","has-post-thumbnail","hentry","category-bragantino","category-brasil","category-palmeiras"],"yoast_head":"<!-- This site is optimized with the Yoast SEO Premium plugin v24.2 (Yoast SEO v26.9) - https:\/\/yoast.com\/product\/yoast-seo-premium-wordpress\/ -->\n<title>Ex-Palmeiras conta como virou \u2018o meia mais criativo\u2019 do futebol brasileiro<\/title>\n<meta name=\"robots\" content=\"index, follow, max-snippet:-1, max-image-preview:large, max-video-preview:-1\" \/>\n<link rel=\"canonical\" href=\"https:\/\/www.gaveanews.com\/index.php\/2025\/04\/26\/ex-palmeiras-conta-como-virou-o-meia-mais-criativo-do-futebol-brasileiro\/\" \/>\n<meta property=\"og:locale\" content=\"pt_BR\" \/>\n<meta property=\"og:type\" content=\"article\" \/>\n<meta property=\"og:title\" content=\"Ex-Palmeiras conta como virou \u2018o meia mais criativo\u2019 do futebol brasileiro\" \/>\n<meta property=\"og:description\" content=\"O meia Jhon Jhon, revelado pelas categorias de base do Palmeiras, vive um momento especial no Red Bull Bragantino. Ap\u00f3s sua transfer\u00eancia no meio do ano passado, o jogador de 22 anos assumiu a camisa 10 da equipe e, atualmente, lidera as estat\u00edsticas de chances claras criadas no Brasileir\u00e3o, com sete oportunidades. Em entrevista, o [&hellip;]\" \/>\n<meta property=\"og:url\" content=\"https:\/\/www.gaveanews.com\/index.php\/2025\/04\/26\/ex-palmeiras-conta-como-virou-o-meia-mais-criativo-do-futebol-brasileiro\/\" \/>\n<meta property=\"og:site_name\" content=\"G\u00e1vea News\" \/>\n<meta property=\"article:publisher\" content=\"https:\/\/facebook.com\/gaveaNews\/\" \/>\n<meta property=\"article:published_time\" content=\"2025-04-26T21:15:00+00:00\" \/>\n<meta property=\"og:image\" content=\"https:\/\/www.gaveanews.com\/wp-content\/uploads\/Allianz-Parque-estadio-do-Palmeiras.webp\" \/>\n\t<meta property=\"og:image:width\" content=\"1023\" \/>\n\t<meta property=\"og:image:height\" content=\"767\" \/>\n\t<meta property=\"og:image:type\" content=\"image\/webp\" \/>\n<meta name=\"author\" content=\"Ana Teixeira\" \/>\n<meta name=\"twitter:card\" content=\"summary_large_image\" \/>\n<meta name=\"twitter:label1\" content=\"Escrito por\" \/>\n\t<meta name=\"twitter:data1\" content=\"Ana Teixeira\" \/>\n\t<meta name=\"twitter:label2\" content=\"Est. tempo de leitura\" \/>\n\t<meta name=\"twitter:data2\" content=\"4 minutos\" \/>\n<script type=\"application\/ld+json\" class=\"yoast-schema-graph\">{\"@context\":\"https:\/\/schema.org\",\"@graph\":[{\"@type\":\"NewsArticle\",\"@id\":\"https:\/\/www.gaveanews.com\/index.php\/2025\/04\/26\/ex-palmeiras-conta-como-virou-o-meia-mais-criativo-do-futebol-brasileiro\/#article\",\"isPartOf\":{\"@id\":\"https:\/\/www.gaveanews.com\/index.php\/2025\/04\/26\/ex-palmeiras-conta-como-virou-o-meia-mais-criativo-do-futebol-brasileiro\/\"},\"author\":{\"name\":\"Ana Teixeira\",\"@id\":\"https:\/\/www.gaveanews.com\/#\/schema\/person\/3b19f7288b0ce20372991275e4f2e6c2\"},\"headline\":\"Ex-Palmeiras conta como virou \u2018o meia mais criativo\u2019 do futebol brasileiro\",\"datePublished\":\"2025-04-26T21:15:00+00:00\",\"mainEntityOfPage\":{\"@id\":\"https:\/\/www.gaveanews.com\/index.php\/2025\/04\/26\/ex-palmeiras-conta-como-virou-o-meia-mais-criativo-do-futebol-brasileiro\/\"},\"wordCount\":598,\"commentCount\":0,\"image\":{\"@id\":\"https:\/\/www.gaveanews.com\/index.php\/2025\/04\/26\/ex-palmeiras-conta-como-virou-o-meia-mais-criativo-do-futebol-brasileiro\/#primaryimage\"},\"thumbnailUrl\":\"https:\/\/www.gaveanews.com\/wp-content\/uploads\/Allianz-Parque-estadio-do-Palmeiras.webp\",\"articleSection\":[\"Bragantino\",\"Brasil\",\"Palmeiras\"],\"inLanguage\":\"pt-BR\",\"potentialAction\":[{\"@type\":\"CommentAction\",\"name\":\"Comment\",\"target\":[\"https:\/\/www.gaveanews.com\/index.php\/2025\/04\/26\/ex-palmeiras-conta-como-virou-o-meia-mais-criativo-do-futebol-brasileiro\/#respond\"]}],\"copyrightYear\":\"2025\",\"copyrightHolder\":{\"@id\":\"https:\/\/www.gaveanews.com\/#organization\"}},{\"@type\":\"WebPage\",\"@id\":\"https:\/\/www.gaveanews.com\/index.php\/2025\/04\/26\/ex-palmeiras-conta-como-virou-o-meia-mais-criativo-do-futebol-brasileiro\/\",\"url\":\"https:\/\/www.gaveanews.com\/index.php\/2025\/04\/26\/ex-palmeiras-conta-como-virou-o-meia-mais-criativo-do-futebol-brasileiro\/\",\"name\":\"Ex-Palmeiras conta como virou \u2018o meia mais criativo\u2019 do futebol brasileiro\",\"isPartOf\":{\"@id\":\"https:\/\/www.gaveanews.com\/#website\"},\"primaryImageOfPage\":{\"@id\":\"https:\/\/www.gaveanews.com\/index.php\/2025\/04\/26\/ex-palmeiras-conta-como-virou-o-meia-mais-criativo-do-futebol-brasileiro\/#primaryimage\"},\"image\":{\"@id\":\"https:\/\/www.gaveanews.com\/index.php\/2025\/04\/26\/ex-palmeiras-conta-como-virou-o-meia-mais-criativo-do-futebol-brasileiro\/#primaryimage\"},\"thumbnailUrl\":\"https:\/\/www.gaveanews.com\/wp-content\/uploads\/Allianz-Parque-estadio-do-Palmeiras.webp\",\"datePublished\":\"2025-04-26T21:15:00+00:00\",\"author\":{\"@id\":\"https:\/\/www.gaveanews.com\/#\/schema\/person\/3b19f7288b0ce20372991275e4f2e6c2\"},\"breadcrumb\":{\"@id\":\"https:\/\/www.gaveanews.com\/index.php\/2025\/04\/26\/ex-palmeiras-conta-como-virou-o-meia-mais-criativo-do-futebol-brasileiro\/#breadcrumb\"},\"inLanguage\":\"pt-BR\",\"potentialAction\":[{\"@type\":\"ReadAction\",\"target\":[\"https:\/\/www.gaveanews.com\/index.php\/2025\/04\/26\/ex-palmeiras-conta-como-virou-o-meia-mais-criativo-do-futebol-brasileiro\/\"]}]},{\"@type\":\"ImageObject\",\"inLanguage\":\"pt-BR\",\"@id\":\"https:\/\/www.gaveanews.com\/index.php\/2025\/04\/26\/ex-palmeiras-conta-como-virou-o-meia-mais-criativo-do-futebol-brasileiro\/#primaryimage\",\"url\":\"https:\/\/www.gaveanews.com\/wp-content\/uploads\/Allianz-Parque-estadio-do-Palmeiras.webp\",\"contentUrl\":\"https:\/\/www.gaveanews.com\/wp-content\/uploads\/Allianz-Parque-estadio-do-Palmeiras.webp\",\"width\":1023,\"height\":767,\"caption\":\"Allianz Parque, est\u00e1dio do Palmeiras (Foto: Reprodu\u00e7\u00e3o\/Palmeiras)\"},{\"@type\":\"BreadcrumbList\",\"@id\":\"https:\/\/www.gaveanews.com\/index.php\/2025\/04\/26\/ex-palmeiras-conta-como-virou-o-meia-mais-criativo-do-futebol-brasileiro\/#breadcrumb\",\"itemListElement\":[{\"@type\":\"ListItem\",\"position\":1,\"name\":\"Home\",\"item\":\"https:\/\/www.gaveanews.com\/\"},{\"@type\":\"ListItem\",\"position\":2,\"name\":\"Ex-Palmeiras conta como virou \u2018o meia mais criativo\u2019 do futebol brasileiro\"}]},{\"@type\":\"WebSite\",\"@id\":\"https:\/\/www.gaveanews.com\/#website\",\"url\":\"https:\/\/www.gaveanews.com\/\",\"name\":\"G\u00e1vea News\",\"description\":\"Veja todas as not\u00edcias sobre o Flamengo: Contrata\u00e7\u00f5es, categorias de base, resultados das partidas, tabela de classifica\u00e7\u00e3o, pr\u00f3ximos jogos!\",\"potentialAction\":[{\"@type\":\"SearchAction\",\"target\":{\"@type\":\"EntryPoint\",\"urlTemplate\":\"https:\/\/www.gaveanews.com\/?s={search_term_string}\"},\"query-input\":{\"@type\":\"PropertyValueSpecification\",\"valueRequired\":true,\"valueName\":\"search_term_string\"}}],\"inLanguage\":\"pt-BR\"},{\"@type\":\"Person\",\"@id\":\"https:\/\/www.gaveanews.com\/#\/schema\/person\/3b19f7288b0ce20372991275e4f2e6c2\",\"name\":\"Ana Teixeira\",\"image\":{\"@type\":\"ImageObject\",\"inLanguage\":\"pt-BR\",\"@id\":\"https:\/\/www.gaveanews.com\/#\/schema\/person\/image\/\",\"url\":\"https:\/\/secure.gravatar.com\/avatar\/0a73f5a5258f3fed37fc2fa641892f3f7a4748456d4d4792f9bc550e6c19e06c?s=96&d=mm&r=g\",\"contentUrl\":\"https:\/\/secure.gravatar.com\/avatar\/0a73f5a5258f3fed37fc2fa641892f3f7a4748456d4d4792f9bc550e6c19e06c?s=96&d=mm&r=g\",\"caption\":\"Ana Teixeira\"}}]}<\/script>\n<!-- \/ Yoast SEO Premium plugin. -->","yoast_head_json":{"title":"Ex-Palmeiras conta como virou \u2018o meia mais criativo\u2019 do futebol brasileiro","robots":{"index":"index","follow":"follow","max-snippet":"max-snippet:-1","max-image-preview":"max-image-preview:large","max-video-preview":"max-video-preview:-1"},"canonical":"https:\/\/www.gaveanews.com\/index.php\/2025\/04\/26\/ex-palmeiras-conta-como-virou-o-meia-mais-criativo-do-futebol-brasileiro\/","og_locale":"pt_BR","og_type":"article","og_title":"Ex-Palmeiras conta como virou \u2018o meia mais criativo\u2019 do futebol brasileiro","og_description":"O meia Jhon Jhon, revelado pelas categorias de base do Palmeiras, vive um momento especial no Red Bull Bragantino. Ap\u00f3s sua transfer\u00eancia no meio do ano passado, o jogador de 22 anos assumiu a camisa 10 da equipe e, atualmente, lidera as estat\u00edsticas de chances claras criadas no Brasileir\u00e3o, com sete oportunidades. Em entrevista, o [&hellip;]","og_url":"https:\/\/www.gaveanews.com\/index.php\/2025\/04\/26\/ex-palmeiras-conta-como-virou-o-meia-mais-criativo-do-futebol-brasileiro\/","og_site_name":"G\u00e1vea News","article_publisher":"https:\/\/facebook.com\/gaveaNews\/","article_published_time":"2025-04-26T21:15:00+00:00","og_image":[{"width":1023,"height":767,"url":"https:\/\/www.gaveanews.com\/wp-content\/uploads\/Allianz-Parque-estadio-do-Palmeiras.webp","type":"image\/webp"}],"author":"Ana Teixeira","twitter_card":"summary_large_image","twitter_misc":{"Escrito por":"Ana Teixeira","Est. tempo de leitura":"4 minutos"},"schema":{"@context":"https:\/\/schema.org","@graph":[{"@type":"NewsArticle","@id":"https:\/\/www.gaveanews.com\/index.php\/2025\/04\/26\/ex-palmeiras-conta-como-virou-o-meia-mais-criativo-do-futebol-brasileiro\/#article","isPartOf":{"@id":"https:\/\/www.gaveanews.com\/index.php\/2025\/04\/26\/ex-palmeiras-conta-como-virou-o-meia-mais-criativo-do-futebol-brasileiro\/"},"author":{"name":"Ana Teixeira","@id":"https:\/\/www.gaveanews.com\/#\/schema\/person\/3b19f7288b0ce20372991275e4f2e6c2"},"headline":"Ex-Palmeiras conta como virou \u2018o meia mais criativo\u2019 do futebol brasileiro","datePublished":"2025-04-26T21:15:00+00:00","mainEntityOfPage":{"@id":"https:\/\/www.gaveanews.com\/index.php\/2025\/04\/26\/ex-palmeiras-conta-como-virou-o-meia-mais-criativo-do-futebol-brasileiro\/"},"wordCount":598,"commentCount":0,"image":{"@id":"https:\/\/www.gaveanews.com\/index.php\/2025\/04\/26\/ex-palmeiras-conta-como-virou-o-meia-mais-criativo-do-futebol-brasileiro\/#primaryimage"},"thumbnailUrl":"https:\/\/www.gaveanews.com\/wp-content\/uploads\/Allianz-Parque-estadio-do-Palmeiras.webp","articleSection":["Bragantino","Brasil","Palmeiras"],"inLanguage":"pt-BR","potentialAction":[{"@type":"CommentAction","name":"Comment","target":["https:\/\/www.gaveanews.com\/index.php\/2025\/04\/26\/ex-palmeiras-conta-como-virou-o-meia-mais-criativo-do-futebol-brasileiro\/#respond"]}],"copyrightYear":"2025","copyrightHolder":{"@id":"https:\/\/www.gaveanews.com\/#organization"}},{"@type":"WebPage","@id":"https:\/\/www.gaveanews.com\/index.php\/2025\/04\/26\/ex-palmeiras-conta-como-virou-o-meia-mais-criativo-do-futebol-brasileiro\/","url":"https:\/\/www.gaveanews.com\/index.php\/2025\/04\/26\/ex-palmeiras-conta-como-virou-o-meia-mais-criativo-do-futebol-brasileiro\/","name":"Ex-Palmeiras conta como virou \u2018o meia mais criativo\u2019 do futebol brasileiro","isPartOf":{"@id":"https:\/\/www.gaveanews.com\/#website"},"primaryImageOfPage":{"@id":"https:\/\/www.gaveanews.com\/index.php\/2025\/04\/26\/ex-palmeiras-conta-como-virou-o-meia-mais-criativo-do-futebol-brasileiro\/#primaryimage"},"image":{"@id":"https:\/\/www.gaveanews.com\/index.php\/2025\/04\/26\/ex-palmeiras-conta-como-virou-o-meia-mais-criativo-do-futebol-brasileiro\/#primaryimage"},"thumbnailUrl":"https:\/\/www.gaveanews.com\/wp-content\/uploads\/Allianz-Parque-estadio-do-Palmeiras.webp","datePublished":"2025-04-26T21:15:00+00:00","author":{"@id":"https:\/\/www.gaveanews.com\/#\/schema\/person\/3b19f7288b0ce20372991275e4f2e6c2"},"breadcrumb":{"@id":"https:\/\/www.gaveanews.com\/index.php\/2025\/04\/26\/ex-palmeiras-conta-como-virou-o-meia-mais-criativo-do-futebol-brasileiro\/#breadcrumb"},"inLanguage":"pt-BR","potentialAction":[{"@type":"ReadAction","target":["https:\/\/www.gaveanews.com\/index.php\/2025\/04\/26\/ex-palmeiras-conta-como-virou-o-meia-mais-criativo-do-futebol-brasileiro\/"]}]},{"@type":"ImageObject","inLanguage":"pt-BR","@id":"https:\/\/www.gaveanews.com\/index.php\/2025\/04\/26\/ex-palmeiras-conta-como-virou-o-meia-mais-criativo-do-futebol-brasileiro\/#primaryimage","url":"https:\/\/www.gaveanews.com\/wp-content\/uploads\/Allianz-Parque-estadio-do-Palmeiras.webp","contentUrl":"https:\/\/www.gaveanews.com\/wp-content\/uploads\/Allianz-Parque-estadio-do-Palmeiras.webp","width":1023,"height":767,"caption":"Allianz Parque, est\u00e1dio do Palmeiras (Foto: Reprodu\u00e7\u00e3o\/Palmeiras)"},{"@type":"BreadcrumbList","@id":"https:\/\/www.gaveanews.com\/index.php\/2025\/04\/26\/ex-palmeiras-conta-como-virou-o-meia-mais-criativo-do-futebol-brasileiro\/#breadcrumb","itemListElement":[{"@type":"ListItem","position":1,"name":"Home","item":"https:\/\/www.gaveanews.com\/"},{"@type":"ListItem","position":2,"name":"Ex-Palmeiras conta como virou \u2018o meia mais criativo\u2019 do futebol brasileiro"}]},{"@type":"WebSite","@id":"https:\/\/www.gaveanews.com\/#website","url":"https:\/\/www.gaveanews.com\/","name":"G\u00e1vea News","description":"Veja todas as not\u00edcias sobre o Flamengo: Contrata\u00e7\u00f5es, categorias de base, resultados das partidas, tabela de classifica\u00e7\u00e3o, pr\u00f3ximos jogos!","potentialAction":[{"@type":"SearchAction","target":{"@type":"EntryPoint","urlTemplate":"https:\/\/www.gaveanews.com\/?s={search_term_string}"},"query-input":{"@type":"PropertyValueSpecification","valueRequired":true,"valueName":"search_term_string"}}],"inLanguage":"pt-BR"},{"@type":"Person","@id":"https:\/\/www.gaveanews.com\/#\/schema\/person\/3b19f7288b0ce20372991275e4f2e6c2","name":"Ana Teixeira","image":{"@type":"ImageObject","inLanguage":"pt-BR","@id":"https:\/\/www.gaveanews.com\/#\/schema\/person\/image\/","url":"https:\/\/secure.gravatar.com\/avatar\/0a73f5a5258f3fed37fc2fa641892f3f7a4748456d4d4792f9bc550e6c19e06c?s=96&d=mm&r=g","contentUrl":"https:\/\/secure.gravatar.com\/avatar\/0a73f5a5258f3fed37fc2fa641892f3f7a4748456d4d4792f9bc550e6c19e06c?s=96&d=mm&r=g","caption":"Ana Teixeira"}}]}},"_links":{"self":[{"href":"https:\/\/www.gaveanews.com\/index.php\/wp-json\/wp\/v2\/posts\/257957","targetHints":{"allow":["GET"]}}],"collection":[{"href":"https:\/\/www.gaveanews.com\/index.php\/wp-json\/wp\/v2\/posts"}],"about":[{"href":"https:\/\/www.gaveanews.com\/index.php\/wp-json\/wp\/v2\/types\/post"}],"author":[{"embeddable":true,"href":"https:\/\/www.gaveanews.com\/index.php\/wp-json\/wp\/v2\/users\/30"}],"replies":[{"embeddable":true,"href":"https:\/\/www.gaveanews.com\/index.php\/wp-json\/wp\/v2\/comments?post=257957"}],"version-history":[{"count":1,"href":"https:\/\/www.gaveanews.com\/index.php\/wp-json\/wp\/v2\/posts\/257957\/revisions"}],"predecessor-version":[{"id":257962,"href":"https:\/\/www.gaveanews.com\/index.php\/wp-json\/wp\/v2\/posts\/257957\/revisions\/257962"}],"wp:featuredmedia":[{"embeddable":true,"href":"https:\/\/www.gaveanews.com\/index.php\/wp-json\/wp\/v2\/media\/155182"}],"wp:attachment":[{"href":"https:\/\/www.gaveanews.com\/index.php\/wp-json\/wp\/v2\/media?parent=257957"}],"wp:term":[{"taxonomy":"category","embeddable":true,"href":"https:\/\/www.gaveanews.com\/index.php\/wp-json\/wp\/v2\/categories?post=257957"},{"taxonomy":"post_tag","embeddable":true,"href":"https:\/\/www.gaveanews.com\/index.php\/wp-json\/wp\/v2\/tags?post=257957"}],"curies":[{"name":"wp","href":"https:\/\/api.w.org\/{rel}","templated":true}]}}