{"id":257965,"date":"2025-04-26T19:00:00","date_gmt":"2025-04-26T22:00:00","guid":{"rendered":"https:\/\/www.gaveanews.com\/?p=257965"},"modified":"2025-04-26T18:48:18","modified_gmt":"2025-04-26T21:48:18","slug":"corinthians-ostenta-estatistica-alarmante-em-mandado-de-augusto-melo","status":"publish","type":"post","link":"https:\/\/www.gaveanews.com\/index.php\/2025\/04\/26\/corinthians-ostenta-estatistica-alarmante-em-mandado-de-augusto-melo\/","title":{"rendered":"Corinthians ostenta estat\u00edstica alarmante em mandado de Augusto Melo"},"content":{"rendered":"\n<p>O Corinthians confirmou a chegada de Dorival J\u00fanior para assumir o comando t\u00e9cnico em um cen\u00e1rio de alta rotatividade de treinadores. Desde o in\u00edcio da gest\u00e3o de Augusto Melo, em janeiro de 2024, o clube registra uma m\u00e9dia de uma troca de treinador a cada cinco meses e meio. A pr\u00e1tica, ali\u00e1s, reflete um padr\u00e3o j\u00e1 observado nas administra\u00e7\u00f5es anteriores, sobretudo na gest\u00e3o de Du\u00edlio Monteiro Alves.<\/p>\n\n\n\n<p>Antes da chegada de Dorival, o Corinthians j\u00e1 havia passado por tr\u00eas t\u00e9cnicos diferentes sob o comando de Augusto Melo. Mano Menezes, remanescente da gest\u00e3o anterior, iniciou a temporada, mas foi demitido em fevereiro, ap\u00f3s acumular quatro derrotas consecutivas no Campeonato Paulista. <\/p>\n\n\n\n<p>Ant\u00f3nio Oliveira foi contratado posteriormente e evitou um vexame estadual. Entretanto, resultados negativos no Brasileir\u00e3o encerraram sua passagem ap\u00f3s cinco meses. Ainda em julho de 2024, Ram\u00f3n D\u00edaz assumiu a equipe, livrando o Tim\u00e3o do rebaixamento com uma impressionante sequ\u00eancia de nove vit\u00f3rias seguidas na reta final da competi\u00e7\u00e3o. <\/p>\n\n\n\n<p>O argentino conquistou o t\u00edtulo do Paulist\u00e3o e quebrou um jejum de seis anos sem t\u00edtulos estaduais. Apesar disso, a elimina\u00e7\u00e3o precoce na Libertadores e a instabilidade no Brasileir\u00e3o custaram-lhe o cargo. Ram\u00f3n e seu filho, Emiliano, foram demitidos apenas 21 dias ap\u00f3s a conquista estadual, encerrando uma passagem de nove meses.<\/p>\n\n\n\n<p>Assim sendo, Dorival J\u00fanior torna-se o quarto comandante da gest\u00e3o atual, evidenciando a instabilidade que impera no departamento de futebol do clube. A m\u00e9dia de dura\u00e7\u00e3o dos t\u00e9cnicos sob a presid\u00eancia de Augusto Melo \u00e9 de aproximadamente 160 dias.<\/p>\n\n\n\n<h2 class=\"wp-block-heading\" id=\"h-continuidade-de-um-padrao\">Continuidade de um padr\u00e3o<\/h2>\n\n\n\n<p>A pr\u00e1tica de constantes trocas no comando t\u00e9cnico n\u00e3o \u00e9 in\u00e9dita no Corinthians. Sob Du\u00edlio Monteiro Alves, entre 2021 e 2023, o clube promoveu seis mudan\u00e7as em 1093 dias de gest\u00e3o. Nomes como Vagner Mancini, Sylvinho, V\u00edtor Pereira, Fernando L\u00e1zaro, Cuca, Vanderlei Luxemburgo e Mano Menezes passaram pelo cargo. Cuca, por exemplo, permaneceu apenas uma semana, enquanto V\u00edtor Pereira foi o mais longevo, com cerca de nove meses de trabalho.<\/p>\n\n\n\n<p>Embora Sylvinho tamb\u00e9m tenha atingido mais de oito meses no cargo, ambos os t\u00e9cnicos deixaram o clube em situa\u00e7\u00f5es delicadas, evidenciando a dificuldade corinthiana em consolidar projetos de longo prazo. Portanto, o hist\u00f3rico recente demonstra que, independentemente da gest\u00e3o, a troca frequente de treinadores \u00e9 uma pr\u00e1tica que persiste no Parque S\u00e3o Jorge.<\/p>\n\n\n\n<h2 class=\"wp-block-heading\" id=\"h-expectativas-para-dorival-junior\">Expectativas para Dorival J\u00fanior<\/h2>\n\n\n\n<p>Dorival J\u00fanior chega ao clube em meio a esse cen\u00e1rio, com o objetivo primordial de oferecer estabilidade t\u00e9cnica. Conforme divulgado, ele iniciar\u00e1 seu trabalho na segunda-feira (28 de abril) e dever\u00e1 estrear oficialmente na quarta-feira (30 de abril), conforme o planejamento interno. &#8220;Dorival s\u00f3 \u00e9 t\u00e9cnico do Corinthians porque quis muito&#8221;, revelou um jornalista ligado \u00e0 cobertura do clube, destacando a determina\u00e7\u00e3o do treinador em assumir o desafio.<\/p>\n\n\n\n<p>Anteriormente, Dorival havia dirigido os outros tr\u00eas grandes clubes paulistas \u2014 S\u00e3o Paulo, Palmeiras e Santos \u2014 e agora completa a lista ao assumir o Corinthians. Afinal, seu curr\u00edculo, marcado por passagens vitoriosas, representa uma esperan\u00e7a para um clube que busca n\u00e3o apenas resultados, mas tamb\u00e9m uma gest\u00e3o esportiva mais est\u00e1vel.<\/p>\n\n\n\n<h2 class=\"wp-block-heading\" id=\"h-a-constante-pressao-e-seus-impactos\">A constante press\u00e3o e seus impactos<\/h2>\n\n\n\n<p>Embora o clube tenha conquistado o Campeonato Paulista recentemente, o ambiente de instabilidade gera efeitos diretos sobre o elenco e o planejamento estrat\u00e9gico da equipe. A alta rotatividade prejudica a continuidade dos trabalhos, fragilizando projetos que poderiam amadurecer com o tempo.<\/p>\n\n\n\n<p><\/p>\n","protected":false},"excerpt":{"rendered":"<p>O Corinthians confirmou a chegada de Dorival J\u00fanior para assumir o comando t\u00e9cnico em um cen\u00e1rio de alta rotatividade de treinadores. Desde o in\u00edcio da gest\u00e3o de Augusto Melo, em janeiro de 2024, o clube registra uma m\u00e9dia de uma troca de treinador a cada cinco meses e meio. A pr\u00e1tica, ali\u00e1s, reflete um padr\u00e3o [&hellip;]<\/p>\n","protected":false},"author":30,"featured_media":158982,"comment_status":"open","ping_status":"closed","sticky":false,"template":"","format":"standard","meta":{"footnotes":""},"categories":[141],"tags":[],"class_list":["post-257965","post","type-post","status-publish","format-standard","has-post-thumbnail","hentry","category-corinthians"],"yoast_head":"<!-- This site is optimized with the Yoast SEO Premium plugin v24.2 (Yoast SEO v26.9) - https:\/\/yoast.com\/product\/yoast-seo-premium-wordpress\/ -->\n<title>Corinthians ostenta estat\u00edstica alarmante em mandado de Augusto Melo<\/title>\n<meta name=\"robots\" content=\"index, follow, max-snippet:-1, max-image-preview:large, max-video-preview:-1\" \/>\n<link rel=\"canonical\" href=\"https:\/\/www.gaveanews.com\/index.php\/2025\/04\/26\/corinthians-ostenta-estatistica-alarmante-em-mandado-de-augusto-melo\/\" \/>\n<meta property=\"og:locale\" content=\"pt_BR\" \/>\n<meta property=\"og:type\" content=\"article\" \/>\n<meta property=\"og:title\" content=\"Corinthians ostenta estat\u00edstica alarmante em mandado de Augusto Melo\" \/>\n<meta property=\"og:description\" content=\"O Corinthians confirmou a chegada de Dorival J\u00fanior para assumir o comando t\u00e9cnico em um cen\u00e1rio de alta rotatividade de treinadores. Desde o in\u00edcio da gest\u00e3o de Augusto Melo, em janeiro de 2024, o clube registra uma m\u00e9dia de uma troca de treinador a cada cinco meses e meio. A pr\u00e1tica, ali\u00e1s, reflete um padr\u00e3o [&hellip;]\" \/>\n<meta property=\"og:url\" content=\"https:\/\/www.gaveanews.com\/index.php\/2025\/04\/26\/corinthians-ostenta-estatistica-alarmante-em-mandado-de-augusto-melo\/\" \/>\n<meta property=\"og:site_name\" content=\"G\u00e1vea News\" \/>\n<meta property=\"article:publisher\" content=\"https:\/\/facebook.com\/gaveaNews\/\" \/>\n<meta property=\"article:published_time\" content=\"2025-04-26T22:00:00+00:00\" \/>\n<meta property=\"og:image\" content=\"https:\/\/www.gaveanews.com\/wp-content\/uploads\/2qgb52iuihz6ikmp2ky0yr6sn.webp\" \/>\n\t<meta property=\"og:image:width\" content=\"906\" \/>\n\t<meta property=\"og:image:height\" content=\"509\" \/>\n\t<meta property=\"og:image:type\" content=\"image\/webp\" \/>\n<meta name=\"author\" content=\"Ana Teixeira\" \/>\n<meta name=\"twitter:card\" content=\"summary_large_image\" \/>\n<meta name=\"twitter:label1\" content=\"Escrito por\" \/>\n\t<meta name=\"twitter:data1\" content=\"Ana Teixeira\" \/>\n\t<meta name=\"twitter:label2\" content=\"Est. tempo de leitura\" \/>\n\t<meta name=\"twitter:data2\" content=\"4 minutos\" \/>\n<script type=\"application\/ld+json\" class=\"yoast-schema-graph\">{\"@context\":\"https:\/\/schema.org\",\"@graph\":[{\"@type\":\"NewsArticle\",\"@id\":\"https:\/\/www.gaveanews.com\/index.php\/2025\/04\/26\/corinthians-ostenta-estatistica-alarmante-em-mandado-de-augusto-melo\/#article\",\"isPartOf\":{\"@id\":\"https:\/\/www.gaveanews.com\/index.php\/2025\/04\/26\/corinthians-ostenta-estatistica-alarmante-em-mandado-de-augusto-melo\/\"},\"author\":{\"name\":\"Ana Teixeira\",\"@id\":\"https:\/\/www.gaveanews.com\/#\/schema\/person\/3b19f7288b0ce20372991275e4f2e6c2\"},\"headline\":\"Corinthians ostenta estat\u00edstica alarmante em mandado de Augusto Melo\",\"datePublished\":\"2025-04-26T22:00:00+00:00\",\"mainEntityOfPage\":{\"@id\":\"https:\/\/www.gaveanews.com\/index.php\/2025\/04\/26\/corinthians-ostenta-estatistica-alarmante-em-mandado-de-augusto-melo\/\"},\"wordCount\":612,\"commentCount\":0,\"image\":{\"@id\":\"https:\/\/www.gaveanews.com\/index.php\/2025\/04\/26\/corinthians-ostenta-estatistica-alarmante-em-mandado-de-augusto-melo\/#primaryimage\"},\"thumbnailUrl\":\"https:\/\/www.gaveanews.com\/wp-content\/uploads\/2qgb52iuihz6ikmp2ky0yr6sn.webp\",\"articleSection\":[\"Corinthians\"],\"inLanguage\":\"pt-BR\",\"potentialAction\":[{\"@type\":\"CommentAction\",\"name\":\"Comment\",\"target\":[\"https:\/\/www.gaveanews.com\/index.php\/2025\/04\/26\/corinthians-ostenta-estatistica-alarmante-em-mandado-de-augusto-melo\/#respond\"]}],\"copyrightYear\":\"2025\",\"copyrightHolder\":{\"@id\":\"https:\/\/www.gaveanews.com\/#organization\"}},{\"@type\":\"WebPage\",\"@id\":\"https:\/\/www.gaveanews.com\/index.php\/2025\/04\/26\/corinthians-ostenta-estatistica-alarmante-em-mandado-de-augusto-melo\/\",\"url\":\"https:\/\/www.gaveanews.com\/index.php\/2025\/04\/26\/corinthians-ostenta-estatistica-alarmante-em-mandado-de-augusto-melo\/\",\"name\":\"Corinthians ostenta estat\u00edstica alarmante em mandado de Augusto Melo\",\"isPartOf\":{\"@id\":\"https:\/\/www.gaveanews.com\/#website\"},\"primaryImageOfPage\":{\"@id\":\"https:\/\/www.gaveanews.com\/index.php\/2025\/04\/26\/corinthians-ostenta-estatistica-alarmante-em-mandado-de-augusto-melo\/#primaryimage\"},\"image\":{\"@id\":\"https:\/\/www.gaveanews.com\/index.php\/2025\/04\/26\/corinthians-ostenta-estatistica-alarmante-em-mandado-de-augusto-melo\/#primaryimage\"},\"thumbnailUrl\":\"https:\/\/www.gaveanews.com\/wp-content\/uploads\/2qgb52iuihz6ikmp2ky0yr6sn.webp\",\"datePublished\":\"2025-04-26T22:00:00+00:00\",\"author\":{\"@id\":\"https:\/\/www.gaveanews.com\/#\/schema\/person\/3b19f7288b0ce20372991275e4f2e6c2\"},\"breadcrumb\":{\"@id\":\"https:\/\/www.gaveanews.com\/index.php\/2025\/04\/26\/corinthians-ostenta-estatistica-alarmante-em-mandado-de-augusto-melo\/#breadcrumb\"},\"inLanguage\":\"pt-BR\",\"potentialAction\":[{\"@type\":\"ReadAction\",\"target\":[\"https:\/\/www.gaveanews.com\/index.php\/2025\/04\/26\/corinthians-ostenta-estatistica-alarmante-em-mandado-de-augusto-melo\/\"]}]},{\"@type\":\"ImageObject\",\"inLanguage\":\"pt-BR\",\"@id\":\"https:\/\/www.gaveanews.com\/index.php\/2025\/04\/26\/corinthians-ostenta-estatistica-alarmante-em-mandado-de-augusto-melo\/#primaryimage\",\"url\":\"https:\/\/www.gaveanews.com\/wp-content\/uploads\/2qgb52iuihz6ikmp2ky0yr6sn.webp\",\"contentUrl\":\"https:\/\/www.gaveanews.com\/wp-content\/uploads\/2qgb52iuihz6ikmp2ky0yr6sn.webp\",\"width\":906,\"height\":509,\"caption\":\"Augusto Melo - Foto: Rodrigo Coca\/Ag\u00eancia Corinthians\"},{\"@type\":\"BreadcrumbList\",\"@id\":\"https:\/\/www.gaveanews.com\/index.php\/2025\/04\/26\/corinthians-ostenta-estatistica-alarmante-em-mandado-de-augusto-melo\/#breadcrumb\",\"itemListElement\":[{\"@type\":\"ListItem\",\"position\":1,\"name\":\"Home\",\"item\":\"https:\/\/www.gaveanews.com\/\"},{\"@type\":\"ListItem\",\"position\":2,\"name\":\"Corinthians ostenta estat\u00edstica alarmante em mandado de Augusto Melo\"}]},{\"@type\":\"WebSite\",\"@id\":\"https:\/\/www.gaveanews.com\/#website\",\"url\":\"https:\/\/www.gaveanews.com\/\",\"name\":\"G\u00e1vea News\",\"description\":\"Veja todas as not\u00edcias sobre o Flamengo: Contrata\u00e7\u00f5es, categorias de base, resultados das partidas, tabela de classifica\u00e7\u00e3o, pr\u00f3ximos jogos!\",\"potentialAction\":[{\"@type\":\"SearchAction\",\"target\":{\"@type\":\"EntryPoint\",\"urlTemplate\":\"https:\/\/www.gaveanews.com\/?s={search_term_string}\"},\"query-input\":{\"@type\":\"PropertyValueSpecification\",\"valueRequired\":true,\"valueName\":\"search_term_string\"}}],\"inLanguage\":\"pt-BR\"},{\"@type\":\"Person\",\"@id\":\"https:\/\/www.gaveanews.com\/#\/schema\/person\/3b19f7288b0ce20372991275e4f2e6c2\",\"name\":\"Ana Teixeira\",\"image\":{\"@type\":\"ImageObject\",\"inLanguage\":\"pt-BR\",\"@id\":\"https:\/\/www.gaveanews.com\/#\/schema\/person\/image\/\",\"url\":\"https:\/\/secure.gravatar.com\/avatar\/0a73f5a5258f3fed37fc2fa641892f3f7a4748456d4d4792f9bc550e6c19e06c?s=96&d=mm&r=g\",\"contentUrl\":\"https:\/\/secure.gravatar.com\/avatar\/0a73f5a5258f3fed37fc2fa641892f3f7a4748456d4d4792f9bc550e6c19e06c?s=96&d=mm&r=g\",\"caption\":\"Ana Teixeira\"}}]}<\/script>\n<!-- \/ Yoast SEO Premium plugin. -->","yoast_head_json":{"title":"Corinthians ostenta estat\u00edstica alarmante em mandado de Augusto Melo","robots":{"index":"index","follow":"follow","max-snippet":"max-snippet:-1","max-image-preview":"max-image-preview:large","max-video-preview":"max-video-preview:-1"},"canonical":"https:\/\/www.gaveanews.com\/index.php\/2025\/04\/26\/corinthians-ostenta-estatistica-alarmante-em-mandado-de-augusto-melo\/","og_locale":"pt_BR","og_type":"article","og_title":"Corinthians ostenta estat\u00edstica alarmante em mandado de Augusto Melo","og_description":"O Corinthians confirmou a chegada de Dorival J\u00fanior para assumir o comando t\u00e9cnico em um cen\u00e1rio de alta rotatividade de treinadores. Desde o in\u00edcio da gest\u00e3o de Augusto Melo, em janeiro de 2024, o clube registra uma m\u00e9dia de uma troca de treinador a cada cinco meses e meio. A pr\u00e1tica, ali\u00e1s, reflete um padr\u00e3o [&hellip;]","og_url":"https:\/\/www.gaveanews.com\/index.php\/2025\/04\/26\/corinthians-ostenta-estatistica-alarmante-em-mandado-de-augusto-melo\/","og_site_name":"G\u00e1vea News","article_publisher":"https:\/\/facebook.com\/gaveaNews\/","article_published_time":"2025-04-26T22:00:00+00:00","og_image":[{"width":906,"height":509,"url":"https:\/\/www.gaveanews.com\/wp-content\/uploads\/2qgb52iuihz6ikmp2ky0yr6sn.webp","type":"image\/webp"}],"author":"Ana Teixeira","twitter_card":"summary_large_image","twitter_misc":{"Escrito por":"Ana Teixeira","Est. tempo de leitura":"4 minutos"},"schema":{"@context":"https:\/\/schema.org","@graph":[{"@type":"NewsArticle","@id":"https:\/\/www.gaveanews.com\/index.php\/2025\/04\/26\/corinthians-ostenta-estatistica-alarmante-em-mandado-de-augusto-melo\/#article","isPartOf":{"@id":"https:\/\/www.gaveanews.com\/index.php\/2025\/04\/26\/corinthians-ostenta-estatistica-alarmante-em-mandado-de-augusto-melo\/"},"author":{"name":"Ana Teixeira","@id":"https:\/\/www.gaveanews.com\/#\/schema\/person\/3b19f7288b0ce20372991275e4f2e6c2"},"headline":"Corinthians ostenta estat\u00edstica alarmante em mandado de Augusto Melo","datePublished":"2025-04-26T22:00:00+00:00","mainEntityOfPage":{"@id":"https:\/\/www.gaveanews.com\/index.php\/2025\/04\/26\/corinthians-ostenta-estatistica-alarmante-em-mandado-de-augusto-melo\/"},"wordCount":612,"commentCount":0,"image":{"@id":"https:\/\/www.gaveanews.com\/index.php\/2025\/04\/26\/corinthians-ostenta-estatistica-alarmante-em-mandado-de-augusto-melo\/#primaryimage"},"thumbnailUrl":"https:\/\/www.gaveanews.com\/wp-content\/uploads\/2qgb52iuihz6ikmp2ky0yr6sn.webp","articleSection":["Corinthians"],"inLanguage":"pt-BR","potentialAction":[{"@type":"CommentAction","name":"Comment","target":["https:\/\/www.gaveanews.com\/index.php\/2025\/04\/26\/corinthians-ostenta-estatistica-alarmante-em-mandado-de-augusto-melo\/#respond"]}],"copyrightYear":"2025","copyrightHolder":{"@id":"https:\/\/www.gaveanews.com\/#organization"}},{"@type":"WebPage","@id":"https:\/\/www.gaveanews.com\/index.php\/2025\/04\/26\/corinthians-ostenta-estatistica-alarmante-em-mandado-de-augusto-melo\/","url":"https:\/\/www.gaveanews.com\/index.php\/2025\/04\/26\/corinthians-ostenta-estatistica-alarmante-em-mandado-de-augusto-melo\/","name":"Corinthians ostenta estat\u00edstica alarmante em mandado de Augusto Melo","isPartOf":{"@id":"https:\/\/www.gaveanews.com\/#website"},"primaryImageOfPage":{"@id":"https:\/\/www.gaveanews.com\/index.php\/2025\/04\/26\/corinthians-ostenta-estatistica-alarmante-em-mandado-de-augusto-melo\/#primaryimage"},"image":{"@id":"https:\/\/www.gaveanews.com\/index.php\/2025\/04\/26\/corinthians-ostenta-estatistica-alarmante-em-mandado-de-augusto-melo\/#primaryimage"},"thumbnailUrl":"https:\/\/www.gaveanews.com\/wp-content\/uploads\/2qgb52iuihz6ikmp2ky0yr6sn.webp","datePublished":"2025-04-26T22:00:00+00:00","author":{"@id":"https:\/\/www.gaveanews.com\/#\/schema\/person\/3b19f7288b0ce20372991275e4f2e6c2"},"breadcrumb":{"@id":"https:\/\/www.gaveanews.com\/index.php\/2025\/04\/26\/corinthians-ostenta-estatistica-alarmante-em-mandado-de-augusto-melo\/#breadcrumb"},"inLanguage":"pt-BR","potentialAction":[{"@type":"ReadAction","target":["https:\/\/www.gaveanews.com\/index.php\/2025\/04\/26\/corinthians-ostenta-estatistica-alarmante-em-mandado-de-augusto-melo\/"]}]},{"@type":"ImageObject","inLanguage":"pt-BR","@id":"https:\/\/www.gaveanews.com\/index.php\/2025\/04\/26\/corinthians-ostenta-estatistica-alarmante-em-mandado-de-augusto-melo\/#primaryimage","url":"https:\/\/www.gaveanews.com\/wp-content\/uploads\/2qgb52iuihz6ikmp2ky0yr6sn.webp","contentUrl":"https:\/\/www.gaveanews.com\/wp-content\/uploads\/2qgb52iuihz6ikmp2ky0yr6sn.webp","width":906,"height":509,"caption":"Augusto Melo - Foto: Rodrigo Coca\/Ag\u00eancia Corinthians"},{"@type":"BreadcrumbList","@id":"https:\/\/www.gaveanews.com\/index.php\/2025\/04\/26\/corinthians-ostenta-estatistica-alarmante-em-mandado-de-augusto-melo\/#breadcrumb","itemListElement":[{"@type":"ListItem","position":1,"name":"Home","item":"https:\/\/www.gaveanews.com\/"},{"@type":"ListItem","position":2,"name":"Corinthians ostenta estat\u00edstica alarmante em mandado de Augusto Melo"}]},{"@type":"WebSite","@id":"https:\/\/www.gaveanews.com\/#website","url":"https:\/\/www.gaveanews.com\/","name":"G\u00e1vea News","description":"Veja todas as not\u00edcias sobre o Flamengo: Contrata\u00e7\u00f5es, categorias de base, resultados das partidas, tabela de classifica\u00e7\u00e3o, pr\u00f3ximos jogos!","potentialAction":[{"@type":"SearchAction","target":{"@type":"EntryPoint","urlTemplate":"https:\/\/www.gaveanews.com\/?s={search_term_string}"},"query-input":{"@type":"PropertyValueSpecification","valueRequired":true,"valueName":"search_term_string"}}],"inLanguage":"pt-BR"},{"@type":"Person","@id":"https:\/\/www.gaveanews.com\/#\/schema\/person\/3b19f7288b0ce20372991275e4f2e6c2","name":"Ana Teixeira","image":{"@type":"ImageObject","inLanguage":"pt-BR","@id":"https:\/\/www.gaveanews.com\/#\/schema\/person\/image\/","url":"https:\/\/secure.gravatar.com\/avatar\/0a73f5a5258f3fed37fc2fa641892f3f7a4748456d4d4792f9bc550e6c19e06c?s=96&d=mm&r=g","contentUrl":"https:\/\/secure.gravatar.com\/avatar\/0a73f5a5258f3fed37fc2fa641892f3f7a4748456d4d4792f9bc550e6c19e06c?s=96&d=mm&r=g","caption":"Ana Teixeira"}}]}},"_links":{"self":[{"href":"https:\/\/www.gaveanews.com\/index.php\/wp-json\/wp\/v2\/posts\/257965","targetHints":{"allow":["GET"]}}],"collection":[{"href":"https:\/\/www.gaveanews.com\/index.php\/wp-json\/wp\/v2\/posts"}],"about":[{"href":"https:\/\/www.gaveanews.com\/index.php\/wp-json\/wp\/v2\/types\/post"}],"author":[{"embeddable":true,"href":"https:\/\/www.gaveanews.com\/index.php\/wp-json\/wp\/v2\/users\/30"}],"replies":[{"embeddable":true,"href":"https:\/\/www.gaveanews.com\/index.php\/wp-json\/wp\/v2\/comments?post=257965"}],"version-history":[{"count":1,"href":"https:\/\/www.gaveanews.com\/index.php\/wp-json\/wp\/v2\/posts\/257965\/revisions"}],"predecessor-version":[{"id":257969,"href":"https:\/\/www.gaveanews.com\/index.php\/wp-json\/wp\/v2\/posts\/257965\/revisions\/257969"}],"wp:featuredmedia":[{"embeddable":true,"href":"https:\/\/www.gaveanews.com\/index.php\/wp-json\/wp\/v2\/media\/158982"}],"wp:attachment":[{"href":"https:\/\/www.gaveanews.com\/index.php\/wp-json\/wp\/v2\/media?parent=257965"}],"wp:term":[{"taxonomy":"category","embeddable":true,"href":"https:\/\/www.gaveanews.com\/index.php\/wp-json\/wp\/v2\/categories?post=257965"},{"taxonomy":"post_tag","embeddable":true,"href":"https:\/\/www.gaveanews.com\/index.php\/wp-json\/wp\/v2\/tags?post=257965"}],"curies":[{"name":"wp","href":"https:\/\/api.w.org\/{rel}","templated":true}]}}