{"id":257966,"date":"2025-04-26T19:10:00","date_gmt":"2025-04-26T22:10:00","guid":{"rendered":"https:\/\/www.gaveanews.com\/?p=257966"},"modified":"2025-04-26T18:48:42","modified_gmt":"2025-04-26T21:48:42","slug":"quando-lemos-volta-ao-vasco","status":"publish","type":"post","link":"https:\/\/www.gaveanews.com\/index.php\/2025\/04\/26\/quando-lemos-volta-ao-vasco\/","title":{"rendered":"Quando Lemos volta ao Vasco?"},"content":{"rendered":"\n<p>O Vasco segue com dificuldades para contar com o zagueiro Maur\u00edcio Lemos no seu elenco principal. Atualmente, o defensor uruguaio enfrenta o processo de recupera\u00e7\u00e3o de uma fratura no 12\u00ba arco costal, uma les\u00e3o que demanda cuidados espec\u00edficos e que, at\u00e9 o momento, ainda o mant\u00e9m fora de combate.<\/p>\n\n\n\n<p>A contus\u00e3o ocorreu em 8 de abril, durante a vit\u00f3ria contra o Puerto Cabello, pela Copa Sul-Americana. Desde ent\u00e3o, o jogador tem seguido um rigoroso protocolo de recupera\u00e7\u00e3o. Como a regi\u00e3o lesionada n\u00e3o pode ser imobilizada, o tratamento consiste precipuamente na administra\u00e7\u00e3o de medicamentos analg\u00e9sicos, fisioterapia para estimular a consolida\u00e7\u00e3o \u00f3ssea e sess\u00f5es terap\u00eauticas para controle da dor.<\/p>\n\n\n\n<p>Ali\u00e1s, Lemos tamb\u00e9m realiza exerc\u00edcios de expans\u00e3o tor\u00e1cica, a fim de dessensibilizar a \u00e1rea afetada e, ao mesmo tempo, manter o condicionamento f\u00edsico e a for\u00e7a muscular. Sob os cuidados do Departamento de Sa\u00fade e Performance (DESP), comandado pelo m\u00e9dico Gustavo Caldeira, o zagueiro permanece realizando atividades internas na academia do clube, sem previs\u00e3o para retomar os treinamentos em campo\u200b\u200b.<\/p>\n\n\n\n<h2 class=\"wp-block-heading\" id=\"h-situacao-atual-e-a-ausencia-nos-proximos-jogos\">Situa\u00e7\u00e3o atual e a aus\u00eancia nos pr\u00f3ximos jogos<\/h2>\n\n\n\n<p>At\u00e9 a sexta-feira (25), Maur\u00edcio Lemos ainda n\u00e3o havia sido liberado para treinar com o restante do elenco. A libera\u00e7\u00e3o do jogador, de acordo com o Cruz-Maltino, ocorrer\u00e1 somente quando ele estiver confort\u00e1vel em rela\u00e7\u00e3o \u00e0s dores. <\/p>\n\n\n\n<p>Assim sendo, Lemos j\u00e1 est\u00e1 confirmado como desfalque para o jogo contra o Cruzeiro, que ocorrer\u00e1 neste domingo (27), \u00e0s 18h30, no Parque do Sabi\u00e1, em Uberl\u00e2ndia. Ser\u00e1 a quarta partida consecutiva em que o zagueiro n\u00e3o poder\u00e1 atuar\u200b\u200b.<\/p>\n\n\n\n<h2 class=\"wp-block-heading\" id=\"h-impacto-no-elenco-e-alternativas-para-carille\">Impacto no elenco e alternativas para Carille<\/h2>\n\n\n\n<p>Apesar da aus\u00eancia do uruguaio, o sistema defensivo do Vasco demonstrou efici\u00eancia recente. Sobretudo com Lucas Freitas substituindo Lemos, a equipe conseguiu n\u00e3o sofrer gols em confrontos importantes contra Flamengo e Lan\u00fas.<\/p>\n\n\n\n<p>Contudo, a aus\u00eancia prolongada de Lemos aumenta a necessidade do clube refor\u00e7ar seu setor defensivo. De acordo com informa\u00e7\u00f5es, o Vasco avalia a contrata\u00e7\u00e3o de um novo zagueiro para o segundo semestre. Entre os nomes especulados, Balbuena foi anteriormente sondado e poder\u00e1 voltar ao radar vasca\u00edno\u200b.<\/p>\n\n\n\n<p>Enquanto isso, F\u00e1bio Carille deve escalar for\u00e7a m\u00e1xima para encarar o Cruzeiro, repetindo a base titular dos \u00faltimos compromissos. A forma\u00e7\u00e3o prevista \u00e9: <strong>L\u00e9o Jardim; Paulo Henrique, Jo\u00e3o Victor, Lucas Freitas, Lucas Piton; Hugo Moura, Jair, Philippe Coutinho; Nuno Moreira, Rayan e Pablo Vegetti\u200b<\/strong>.<\/p>\n\n\n\n<h2 class=\"wp-block-heading\" id=\"h-historico-do-departamento-medico\">Hist\u00f3rico do departamento m\u00e9dico <\/h2>\n\n\n\n<p>Vale destacar que o Vasco adota uma abordagem cautelosa em rela\u00e7\u00e3o ao retorno dos seus atletas lesionados. Em 2023, o clube se destacou como uma das equipes da S\u00e9rie A com o menor n\u00famero de baixas m\u00e9dicas, o que refor\u00e7a a filosofia do DESP em priorizar a recupera\u00e7\u00e3o plena dos jogadores.<\/p>\n\n\n\n<p>Conforme o exemplo de Pablo Vegetti, que tamb\u00e9m sofreu uma les\u00e3o semelhante na costela no in\u00edcio do ano passado, o clube evitou acelerar processos de recupera\u00e7\u00e3o, preferindo resguardar a sa\u00fade dos atletas. Ainda que haja press\u00e3o natural para fortalecer o elenco, o Vasco atua com prud\u00eancia, priorizando o planejamento a longo prazo\u200b.<\/p>\n","protected":false},"excerpt":{"rendered":"<p>O Vasco segue com dificuldades para contar com o zagueiro Maur\u00edcio Lemos no seu elenco principal. Atualmente, o defensor uruguaio enfrenta o processo de recupera\u00e7\u00e3o de uma fratura no 12\u00ba arco costal, uma les\u00e3o que demanda cuidados espec\u00edficos e que, at\u00e9 o momento, ainda o mant\u00e9m fora de combate. A contus\u00e3o ocorreu em 8 de [&hellip;]<\/p>\n","protected":false},"author":30,"featured_media":255111,"comment_status":"open","ping_status":"closed","sticky":false,"template":"","format":"standard","meta":{"footnotes":""},"categories":[152],"tags":[],"class_list":["post-257966","post","type-post","status-publish","format-standard","has-post-thumbnail","hentry","category-vasco"],"yoast_head":"<!-- This site is optimized with the Yoast SEO Premium plugin v24.2 (Yoast SEO v26.9) - https:\/\/yoast.com\/product\/yoast-seo-premium-wordpress\/ -->\n<title>Quando Lemos volta ao Vasco?<\/title>\n<meta name=\"robots\" content=\"index, follow, max-snippet:-1, max-image-preview:large, max-video-preview:-1\" \/>\n<link rel=\"canonical\" href=\"https:\/\/www.gaveanews.com\/index.php\/2025\/04\/26\/quando-lemos-volta-ao-vasco\/\" \/>\n<meta property=\"og:locale\" content=\"pt_BR\" \/>\n<meta property=\"og:type\" content=\"article\" \/>\n<meta property=\"og:title\" content=\"Quando Lemos volta ao Vasco?\" \/>\n<meta property=\"og:description\" content=\"O Vasco segue com dificuldades para contar com o zagueiro Maur\u00edcio Lemos no seu elenco principal. Atualmente, o defensor uruguaio enfrenta o processo de recupera\u00e7\u00e3o de uma fratura no 12\u00ba arco costal, uma les\u00e3o que demanda cuidados espec\u00edficos e que, at\u00e9 o momento, ainda o mant\u00e9m fora de combate. A contus\u00e3o ocorreu em 8 de [&hellip;]\" \/>\n<meta property=\"og:url\" content=\"https:\/\/www.gaveanews.com\/index.php\/2025\/04\/26\/quando-lemos-volta-ao-vasco\/\" \/>\n<meta property=\"og:site_name\" content=\"G\u00e1vea News\" \/>\n<meta property=\"article:publisher\" content=\"https:\/\/facebook.com\/gaveaNews\/\" \/>\n<meta property=\"article:published_time\" content=\"2025-04-26T22:10:00+00:00\" \/>\n<meta property=\"og:image\" content=\"https:\/\/www.gaveanews.com\/wp-content\/uploads\/mauricio-lemos-pelo-vasco.webp\" \/>\n\t<meta property=\"og:image:width\" content=\"607\" \/>\n\t<meta property=\"og:image:height\" content=\"409\" \/>\n\t<meta property=\"og:image:type\" content=\"image\/jpeg\" \/>\n<meta name=\"author\" content=\"Ana Teixeira\" \/>\n<meta name=\"twitter:card\" content=\"summary_large_image\" \/>\n<meta name=\"twitter:label1\" content=\"Escrito por\" \/>\n\t<meta name=\"twitter:data1\" content=\"Ana Teixeira\" \/>\n\t<meta name=\"twitter:label2\" content=\"Est. tempo de leitura\" \/>\n\t<meta name=\"twitter:data2\" content=\"3 minutos\" \/>\n<script type=\"application\/ld+json\" class=\"yoast-schema-graph\">{\"@context\":\"https:\/\/schema.org\",\"@graph\":[{\"@type\":\"NewsArticle\",\"@id\":\"https:\/\/www.gaveanews.com\/index.php\/2025\/04\/26\/quando-lemos-volta-ao-vasco\/#article\",\"isPartOf\":{\"@id\":\"https:\/\/www.gaveanews.com\/index.php\/2025\/04\/26\/quando-lemos-volta-ao-vasco\/\"},\"author\":{\"name\":\"Ana Teixeira\",\"@id\":\"https:\/\/www.gaveanews.com\/#\/schema\/person\/3b19f7288b0ce20372991275e4f2e6c2\"},\"headline\":\"Quando Lemos volta ao Vasco?\",\"datePublished\":\"2025-04-26T22:10:00+00:00\",\"mainEntityOfPage\":{\"@id\":\"https:\/\/www.gaveanews.com\/index.php\/2025\/04\/26\/quando-lemos-volta-ao-vasco\/\"},\"wordCount\":552,\"commentCount\":0,\"image\":{\"@id\":\"https:\/\/www.gaveanews.com\/index.php\/2025\/04\/26\/quando-lemos-volta-ao-vasco\/#primaryimage\"},\"thumbnailUrl\":\"https:\/\/www.gaveanews.com\/wp-content\/uploads\/mauricio-lemos-pelo-vasco.webp\",\"articleSection\":[\"Vasco\"],\"inLanguage\":\"pt-BR\",\"potentialAction\":[{\"@type\":\"CommentAction\",\"name\":\"Comment\",\"target\":[\"https:\/\/www.gaveanews.com\/index.php\/2025\/04\/26\/quando-lemos-volta-ao-vasco\/#respond\"]}],\"copyrightYear\":\"2025\",\"copyrightHolder\":{\"@id\":\"https:\/\/www.gaveanews.com\/#organization\"}},{\"@type\":\"WebPage\",\"@id\":\"https:\/\/www.gaveanews.com\/index.php\/2025\/04\/26\/quando-lemos-volta-ao-vasco\/\",\"url\":\"https:\/\/www.gaveanews.com\/index.php\/2025\/04\/26\/quando-lemos-volta-ao-vasco\/\",\"name\":\"Quando Lemos volta ao Vasco?\",\"isPartOf\":{\"@id\":\"https:\/\/www.gaveanews.com\/#website\"},\"primaryImageOfPage\":{\"@id\":\"https:\/\/www.gaveanews.com\/index.php\/2025\/04\/26\/quando-lemos-volta-ao-vasco\/#primaryimage\"},\"image\":{\"@id\":\"https:\/\/www.gaveanews.com\/index.php\/2025\/04\/26\/quando-lemos-volta-ao-vasco\/#primaryimage\"},\"thumbnailUrl\":\"https:\/\/www.gaveanews.com\/wp-content\/uploads\/mauricio-lemos-pelo-vasco.webp\",\"datePublished\":\"2025-04-26T22:10:00+00:00\",\"author\":{\"@id\":\"https:\/\/www.gaveanews.com\/#\/schema\/person\/3b19f7288b0ce20372991275e4f2e6c2\"},\"breadcrumb\":{\"@id\":\"https:\/\/www.gaveanews.com\/index.php\/2025\/04\/26\/quando-lemos-volta-ao-vasco\/#breadcrumb\"},\"inLanguage\":\"pt-BR\",\"potentialAction\":[{\"@type\":\"ReadAction\",\"target\":[\"https:\/\/www.gaveanews.com\/index.php\/2025\/04\/26\/quando-lemos-volta-ao-vasco\/\"]}]},{\"@type\":\"ImageObject\",\"inLanguage\":\"pt-BR\",\"@id\":\"https:\/\/www.gaveanews.com\/index.php\/2025\/04\/26\/quando-lemos-volta-ao-vasco\/#primaryimage\",\"url\":\"https:\/\/www.gaveanews.com\/wp-content\/uploads\/mauricio-lemos-pelo-vasco.webp\",\"contentUrl\":\"https:\/\/www.gaveanews.com\/wp-content\/uploads\/mauricio-lemos-pelo-vasco.webp\",\"width\":607,\"height\":409,\"caption\":\"maur\u00edcio lemos pelo vasco (foto: reprodu\u00e7\u00e3o\/vasco)\"},{\"@type\":\"BreadcrumbList\",\"@id\":\"https:\/\/www.gaveanews.com\/index.php\/2025\/04\/26\/quando-lemos-volta-ao-vasco\/#breadcrumb\",\"itemListElement\":[{\"@type\":\"ListItem\",\"position\":1,\"name\":\"Home\",\"item\":\"https:\/\/www.gaveanews.com\/\"},{\"@type\":\"ListItem\",\"position\":2,\"name\":\"Quando Lemos volta ao Vasco?\"}]},{\"@type\":\"WebSite\",\"@id\":\"https:\/\/www.gaveanews.com\/#website\",\"url\":\"https:\/\/www.gaveanews.com\/\",\"name\":\"G\u00e1vea News\",\"description\":\"Veja todas as not\u00edcias sobre o Flamengo: Contrata\u00e7\u00f5es, categorias de base, resultados das partidas, tabela de classifica\u00e7\u00e3o, pr\u00f3ximos jogos!\",\"potentialAction\":[{\"@type\":\"SearchAction\",\"target\":{\"@type\":\"EntryPoint\",\"urlTemplate\":\"https:\/\/www.gaveanews.com\/?s={search_term_string}\"},\"query-input\":{\"@type\":\"PropertyValueSpecification\",\"valueRequired\":true,\"valueName\":\"search_term_string\"}}],\"inLanguage\":\"pt-BR\"},{\"@type\":\"Person\",\"@id\":\"https:\/\/www.gaveanews.com\/#\/schema\/person\/3b19f7288b0ce20372991275e4f2e6c2\",\"name\":\"Ana Teixeira\",\"image\":{\"@type\":\"ImageObject\",\"inLanguage\":\"pt-BR\",\"@id\":\"https:\/\/www.gaveanews.com\/#\/schema\/person\/image\/\",\"url\":\"https:\/\/secure.gravatar.com\/avatar\/0a73f5a5258f3fed37fc2fa641892f3f7a4748456d4d4792f9bc550e6c19e06c?s=96&d=mm&r=g\",\"contentUrl\":\"https:\/\/secure.gravatar.com\/avatar\/0a73f5a5258f3fed37fc2fa641892f3f7a4748456d4d4792f9bc550e6c19e06c?s=96&d=mm&r=g\",\"caption\":\"Ana Teixeira\"}}]}<\/script>\n<!-- \/ Yoast SEO Premium plugin. -->","yoast_head_json":{"title":"Quando Lemos volta ao Vasco?","robots":{"index":"index","follow":"follow","max-snippet":"max-snippet:-1","max-image-preview":"max-image-preview:large","max-video-preview":"max-video-preview:-1"},"canonical":"https:\/\/www.gaveanews.com\/index.php\/2025\/04\/26\/quando-lemos-volta-ao-vasco\/","og_locale":"pt_BR","og_type":"article","og_title":"Quando Lemos volta ao Vasco?","og_description":"O Vasco segue com dificuldades para contar com o zagueiro Maur\u00edcio Lemos no seu elenco principal. Atualmente, o defensor uruguaio enfrenta o processo de recupera\u00e7\u00e3o de uma fratura no 12\u00ba arco costal, uma les\u00e3o que demanda cuidados espec\u00edficos e que, at\u00e9 o momento, ainda o mant\u00e9m fora de combate. A contus\u00e3o ocorreu em 8 de [&hellip;]","og_url":"https:\/\/www.gaveanews.com\/index.php\/2025\/04\/26\/quando-lemos-volta-ao-vasco\/","og_site_name":"G\u00e1vea News","article_publisher":"https:\/\/facebook.com\/gaveaNews\/","article_published_time":"2025-04-26T22:10:00+00:00","og_image":[{"width":607,"height":409,"url":"https:\/\/www.gaveanews.com\/wp-content\/uploads\/mauricio-lemos-pelo-vasco.webp","type":"image\/jpeg"}],"author":"Ana Teixeira","twitter_card":"summary_large_image","twitter_misc":{"Escrito por":"Ana Teixeira","Est. tempo de leitura":"3 minutos"},"schema":{"@context":"https:\/\/schema.org","@graph":[{"@type":"NewsArticle","@id":"https:\/\/www.gaveanews.com\/index.php\/2025\/04\/26\/quando-lemos-volta-ao-vasco\/#article","isPartOf":{"@id":"https:\/\/www.gaveanews.com\/index.php\/2025\/04\/26\/quando-lemos-volta-ao-vasco\/"},"author":{"name":"Ana Teixeira","@id":"https:\/\/www.gaveanews.com\/#\/schema\/person\/3b19f7288b0ce20372991275e4f2e6c2"},"headline":"Quando Lemos volta ao Vasco?","datePublished":"2025-04-26T22:10:00+00:00","mainEntityOfPage":{"@id":"https:\/\/www.gaveanews.com\/index.php\/2025\/04\/26\/quando-lemos-volta-ao-vasco\/"},"wordCount":552,"commentCount":0,"image":{"@id":"https:\/\/www.gaveanews.com\/index.php\/2025\/04\/26\/quando-lemos-volta-ao-vasco\/#primaryimage"},"thumbnailUrl":"https:\/\/www.gaveanews.com\/wp-content\/uploads\/mauricio-lemos-pelo-vasco.webp","articleSection":["Vasco"],"inLanguage":"pt-BR","potentialAction":[{"@type":"CommentAction","name":"Comment","target":["https:\/\/www.gaveanews.com\/index.php\/2025\/04\/26\/quando-lemos-volta-ao-vasco\/#respond"]}],"copyrightYear":"2025","copyrightHolder":{"@id":"https:\/\/www.gaveanews.com\/#organization"}},{"@type":"WebPage","@id":"https:\/\/www.gaveanews.com\/index.php\/2025\/04\/26\/quando-lemos-volta-ao-vasco\/","url":"https:\/\/www.gaveanews.com\/index.php\/2025\/04\/26\/quando-lemos-volta-ao-vasco\/","name":"Quando Lemos volta ao Vasco?","isPartOf":{"@id":"https:\/\/www.gaveanews.com\/#website"},"primaryImageOfPage":{"@id":"https:\/\/www.gaveanews.com\/index.php\/2025\/04\/26\/quando-lemos-volta-ao-vasco\/#primaryimage"},"image":{"@id":"https:\/\/www.gaveanews.com\/index.php\/2025\/04\/26\/quando-lemos-volta-ao-vasco\/#primaryimage"},"thumbnailUrl":"https:\/\/www.gaveanews.com\/wp-content\/uploads\/mauricio-lemos-pelo-vasco.webp","datePublished":"2025-04-26T22:10:00+00:00","author":{"@id":"https:\/\/www.gaveanews.com\/#\/schema\/person\/3b19f7288b0ce20372991275e4f2e6c2"},"breadcrumb":{"@id":"https:\/\/www.gaveanews.com\/index.php\/2025\/04\/26\/quando-lemos-volta-ao-vasco\/#breadcrumb"},"inLanguage":"pt-BR","potentialAction":[{"@type":"ReadAction","target":["https:\/\/www.gaveanews.com\/index.php\/2025\/04\/26\/quando-lemos-volta-ao-vasco\/"]}]},{"@type":"ImageObject","inLanguage":"pt-BR","@id":"https:\/\/www.gaveanews.com\/index.php\/2025\/04\/26\/quando-lemos-volta-ao-vasco\/#primaryimage","url":"https:\/\/www.gaveanews.com\/wp-content\/uploads\/mauricio-lemos-pelo-vasco.webp","contentUrl":"https:\/\/www.gaveanews.com\/wp-content\/uploads\/mauricio-lemos-pelo-vasco.webp","width":607,"height":409,"caption":"maur\u00edcio lemos pelo vasco (foto: reprodu\u00e7\u00e3o\/vasco)"},{"@type":"BreadcrumbList","@id":"https:\/\/www.gaveanews.com\/index.php\/2025\/04\/26\/quando-lemos-volta-ao-vasco\/#breadcrumb","itemListElement":[{"@type":"ListItem","position":1,"name":"Home","item":"https:\/\/www.gaveanews.com\/"},{"@type":"ListItem","position":2,"name":"Quando Lemos volta ao Vasco?"}]},{"@type":"WebSite","@id":"https:\/\/www.gaveanews.com\/#website","url":"https:\/\/www.gaveanews.com\/","name":"G\u00e1vea News","description":"Veja todas as not\u00edcias sobre o Flamengo: Contrata\u00e7\u00f5es, categorias de base, resultados das partidas, tabela de classifica\u00e7\u00e3o, pr\u00f3ximos jogos!","potentialAction":[{"@type":"SearchAction","target":{"@type":"EntryPoint","urlTemplate":"https:\/\/www.gaveanews.com\/?s={search_term_string}"},"query-input":{"@type":"PropertyValueSpecification","valueRequired":true,"valueName":"search_term_string"}}],"inLanguage":"pt-BR"},{"@type":"Person","@id":"https:\/\/www.gaveanews.com\/#\/schema\/person\/3b19f7288b0ce20372991275e4f2e6c2","name":"Ana Teixeira","image":{"@type":"ImageObject","inLanguage":"pt-BR","@id":"https:\/\/www.gaveanews.com\/#\/schema\/person\/image\/","url":"https:\/\/secure.gravatar.com\/avatar\/0a73f5a5258f3fed37fc2fa641892f3f7a4748456d4d4792f9bc550e6c19e06c?s=96&d=mm&r=g","contentUrl":"https:\/\/secure.gravatar.com\/avatar\/0a73f5a5258f3fed37fc2fa641892f3f7a4748456d4d4792f9bc550e6c19e06c?s=96&d=mm&r=g","caption":"Ana Teixeira"}}]}},"_links":{"self":[{"href":"https:\/\/www.gaveanews.com\/index.php\/wp-json\/wp\/v2\/posts\/257966","targetHints":{"allow":["GET"]}}],"collection":[{"href":"https:\/\/www.gaveanews.com\/index.php\/wp-json\/wp\/v2\/posts"}],"about":[{"href":"https:\/\/www.gaveanews.com\/index.php\/wp-json\/wp\/v2\/types\/post"}],"author":[{"embeddable":true,"href":"https:\/\/www.gaveanews.com\/index.php\/wp-json\/wp\/v2\/users\/30"}],"replies":[{"embeddable":true,"href":"https:\/\/www.gaveanews.com\/index.php\/wp-json\/wp\/v2\/comments?post=257966"}],"version-history":[{"count":1,"href":"https:\/\/www.gaveanews.com\/index.php\/wp-json\/wp\/v2\/posts\/257966\/revisions"}],"predecessor-version":[{"id":257971,"href":"https:\/\/www.gaveanews.com\/index.php\/wp-json\/wp\/v2\/posts\/257966\/revisions\/257971"}],"wp:featuredmedia":[{"embeddable":true,"href":"https:\/\/www.gaveanews.com\/index.php\/wp-json\/wp\/v2\/media\/255111"}],"wp:attachment":[{"href":"https:\/\/www.gaveanews.com\/index.php\/wp-json\/wp\/v2\/media?parent=257966"}],"wp:term":[{"taxonomy":"category","embeddable":true,"href":"https:\/\/www.gaveanews.com\/index.php\/wp-json\/wp\/v2\/categories?post=257966"},{"taxonomy":"post_tag","embeddable":true,"href":"https:\/\/www.gaveanews.com\/index.php\/wp-json\/wp\/v2\/tags?post=257966"}],"curies":[{"name":"wp","href":"https:\/\/api.w.org\/{rel}","templated":true}]}}