{"id":257975,"date":"2025-04-26T19:05:00","date_gmt":"2025-04-26T22:05:00","guid":{"rendered":"https:\/\/www.gaveanews.com\/?p=257975"},"modified":"2025-04-26T18:49:32","modified_gmt":"2025-04-26T21:49:32","slug":"advogada-rebate-versao-de-payet-e-detalha-sobre-as-agressoes","status":"publish","type":"post","link":"https:\/\/www.gaveanews.com\/index.php\/2025\/04\/26\/advogada-rebate-versao-de-payet-e-detalha-sobre-as-agressoes\/","title":{"rendered":"Advogada rebate vers\u00e3o de Payet e detalha sobre as agress\u00f5es"},"content":{"rendered":"\n<p>Em entrevista exclusiva concedida ao Lance!, a advogada Larissa Ferrari contestou a vers\u00e3o apresentada pelo meia Dimitri Payet, do Vasco, sobre as den\u00fancias recentes. Ela detalhou o relacionamento que manteve com o jogador, afirmando que os epis\u00f3dios relatados envolveram agress\u00f5es f\u00edsicas, psicol\u00f3gicas e pr\u00e1ticas degradantes, diferentes do que foi alegado pelo franc\u00eas, que em depoimento \u00e0 pol\u00edcia sustentou a tese de consentimento m\u00fatuo.<\/p>\n\n\n\n<p>Larissa revelou que, inicialmente, as pr\u00e1ticas \u00edntimas com Payet, embora intensas, n\u00e3o deixavam marcas vis\u00edveis. Entretanto, conforme afirmou, a partir de janeiro deste ano, o comportamento do jogador mudou drasticamente. <\/p>\n\n\n\n<p>&#8220;Foi a partir de janeiro, quando ele retornou da Fran\u00e7a, que ele come\u00e7ou a falar sobre puni\u00e7\u00f5es&#8221;, relatou a advogada. Segundo ela, as pr\u00e1ticas evolu\u00edram para a\u00e7\u00f5es mais agressivas, que resultaram em hematomas em seu corpo, o que foi percebido, inclusive, por pessoas pr\u00f3ximas.<\/p>\n\n\n\n<p>O epis\u00f3dios de maior viol\u00eancia emocional ocorreram, ainda segundo relato, ap\u00f3s um epis\u00f3dio de ci\u00fames envolvendo o jogador Paulinho, do Palmeiras. &#8220;A urina foi a partir do momento que ele me pediu provas de amor, para provar que eu gostava dele&#8221;, declarou. <\/p>\n\n\n\n<p>Sua vers\u00e3o vai de frente \u00e0 de Payet, visto que Larissa afirmou que tais pr\u00e1ticas n\u00e3o eram espont\u00e2neas, mas fruto de press\u00e3o emocional e de um medo intenso de perder o relacionamento, agravado pelo seu transtorno de personalidade borderline.<\/p>\n\n\n\n<h2 class=\"wp-block-heading\" id=\"h-nao-e-real\">&#8220;N\u00e3o \u00e9 real&#8221;<\/h2>\n\n\n\n<p>Quando questionada se as pr\u00e1ticas descritas por Payet, como sadomasoquismo, eram consentidas, Larissa foi categ\u00f3rica: &#8220;Eu nego a vers\u00e3o dele, que ele falou que tudo era consentido. Isso n\u00e3o \u00e9 real&#8221;. Ela ainda assegurou que mensagens e v\u00eddeos trocados entre eles comprovam a exist\u00eancia de press\u00f5es psicol\u00f3gicas para a realiza\u00e7\u00e3o dos atos.<\/p>\n\n\n\n<p>Larissa contou que tentou encerrar a rela\u00e7\u00e3o em mar\u00e7o, momento em que retornou para sua cidade natal, e que, desde ent\u00e3o, n\u00e3o houve mais contato entre ambos. Refor\u00e7ou, ainda, que jamais buscou acordos extrajudiciais, destacando que seu objetivo \u00e9 a responsabiliza\u00e7\u00e3o criminal de Payet, n\u00e3o interesses financeiros. <\/p>\n\n\n\n<p>&#8220;O meu interesse era de que tudo fosse apresentado com provas juridicamente&#8221;, frisou.<\/p>\n\n\n\n<p>Atualmente, Larissa segue abalada emocionalmente, sob acompanhamento do CAPS (Centro de Aten\u00e7\u00e3o Psicossocial), tomando medica\u00e7\u00f5es di\u00e1rias. Em suas palavras, &#8220;ainda n\u00e3o consegui retomar minha rotina, ainda n\u00e3o consegui voltar ao Rio de Janeiro. Nunca mais fui a nenhum jogo do Vasco&#8221;. A advogada aguarda a concess\u00e3o de medidas protetivas, incluindo o bot\u00e3o do p\u00e2nico, a fim de garantir maior seguran\u00e7a.<\/p>\n\n\n\n<h2 class=\"wp-block-heading\" id=\"h-a-versao-de-payet-apresentada-em-depoimento\">A vers\u00e3o de Payet apresentada em depoimento<\/h2>\n\n\n\n<p>Conforme reportagem do g1, Dimitri Payet prestou depoimento \u00e0 Delegacia de Atendimento \u00e0 Mulher (Deam) de Jacarepagu\u00e1, no Rio de Janeiro, no dia 16 de abril. Acompanhado de advogada e int\u00e9rprete, o franc\u00eas reconheceu o relacionamento extraconjugal com Larissa, mas negou qualquer tipo de agress\u00e3o f\u00edsica, moral, psicol\u00f3gica ou sexual.<\/p>\n\n\n\n<p>De acordo com o jogador, as pr\u00e1ticas relatadas eram consensuais e teriam sido iniciadas a partir do interesse da advogada, que, segundo ele, enviava v\u00eddeos de conte\u00fado \u00edntimo de maneira espont\u00e2nea. Payet afirmou que Larissa solicitava pr\u00e1ticas que, eventualmente, resultavam em marcas no corpo, especialmente devido \u00e0 sensibilidade da pele dela.<\/p>\n\n\n\n<p>O atleta ainda disse que a ruptura no relacionamento ocorreu ap\u00f3s recusar a proposta da advogada de banc\u00e1-la na Fran\u00e7a para que o affair continuasse. Ap\u00f3s o rompimento, relatou ter recebido mensagens de Larissa amea\u00e7ando expor &#8220;segredos&#8221; caso ele n\u00e3o entrasse em contato.<\/p>\n\n\n\n<p>Por meio de sua defesa, o franc\u00eas manifestou indigna\u00e7\u00e3o com o vazamento dos autos do processo e reiterou a confian\u00e7a na comprova\u00e7\u00e3o de sua inoc\u00eancia. A advogada Sheila Lustoza afirmou: &#8220;O caso revela com provas algo que \u00e9 muito claro: uma mulher no exerc\u00edcio de sua liberdade e vontade, como deve ser, ao contr\u00e1rio do que foi narrado at\u00e9 o momento publicamente&#8221;.<\/p>\n\n\n\n<p>Em meio a isso, Larissa declarou \u00e0 imprensa: &#8220;Eu sabia que ele negaria. Mas eu continuarei buscando a justi\u00e7a, por mim e por todas que se calam diante de abusos. O dinheiro, a fama dele e o machismo n\u00e3o ir\u00e3o me calar&#8221;.<\/p>\n\n\n\n<p><\/p>\n","protected":false},"excerpt":{"rendered":"<p>Em entrevista exclusiva concedida ao Lance!, a advogada Larissa Ferrari contestou a vers\u00e3o apresentada pelo meia Dimitri Payet, do Vasco, sobre as den\u00fancias recentes. Ela detalhou o relacionamento que manteve com o jogador, afirmando que os epis\u00f3dios relatados envolveram agress\u00f5es f\u00edsicas, psicol\u00f3gicas e pr\u00e1ticas degradantes, diferentes do que foi alegado pelo franc\u00eas, que em depoimento [&hellip;]<\/p>\n","protected":false},"author":30,"featured_media":124623,"comment_status":"open","ping_status":"closed","sticky":false,"template":"","format":"standard","meta":{"footnotes":""},"categories":[478,81,152],"tags":[],"class_list":["post-257975","post","type-post","status-publish","format-standard","has-post-thumbnail","hentry","category-brasil","category-celebridades","category-vasco"],"yoast_head":"<!-- This site is optimized with the Yoast SEO Premium plugin v24.2 (Yoast SEO v26.9) - https:\/\/yoast.com\/product\/yoast-seo-premium-wordpress\/ -->\n<title>Advogada rebate vers\u00e3o de Payet e detalha sobre as agress\u00f5es<\/title>\n<meta name=\"robots\" content=\"index, follow, max-snippet:-1, max-image-preview:large, max-video-preview:-1\" \/>\n<link rel=\"canonical\" href=\"https:\/\/www.gaveanews.com\/index.php\/2025\/04\/26\/advogada-rebate-versao-de-payet-e-detalha-sobre-as-agressoes\/\" \/>\n<meta property=\"og:locale\" content=\"pt_BR\" \/>\n<meta property=\"og:type\" content=\"article\" \/>\n<meta property=\"og:title\" content=\"Advogada rebate vers\u00e3o de Payet e detalha sobre as agress\u00f5es\" \/>\n<meta property=\"og:description\" content=\"Em entrevista exclusiva concedida ao Lance!, a advogada Larissa Ferrari contestou a vers\u00e3o apresentada pelo meia Dimitri Payet, do Vasco, sobre as den\u00fancias recentes. Ela detalhou o relacionamento que manteve com o jogador, afirmando que os epis\u00f3dios relatados envolveram agress\u00f5es f\u00edsicas, psicol\u00f3gicas e pr\u00e1ticas degradantes, diferentes do que foi alegado pelo franc\u00eas, que em depoimento [&hellip;]\" \/>\n<meta property=\"og:url\" content=\"https:\/\/www.gaveanews.com\/index.php\/2025\/04\/26\/advogada-rebate-versao-de-payet-e-detalha-sobre-as-agressoes\/\" \/>\n<meta property=\"og:site_name\" content=\"G\u00e1vea News\" \/>\n<meta property=\"article:publisher\" content=\"https:\/\/facebook.com\/gaveaNews\/\" \/>\n<meta property=\"article:published_time\" content=\"2025-04-26T22:05:00+00:00\" \/>\n<meta property=\"og:image\" content=\"https:\/\/www.gaveanews.com\/wp-content\/uploads\/agif23100200212796-1-.webp\" \/>\n\t<meta property=\"og:image:width\" content=\"984\" \/>\n\t<meta property=\"og:image:height\" content=\"656\" \/>\n\t<meta property=\"og:image:type\" content=\"image\/webp\" \/>\n<meta name=\"author\" content=\"Ana Teixeira\" \/>\n<meta name=\"twitter:card\" content=\"summary_large_image\" \/>\n<meta name=\"twitter:label1\" content=\"Escrito por\" \/>\n\t<meta name=\"twitter:data1\" content=\"Ana Teixeira\" \/>\n\t<meta name=\"twitter:label2\" content=\"Est. tempo de leitura\" \/>\n\t<meta name=\"twitter:data2\" content=\"4 minutos\" \/>\n<script type=\"application\/ld+json\" class=\"yoast-schema-graph\">{\"@context\":\"https:\/\/schema.org\",\"@graph\":[{\"@type\":\"NewsArticle\",\"@id\":\"https:\/\/www.gaveanews.com\/index.php\/2025\/04\/26\/advogada-rebate-versao-de-payet-e-detalha-sobre-as-agressoes\/#article\",\"isPartOf\":{\"@id\":\"https:\/\/www.gaveanews.com\/index.php\/2025\/04\/26\/advogada-rebate-versao-de-payet-e-detalha-sobre-as-agressoes\/\"},\"author\":{\"name\":\"Ana Teixeira\",\"@id\":\"https:\/\/www.gaveanews.com\/#\/schema\/person\/3b19f7288b0ce20372991275e4f2e6c2\"},\"headline\":\"Advogada rebate vers\u00e3o de Payet e detalha sobre as agress\u00f5es\",\"datePublished\":\"2025-04-26T22:05:00+00:00\",\"mainEntityOfPage\":{\"@id\":\"https:\/\/www.gaveanews.com\/index.php\/2025\/04\/26\/advogada-rebate-versao-de-payet-e-detalha-sobre-as-agressoes\/\"},\"wordCount\":732,\"commentCount\":0,\"image\":{\"@id\":\"https:\/\/www.gaveanews.com\/index.php\/2025\/04\/26\/advogada-rebate-versao-de-payet-e-detalha-sobre-as-agressoes\/#primaryimage\"},\"thumbnailUrl\":\"https:\/\/www.gaveanews.com\/wp-content\/uploads\/agif23100200212796-1-.webp\",\"articleSection\":[\"Brasil\",\"Celebridades\",\"Vasco\"],\"inLanguage\":\"pt-BR\",\"potentialAction\":[{\"@type\":\"CommentAction\",\"name\":\"Comment\",\"target\":[\"https:\/\/www.gaveanews.com\/index.php\/2025\/04\/26\/advogada-rebate-versao-de-payet-e-detalha-sobre-as-agressoes\/#respond\"]}],\"copyrightYear\":\"2025\",\"copyrightHolder\":{\"@id\":\"https:\/\/www.gaveanews.com\/#organization\"}},{\"@type\":\"WebPage\",\"@id\":\"https:\/\/www.gaveanews.com\/index.php\/2025\/04\/26\/advogada-rebate-versao-de-payet-e-detalha-sobre-as-agressoes\/\",\"url\":\"https:\/\/www.gaveanews.com\/index.php\/2025\/04\/26\/advogada-rebate-versao-de-payet-e-detalha-sobre-as-agressoes\/\",\"name\":\"Advogada rebate vers\u00e3o de Payet e detalha sobre as agress\u00f5es\",\"isPartOf\":{\"@id\":\"https:\/\/www.gaveanews.com\/#website\"},\"primaryImageOfPage\":{\"@id\":\"https:\/\/www.gaveanews.com\/index.php\/2025\/04\/26\/advogada-rebate-versao-de-payet-e-detalha-sobre-as-agressoes\/#primaryimage\"},\"image\":{\"@id\":\"https:\/\/www.gaveanews.com\/index.php\/2025\/04\/26\/advogada-rebate-versao-de-payet-e-detalha-sobre-as-agressoes\/#primaryimage\"},\"thumbnailUrl\":\"https:\/\/www.gaveanews.com\/wp-content\/uploads\/agif23100200212796-1-.webp\",\"datePublished\":\"2025-04-26T22:05:00+00:00\",\"author\":{\"@id\":\"https:\/\/www.gaveanews.com\/#\/schema\/person\/3b19f7288b0ce20372991275e4f2e6c2\"},\"breadcrumb\":{\"@id\":\"https:\/\/www.gaveanews.com\/index.php\/2025\/04\/26\/advogada-rebate-versao-de-payet-e-detalha-sobre-as-agressoes\/#breadcrumb\"},\"inLanguage\":\"pt-BR\",\"potentialAction\":[{\"@type\":\"ReadAction\",\"target\":[\"https:\/\/www.gaveanews.com\/index.php\/2025\/04\/26\/advogada-rebate-versao-de-payet-e-detalha-sobre-as-agressoes\/\"]}]},{\"@type\":\"ImageObject\",\"inLanguage\":\"pt-BR\",\"@id\":\"https:\/\/www.gaveanews.com\/index.php\/2025\/04\/26\/advogada-rebate-versao-de-payet-e-detalha-sobre-as-agressoes\/#primaryimage\",\"url\":\"https:\/\/www.gaveanews.com\/wp-content\/uploads\/agif23100200212796-1-.webp\",\"contentUrl\":\"https:\/\/www.gaveanews.com\/wp-content\/uploads\/agif23100200212796-1-.webp\",\"width\":984,\"height\":656,\"caption\":\"Payet em a\u00e7\u00e3o pelo Vasco (Foto: Abner Dourado\/AGIF)\"},{\"@type\":\"BreadcrumbList\",\"@id\":\"https:\/\/www.gaveanews.com\/index.php\/2025\/04\/26\/advogada-rebate-versao-de-payet-e-detalha-sobre-as-agressoes\/#breadcrumb\",\"itemListElement\":[{\"@type\":\"ListItem\",\"position\":1,\"name\":\"Home\",\"item\":\"https:\/\/www.gaveanews.com\/\"},{\"@type\":\"ListItem\",\"position\":2,\"name\":\"Advogada rebate vers\u00e3o de Payet e detalha sobre as agress\u00f5es\"}]},{\"@type\":\"WebSite\",\"@id\":\"https:\/\/www.gaveanews.com\/#website\",\"url\":\"https:\/\/www.gaveanews.com\/\",\"name\":\"G\u00e1vea News\",\"description\":\"Veja todas as not\u00edcias sobre o Flamengo: Contrata\u00e7\u00f5es, categorias de base, resultados das partidas, tabela de classifica\u00e7\u00e3o, pr\u00f3ximos jogos!\",\"potentialAction\":[{\"@type\":\"SearchAction\",\"target\":{\"@type\":\"EntryPoint\",\"urlTemplate\":\"https:\/\/www.gaveanews.com\/?s={search_term_string}\"},\"query-input\":{\"@type\":\"PropertyValueSpecification\",\"valueRequired\":true,\"valueName\":\"search_term_string\"}}],\"inLanguage\":\"pt-BR\"},{\"@type\":\"Person\",\"@id\":\"https:\/\/www.gaveanews.com\/#\/schema\/person\/3b19f7288b0ce20372991275e4f2e6c2\",\"name\":\"Ana Teixeira\",\"image\":{\"@type\":\"ImageObject\",\"inLanguage\":\"pt-BR\",\"@id\":\"https:\/\/www.gaveanews.com\/#\/schema\/person\/image\/\",\"url\":\"https:\/\/secure.gravatar.com\/avatar\/0a73f5a5258f3fed37fc2fa641892f3f7a4748456d4d4792f9bc550e6c19e06c?s=96&d=mm&r=g\",\"contentUrl\":\"https:\/\/secure.gravatar.com\/avatar\/0a73f5a5258f3fed37fc2fa641892f3f7a4748456d4d4792f9bc550e6c19e06c?s=96&d=mm&r=g\",\"caption\":\"Ana Teixeira\"}}]}<\/script>\n<!-- \/ Yoast SEO Premium plugin. -->","yoast_head_json":{"title":"Advogada rebate vers\u00e3o de Payet e detalha sobre as agress\u00f5es","robots":{"index":"index","follow":"follow","max-snippet":"max-snippet:-1","max-image-preview":"max-image-preview:large","max-video-preview":"max-video-preview:-1"},"canonical":"https:\/\/www.gaveanews.com\/index.php\/2025\/04\/26\/advogada-rebate-versao-de-payet-e-detalha-sobre-as-agressoes\/","og_locale":"pt_BR","og_type":"article","og_title":"Advogada rebate vers\u00e3o de Payet e detalha sobre as agress\u00f5es","og_description":"Em entrevista exclusiva concedida ao Lance!, a advogada Larissa Ferrari contestou a vers\u00e3o apresentada pelo meia Dimitri Payet, do Vasco, sobre as den\u00fancias recentes. Ela detalhou o relacionamento que manteve com o jogador, afirmando que os epis\u00f3dios relatados envolveram agress\u00f5es f\u00edsicas, psicol\u00f3gicas e pr\u00e1ticas degradantes, diferentes do que foi alegado pelo franc\u00eas, que em depoimento [&hellip;]","og_url":"https:\/\/www.gaveanews.com\/index.php\/2025\/04\/26\/advogada-rebate-versao-de-payet-e-detalha-sobre-as-agressoes\/","og_site_name":"G\u00e1vea News","article_publisher":"https:\/\/facebook.com\/gaveaNews\/","article_published_time":"2025-04-26T22:05:00+00:00","og_image":[{"width":984,"height":656,"url":"https:\/\/www.gaveanews.com\/wp-content\/uploads\/agif23100200212796-1-.webp","type":"image\/webp"}],"author":"Ana Teixeira","twitter_card":"summary_large_image","twitter_misc":{"Escrito por":"Ana Teixeira","Est. tempo de leitura":"4 minutos"},"schema":{"@context":"https:\/\/schema.org","@graph":[{"@type":"NewsArticle","@id":"https:\/\/www.gaveanews.com\/index.php\/2025\/04\/26\/advogada-rebate-versao-de-payet-e-detalha-sobre-as-agressoes\/#article","isPartOf":{"@id":"https:\/\/www.gaveanews.com\/index.php\/2025\/04\/26\/advogada-rebate-versao-de-payet-e-detalha-sobre-as-agressoes\/"},"author":{"name":"Ana Teixeira","@id":"https:\/\/www.gaveanews.com\/#\/schema\/person\/3b19f7288b0ce20372991275e4f2e6c2"},"headline":"Advogada rebate vers\u00e3o de Payet e detalha sobre as agress\u00f5es","datePublished":"2025-04-26T22:05:00+00:00","mainEntityOfPage":{"@id":"https:\/\/www.gaveanews.com\/index.php\/2025\/04\/26\/advogada-rebate-versao-de-payet-e-detalha-sobre-as-agressoes\/"},"wordCount":732,"commentCount":0,"image":{"@id":"https:\/\/www.gaveanews.com\/index.php\/2025\/04\/26\/advogada-rebate-versao-de-payet-e-detalha-sobre-as-agressoes\/#primaryimage"},"thumbnailUrl":"https:\/\/www.gaveanews.com\/wp-content\/uploads\/agif23100200212796-1-.webp","articleSection":["Brasil","Celebridades","Vasco"],"inLanguage":"pt-BR","potentialAction":[{"@type":"CommentAction","name":"Comment","target":["https:\/\/www.gaveanews.com\/index.php\/2025\/04\/26\/advogada-rebate-versao-de-payet-e-detalha-sobre-as-agressoes\/#respond"]}],"copyrightYear":"2025","copyrightHolder":{"@id":"https:\/\/www.gaveanews.com\/#organization"}},{"@type":"WebPage","@id":"https:\/\/www.gaveanews.com\/index.php\/2025\/04\/26\/advogada-rebate-versao-de-payet-e-detalha-sobre-as-agressoes\/","url":"https:\/\/www.gaveanews.com\/index.php\/2025\/04\/26\/advogada-rebate-versao-de-payet-e-detalha-sobre-as-agressoes\/","name":"Advogada rebate vers\u00e3o de Payet e detalha sobre as agress\u00f5es","isPartOf":{"@id":"https:\/\/www.gaveanews.com\/#website"},"primaryImageOfPage":{"@id":"https:\/\/www.gaveanews.com\/index.php\/2025\/04\/26\/advogada-rebate-versao-de-payet-e-detalha-sobre-as-agressoes\/#primaryimage"},"image":{"@id":"https:\/\/www.gaveanews.com\/index.php\/2025\/04\/26\/advogada-rebate-versao-de-payet-e-detalha-sobre-as-agressoes\/#primaryimage"},"thumbnailUrl":"https:\/\/www.gaveanews.com\/wp-content\/uploads\/agif23100200212796-1-.webp","datePublished":"2025-04-26T22:05:00+00:00","author":{"@id":"https:\/\/www.gaveanews.com\/#\/schema\/person\/3b19f7288b0ce20372991275e4f2e6c2"},"breadcrumb":{"@id":"https:\/\/www.gaveanews.com\/index.php\/2025\/04\/26\/advogada-rebate-versao-de-payet-e-detalha-sobre-as-agressoes\/#breadcrumb"},"inLanguage":"pt-BR","potentialAction":[{"@type":"ReadAction","target":["https:\/\/www.gaveanews.com\/index.php\/2025\/04\/26\/advogada-rebate-versao-de-payet-e-detalha-sobre-as-agressoes\/"]}]},{"@type":"ImageObject","inLanguage":"pt-BR","@id":"https:\/\/www.gaveanews.com\/index.php\/2025\/04\/26\/advogada-rebate-versao-de-payet-e-detalha-sobre-as-agressoes\/#primaryimage","url":"https:\/\/www.gaveanews.com\/wp-content\/uploads\/agif23100200212796-1-.webp","contentUrl":"https:\/\/www.gaveanews.com\/wp-content\/uploads\/agif23100200212796-1-.webp","width":984,"height":656,"caption":"Payet em a\u00e7\u00e3o pelo Vasco (Foto: Abner Dourado\/AGIF)"},{"@type":"BreadcrumbList","@id":"https:\/\/www.gaveanews.com\/index.php\/2025\/04\/26\/advogada-rebate-versao-de-payet-e-detalha-sobre-as-agressoes\/#breadcrumb","itemListElement":[{"@type":"ListItem","position":1,"name":"Home","item":"https:\/\/www.gaveanews.com\/"},{"@type":"ListItem","position":2,"name":"Advogada rebate vers\u00e3o de Payet e detalha sobre as agress\u00f5es"}]},{"@type":"WebSite","@id":"https:\/\/www.gaveanews.com\/#website","url":"https:\/\/www.gaveanews.com\/","name":"G\u00e1vea News","description":"Veja todas as not\u00edcias sobre o Flamengo: Contrata\u00e7\u00f5es, categorias de base, resultados das partidas, tabela de classifica\u00e7\u00e3o, pr\u00f3ximos jogos!","potentialAction":[{"@type":"SearchAction","target":{"@type":"EntryPoint","urlTemplate":"https:\/\/www.gaveanews.com\/?s={search_term_string}"},"query-input":{"@type":"PropertyValueSpecification","valueRequired":true,"valueName":"search_term_string"}}],"inLanguage":"pt-BR"},{"@type":"Person","@id":"https:\/\/www.gaveanews.com\/#\/schema\/person\/3b19f7288b0ce20372991275e4f2e6c2","name":"Ana Teixeira","image":{"@type":"ImageObject","inLanguage":"pt-BR","@id":"https:\/\/www.gaveanews.com\/#\/schema\/person\/image\/","url":"https:\/\/secure.gravatar.com\/avatar\/0a73f5a5258f3fed37fc2fa641892f3f7a4748456d4d4792f9bc550e6c19e06c?s=96&d=mm&r=g","contentUrl":"https:\/\/secure.gravatar.com\/avatar\/0a73f5a5258f3fed37fc2fa641892f3f7a4748456d4d4792f9bc550e6c19e06c?s=96&d=mm&r=g","caption":"Ana Teixeira"}}]}},"_links":{"self":[{"href":"https:\/\/www.gaveanews.com\/index.php\/wp-json\/wp\/v2\/posts\/257975","targetHints":{"allow":["GET"]}}],"collection":[{"href":"https:\/\/www.gaveanews.com\/index.php\/wp-json\/wp\/v2\/posts"}],"about":[{"href":"https:\/\/www.gaveanews.com\/index.php\/wp-json\/wp\/v2\/types\/post"}],"author":[{"embeddable":true,"href":"https:\/\/www.gaveanews.com\/index.php\/wp-json\/wp\/v2\/users\/30"}],"replies":[{"embeddable":true,"href":"https:\/\/www.gaveanews.com\/index.php\/wp-json\/wp\/v2\/comments?post=257975"}],"version-history":[{"count":1,"href":"https:\/\/www.gaveanews.com\/index.php\/wp-json\/wp\/v2\/posts\/257975\/revisions"}],"predecessor-version":[{"id":257981,"href":"https:\/\/www.gaveanews.com\/index.php\/wp-json\/wp\/v2\/posts\/257975\/revisions\/257981"}],"wp:featuredmedia":[{"embeddable":true,"href":"https:\/\/www.gaveanews.com\/index.php\/wp-json\/wp\/v2\/media\/124623"}],"wp:attachment":[{"href":"https:\/\/www.gaveanews.com\/index.php\/wp-json\/wp\/v2\/media?parent=257975"}],"wp:term":[{"taxonomy":"category","embeddable":true,"href":"https:\/\/www.gaveanews.com\/index.php\/wp-json\/wp\/v2\/categories?post=257975"},{"taxonomy":"post_tag","embeddable":true,"href":"https:\/\/www.gaveanews.com\/index.php\/wp-json\/wp\/v2\/tags?post=257975"}],"curies":[{"name":"wp","href":"https:\/\/api.w.org\/{rel}","templated":true}]}}