{"id":257976,"date":"2025-04-26T19:20:00","date_gmt":"2025-04-26T22:20:00","guid":{"rendered":"https:\/\/www.gaveanews.com\/?p=257976"},"modified":"2025-04-26T18:56:32","modified_gmt":"2025-04-26T21:56:32","slug":"corinthians-contesta-divida-de-r-6-milhoes-com-agente","status":"publish","type":"post","link":"https:\/\/www.gaveanews.com\/index.php\/2025\/04\/26\/corinthians-contesta-divida-de-r-6-milhoes-com-agente\/","title":{"rendered":"Corinthians contesta d\u00edvida de R$ 6 milh\u00f5es com agente"},"content":{"rendered":"\n<p>O Corinthians contestou na Justi\u00e7a a inclus\u00e3o de um montante de R$ 6 milh\u00f5es em uma d\u00edvida reconhecida no Regime Centralizado de Execu\u00e7\u00f5es (RCE) em favor do empres\u00e1rio Giuliano Bertolucci. A d\u00edvida total, formalizada anteriormente, soma R$ 78,2 milh\u00f5es, dos quais R$ 42,2 milh\u00f5es se referem \u00e0 aquisi\u00e7\u00e3o dos direitos econ\u00f4micos do jogador Ramiro. Conforme registros, o valor global cresceu, sobretudo, devido ao descumprimento de prazos estipulados para pagamento.<\/p>\n\n\n\n<p>Em fevereiro deste ano, o clube protocolou um embargo para tentar suspender a execu\u00e7\u00e3o da d\u00edvida. O Corinthians alegou que n\u00e3o reconhece a parcela de R$ 6 milh\u00f5es, pois n\u00e3o houve a apresenta\u00e7\u00e3o de uma planilha detalhada que justificasse a cobran\u00e7a. Al\u00e9m disso, argumentou que a pr\u00e1tica de juros compostos, verificada na d\u00edvida, \u00e9 inconstitucional no Brasil, e destacou cl\u00e1usulas do contrato firmado com Bertolucci durante a gest\u00e3o de Duilio Monteiro Alves para refor\u00e7ar sua posi\u00e7\u00e3o.<\/p>\n\n\n\n<p>Ali\u00e1s, a defesa do empres\u00e1rio rebateu de imediato, sustentando que o valor foi pactuado verbalmente e incorporado ao RCE sem contesta\u00e7\u00f5es anteriores por parte do Corinthians. Conforme apresentado em documentos judiciais, houve uma troca de mensagens via WhatsApp entre Andr\u00e9 Lavieri, representante da Alvarez &amp; Marsal que presta servi\u00e7os ao clube, e o intermedi\u00e1rio de Bertolucci, com planilhas de valores e confirma\u00e7\u00f5es de entendimento entre as partes.<\/p>\n\n\n\n<h2 class=\"wp-block-heading\" id=\"h-participacao-de-pedro-silveira\">Participa\u00e7\u00e3o de Pedro Silveira <\/h2>\n\n\n\n<p>A troca de mensagens revelou que os valores apresentados ao empres\u00e1rio foram aprovados pelo ent\u00e3o diretor financeiro do clube, Pedro Silveira. O Corinthians reconheceu a responsabilidade de Silveira nas tratativas e ressaltou que o departamento jur\u00eddico, liderado por Vinicius Cascone, tamb\u00e9m esteve envolvido nos processos, sempre sob a coordena\u00e7\u00e3o do presidente Augusto Melo.<\/p>\n\n\n\n<p>Entretanto, a Alvarez &amp; Marsal destacou em nota que seu contrato com o Corinthians limita-se a apoio operacional e que a empresa n\u00e3o tem autonomia para decidir ou firmar acordos em nome do clube.<\/p>\n\n\n\n<p> \u201cA Alvarez &amp; Marsal informa que seu contrato com o Sport Club Corinthians Paulista tem como objeto apoio operacional \u00e0 Diretoria Financeira com valor fixo mensal, sem v\u00ednculo com performance e sem qualquer bonifica\u00e7\u00e3o relacionada \u00e0 renegocia\u00e7\u00e3o de d\u00edvidas\u201d, esclareceu a empresa, afirmando seguir r\u00edgidas normas de governan\u00e7a e compliance.<\/p>\n\n\n\n<h2 class=\"wp-block-heading\" id=\"h-divergencia-e-posicionamento-de-duilio-monteiro\">Diverg\u00eancia e posicionamento de Duilio Monteiro<\/h2>\n\n\n\n<p>O ex-presidente Duilio Monteiro Alves, citado na defesa do clube, negou ter inserido juros compostos no contrato firmado com Bertolucci. De acordo com Duilio, o documento que rege a d\u00edvida estipula apenas a incid\u00eancia de juros simples de 1% ao m\u00eas, multa de 2% e corre\u00e7\u00e3o monet\u00e1ria pelo IPCA. &#8220;Essa informa\u00e7\u00e3o de que as condi\u00e7\u00f5es de negocia\u00e7\u00e3o seguem as que foram previstas em contrato na minha gest\u00e3o \u00e9 mentirosa&#8221;, declarou o ex-mandat\u00e1rio.<\/p>\n\n\n\n<p>Al\u00e9m disso, Duilio refor\u00e7ou que a negocia\u00e7\u00e3o mencionada pelo clube atual foi feita de maneira informal entre representantes da Alvarez &amp; Marsal e o departamento financeiro, evidenciando, segundo ele, uma pr\u00e1tica preocupante de gest\u00e3o. &#8220;\u00c9 espantoso e extremamente preocupante pensar que todos os acordos contidos na RCE foram realizados atrav\u00e9s de negocia\u00e7\u00f5es realizadas pela gest\u00e3o Augusto Melo&#8221;, completou.<\/p>\n\n\n\n<h2 class=\"wp-block-heading\" id=\"h-consequencias-e-suspeitas-internas\">Consequ\u00eancias e suspeitas internas<\/h2>\n\n\n\n<p>O epis\u00f3dio gerou suspeitas dentro do pr\u00f3prio clube quanto \u00e0 formaliza\u00e7\u00e3o de outros acordos no \u00e2mbito do RCE, visto que Pedro Silveira liderou a negocia\u00e7\u00e3o de aproximadamente R$ 379,2 milh\u00f5es em d\u00edvidas, com a anu\u00eancia de Cascone e Melo. Assim sendo, discute-se a necessidade de o Conselho Deliberativo investigar se pr\u00e1ticas semelhantes ocorreram em outras tratativas, podendo ter resultado em gastos adicionais para o Corinthians.<\/p>\n\n\n\n<p>Surpreendentemente, Pedro Silveira pediu demiss\u00e3o na sexta-feira (25 de abril). Conforme apurado, o executivo, que atualmente se encontra nos Estados Unidos por raz\u00f5es de sa\u00fade, j\u00e1 planejava sua sa\u00edda ap\u00f3s a vota\u00e7\u00e3o das demonstra\u00e7\u00f5es financeiras de 2024, marcada para segunda-feira (28 de abril). Todavia, decidiu antecipar sua sa\u00edda devido a diverg\u00eancias com o presidente Augusto Melo, que deseja abrir tamb\u00e9m as contas de 2023.<\/p>\n\n\n\n<h2 class=\"wp-block-heading\" id=\"h-posicao-atual-do-corinthians\">Posi\u00e7\u00e3o atual do Corinthians<\/h2>\n\n\n\n<p>O Corinthians informou que segue rigorosamente as condi\u00e7\u00f5es contratuais estabelecidas durante a antiga gest\u00e3o e que, juridicamente, vem utilizando todos os recursos legais dispon\u00edveis para proteger seus interesses. &#8220;A atual gest\u00e3o segue empenhada em honrar todos os compromissos assumidos, reafirmando seu compromisso com a transpar\u00eancia e a responsabilidade na condu\u00e7\u00e3o administrativa do clube&#8221;, concluiu o clube em nota oficial.<\/p>\n","protected":false},"excerpt":{"rendered":"<p>O Corinthians contestou na Justi\u00e7a a inclus\u00e3o de um montante de R$ 6 milh\u00f5es em uma d\u00edvida reconhecida no Regime Centralizado de Execu\u00e7\u00f5es (RCE) em favor do empres\u00e1rio Giuliano Bertolucci. A d\u00edvida total, formalizada anteriormente, soma R$ 78,2 milh\u00f5es, dos quais R$ 42,2 milh\u00f5es se referem \u00e0 aquisi\u00e7\u00e3o dos direitos econ\u00f4micos do jogador Ramiro. Conforme [&hellip;]<\/p>\n","protected":false},"author":30,"featured_media":154473,"comment_status":"open","ping_status":"closed","sticky":false,"template":"","format":"standard","meta":{"footnotes":""},"categories":[141],"tags":[],"class_list":["post-257976","post","type-post","status-publish","format-standard","has-post-thumbnail","hentry","category-corinthians"],"yoast_head":"<!-- This site is optimized with the Yoast SEO Premium plugin v24.2 (Yoast SEO v26.9) - https:\/\/yoast.com\/product\/yoast-seo-premium-wordpress\/ -->\n<title>Corinthians contesta d\u00edvida de R$ 6 milh\u00f5es com agente<\/title>\n<meta name=\"robots\" content=\"index, follow, max-snippet:-1, max-image-preview:large, max-video-preview:-1\" \/>\n<link rel=\"canonical\" href=\"https:\/\/www.gaveanews.com\/index.php\/2025\/04\/26\/corinthians-contesta-divida-de-r-6-milhoes-com-agente\/\" \/>\n<meta property=\"og:locale\" content=\"pt_BR\" \/>\n<meta property=\"og:type\" content=\"article\" \/>\n<meta property=\"og:title\" content=\"Corinthians contesta d\u00edvida de R$ 6 milh\u00f5es com agente\" \/>\n<meta property=\"og:description\" content=\"O Corinthians contestou na Justi\u00e7a a inclus\u00e3o de um montante de R$ 6 milh\u00f5es em uma d\u00edvida reconhecida no Regime Centralizado de Execu\u00e7\u00f5es (RCE) em favor do empres\u00e1rio Giuliano Bertolucci. A d\u00edvida total, formalizada anteriormente, soma R$ 78,2 milh\u00f5es, dos quais R$ 42,2 milh\u00f5es se referem \u00e0 aquisi\u00e7\u00e3o dos direitos econ\u00f4micos do jogador Ramiro. Conforme [&hellip;]\" \/>\n<meta property=\"og:url\" content=\"https:\/\/www.gaveanews.com\/index.php\/2025\/04\/26\/corinthians-contesta-divida-de-r-6-milhoes-com-agente\/\" \/>\n<meta property=\"og:site_name\" content=\"G\u00e1vea News\" \/>\n<meta property=\"article:publisher\" content=\"https:\/\/facebook.com\/gaveaNews\/\" \/>\n<meta property=\"article:published_time\" content=\"2025-04-26T22:20:00+00:00\" \/>\n<meta property=\"og:image\" content=\"https:\/\/www.gaveanews.com\/wp-content\/uploads\/Escudo-do-Corinthians-na-Neo-Quimica-Arena.webp\" \/>\n\t<meta property=\"og:image:width\" content=\"1440\" \/>\n\t<meta property=\"og:image:height\" content=\"959\" \/>\n\t<meta property=\"og:image:type\" content=\"image\/jpeg\" \/>\n<meta name=\"author\" content=\"Ana Teixeira\" \/>\n<meta name=\"twitter:card\" content=\"summary_large_image\" \/>\n<meta name=\"twitter:label1\" content=\"Escrito por\" \/>\n\t<meta name=\"twitter:data1\" content=\"Ana Teixeira\" \/>\n\t<meta name=\"twitter:label2\" content=\"Est. tempo de leitura\" \/>\n\t<meta name=\"twitter:data2\" content=\"4 minutos\" \/>\n<script type=\"application\/ld+json\" class=\"yoast-schema-graph\">{\"@context\":\"https:\/\/schema.org\",\"@graph\":[{\"@type\":\"NewsArticle\",\"@id\":\"https:\/\/www.gaveanews.com\/index.php\/2025\/04\/26\/corinthians-contesta-divida-de-r-6-milhoes-com-agente\/#article\",\"isPartOf\":{\"@id\":\"https:\/\/www.gaveanews.com\/index.php\/2025\/04\/26\/corinthians-contesta-divida-de-r-6-milhoes-com-agente\/\"},\"author\":{\"name\":\"Ana Teixeira\",\"@id\":\"https:\/\/www.gaveanews.com\/#\/schema\/person\/3b19f7288b0ce20372991275e4f2e6c2\"},\"headline\":\"Corinthians contesta d\u00edvida de R$ 6 milh\u00f5es com agente\",\"datePublished\":\"2025-04-26T22:20:00+00:00\",\"mainEntityOfPage\":{\"@id\":\"https:\/\/www.gaveanews.com\/index.php\/2025\/04\/26\/corinthians-contesta-divida-de-r-6-milhoes-com-agente\/\"},\"wordCount\":766,\"commentCount\":0,\"image\":{\"@id\":\"https:\/\/www.gaveanews.com\/index.php\/2025\/04\/26\/corinthians-contesta-divida-de-r-6-milhoes-com-agente\/#primaryimage\"},\"thumbnailUrl\":\"https:\/\/www.gaveanews.com\/wp-content\/uploads\/Escudo-do-Corinthians-na-Neo-Quimica-Arena.webp\",\"articleSection\":[\"Corinthians\"],\"inLanguage\":\"pt-BR\",\"potentialAction\":[{\"@type\":\"CommentAction\",\"name\":\"Comment\",\"target\":[\"https:\/\/www.gaveanews.com\/index.php\/2025\/04\/26\/corinthians-contesta-divida-de-r-6-milhoes-com-agente\/#respond\"]}],\"copyrightYear\":\"2025\",\"copyrightHolder\":{\"@id\":\"https:\/\/www.gaveanews.com\/#organization\"}},{\"@type\":\"WebPage\",\"@id\":\"https:\/\/www.gaveanews.com\/index.php\/2025\/04\/26\/corinthians-contesta-divida-de-r-6-milhoes-com-agente\/\",\"url\":\"https:\/\/www.gaveanews.com\/index.php\/2025\/04\/26\/corinthians-contesta-divida-de-r-6-milhoes-com-agente\/\",\"name\":\"Corinthians contesta d\u00edvida de R$ 6 milh\u00f5es com agente\",\"isPartOf\":{\"@id\":\"https:\/\/www.gaveanews.com\/#website\"},\"primaryImageOfPage\":{\"@id\":\"https:\/\/www.gaveanews.com\/index.php\/2025\/04\/26\/corinthians-contesta-divida-de-r-6-milhoes-com-agente\/#primaryimage\"},\"image\":{\"@id\":\"https:\/\/www.gaveanews.com\/index.php\/2025\/04\/26\/corinthians-contesta-divida-de-r-6-milhoes-com-agente\/#primaryimage\"},\"thumbnailUrl\":\"https:\/\/www.gaveanews.com\/wp-content\/uploads\/Escudo-do-Corinthians-na-Neo-Quimica-Arena.webp\",\"datePublished\":\"2025-04-26T22:20:00+00:00\",\"author\":{\"@id\":\"https:\/\/www.gaveanews.com\/#\/schema\/person\/3b19f7288b0ce20372991275e4f2e6c2\"},\"breadcrumb\":{\"@id\":\"https:\/\/www.gaveanews.com\/index.php\/2025\/04\/26\/corinthians-contesta-divida-de-r-6-milhoes-com-agente\/#breadcrumb\"},\"inLanguage\":\"pt-BR\",\"potentialAction\":[{\"@type\":\"ReadAction\",\"target\":[\"https:\/\/www.gaveanews.com\/index.php\/2025\/04\/26\/corinthians-contesta-divida-de-r-6-milhoes-com-agente\/\"]}]},{\"@type\":\"ImageObject\",\"inLanguage\":\"pt-BR\",\"@id\":\"https:\/\/www.gaveanews.com\/index.php\/2025\/04\/26\/corinthians-contesta-divida-de-r-6-milhoes-com-agente\/#primaryimage\",\"url\":\"https:\/\/www.gaveanews.com\/wp-content\/uploads\/Escudo-do-Corinthians-na-Neo-Quimica-Arena.webp\",\"contentUrl\":\"https:\/\/www.gaveanews.com\/wp-content\/uploads\/Escudo-do-Corinthians-na-Neo-Quimica-Arena.webp\",\"width\":1440,\"height\":959,\"caption\":\"Escudo do Corinthians na N\u00e9o Qu\u00edmica Arena (Foto Reprodu\u00e7\u00e3o\/Instagram)\"},{\"@type\":\"BreadcrumbList\",\"@id\":\"https:\/\/www.gaveanews.com\/index.php\/2025\/04\/26\/corinthians-contesta-divida-de-r-6-milhoes-com-agente\/#breadcrumb\",\"itemListElement\":[{\"@type\":\"ListItem\",\"position\":1,\"name\":\"Home\",\"item\":\"https:\/\/www.gaveanews.com\/\"},{\"@type\":\"ListItem\",\"position\":2,\"name\":\"Corinthians contesta d\u00edvida de R$ 6 milh\u00f5es com agente\"}]},{\"@type\":\"WebSite\",\"@id\":\"https:\/\/www.gaveanews.com\/#website\",\"url\":\"https:\/\/www.gaveanews.com\/\",\"name\":\"G\u00e1vea News\",\"description\":\"Veja todas as not\u00edcias sobre o Flamengo: Contrata\u00e7\u00f5es, categorias de base, resultados das partidas, tabela de classifica\u00e7\u00e3o, pr\u00f3ximos jogos!\",\"potentialAction\":[{\"@type\":\"SearchAction\",\"target\":{\"@type\":\"EntryPoint\",\"urlTemplate\":\"https:\/\/www.gaveanews.com\/?s={search_term_string}\"},\"query-input\":{\"@type\":\"PropertyValueSpecification\",\"valueRequired\":true,\"valueName\":\"search_term_string\"}}],\"inLanguage\":\"pt-BR\"},{\"@type\":\"Person\",\"@id\":\"https:\/\/www.gaveanews.com\/#\/schema\/person\/3b19f7288b0ce20372991275e4f2e6c2\",\"name\":\"Ana Teixeira\",\"image\":{\"@type\":\"ImageObject\",\"inLanguage\":\"pt-BR\",\"@id\":\"https:\/\/www.gaveanews.com\/#\/schema\/person\/image\/\",\"url\":\"https:\/\/secure.gravatar.com\/avatar\/0a73f5a5258f3fed37fc2fa641892f3f7a4748456d4d4792f9bc550e6c19e06c?s=96&d=mm&r=g\",\"contentUrl\":\"https:\/\/secure.gravatar.com\/avatar\/0a73f5a5258f3fed37fc2fa641892f3f7a4748456d4d4792f9bc550e6c19e06c?s=96&d=mm&r=g\",\"caption\":\"Ana Teixeira\"}}]}<\/script>\n<!-- \/ Yoast SEO Premium plugin. -->","yoast_head_json":{"title":"Corinthians contesta d\u00edvida de R$ 6 milh\u00f5es com agente","robots":{"index":"index","follow":"follow","max-snippet":"max-snippet:-1","max-image-preview":"max-image-preview:large","max-video-preview":"max-video-preview:-1"},"canonical":"https:\/\/www.gaveanews.com\/index.php\/2025\/04\/26\/corinthians-contesta-divida-de-r-6-milhoes-com-agente\/","og_locale":"pt_BR","og_type":"article","og_title":"Corinthians contesta d\u00edvida de R$ 6 milh\u00f5es com agente","og_description":"O Corinthians contestou na Justi\u00e7a a inclus\u00e3o de um montante de R$ 6 milh\u00f5es em uma d\u00edvida reconhecida no Regime Centralizado de Execu\u00e7\u00f5es (RCE) em favor do empres\u00e1rio Giuliano Bertolucci. A d\u00edvida total, formalizada anteriormente, soma R$ 78,2 milh\u00f5es, dos quais R$ 42,2 milh\u00f5es se referem \u00e0 aquisi\u00e7\u00e3o dos direitos econ\u00f4micos do jogador Ramiro. Conforme [&hellip;]","og_url":"https:\/\/www.gaveanews.com\/index.php\/2025\/04\/26\/corinthians-contesta-divida-de-r-6-milhoes-com-agente\/","og_site_name":"G\u00e1vea News","article_publisher":"https:\/\/facebook.com\/gaveaNews\/","article_published_time":"2025-04-26T22:20:00+00:00","og_image":[{"width":1440,"height":959,"url":"https:\/\/www.gaveanews.com\/wp-content\/uploads\/Escudo-do-Corinthians-na-Neo-Quimica-Arena.webp","type":"image\/jpeg"}],"author":"Ana Teixeira","twitter_card":"summary_large_image","twitter_misc":{"Escrito por":"Ana Teixeira","Est. tempo de leitura":"4 minutos"},"schema":{"@context":"https:\/\/schema.org","@graph":[{"@type":"NewsArticle","@id":"https:\/\/www.gaveanews.com\/index.php\/2025\/04\/26\/corinthians-contesta-divida-de-r-6-milhoes-com-agente\/#article","isPartOf":{"@id":"https:\/\/www.gaveanews.com\/index.php\/2025\/04\/26\/corinthians-contesta-divida-de-r-6-milhoes-com-agente\/"},"author":{"name":"Ana Teixeira","@id":"https:\/\/www.gaveanews.com\/#\/schema\/person\/3b19f7288b0ce20372991275e4f2e6c2"},"headline":"Corinthians contesta d\u00edvida de R$ 6 milh\u00f5es com agente","datePublished":"2025-04-26T22:20:00+00:00","mainEntityOfPage":{"@id":"https:\/\/www.gaveanews.com\/index.php\/2025\/04\/26\/corinthians-contesta-divida-de-r-6-milhoes-com-agente\/"},"wordCount":766,"commentCount":0,"image":{"@id":"https:\/\/www.gaveanews.com\/index.php\/2025\/04\/26\/corinthians-contesta-divida-de-r-6-milhoes-com-agente\/#primaryimage"},"thumbnailUrl":"https:\/\/www.gaveanews.com\/wp-content\/uploads\/Escudo-do-Corinthians-na-Neo-Quimica-Arena.webp","articleSection":["Corinthians"],"inLanguage":"pt-BR","potentialAction":[{"@type":"CommentAction","name":"Comment","target":["https:\/\/www.gaveanews.com\/index.php\/2025\/04\/26\/corinthians-contesta-divida-de-r-6-milhoes-com-agente\/#respond"]}],"copyrightYear":"2025","copyrightHolder":{"@id":"https:\/\/www.gaveanews.com\/#organization"}},{"@type":"WebPage","@id":"https:\/\/www.gaveanews.com\/index.php\/2025\/04\/26\/corinthians-contesta-divida-de-r-6-milhoes-com-agente\/","url":"https:\/\/www.gaveanews.com\/index.php\/2025\/04\/26\/corinthians-contesta-divida-de-r-6-milhoes-com-agente\/","name":"Corinthians contesta d\u00edvida de R$ 6 milh\u00f5es com agente","isPartOf":{"@id":"https:\/\/www.gaveanews.com\/#website"},"primaryImageOfPage":{"@id":"https:\/\/www.gaveanews.com\/index.php\/2025\/04\/26\/corinthians-contesta-divida-de-r-6-milhoes-com-agente\/#primaryimage"},"image":{"@id":"https:\/\/www.gaveanews.com\/index.php\/2025\/04\/26\/corinthians-contesta-divida-de-r-6-milhoes-com-agente\/#primaryimage"},"thumbnailUrl":"https:\/\/www.gaveanews.com\/wp-content\/uploads\/Escudo-do-Corinthians-na-Neo-Quimica-Arena.webp","datePublished":"2025-04-26T22:20:00+00:00","author":{"@id":"https:\/\/www.gaveanews.com\/#\/schema\/person\/3b19f7288b0ce20372991275e4f2e6c2"},"breadcrumb":{"@id":"https:\/\/www.gaveanews.com\/index.php\/2025\/04\/26\/corinthians-contesta-divida-de-r-6-milhoes-com-agente\/#breadcrumb"},"inLanguage":"pt-BR","potentialAction":[{"@type":"ReadAction","target":["https:\/\/www.gaveanews.com\/index.php\/2025\/04\/26\/corinthians-contesta-divida-de-r-6-milhoes-com-agente\/"]}]},{"@type":"ImageObject","inLanguage":"pt-BR","@id":"https:\/\/www.gaveanews.com\/index.php\/2025\/04\/26\/corinthians-contesta-divida-de-r-6-milhoes-com-agente\/#primaryimage","url":"https:\/\/www.gaveanews.com\/wp-content\/uploads\/Escudo-do-Corinthians-na-Neo-Quimica-Arena.webp","contentUrl":"https:\/\/www.gaveanews.com\/wp-content\/uploads\/Escudo-do-Corinthians-na-Neo-Quimica-Arena.webp","width":1440,"height":959,"caption":"Escudo do Corinthians na N\u00e9o Qu\u00edmica Arena (Foto Reprodu\u00e7\u00e3o\/Instagram)"},{"@type":"BreadcrumbList","@id":"https:\/\/www.gaveanews.com\/index.php\/2025\/04\/26\/corinthians-contesta-divida-de-r-6-milhoes-com-agente\/#breadcrumb","itemListElement":[{"@type":"ListItem","position":1,"name":"Home","item":"https:\/\/www.gaveanews.com\/"},{"@type":"ListItem","position":2,"name":"Corinthians contesta d\u00edvida de R$ 6 milh\u00f5es com agente"}]},{"@type":"WebSite","@id":"https:\/\/www.gaveanews.com\/#website","url":"https:\/\/www.gaveanews.com\/","name":"G\u00e1vea News","description":"Veja todas as not\u00edcias sobre o Flamengo: Contrata\u00e7\u00f5es, categorias de base, resultados das partidas, tabela de classifica\u00e7\u00e3o, pr\u00f3ximos jogos!","potentialAction":[{"@type":"SearchAction","target":{"@type":"EntryPoint","urlTemplate":"https:\/\/www.gaveanews.com\/?s={search_term_string}"},"query-input":{"@type":"PropertyValueSpecification","valueRequired":true,"valueName":"search_term_string"}}],"inLanguage":"pt-BR"},{"@type":"Person","@id":"https:\/\/www.gaveanews.com\/#\/schema\/person\/3b19f7288b0ce20372991275e4f2e6c2","name":"Ana Teixeira","image":{"@type":"ImageObject","inLanguage":"pt-BR","@id":"https:\/\/www.gaveanews.com\/#\/schema\/person\/image\/","url":"https:\/\/secure.gravatar.com\/avatar\/0a73f5a5258f3fed37fc2fa641892f3f7a4748456d4d4792f9bc550e6c19e06c?s=96&d=mm&r=g","contentUrl":"https:\/\/secure.gravatar.com\/avatar\/0a73f5a5258f3fed37fc2fa641892f3f7a4748456d4d4792f9bc550e6c19e06c?s=96&d=mm&r=g","caption":"Ana Teixeira"}}]}},"_links":{"self":[{"href":"https:\/\/www.gaveanews.com\/index.php\/wp-json\/wp\/v2\/posts\/257976","targetHints":{"allow":["GET"]}}],"collection":[{"href":"https:\/\/www.gaveanews.com\/index.php\/wp-json\/wp\/v2\/posts"}],"about":[{"href":"https:\/\/www.gaveanews.com\/index.php\/wp-json\/wp\/v2\/types\/post"}],"author":[{"embeddable":true,"href":"https:\/\/www.gaveanews.com\/index.php\/wp-json\/wp\/v2\/users\/30"}],"replies":[{"embeddable":true,"href":"https:\/\/www.gaveanews.com\/index.php\/wp-json\/wp\/v2\/comments?post=257976"}],"version-history":[{"count":1,"href":"https:\/\/www.gaveanews.com\/index.php\/wp-json\/wp\/v2\/posts\/257976\/revisions"}],"predecessor-version":[{"id":257988,"href":"https:\/\/www.gaveanews.com\/index.php\/wp-json\/wp\/v2\/posts\/257976\/revisions\/257988"}],"wp:featuredmedia":[{"embeddable":true,"href":"https:\/\/www.gaveanews.com\/index.php\/wp-json\/wp\/v2\/media\/154473"}],"wp:attachment":[{"href":"https:\/\/www.gaveanews.com\/index.php\/wp-json\/wp\/v2\/media?parent=257976"}],"wp:term":[{"taxonomy":"category","embeddable":true,"href":"https:\/\/www.gaveanews.com\/index.php\/wp-json\/wp\/v2\/categories?post=257976"},{"taxonomy":"post_tag","embeddable":true,"href":"https:\/\/www.gaveanews.com\/index.php\/wp-json\/wp\/v2\/tags?post=257976"}],"curies":[{"name":"wp","href":"https:\/\/api.w.org\/{rel}","templated":true}]}}