{"id":257977,"date":"2025-04-26T18:39:30","date_gmt":"2025-04-26T21:39:30","guid":{"rendered":"https:\/\/www.gaveanews.com\/?p=257977"},"modified":"2025-04-26T18:39:33","modified_gmt":"2025-04-26T21:39:33","slug":"renato-paiva-tem-grande-desafio-no-botafogo","status":"publish","type":"post","link":"https:\/\/www.gaveanews.com\/index.php\/2025\/04\/26\/renato-paiva-tem-grande-desafio-no-botafogo\/","title":{"rendered":"Renato Paiva tem grande desafio no Botafogo"},"content":{"rendered":"\n<p>O Botafogo ter\u00e1 um compromisso decisivo na noite deste s\u00e1bado (26), quando enfrentar\u00e1 o Fluminense, \u00e0s 21h, no est\u00e1dio Nilton Santos. Pressionado pela necessidade de reencontrar o caminho das vit\u00f3rias, o time comandado por Renato Paiva busca tamb\u00e9m corrigir um problema evidente: a baixa efetividade nas finaliza\u00e7\u00f5es.<\/p>\n\n\n\n<p>Embora o Alvinegro tenha aumentado o n\u00famero de chutes a gol nesta edi\u00e7\u00e3o do Campeonato Brasileiro, a quantidade de bolas na rede caiu drasticamente. Nas cinco primeiras rodadas de 2024, a equipe finalizou no alvo em 22 oportunidades e marcou 11 gols, atingindo um expressivo aproveitamento de 50%. Atualmente, em 2025, o Botafogo j\u00e1 soma 26 finaliza\u00e7\u00f5es certas, mas balan\u00e7ou as redes apenas quatro vezes, reduzindo seu rendimento para 15,3%.<\/p>\n\n\n\n<p>Essa queda no aproveitamento ofensivo ocorre em um momento crucial para o clube. Afinal, o Botafogo precisa encerrar uma sequ\u00eancia de quatro partidas sem vit\u00f3ria no Brasileir\u00e3o. A \u00fanica conquista at\u00e9 aqui foi sobre o Juventude, na segunda rodada, com vit\u00f3ria por 2 a 0. O momento delicado \u00e9 refletido na tabela: o Alvinegro ocupa a 15\u00aa posi\u00e7\u00e3o, somando apenas cinco pontos.<\/p>\n\n\n\n<p>Renato Paiva, rec\u00e9m-chegado ao comando t\u00e9cnico, reconheceu a fase inst\u00e1vel vivida pela equipe. Ap\u00f3s a derrota para o Estudiantes, pela Conmebol Libertadores, o treinador afirmou: &#8220;Quem acompanha nossos jogos percebe a fase que estamos atravessando. Quando criamos, n\u00e3o fazemos. E depois, em erros b\u00e1sicos, acabamos perdendo jogos. (&#8230;) Sou treinador, sou respons\u00e1vel, mas de fato \u00e9 uma fase muito estranha o que est\u00e1 acontecendo.&#8221;<\/p>\n\n\n\n<p>Assim tamb\u00e9m, fatores como a reformula\u00e7\u00e3o no elenco contribu\u00edram para o cen\u00e1rio atual. Em 2024, o t\u00e9cnico Artur Jorge ainda n\u00e3o contava com Thiago Almada e Igor Jesus, mas j\u00e1 tinha Luiz Henrique, que, posteriormente, formaria um quarteto ofensivo de destaque com Savarino e os rec\u00e9m-chegados. No entanto, Almada e Luiz Henrique deixaram o clube rumo a Lyon e Zenit, respectivamente. Para suprir essas aus\u00eancias, o Botafogo contratou Artur e Santi Rodr\u00edguez.<\/p>\n\n\n\n<p>A transi\u00e7\u00e3o, entretanto, ainda n\u00e3o surtiu o efeito esperado. Posteriormente, a contrata\u00e7\u00e3o de Renato Paiva, oficializada 55 dias ap\u00f3s a sa\u00edda de Artur Jorge, trouxe esperan\u00e7a, mas o treinador ainda busca estabilidade para o elenco. Sua estreia ocorreu no fim de mar\u00e7o, em empate sem gols com o Palmeiras, marcando o in\u00edcio de sua miss\u00e3o de reorganizar a equipe.<\/p>\n\n\n\n<p>O desafio \u00e9, portanto, duplo: melhorar a pontaria ofensiva e reverter a instabilidade emocional que parece assolar o grupo. Embora a cria\u00e7\u00e3o de oportunidades tenha aumentado, o Botafogo sofre com finaliza\u00e7\u00f5es pouco eficientes, desperdi\u00e7ando chances claras e permitindo que advers\u00e1rios, por vezes com menos oportunidades, definam as partidas.<\/p>\n\n\n\n<p>Al\u00e9m disso, para o duelo contra o Fluminense, Renato Paiva poder\u00e1 contar com o retorno do meio-campista Jair, recuperado de dores. Essa reintegra\u00e7\u00e3o ao time titular surge como mais uma tentativa de encontrar o equil\u00edbrio perdido.<\/p>\n\n\n\n<p><\/p>\n","protected":false},"excerpt":{"rendered":"<p>O Botafogo ter\u00e1 um compromisso decisivo na noite deste s\u00e1bado (26), quando enfrentar\u00e1 o Fluminense, \u00e0s 21h, no est\u00e1dio Nilton Santos. Pressionado pela necessidade de reencontrar o caminho das vit\u00f3rias, o time comandado por Renato Paiva busca tamb\u00e9m corrigir um problema evidente: a baixa efetividade nas finaliza\u00e7\u00f5es. Embora o Alvinegro tenha aumentado o n\u00famero de [&hellip;]<\/p>\n","protected":false},"author":30,"featured_media":244411,"comment_status":"open","ping_status":"closed","sticky":false,"template":"","format":"standard","meta":{"footnotes":""},"categories":[138,133],"tags":[],"class_list":["post-257977","post","type-post","status-publish","format-standard","has-post-thumbnail","hentry","category-botafogo","category-brasileirao"],"yoast_head":"<!-- This site is optimized with the Yoast SEO Premium plugin v24.2 (Yoast SEO v26.9) - https:\/\/yoast.com\/product\/yoast-seo-premium-wordpress\/ -->\n<title>Renato Paiva tem grande desafio no Botafogo<\/title>\n<meta name=\"robots\" content=\"index, follow, max-snippet:-1, max-image-preview:large, max-video-preview:-1\" \/>\n<link rel=\"canonical\" href=\"https:\/\/www.gaveanews.com\/index.php\/2025\/04\/26\/renato-paiva-tem-grande-desafio-no-botafogo\/\" \/>\n<meta property=\"og:locale\" content=\"pt_BR\" \/>\n<meta property=\"og:type\" content=\"article\" \/>\n<meta property=\"og:title\" content=\"Renato Paiva tem grande desafio no Botafogo\" \/>\n<meta property=\"og:description\" content=\"O Botafogo ter\u00e1 um compromisso decisivo na noite deste s\u00e1bado (26), quando enfrentar\u00e1 o Fluminense, \u00e0s 21h, no est\u00e1dio Nilton Santos. Pressionado pela necessidade de reencontrar o caminho das vit\u00f3rias, o time comandado por Renato Paiva busca tamb\u00e9m corrigir um problema evidente: a baixa efetividade nas finaliza\u00e7\u00f5es. Embora o Alvinegro tenha aumentado o n\u00famero de [&hellip;]\" \/>\n<meta property=\"og:url\" content=\"https:\/\/www.gaveanews.com\/index.php\/2025\/04\/26\/renato-paiva-tem-grande-desafio-no-botafogo\/\" \/>\n<meta property=\"og:site_name\" content=\"G\u00e1vea News\" \/>\n<meta property=\"article:publisher\" content=\"https:\/\/facebook.com\/gaveaNews\/\" \/>\n<meta property=\"article:published_time\" content=\"2025-04-26T21:39:30+00:00\" \/>\n<meta property=\"article:modified_time\" content=\"2025-04-26T21:39:33+00:00\" \/>\n<meta property=\"og:image\" content=\"http:\/\/www.gaveanews.com\/wp-content\/uploads\/Renato-Paiva-em-acao-pelo-Botafogo-em-2025.webp\" \/>\n\t<meta property=\"og:image:width\" content=\"900\" \/>\n\t<meta property=\"og:image:height\" content=\"600\" \/>\n\t<meta property=\"og:image:type\" content=\"image\/jpeg\" \/>\n<meta name=\"author\" content=\"Ana Teixeira\" \/>\n<meta name=\"twitter:card\" content=\"summary_large_image\" \/>\n<meta name=\"twitter:label1\" content=\"Escrito por\" \/>\n\t<meta name=\"twitter:data1\" content=\"Ana Teixeira\" \/>\n\t<meta name=\"twitter:label2\" content=\"Est. tempo de leitura\" \/>\n\t<meta name=\"twitter:data2\" content=\"3 minutos\" \/>\n<script type=\"application\/ld+json\" class=\"yoast-schema-graph\">{\"@context\":\"https:\/\/schema.org\",\"@graph\":[{\"@type\":\"NewsArticle\",\"@id\":\"https:\/\/www.gaveanews.com\/index.php\/2025\/04\/26\/renato-paiva-tem-grande-desafio-no-botafogo\/#article\",\"isPartOf\":{\"@id\":\"https:\/\/www.gaveanews.com\/index.php\/2025\/04\/26\/renato-paiva-tem-grande-desafio-no-botafogo\/\"},\"author\":{\"name\":\"Ana Teixeira\",\"@id\":\"https:\/\/www.gaveanews.com\/#\/schema\/person\/3b19f7288b0ce20372991275e4f2e6c2\"},\"headline\":\"Renato Paiva tem grande desafio no Botafogo\",\"datePublished\":\"2025-04-26T21:39:30+00:00\",\"dateModified\":\"2025-04-26T21:39:33+00:00\",\"mainEntityOfPage\":{\"@id\":\"https:\/\/www.gaveanews.com\/index.php\/2025\/04\/26\/renato-paiva-tem-grande-desafio-no-botafogo\/\"},\"wordCount\":494,\"commentCount\":0,\"image\":{\"@id\":\"https:\/\/www.gaveanews.com\/index.php\/2025\/04\/26\/renato-paiva-tem-grande-desafio-no-botafogo\/#primaryimage\"},\"thumbnailUrl\":\"https:\/\/www.gaveanews.com\/wp-content\/uploads\/Renato-Paiva-em-acao-pelo-Botafogo-em-2025.webp\",\"articleSection\":[\"Botafogo\",\"Brasileir\u00e3o\"],\"inLanguage\":\"pt-BR\",\"potentialAction\":[{\"@type\":\"CommentAction\",\"name\":\"Comment\",\"target\":[\"https:\/\/www.gaveanews.com\/index.php\/2025\/04\/26\/renato-paiva-tem-grande-desafio-no-botafogo\/#respond\"]}],\"copyrightYear\":\"2025\",\"copyrightHolder\":{\"@id\":\"https:\/\/www.gaveanews.com\/#organization\"}},{\"@type\":\"WebPage\",\"@id\":\"https:\/\/www.gaveanews.com\/index.php\/2025\/04\/26\/renato-paiva-tem-grande-desafio-no-botafogo\/\",\"url\":\"https:\/\/www.gaveanews.com\/index.php\/2025\/04\/26\/renato-paiva-tem-grande-desafio-no-botafogo\/\",\"name\":\"Renato Paiva tem grande desafio no Botafogo\",\"isPartOf\":{\"@id\":\"https:\/\/www.gaveanews.com\/#website\"},\"primaryImageOfPage\":{\"@id\":\"https:\/\/www.gaveanews.com\/index.php\/2025\/04\/26\/renato-paiva-tem-grande-desafio-no-botafogo\/#primaryimage\"},\"image\":{\"@id\":\"https:\/\/www.gaveanews.com\/index.php\/2025\/04\/26\/renato-paiva-tem-grande-desafio-no-botafogo\/#primaryimage\"},\"thumbnailUrl\":\"https:\/\/www.gaveanews.com\/wp-content\/uploads\/Renato-Paiva-em-acao-pelo-Botafogo-em-2025.webp\",\"datePublished\":\"2025-04-26T21:39:30+00:00\",\"dateModified\":\"2025-04-26T21:39:33+00:00\",\"author\":{\"@id\":\"https:\/\/www.gaveanews.com\/#\/schema\/person\/3b19f7288b0ce20372991275e4f2e6c2\"},\"breadcrumb\":{\"@id\":\"https:\/\/www.gaveanews.com\/index.php\/2025\/04\/26\/renato-paiva-tem-grande-desafio-no-botafogo\/#breadcrumb\"},\"inLanguage\":\"pt-BR\",\"potentialAction\":[{\"@type\":\"ReadAction\",\"target\":[\"https:\/\/www.gaveanews.com\/index.php\/2025\/04\/26\/renato-paiva-tem-grande-desafio-no-botafogo\/\"]}]},{\"@type\":\"ImageObject\",\"inLanguage\":\"pt-BR\",\"@id\":\"https:\/\/www.gaveanews.com\/index.php\/2025\/04\/26\/renato-paiva-tem-grande-desafio-no-botafogo\/#primaryimage\",\"url\":\"https:\/\/www.gaveanews.com\/wp-content\/uploads\/Renato-Paiva-em-acao-pelo-Botafogo-em-2025.webp\",\"contentUrl\":\"https:\/\/www.gaveanews.com\/wp-content\/uploads\/Renato-Paiva-em-acao-pelo-Botafogo-em-2025.webp\",\"width\":900,\"height\":600,\"caption\":\"Renato Paiva em a\u00e7\u00e3o pelo Botafogo em 2025 (Foto: Vitor Silva\/Botafogo)\"},{\"@type\":\"BreadcrumbList\",\"@id\":\"https:\/\/www.gaveanews.com\/index.php\/2025\/04\/26\/renato-paiva-tem-grande-desafio-no-botafogo\/#breadcrumb\",\"itemListElement\":[{\"@type\":\"ListItem\",\"position\":1,\"name\":\"Home\",\"item\":\"https:\/\/www.gaveanews.com\/\"},{\"@type\":\"ListItem\",\"position\":2,\"name\":\"Renato Paiva tem grande desafio no Botafogo\"}]},{\"@type\":\"WebSite\",\"@id\":\"https:\/\/www.gaveanews.com\/#website\",\"url\":\"https:\/\/www.gaveanews.com\/\",\"name\":\"G\u00e1vea News\",\"description\":\"Veja todas as not\u00edcias sobre o Flamengo: Contrata\u00e7\u00f5es, categorias de base, resultados das partidas, tabela de classifica\u00e7\u00e3o, pr\u00f3ximos jogos!\",\"potentialAction\":[{\"@type\":\"SearchAction\",\"target\":{\"@type\":\"EntryPoint\",\"urlTemplate\":\"https:\/\/www.gaveanews.com\/?s={search_term_string}\"},\"query-input\":{\"@type\":\"PropertyValueSpecification\",\"valueRequired\":true,\"valueName\":\"search_term_string\"}}],\"inLanguage\":\"pt-BR\"},{\"@type\":\"Person\",\"@id\":\"https:\/\/www.gaveanews.com\/#\/schema\/person\/3b19f7288b0ce20372991275e4f2e6c2\",\"name\":\"Ana Teixeira\",\"image\":{\"@type\":\"ImageObject\",\"inLanguage\":\"pt-BR\",\"@id\":\"https:\/\/www.gaveanews.com\/#\/schema\/person\/image\/\",\"url\":\"https:\/\/secure.gravatar.com\/avatar\/0a73f5a5258f3fed37fc2fa641892f3f7a4748456d4d4792f9bc550e6c19e06c?s=96&d=mm&r=g\",\"contentUrl\":\"https:\/\/secure.gravatar.com\/avatar\/0a73f5a5258f3fed37fc2fa641892f3f7a4748456d4d4792f9bc550e6c19e06c?s=96&d=mm&r=g\",\"caption\":\"Ana Teixeira\"}}]}<\/script>\n<!-- \/ Yoast SEO Premium plugin. -->","yoast_head_json":{"title":"Renato Paiva tem grande desafio no Botafogo","robots":{"index":"index","follow":"follow","max-snippet":"max-snippet:-1","max-image-preview":"max-image-preview:large","max-video-preview":"max-video-preview:-1"},"canonical":"https:\/\/www.gaveanews.com\/index.php\/2025\/04\/26\/renato-paiva-tem-grande-desafio-no-botafogo\/","og_locale":"pt_BR","og_type":"article","og_title":"Renato Paiva tem grande desafio no Botafogo","og_description":"O Botafogo ter\u00e1 um compromisso decisivo na noite deste s\u00e1bado (26), quando enfrentar\u00e1 o Fluminense, \u00e0s 21h, no est\u00e1dio Nilton Santos. Pressionado pela necessidade de reencontrar o caminho das vit\u00f3rias, o time comandado por Renato Paiva busca tamb\u00e9m corrigir um problema evidente: a baixa efetividade nas finaliza\u00e7\u00f5es. Embora o Alvinegro tenha aumentado o n\u00famero de [&hellip;]","og_url":"https:\/\/www.gaveanews.com\/index.php\/2025\/04\/26\/renato-paiva-tem-grande-desafio-no-botafogo\/","og_site_name":"G\u00e1vea News","article_publisher":"https:\/\/facebook.com\/gaveaNews\/","article_published_time":"2025-04-26T21:39:30+00:00","article_modified_time":"2025-04-26T21:39:33+00:00","og_image":[{"width":900,"height":600,"url":"http:\/\/www.gaveanews.com\/wp-content\/uploads\/Renato-Paiva-em-acao-pelo-Botafogo-em-2025.webp","type":"image\/jpeg"}],"author":"Ana Teixeira","twitter_card":"summary_large_image","twitter_misc":{"Escrito por":"Ana Teixeira","Est. tempo de leitura":"3 minutos"},"schema":{"@context":"https:\/\/schema.org","@graph":[{"@type":"NewsArticle","@id":"https:\/\/www.gaveanews.com\/index.php\/2025\/04\/26\/renato-paiva-tem-grande-desafio-no-botafogo\/#article","isPartOf":{"@id":"https:\/\/www.gaveanews.com\/index.php\/2025\/04\/26\/renato-paiva-tem-grande-desafio-no-botafogo\/"},"author":{"name":"Ana Teixeira","@id":"https:\/\/www.gaveanews.com\/#\/schema\/person\/3b19f7288b0ce20372991275e4f2e6c2"},"headline":"Renato Paiva tem grande desafio no Botafogo","datePublished":"2025-04-26T21:39:30+00:00","dateModified":"2025-04-26T21:39:33+00:00","mainEntityOfPage":{"@id":"https:\/\/www.gaveanews.com\/index.php\/2025\/04\/26\/renato-paiva-tem-grande-desafio-no-botafogo\/"},"wordCount":494,"commentCount":0,"image":{"@id":"https:\/\/www.gaveanews.com\/index.php\/2025\/04\/26\/renato-paiva-tem-grande-desafio-no-botafogo\/#primaryimage"},"thumbnailUrl":"https:\/\/www.gaveanews.com\/wp-content\/uploads\/Renato-Paiva-em-acao-pelo-Botafogo-em-2025.webp","articleSection":["Botafogo","Brasileir\u00e3o"],"inLanguage":"pt-BR","potentialAction":[{"@type":"CommentAction","name":"Comment","target":["https:\/\/www.gaveanews.com\/index.php\/2025\/04\/26\/renato-paiva-tem-grande-desafio-no-botafogo\/#respond"]}],"copyrightYear":"2025","copyrightHolder":{"@id":"https:\/\/www.gaveanews.com\/#organization"}},{"@type":"WebPage","@id":"https:\/\/www.gaveanews.com\/index.php\/2025\/04\/26\/renato-paiva-tem-grande-desafio-no-botafogo\/","url":"https:\/\/www.gaveanews.com\/index.php\/2025\/04\/26\/renato-paiva-tem-grande-desafio-no-botafogo\/","name":"Renato Paiva tem grande desafio no Botafogo","isPartOf":{"@id":"https:\/\/www.gaveanews.com\/#website"},"primaryImageOfPage":{"@id":"https:\/\/www.gaveanews.com\/index.php\/2025\/04\/26\/renato-paiva-tem-grande-desafio-no-botafogo\/#primaryimage"},"image":{"@id":"https:\/\/www.gaveanews.com\/index.php\/2025\/04\/26\/renato-paiva-tem-grande-desafio-no-botafogo\/#primaryimage"},"thumbnailUrl":"https:\/\/www.gaveanews.com\/wp-content\/uploads\/Renato-Paiva-em-acao-pelo-Botafogo-em-2025.webp","datePublished":"2025-04-26T21:39:30+00:00","dateModified":"2025-04-26T21:39:33+00:00","author":{"@id":"https:\/\/www.gaveanews.com\/#\/schema\/person\/3b19f7288b0ce20372991275e4f2e6c2"},"breadcrumb":{"@id":"https:\/\/www.gaveanews.com\/index.php\/2025\/04\/26\/renato-paiva-tem-grande-desafio-no-botafogo\/#breadcrumb"},"inLanguage":"pt-BR","potentialAction":[{"@type":"ReadAction","target":["https:\/\/www.gaveanews.com\/index.php\/2025\/04\/26\/renato-paiva-tem-grande-desafio-no-botafogo\/"]}]},{"@type":"ImageObject","inLanguage":"pt-BR","@id":"https:\/\/www.gaveanews.com\/index.php\/2025\/04\/26\/renato-paiva-tem-grande-desafio-no-botafogo\/#primaryimage","url":"https:\/\/www.gaveanews.com\/wp-content\/uploads\/Renato-Paiva-em-acao-pelo-Botafogo-em-2025.webp","contentUrl":"https:\/\/www.gaveanews.com\/wp-content\/uploads\/Renato-Paiva-em-acao-pelo-Botafogo-em-2025.webp","width":900,"height":600,"caption":"Renato Paiva em a\u00e7\u00e3o pelo Botafogo em 2025 (Foto: Vitor Silva\/Botafogo)"},{"@type":"BreadcrumbList","@id":"https:\/\/www.gaveanews.com\/index.php\/2025\/04\/26\/renato-paiva-tem-grande-desafio-no-botafogo\/#breadcrumb","itemListElement":[{"@type":"ListItem","position":1,"name":"Home","item":"https:\/\/www.gaveanews.com\/"},{"@type":"ListItem","position":2,"name":"Renato Paiva tem grande desafio no Botafogo"}]},{"@type":"WebSite","@id":"https:\/\/www.gaveanews.com\/#website","url":"https:\/\/www.gaveanews.com\/","name":"G\u00e1vea News","description":"Veja todas as not\u00edcias sobre o Flamengo: Contrata\u00e7\u00f5es, categorias de base, resultados das partidas, tabela de classifica\u00e7\u00e3o, pr\u00f3ximos jogos!","potentialAction":[{"@type":"SearchAction","target":{"@type":"EntryPoint","urlTemplate":"https:\/\/www.gaveanews.com\/?s={search_term_string}"},"query-input":{"@type":"PropertyValueSpecification","valueRequired":true,"valueName":"search_term_string"}}],"inLanguage":"pt-BR"},{"@type":"Person","@id":"https:\/\/www.gaveanews.com\/#\/schema\/person\/3b19f7288b0ce20372991275e4f2e6c2","name":"Ana Teixeira","image":{"@type":"ImageObject","inLanguage":"pt-BR","@id":"https:\/\/www.gaveanews.com\/#\/schema\/person\/image\/","url":"https:\/\/secure.gravatar.com\/avatar\/0a73f5a5258f3fed37fc2fa641892f3f7a4748456d4d4792f9bc550e6c19e06c?s=96&d=mm&r=g","contentUrl":"https:\/\/secure.gravatar.com\/avatar\/0a73f5a5258f3fed37fc2fa641892f3f7a4748456d4d4792f9bc550e6c19e06c?s=96&d=mm&r=g","caption":"Ana Teixeira"}}]}},"_links":{"self":[{"href":"https:\/\/www.gaveanews.com\/index.php\/wp-json\/wp\/v2\/posts\/257977","targetHints":{"allow":["GET"]}}],"collection":[{"href":"https:\/\/www.gaveanews.com\/index.php\/wp-json\/wp\/v2\/posts"}],"about":[{"href":"https:\/\/www.gaveanews.com\/index.php\/wp-json\/wp\/v2\/types\/post"}],"author":[{"embeddable":true,"href":"https:\/\/www.gaveanews.com\/index.php\/wp-json\/wp\/v2\/users\/30"}],"replies":[{"embeddable":true,"href":"https:\/\/www.gaveanews.com\/index.php\/wp-json\/wp\/v2\/comments?post=257977"}],"version-history":[{"count":1,"href":"https:\/\/www.gaveanews.com\/index.php\/wp-json\/wp\/v2\/posts\/257977\/revisions"}],"predecessor-version":[{"id":257978,"href":"https:\/\/www.gaveanews.com\/index.php\/wp-json\/wp\/v2\/posts\/257977\/revisions\/257978"}],"wp:featuredmedia":[{"embeddable":true,"href":"https:\/\/www.gaveanews.com\/index.php\/wp-json\/wp\/v2\/media\/244411"}],"wp:attachment":[{"href":"https:\/\/www.gaveanews.com\/index.php\/wp-json\/wp\/v2\/media?parent=257977"}],"wp:term":[{"taxonomy":"category","embeddable":true,"href":"https:\/\/www.gaveanews.com\/index.php\/wp-json\/wp\/v2\/categories?post=257977"},{"taxonomy":"post_tag","embeddable":true,"href":"https:\/\/www.gaveanews.com\/index.php\/wp-json\/wp\/v2\/tags?post=257977"}],"curies":[{"name":"wp","href":"https:\/\/api.w.org\/{rel}","templated":true}]}}