{"id":257984,"date":"2025-04-26T19:15:00","date_gmt":"2025-04-26T22:15:00","guid":{"rendered":"https:\/\/www.gaveanews.com\/?p=257984"},"modified":"2025-04-26T18:55:06","modified_gmt":"2025-04-26T21:55:06","slug":"os-bastidores-do-vasco-no-caso-payet","status":"publish","type":"post","link":"https:\/\/www.gaveanews.com\/index.php\/2025\/04\/26\/os-bastidores-do-vasco-no-caso-payet\/","title":{"rendered":"Os bastidores do Vasco no caso Payet"},"content":{"rendered":"\n<p>O Vasco da Gama adota uma postura de cautela diante da investiga\u00e7\u00e3o conduzida pela pol\u00edcia do Rio de Janeiro sobre as acusa\u00e7\u00f5es de viol\u00eancia sexual atribu\u00eddas ao meia Dimitri Payet por sua ex-amante, Larissa Natalya Ferrari. Embora a grande repercuss\u00e3o, o clube, at\u00e9 o momento, n\u00e3o foi notificado oficialmente pelas autoridades. Assim sendo, entende que a quest\u00e3o pertence \u00e0 esfera privada do jogador.<\/p>\n\n\n\n<p>Segundo apura\u00e7\u00e3o, a defesa jur\u00eddica da SAF vasca\u00edna permanece atenta, mas ainda n\u00e3o analisou a necessidade de qualquer provid\u00eancia. Eventualmente, o clube se disp\u00f5e a colaborar, caso venha a ser acionado formalmente. <\/p>\n\n\n\n<p>&#8220;O Vasco da Gama informa que at\u00e9 o momento n\u00e3o foi notificado por nenhuma autoridade sobre o recente acontecimento envolvendo o atleta Dimitri Payet. O Clube ressalta que o jogador vem colaborando com as investiga\u00e7\u00f5es e j\u00e1 prestou depoimento \u00e0 Delegacia de Atendimento \u00e0 Mulher, como noticiado. O Vasco aguarda o resultado da investiga\u00e7\u00e3o conduzida pelas autoridades competentes&#8221;, declarou a institui\u00e7\u00e3o em nota oficial.<\/p>\n\n\n\n<p>Internamente, o ambiente no Vasco \u00e9 de tranquilidade. Conforme relatos, Payet tem se mostrado sereno durante os treinos e n\u00e3o demonstrou sinais de nervosismo ou preocupa\u00e7\u00e3o. Ali\u00e1s, o departamento de psicologia do clube n\u00e3o foi mobilizado para oferecer suporte emocional ao atleta, pois n\u00e3o houve qualquer solicita\u00e7\u00e3o nesse sentido.<\/p>\n\n\n\n<p>Em compara\u00e7\u00e3o, a posi\u00e7\u00e3o adotada lembra a postura do Flamengo no caso do atacante Bruno Henrique, igualmente investigado por suposta manipula\u00e7\u00e3o de resultados, baseada, primordialmente, na presun\u00e7\u00e3o de inoc\u00eancia. Portanto, a estrat\u00e9gia do Vasco se concentra em respeitar o curso natural da investiga\u00e7\u00e3o, evitando ju\u00edzos pr\u00e9vios.<\/p>\n\n\n\n<h2 class=\"wp-block-heading\" id=\"h-detalhes-das-acusacoes-e-depoimento-de-payet\">Detalhes das acusa\u00e7\u00f5es e depoimento de Payet<\/h2>\n\n\n\n<p>Paralelamente, os detalhes sobre as acusa\u00e7\u00f5es e a vers\u00e3o apresentada por Payet tamb\u00e9m vieram \u00e0 tona. Conforme depoimento prestado no dia 16 de abril, na Delegacia de Atendimento \u00e0 Mulher (Deam) de Jacarepagu\u00e1, o jogador confirmou o relacionamento extraconjugal com Larissa Ferrari, iniciado em agosto de 2024. Todavia, ele negou de maneira enf\u00e1tica as acusa\u00e7\u00f5es de agress\u00f5es f\u00edsica, moral, psicol\u00f3gica e sexual, sustentando que todas as pr\u00e1ticas \u00edntimas foram consensuais.<\/p>\n\n\n\n<p>Segundo Payet, Larissa, torcedora do Vasco, o procurou pelas redes sociais, e a aproxima\u00e7\u00e3o se intensificou posteriormente. Em sua fala, o atleta mencionou que desconhecia qualquer condi\u00e7\u00e3o psicol\u00f3gica da advogada, embora ela tenha declarado sofrer de transtorno de personalidade Borderline. Payet afirmou que os epis\u00f3dios relatados por Larissa, inclusive pr\u00e1ticas consideradas bizarras como colocar a cabe\u00e7a no vaso sanit\u00e1rio ou ingerir urina, ocorreram por iniciativa da pr\u00f3pria advogada e foram consentidos.<\/p>\n\n\n\n<p>Ainda assim, Larissa apresentou \u00e0 pol\u00edcia fotografias de hematomas, alegadamente resultantes de agress\u00f5es. Sobre isso, Payet explicou que as marcas decorreram de pr\u00e1ticas consensuais durante atos sexuais, ressaltando a pele sens\u00edvel da mulher e o uso de cadeiras de madeira como acess\u00f3rios \u00edntimos.<\/p>\n\n\n\n<p>O jogador relatou, igualmente, que o relacionamento teria se deteriorado ap\u00f3s ele recusar a proposta de custear a estadia de Larissa na Fran\u00e7a, quando seu contrato com o Vasco encerrasse no meio do ano. Conforme seu depoimento, depois da negativa, Larissa teria amea\u00e7ado expor &#8220;segredos&#8221; caso n\u00e3o fosse contatada no dia de seu anivers\u00e1rio.<\/p>\n\n\n\n<p>Em defesa do jogador, a advogada Sheila Lustoza declarou: &#8220;\u00c9 lament\u00e1vel que autos sigilosos tenham sido vazados, mas o caso revela com provas algo que \u00e9 muito claro: uma mulher no exerc\u00edcio de sua liberdade e vontade, como deve ser, ao contr\u00e1rio do que foi narrado at\u00e9 o momento publicamente&#8221;.<\/p>\n\n\n\n<p>Larissa, por sua vez, reafirma sua vers\u00e3o e promete buscar justi\u00e7a. &#8220;Eu sabia que ele negaria. Mas eu continuarei buscando a justi\u00e7a, por mim e por todas que se calam diante de abusos. O dinheiro, a fama dele e o machismo n\u00e3o ir\u00e3o me calar&#8221;, afirmou.<\/p>\n\n\n\n<p><\/p>\n","protected":false},"excerpt":{"rendered":"<p>O Vasco da Gama adota uma postura de cautela diante da investiga\u00e7\u00e3o conduzida pela pol\u00edcia do Rio de Janeiro sobre as acusa\u00e7\u00f5es de viol\u00eancia sexual atribu\u00eddas ao meia Dimitri Payet por sua ex-amante, Larissa Natalya Ferrari. Embora a grande repercuss\u00e3o, o clube, at\u00e9 o momento, n\u00e3o foi notificado oficialmente pelas autoridades. Assim sendo, entende que [&hellip;]<\/p>\n","protected":false},"author":30,"featured_media":124623,"comment_status":"open","ping_status":"closed","sticky":false,"template":"","format":"standard","meta":{"footnotes":""},"categories":[152],"tags":[],"class_list":["post-257984","post","type-post","status-publish","format-standard","has-post-thumbnail","hentry","category-vasco"],"yoast_head":"<!-- This site is optimized with the Yoast SEO Premium plugin v24.2 (Yoast SEO v26.9) - https:\/\/yoast.com\/product\/yoast-seo-premium-wordpress\/ -->\n<title>Os bastidores do Vasco no caso Payet<\/title>\n<meta name=\"robots\" content=\"index, follow, max-snippet:-1, max-image-preview:large, max-video-preview:-1\" \/>\n<link rel=\"canonical\" href=\"https:\/\/www.gaveanews.com\/index.php\/2025\/04\/26\/os-bastidores-do-vasco-no-caso-payet\/\" \/>\n<meta property=\"og:locale\" content=\"pt_BR\" \/>\n<meta property=\"og:type\" content=\"article\" \/>\n<meta property=\"og:title\" content=\"Os bastidores do Vasco no caso Payet\" \/>\n<meta property=\"og:description\" content=\"O Vasco da Gama adota uma postura de cautela diante da investiga\u00e7\u00e3o conduzida pela pol\u00edcia do Rio de Janeiro sobre as acusa\u00e7\u00f5es de viol\u00eancia sexual atribu\u00eddas ao meia Dimitri Payet por sua ex-amante, Larissa Natalya Ferrari. Embora a grande repercuss\u00e3o, o clube, at\u00e9 o momento, n\u00e3o foi notificado oficialmente pelas autoridades. Assim sendo, entende que [&hellip;]\" \/>\n<meta property=\"og:url\" content=\"https:\/\/www.gaveanews.com\/index.php\/2025\/04\/26\/os-bastidores-do-vasco-no-caso-payet\/\" \/>\n<meta property=\"og:site_name\" content=\"G\u00e1vea News\" \/>\n<meta property=\"article:publisher\" content=\"https:\/\/facebook.com\/gaveaNews\/\" \/>\n<meta property=\"article:published_time\" content=\"2025-04-26T22:15:00+00:00\" \/>\n<meta property=\"og:image\" content=\"https:\/\/www.gaveanews.com\/wp-content\/uploads\/agif23100200212796-1-.webp\" \/>\n\t<meta property=\"og:image:width\" content=\"984\" \/>\n\t<meta property=\"og:image:height\" content=\"656\" \/>\n\t<meta property=\"og:image:type\" content=\"image\/webp\" \/>\n<meta name=\"author\" content=\"Ana Teixeira\" \/>\n<meta name=\"twitter:card\" content=\"summary_large_image\" \/>\n<meta name=\"twitter:label1\" content=\"Escrito por\" \/>\n\t<meta name=\"twitter:data1\" content=\"Ana Teixeira\" \/>\n\t<meta name=\"twitter:label2\" content=\"Est. tempo de leitura\" \/>\n\t<meta name=\"twitter:data2\" content=\"4 minutos\" \/>\n<script type=\"application\/ld+json\" class=\"yoast-schema-graph\">{\"@context\":\"https:\/\/schema.org\",\"@graph\":[{\"@type\":\"NewsArticle\",\"@id\":\"https:\/\/www.gaveanews.com\/index.php\/2025\/04\/26\/os-bastidores-do-vasco-no-caso-payet\/#article\",\"isPartOf\":{\"@id\":\"https:\/\/www.gaveanews.com\/index.php\/2025\/04\/26\/os-bastidores-do-vasco-no-caso-payet\/\"},\"author\":{\"name\":\"Ana Teixeira\",\"@id\":\"https:\/\/www.gaveanews.com\/#\/schema\/person\/3b19f7288b0ce20372991275e4f2e6c2\"},\"headline\":\"Os bastidores do Vasco no caso Payet\",\"datePublished\":\"2025-04-26T22:15:00+00:00\",\"mainEntityOfPage\":{\"@id\":\"https:\/\/www.gaveanews.com\/index.php\/2025\/04\/26\/os-bastidores-do-vasco-no-caso-payet\/\"},\"wordCount\":660,\"commentCount\":0,\"image\":{\"@id\":\"https:\/\/www.gaveanews.com\/index.php\/2025\/04\/26\/os-bastidores-do-vasco-no-caso-payet\/#primaryimage\"},\"thumbnailUrl\":\"https:\/\/www.gaveanews.com\/wp-content\/uploads\/agif23100200212796-1-.webp\",\"articleSection\":[\"Vasco\"],\"inLanguage\":\"pt-BR\",\"potentialAction\":[{\"@type\":\"CommentAction\",\"name\":\"Comment\",\"target\":[\"https:\/\/www.gaveanews.com\/index.php\/2025\/04\/26\/os-bastidores-do-vasco-no-caso-payet\/#respond\"]}],\"copyrightYear\":\"2025\",\"copyrightHolder\":{\"@id\":\"https:\/\/www.gaveanews.com\/#organization\"}},{\"@type\":\"WebPage\",\"@id\":\"https:\/\/www.gaveanews.com\/index.php\/2025\/04\/26\/os-bastidores-do-vasco-no-caso-payet\/\",\"url\":\"https:\/\/www.gaveanews.com\/index.php\/2025\/04\/26\/os-bastidores-do-vasco-no-caso-payet\/\",\"name\":\"Os bastidores do Vasco no caso Payet\",\"isPartOf\":{\"@id\":\"https:\/\/www.gaveanews.com\/#website\"},\"primaryImageOfPage\":{\"@id\":\"https:\/\/www.gaveanews.com\/index.php\/2025\/04\/26\/os-bastidores-do-vasco-no-caso-payet\/#primaryimage\"},\"image\":{\"@id\":\"https:\/\/www.gaveanews.com\/index.php\/2025\/04\/26\/os-bastidores-do-vasco-no-caso-payet\/#primaryimage\"},\"thumbnailUrl\":\"https:\/\/www.gaveanews.com\/wp-content\/uploads\/agif23100200212796-1-.webp\",\"datePublished\":\"2025-04-26T22:15:00+00:00\",\"author\":{\"@id\":\"https:\/\/www.gaveanews.com\/#\/schema\/person\/3b19f7288b0ce20372991275e4f2e6c2\"},\"breadcrumb\":{\"@id\":\"https:\/\/www.gaveanews.com\/index.php\/2025\/04\/26\/os-bastidores-do-vasco-no-caso-payet\/#breadcrumb\"},\"inLanguage\":\"pt-BR\",\"potentialAction\":[{\"@type\":\"ReadAction\",\"target\":[\"https:\/\/www.gaveanews.com\/index.php\/2025\/04\/26\/os-bastidores-do-vasco-no-caso-payet\/\"]}]},{\"@type\":\"ImageObject\",\"inLanguage\":\"pt-BR\",\"@id\":\"https:\/\/www.gaveanews.com\/index.php\/2025\/04\/26\/os-bastidores-do-vasco-no-caso-payet\/#primaryimage\",\"url\":\"https:\/\/www.gaveanews.com\/wp-content\/uploads\/agif23100200212796-1-.webp\",\"contentUrl\":\"https:\/\/www.gaveanews.com\/wp-content\/uploads\/agif23100200212796-1-.webp\",\"width\":984,\"height\":656,\"caption\":\"Payet em a\u00e7\u00e3o pelo Vasco (Foto: Abner Dourado\/AGIF)\"},{\"@type\":\"BreadcrumbList\",\"@id\":\"https:\/\/www.gaveanews.com\/index.php\/2025\/04\/26\/os-bastidores-do-vasco-no-caso-payet\/#breadcrumb\",\"itemListElement\":[{\"@type\":\"ListItem\",\"position\":1,\"name\":\"Home\",\"item\":\"https:\/\/www.gaveanews.com\/\"},{\"@type\":\"ListItem\",\"position\":2,\"name\":\"Os bastidores do Vasco no caso Payet\"}]},{\"@type\":\"WebSite\",\"@id\":\"https:\/\/www.gaveanews.com\/#website\",\"url\":\"https:\/\/www.gaveanews.com\/\",\"name\":\"G\u00e1vea News\",\"description\":\"Veja todas as not\u00edcias sobre o Flamengo: Contrata\u00e7\u00f5es, categorias de base, resultados das partidas, tabela de classifica\u00e7\u00e3o, pr\u00f3ximos jogos!\",\"potentialAction\":[{\"@type\":\"SearchAction\",\"target\":{\"@type\":\"EntryPoint\",\"urlTemplate\":\"https:\/\/www.gaveanews.com\/?s={search_term_string}\"},\"query-input\":{\"@type\":\"PropertyValueSpecification\",\"valueRequired\":true,\"valueName\":\"search_term_string\"}}],\"inLanguage\":\"pt-BR\"},{\"@type\":\"Person\",\"@id\":\"https:\/\/www.gaveanews.com\/#\/schema\/person\/3b19f7288b0ce20372991275e4f2e6c2\",\"name\":\"Ana Teixeira\",\"image\":{\"@type\":\"ImageObject\",\"inLanguage\":\"pt-BR\",\"@id\":\"https:\/\/www.gaveanews.com\/#\/schema\/person\/image\/\",\"url\":\"https:\/\/secure.gravatar.com\/avatar\/0a73f5a5258f3fed37fc2fa641892f3f7a4748456d4d4792f9bc550e6c19e06c?s=96&d=mm&r=g\",\"contentUrl\":\"https:\/\/secure.gravatar.com\/avatar\/0a73f5a5258f3fed37fc2fa641892f3f7a4748456d4d4792f9bc550e6c19e06c?s=96&d=mm&r=g\",\"caption\":\"Ana Teixeira\"}}]}<\/script>\n<!-- \/ Yoast SEO Premium plugin. -->","yoast_head_json":{"title":"Os bastidores do Vasco no caso Payet","robots":{"index":"index","follow":"follow","max-snippet":"max-snippet:-1","max-image-preview":"max-image-preview:large","max-video-preview":"max-video-preview:-1"},"canonical":"https:\/\/www.gaveanews.com\/index.php\/2025\/04\/26\/os-bastidores-do-vasco-no-caso-payet\/","og_locale":"pt_BR","og_type":"article","og_title":"Os bastidores do Vasco no caso Payet","og_description":"O Vasco da Gama adota uma postura de cautela diante da investiga\u00e7\u00e3o conduzida pela pol\u00edcia do Rio de Janeiro sobre as acusa\u00e7\u00f5es de viol\u00eancia sexual atribu\u00eddas ao meia Dimitri Payet por sua ex-amante, Larissa Natalya Ferrari. Embora a grande repercuss\u00e3o, o clube, at\u00e9 o momento, n\u00e3o foi notificado oficialmente pelas autoridades. Assim sendo, entende que [&hellip;]","og_url":"https:\/\/www.gaveanews.com\/index.php\/2025\/04\/26\/os-bastidores-do-vasco-no-caso-payet\/","og_site_name":"G\u00e1vea News","article_publisher":"https:\/\/facebook.com\/gaveaNews\/","article_published_time":"2025-04-26T22:15:00+00:00","og_image":[{"width":984,"height":656,"url":"https:\/\/www.gaveanews.com\/wp-content\/uploads\/agif23100200212796-1-.webp","type":"image\/webp"}],"author":"Ana Teixeira","twitter_card":"summary_large_image","twitter_misc":{"Escrito por":"Ana Teixeira","Est. tempo de leitura":"4 minutos"},"schema":{"@context":"https:\/\/schema.org","@graph":[{"@type":"NewsArticle","@id":"https:\/\/www.gaveanews.com\/index.php\/2025\/04\/26\/os-bastidores-do-vasco-no-caso-payet\/#article","isPartOf":{"@id":"https:\/\/www.gaveanews.com\/index.php\/2025\/04\/26\/os-bastidores-do-vasco-no-caso-payet\/"},"author":{"name":"Ana Teixeira","@id":"https:\/\/www.gaveanews.com\/#\/schema\/person\/3b19f7288b0ce20372991275e4f2e6c2"},"headline":"Os bastidores do Vasco no caso Payet","datePublished":"2025-04-26T22:15:00+00:00","mainEntityOfPage":{"@id":"https:\/\/www.gaveanews.com\/index.php\/2025\/04\/26\/os-bastidores-do-vasco-no-caso-payet\/"},"wordCount":660,"commentCount":0,"image":{"@id":"https:\/\/www.gaveanews.com\/index.php\/2025\/04\/26\/os-bastidores-do-vasco-no-caso-payet\/#primaryimage"},"thumbnailUrl":"https:\/\/www.gaveanews.com\/wp-content\/uploads\/agif23100200212796-1-.webp","articleSection":["Vasco"],"inLanguage":"pt-BR","potentialAction":[{"@type":"CommentAction","name":"Comment","target":["https:\/\/www.gaveanews.com\/index.php\/2025\/04\/26\/os-bastidores-do-vasco-no-caso-payet\/#respond"]}],"copyrightYear":"2025","copyrightHolder":{"@id":"https:\/\/www.gaveanews.com\/#organization"}},{"@type":"WebPage","@id":"https:\/\/www.gaveanews.com\/index.php\/2025\/04\/26\/os-bastidores-do-vasco-no-caso-payet\/","url":"https:\/\/www.gaveanews.com\/index.php\/2025\/04\/26\/os-bastidores-do-vasco-no-caso-payet\/","name":"Os bastidores do Vasco no caso Payet","isPartOf":{"@id":"https:\/\/www.gaveanews.com\/#website"},"primaryImageOfPage":{"@id":"https:\/\/www.gaveanews.com\/index.php\/2025\/04\/26\/os-bastidores-do-vasco-no-caso-payet\/#primaryimage"},"image":{"@id":"https:\/\/www.gaveanews.com\/index.php\/2025\/04\/26\/os-bastidores-do-vasco-no-caso-payet\/#primaryimage"},"thumbnailUrl":"https:\/\/www.gaveanews.com\/wp-content\/uploads\/agif23100200212796-1-.webp","datePublished":"2025-04-26T22:15:00+00:00","author":{"@id":"https:\/\/www.gaveanews.com\/#\/schema\/person\/3b19f7288b0ce20372991275e4f2e6c2"},"breadcrumb":{"@id":"https:\/\/www.gaveanews.com\/index.php\/2025\/04\/26\/os-bastidores-do-vasco-no-caso-payet\/#breadcrumb"},"inLanguage":"pt-BR","potentialAction":[{"@type":"ReadAction","target":["https:\/\/www.gaveanews.com\/index.php\/2025\/04\/26\/os-bastidores-do-vasco-no-caso-payet\/"]}]},{"@type":"ImageObject","inLanguage":"pt-BR","@id":"https:\/\/www.gaveanews.com\/index.php\/2025\/04\/26\/os-bastidores-do-vasco-no-caso-payet\/#primaryimage","url":"https:\/\/www.gaveanews.com\/wp-content\/uploads\/agif23100200212796-1-.webp","contentUrl":"https:\/\/www.gaveanews.com\/wp-content\/uploads\/agif23100200212796-1-.webp","width":984,"height":656,"caption":"Payet em a\u00e7\u00e3o pelo Vasco (Foto: Abner Dourado\/AGIF)"},{"@type":"BreadcrumbList","@id":"https:\/\/www.gaveanews.com\/index.php\/2025\/04\/26\/os-bastidores-do-vasco-no-caso-payet\/#breadcrumb","itemListElement":[{"@type":"ListItem","position":1,"name":"Home","item":"https:\/\/www.gaveanews.com\/"},{"@type":"ListItem","position":2,"name":"Os bastidores do Vasco no caso Payet"}]},{"@type":"WebSite","@id":"https:\/\/www.gaveanews.com\/#website","url":"https:\/\/www.gaveanews.com\/","name":"G\u00e1vea News","description":"Veja todas as not\u00edcias sobre o Flamengo: Contrata\u00e7\u00f5es, categorias de base, resultados das partidas, tabela de classifica\u00e7\u00e3o, pr\u00f3ximos jogos!","potentialAction":[{"@type":"SearchAction","target":{"@type":"EntryPoint","urlTemplate":"https:\/\/www.gaveanews.com\/?s={search_term_string}"},"query-input":{"@type":"PropertyValueSpecification","valueRequired":true,"valueName":"search_term_string"}}],"inLanguage":"pt-BR"},{"@type":"Person","@id":"https:\/\/www.gaveanews.com\/#\/schema\/person\/3b19f7288b0ce20372991275e4f2e6c2","name":"Ana Teixeira","image":{"@type":"ImageObject","inLanguage":"pt-BR","@id":"https:\/\/www.gaveanews.com\/#\/schema\/person\/image\/","url":"https:\/\/secure.gravatar.com\/avatar\/0a73f5a5258f3fed37fc2fa641892f3f7a4748456d4d4792f9bc550e6c19e06c?s=96&d=mm&r=g","contentUrl":"https:\/\/secure.gravatar.com\/avatar\/0a73f5a5258f3fed37fc2fa641892f3f7a4748456d4d4792f9bc550e6c19e06c?s=96&d=mm&r=g","caption":"Ana Teixeira"}}]}},"_links":{"self":[{"href":"https:\/\/www.gaveanews.com\/index.php\/wp-json\/wp\/v2\/posts\/257984","targetHints":{"allow":["GET"]}}],"collection":[{"href":"https:\/\/www.gaveanews.com\/index.php\/wp-json\/wp\/v2\/posts"}],"about":[{"href":"https:\/\/www.gaveanews.com\/index.php\/wp-json\/wp\/v2\/types\/post"}],"author":[{"embeddable":true,"href":"https:\/\/www.gaveanews.com\/index.php\/wp-json\/wp\/v2\/users\/30"}],"replies":[{"embeddable":true,"href":"https:\/\/www.gaveanews.com\/index.php\/wp-json\/wp\/v2\/comments?post=257984"}],"version-history":[{"count":1,"href":"https:\/\/www.gaveanews.com\/index.php\/wp-json\/wp\/v2\/posts\/257984\/revisions"}],"predecessor-version":[{"id":257987,"href":"https:\/\/www.gaveanews.com\/index.php\/wp-json\/wp\/v2\/posts\/257984\/revisions\/257987"}],"wp:featuredmedia":[{"embeddable":true,"href":"https:\/\/www.gaveanews.com\/index.php\/wp-json\/wp\/v2\/media\/124623"}],"wp:attachment":[{"href":"https:\/\/www.gaveanews.com\/index.php\/wp-json\/wp\/v2\/media?parent=257984"}],"wp:term":[{"taxonomy":"category","embeddable":true,"href":"https:\/\/www.gaveanews.com\/index.php\/wp-json\/wp\/v2\/categories?post=257984"},{"taxonomy":"post_tag","embeddable":true,"href":"https:\/\/www.gaveanews.com\/index.php\/wp-json\/wp\/v2\/tags?post=257984"}],"curies":[{"name":"wp","href":"https:\/\/api.w.org\/{rel}","templated":true}]}}