{"id":257991,"date":"2025-04-26T23:15:00","date_gmt":"2025-04-27T02:15:00","guid":{"rendered":"https:\/\/www.gaveanews.com\/?p=257991"},"modified":"2025-04-26T19:13:05","modified_gmt":"2025-04-26T22:13:05","slug":"o-que-falta-para-o-anuncio-de-dorival-no-corinthians","status":"publish","type":"post","link":"https:\/\/www.gaveanews.com\/index.php\/2025\/04\/26\/o-que-falta-para-o-anuncio-de-dorival-no-corinthians\/","title":{"rendered":"O que falta para o an\u00fancio de Dorival no Corinthians?"},"content":{"rendered":"\n<p>Embora Corinthians e Dorival J\u00fanior tenham chegado a um acordo verbal na sexta-feira (25), a oficializa\u00e7\u00e3o da contrata\u00e7\u00e3o ainda depende de alguns tr\u00e2mites. A assinatura do contrato est\u00e1 prevista para ocorrer apenas na segunda-feira (28), fato que postergou o an\u00fancio oficial que era aguardado pelos torcedores.<\/p>\n\n\n\n<p>Enquanto o processo burocr\u00e1tico avan\u00e7a, o t\u00e9cnico Dorival J\u00fanior acompanhar\u00e1 o compromisso do Corinthians contra o Flamengo, neste domingo (27), \u00e0s 16h, no Maracan\u00e3. Ele assistir\u00e1 ao jogo de um camarote, enquanto a equipe ser\u00e1 novamente comandada pelo interino Orlando Ribeiro, que dirige o time desde a sa\u00edda de Ant\u00f3nio Oliveira e conquistou duas vit\u00f3rias consecutivas, contra o Sport e o Racing-URU.<\/p>\n\n\n\n<p>Atualmente, advogados das duas partes trabalham na reda\u00e7\u00e3o final do contrato, o qual estipula v\u00ednculo at\u00e9 o final de 2026. Dessa forma, embora o acerto verbal j\u00e1 tenha ocorrido, o clube optou por adotar cautela e somente confirmar oficialmente o novo treinador ap\u00f3s a formaliza\u00e7\u00e3o documental, como de costume em negocia\u00e7\u00f5es dessa natureza.<\/p>\n\n\n\n<h2 class=\"wp-block-heading\" id=\"h-estreia-prevista-e-preparacao\">Estreia prevista e prepara\u00e7\u00e3o<\/h2>\n\n\n\n<p>A estreia de Dorival J\u00fanior no comando t\u00e9cnico est\u00e1 prevista para quarta-feira (30), diante do Novorizontino, no duelo de ida da terceira fase da Copa do Brasil, fora de casa. O calend\u00e1rio apertado exige que o novo comandante j\u00e1 inicie os trabalhos de maneira imediata, logo ap\u00f3s a assinatura do v\u00ednculo.<\/p>\n\n\n\n<p>Ali\u00e1s, Dorival J\u00fanior n\u00e3o estar\u00e1 sozinho em sua nova miss\u00e3o. O treinador trar\u00e1 consigo uma equipe de profissionais de confian\u00e7a: os auxiliares Lucas Silvestre e Pedro Sotero, al\u00e9m do preparador f\u00edsico Celso Rezende. Todos j\u00e1 trabalharam anteriormente ao lado do treinador, o que pode facilitar a adapta\u00e7\u00e3o \u00e0 rotina do Tim\u00e3o.<\/p>\n\n\n\n<h2 class=\"wp-block-heading\" id=\"h-bastidores-do-acerto\">Bastidores do acerto<\/h2>\n\n\n\n<p>Antes de aceitar a proposta do Corinthians, Dorival J\u00fanior buscou informa\u00e7\u00f5es detalhadas sobre o atual cen\u00e1rio do clube. Apesar das turbul\u00eancias pol\u00edticas que ainda persistem no Parque S\u00e3o Jorge, foi informado de que o ambiente no centro de treinamento \u00e9 mais organizado do que no in\u00edcio da gest\u00e3o de Augusto Melo.<\/p>\n\n\n\n<p>No retorno ao futebol paulista, Dorival reencontrar\u00e1 rostos conhecidos. Entre eles, o diretor executivo Fabinho Soldado e o chefe de an\u00e1lise de mercado Renan Bloise, ambos com quem trabalhou anteriormente no Flamengo. Esse reencontro, certamente, foi um fator que pesou positivamente para a defini\u00e7\u00e3o da escolha do t\u00e9cnico.<\/p>\n\n\n\n<p>Em meio a esse processo, o Corinthians tamb\u00e9m enfrenta mudan\u00e7as administrativas. O diretor financeiro Pedro Silveira entregou o cargo por quest\u00f5es de sa\u00fade, o que, embora n\u00e3o tenha rela\u00e7\u00e3o direta com a contrata\u00e7\u00e3o de Dorival, sinaliza um ambiente interno ainda em processo de estabiliza\u00e7\u00e3o.<\/p>\n\n\n\n<h2 class=\"wp-block-heading\" id=\"h-expectativa-e-proximos-passos\">Expectativa e pr\u00f3ximos passos<\/h2>\n\n\n\n<p>O torcedor corintiano, portanto, ter\u00e1 de aguardar mais alguns dias para celebrar oficialmente a chegada de Dorival J\u00fanior. Conforme o cronograma estabelecido, o an\u00fancio oficial ocorrer\u00e1 somente ap\u00f3s a assinatura do contrato. At\u00e9 l\u00e1, a expectativa se volta para a observa\u00e7\u00e3o do novo t\u00e9cnico durante a partida contra o Flamengo e, posteriormente, para sua efetiva estreia no comando t\u00e9cnico da equipe.<\/p>\n\n\n\n<p><\/p>\n","protected":false},"excerpt":{"rendered":"<p>Embora Corinthians e Dorival J\u00fanior tenham chegado a um acordo verbal na sexta-feira (25), a oficializa\u00e7\u00e3o da contrata\u00e7\u00e3o ainda depende de alguns tr\u00e2mites. A assinatura do contrato est\u00e1 prevista para ocorrer apenas na segunda-feira (28), fato que postergou o an\u00fancio oficial que era aguardado pelos torcedores. Enquanto o processo burocr\u00e1tico avan\u00e7a, o t\u00e9cnico Dorival J\u00fanior [&hellip;]<\/p>\n","protected":false},"author":30,"featured_media":83258,"comment_status":"open","ping_status":"closed","sticky":false,"template":"","format":"standard","meta":{"footnotes":""},"categories":[141],"tags":[],"class_list":["post-257991","post","type-post","status-publish","format-standard","has-post-thumbnail","hentry","category-corinthians"],"yoast_head":"<!-- This site is optimized with the Yoast SEO Premium plugin v24.2 (Yoast SEO v26.9) - https:\/\/yoast.com\/product\/yoast-seo-premium-wordpress\/ -->\n<title>O que falta para o an\u00fancio de Dorival no Corinthians?<\/title>\n<meta name=\"robots\" content=\"index, follow, max-snippet:-1, max-image-preview:large, max-video-preview:-1\" \/>\n<link rel=\"canonical\" href=\"https:\/\/www.gaveanews.com\/index.php\/2025\/04\/26\/o-que-falta-para-o-anuncio-de-dorival-no-corinthians\/\" \/>\n<meta property=\"og:locale\" content=\"pt_BR\" \/>\n<meta property=\"og:type\" content=\"article\" \/>\n<meta property=\"og:title\" content=\"O que falta para o an\u00fancio de Dorival no Corinthians?\" \/>\n<meta property=\"og:description\" content=\"Embora Corinthians e Dorival J\u00fanior tenham chegado a um acordo verbal na sexta-feira (25), a oficializa\u00e7\u00e3o da contrata\u00e7\u00e3o ainda depende de alguns tr\u00e2mites. A assinatura do contrato est\u00e1 prevista para ocorrer apenas na segunda-feira (28), fato que postergou o an\u00fancio oficial que era aguardado pelos torcedores. Enquanto o processo burocr\u00e1tico avan\u00e7a, o t\u00e9cnico Dorival J\u00fanior [&hellip;]\" \/>\n<meta property=\"og:url\" content=\"https:\/\/www.gaveanews.com\/index.php\/2025\/04\/26\/o-que-falta-para-o-anuncio-de-dorival-no-corinthians\/\" \/>\n<meta property=\"og:site_name\" content=\"G\u00e1vea News\" \/>\n<meta property=\"article:publisher\" content=\"https:\/\/facebook.com\/gaveaNews\/\" \/>\n<meta property=\"article:published_time\" content=\"2025-04-27T02:15:00+00:00\" \/>\n<meta property=\"og:image\" content=\"https:\/\/www.gaveanews.com\/wp-content\/uploads\/Treinador-Dorival-Junior-durante-o-jogo-entre-Flamengo-x-Cuiaba-pelo-Campeonato-Brasileiro-de-2022.webp\" \/>\n\t<meta property=\"og:image:width\" content=\"799\" \/>\n\t<meta property=\"og:image:height\" content=\"532\" \/>\n\t<meta property=\"og:image:type\" content=\"image\/jpeg\" \/>\n<meta name=\"author\" content=\"Ana Teixeira\" \/>\n<meta name=\"twitter:card\" content=\"summary_large_image\" \/>\n<meta name=\"twitter:label1\" content=\"Escrito por\" \/>\n\t<meta name=\"twitter:data1\" content=\"Ana Teixeira\" \/>\n\t<meta name=\"twitter:label2\" content=\"Est. tempo de leitura\" \/>\n\t<meta name=\"twitter:data2\" content=\"3 minutos\" \/>\n<script type=\"application\/ld+json\" class=\"yoast-schema-graph\">{\"@context\":\"https:\/\/schema.org\",\"@graph\":[{\"@type\":\"NewsArticle\",\"@id\":\"https:\/\/www.gaveanews.com\/index.php\/2025\/04\/26\/o-que-falta-para-o-anuncio-de-dorival-no-corinthians\/#article\",\"isPartOf\":{\"@id\":\"https:\/\/www.gaveanews.com\/index.php\/2025\/04\/26\/o-que-falta-para-o-anuncio-de-dorival-no-corinthians\/\"},\"author\":{\"name\":\"Ana Teixeira\",\"@id\":\"https:\/\/www.gaveanews.com\/#\/schema\/person\/3b19f7288b0ce20372991275e4f2e6c2\"},\"headline\":\"O que falta para o an\u00fancio de Dorival no Corinthians?\",\"datePublished\":\"2025-04-27T02:15:00+00:00\",\"mainEntityOfPage\":{\"@id\":\"https:\/\/www.gaveanews.com\/index.php\/2025\/04\/26\/o-que-falta-para-o-anuncio-de-dorival-no-corinthians\/\"},\"wordCount\":540,\"commentCount\":0,\"image\":{\"@id\":\"https:\/\/www.gaveanews.com\/index.php\/2025\/04\/26\/o-que-falta-para-o-anuncio-de-dorival-no-corinthians\/#primaryimage\"},\"thumbnailUrl\":\"https:\/\/www.gaveanews.com\/wp-content\/uploads\/Treinador-Dorival-Junior-durante-o-jogo-entre-Flamengo-x-Cuiaba-pelo-Campeonato-Brasileiro-de-2022.webp\",\"articleSection\":[\"Corinthians\"],\"inLanguage\":\"pt-BR\",\"potentialAction\":[{\"@type\":\"CommentAction\",\"name\":\"Comment\",\"target\":[\"https:\/\/www.gaveanews.com\/index.php\/2025\/04\/26\/o-que-falta-para-o-anuncio-de-dorival-no-corinthians\/#respond\"]}],\"copyrightYear\":\"2025\",\"copyrightHolder\":{\"@id\":\"https:\/\/www.gaveanews.com\/#organization\"}},{\"@type\":\"WebPage\",\"@id\":\"https:\/\/www.gaveanews.com\/index.php\/2025\/04\/26\/o-que-falta-para-o-anuncio-de-dorival-no-corinthians\/\",\"url\":\"https:\/\/www.gaveanews.com\/index.php\/2025\/04\/26\/o-que-falta-para-o-anuncio-de-dorival-no-corinthians\/\",\"name\":\"O que falta para o an\u00fancio de Dorival no Corinthians?\",\"isPartOf\":{\"@id\":\"https:\/\/www.gaveanews.com\/#website\"},\"primaryImageOfPage\":{\"@id\":\"https:\/\/www.gaveanews.com\/index.php\/2025\/04\/26\/o-que-falta-para-o-anuncio-de-dorival-no-corinthians\/#primaryimage\"},\"image\":{\"@id\":\"https:\/\/www.gaveanews.com\/index.php\/2025\/04\/26\/o-que-falta-para-o-anuncio-de-dorival-no-corinthians\/#primaryimage\"},\"thumbnailUrl\":\"https:\/\/www.gaveanews.com\/wp-content\/uploads\/Treinador-Dorival-Junior-durante-o-jogo-entre-Flamengo-x-Cuiaba-pelo-Campeonato-Brasileiro-de-2022.webp\",\"datePublished\":\"2025-04-27T02:15:00+00:00\",\"author\":{\"@id\":\"https:\/\/www.gaveanews.com\/#\/schema\/person\/3b19f7288b0ce20372991275e4f2e6c2\"},\"breadcrumb\":{\"@id\":\"https:\/\/www.gaveanews.com\/index.php\/2025\/04\/26\/o-que-falta-para-o-anuncio-de-dorival-no-corinthians\/#breadcrumb\"},\"inLanguage\":\"pt-BR\",\"potentialAction\":[{\"@type\":\"ReadAction\",\"target\":[\"https:\/\/www.gaveanews.com\/index.php\/2025\/04\/26\/o-que-falta-para-o-anuncio-de-dorival-no-corinthians\/\"]}]},{\"@type\":\"ImageObject\",\"inLanguage\":\"pt-BR\",\"@id\":\"https:\/\/www.gaveanews.com\/index.php\/2025\/04\/26\/o-que-falta-para-o-anuncio-de-dorival-no-corinthians\/#primaryimage\",\"url\":\"https:\/\/www.gaveanews.com\/wp-content\/uploads\/Treinador-Dorival-Junior-durante-o-jogo-entre-Flamengo-x-Cuiaba-pelo-Campeonato-Brasileiro-de-2022.webp\",\"contentUrl\":\"https:\/\/www.gaveanews.com\/wp-content\/uploads\/Treinador-Dorival-Junior-durante-o-jogo-entre-Flamengo-x-Cuiaba-pelo-Campeonato-Brasileiro-de-2022.webp\",\"width\":799,\"height\":532,\"caption\":\"Treinador Dorival Junior durante o jogo entre Flamengo x Cuiab\u00e1 pelo Campeonato Brasileiro de 2022 (Foto: Reprodu\u00e7\u00e3o\/Flamengo\/Flickr)\"},{\"@type\":\"BreadcrumbList\",\"@id\":\"https:\/\/www.gaveanews.com\/index.php\/2025\/04\/26\/o-que-falta-para-o-anuncio-de-dorival-no-corinthians\/#breadcrumb\",\"itemListElement\":[{\"@type\":\"ListItem\",\"position\":1,\"name\":\"Home\",\"item\":\"https:\/\/www.gaveanews.com\/\"},{\"@type\":\"ListItem\",\"position\":2,\"name\":\"O que falta para o an\u00fancio de Dorival no Corinthians?\"}]},{\"@type\":\"WebSite\",\"@id\":\"https:\/\/www.gaveanews.com\/#website\",\"url\":\"https:\/\/www.gaveanews.com\/\",\"name\":\"G\u00e1vea News\",\"description\":\"Veja todas as not\u00edcias sobre o Flamengo: Contrata\u00e7\u00f5es, categorias de base, resultados das partidas, tabela de classifica\u00e7\u00e3o, pr\u00f3ximos jogos!\",\"potentialAction\":[{\"@type\":\"SearchAction\",\"target\":{\"@type\":\"EntryPoint\",\"urlTemplate\":\"https:\/\/www.gaveanews.com\/?s={search_term_string}\"},\"query-input\":{\"@type\":\"PropertyValueSpecification\",\"valueRequired\":true,\"valueName\":\"search_term_string\"}}],\"inLanguage\":\"pt-BR\"},{\"@type\":\"Person\",\"@id\":\"https:\/\/www.gaveanews.com\/#\/schema\/person\/3b19f7288b0ce20372991275e4f2e6c2\",\"name\":\"Ana Teixeira\",\"image\":{\"@type\":\"ImageObject\",\"inLanguage\":\"pt-BR\",\"@id\":\"https:\/\/www.gaveanews.com\/#\/schema\/person\/image\/\",\"url\":\"https:\/\/secure.gravatar.com\/avatar\/0a73f5a5258f3fed37fc2fa641892f3f7a4748456d4d4792f9bc550e6c19e06c?s=96&d=mm&r=g\",\"contentUrl\":\"https:\/\/secure.gravatar.com\/avatar\/0a73f5a5258f3fed37fc2fa641892f3f7a4748456d4d4792f9bc550e6c19e06c?s=96&d=mm&r=g\",\"caption\":\"Ana Teixeira\"}}]}<\/script>\n<!-- \/ Yoast SEO Premium plugin. -->","yoast_head_json":{"title":"O que falta para o an\u00fancio de Dorival no Corinthians?","robots":{"index":"index","follow":"follow","max-snippet":"max-snippet:-1","max-image-preview":"max-image-preview:large","max-video-preview":"max-video-preview:-1"},"canonical":"https:\/\/www.gaveanews.com\/index.php\/2025\/04\/26\/o-que-falta-para-o-anuncio-de-dorival-no-corinthians\/","og_locale":"pt_BR","og_type":"article","og_title":"O que falta para o an\u00fancio de Dorival no Corinthians?","og_description":"Embora Corinthians e Dorival J\u00fanior tenham chegado a um acordo verbal na sexta-feira (25), a oficializa\u00e7\u00e3o da contrata\u00e7\u00e3o ainda depende de alguns tr\u00e2mites. A assinatura do contrato est\u00e1 prevista para ocorrer apenas na segunda-feira (28), fato que postergou o an\u00fancio oficial que era aguardado pelos torcedores. Enquanto o processo burocr\u00e1tico avan\u00e7a, o t\u00e9cnico Dorival J\u00fanior [&hellip;]","og_url":"https:\/\/www.gaveanews.com\/index.php\/2025\/04\/26\/o-que-falta-para-o-anuncio-de-dorival-no-corinthians\/","og_site_name":"G\u00e1vea News","article_publisher":"https:\/\/facebook.com\/gaveaNews\/","article_published_time":"2025-04-27T02:15:00+00:00","og_image":[{"width":799,"height":532,"url":"https:\/\/www.gaveanews.com\/wp-content\/uploads\/Treinador-Dorival-Junior-durante-o-jogo-entre-Flamengo-x-Cuiaba-pelo-Campeonato-Brasileiro-de-2022.webp","type":"image\/jpeg"}],"author":"Ana Teixeira","twitter_card":"summary_large_image","twitter_misc":{"Escrito por":"Ana Teixeira","Est. tempo de leitura":"3 minutos"},"schema":{"@context":"https:\/\/schema.org","@graph":[{"@type":"NewsArticle","@id":"https:\/\/www.gaveanews.com\/index.php\/2025\/04\/26\/o-que-falta-para-o-anuncio-de-dorival-no-corinthians\/#article","isPartOf":{"@id":"https:\/\/www.gaveanews.com\/index.php\/2025\/04\/26\/o-que-falta-para-o-anuncio-de-dorival-no-corinthians\/"},"author":{"name":"Ana Teixeira","@id":"https:\/\/www.gaveanews.com\/#\/schema\/person\/3b19f7288b0ce20372991275e4f2e6c2"},"headline":"O que falta para o an\u00fancio de Dorival no Corinthians?","datePublished":"2025-04-27T02:15:00+00:00","mainEntityOfPage":{"@id":"https:\/\/www.gaveanews.com\/index.php\/2025\/04\/26\/o-que-falta-para-o-anuncio-de-dorival-no-corinthians\/"},"wordCount":540,"commentCount":0,"image":{"@id":"https:\/\/www.gaveanews.com\/index.php\/2025\/04\/26\/o-que-falta-para-o-anuncio-de-dorival-no-corinthians\/#primaryimage"},"thumbnailUrl":"https:\/\/www.gaveanews.com\/wp-content\/uploads\/Treinador-Dorival-Junior-durante-o-jogo-entre-Flamengo-x-Cuiaba-pelo-Campeonato-Brasileiro-de-2022.webp","articleSection":["Corinthians"],"inLanguage":"pt-BR","potentialAction":[{"@type":"CommentAction","name":"Comment","target":["https:\/\/www.gaveanews.com\/index.php\/2025\/04\/26\/o-que-falta-para-o-anuncio-de-dorival-no-corinthians\/#respond"]}],"copyrightYear":"2025","copyrightHolder":{"@id":"https:\/\/www.gaveanews.com\/#organization"}},{"@type":"WebPage","@id":"https:\/\/www.gaveanews.com\/index.php\/2025\/04\/26\/o-que-falta-para-o-anuncio-de-dorival-no-corinthians\/","url":"https:\/\/www.gaveanews.com\/index.php\/2025\/04\/26\/o-que-falta-para-o-anuncio-de-dorival-no-corinthians\/","name":"O que falta para o an\u00fancio de Dorival no Corinthians?","isPartOf":{"@id":"https:\/\/www.gaveanews.com\/#website"},"primaryImageOfPage":{"@id":"https:\/\/www.gaveanews.com\/index.php\/2025\/04\/26\/o-que-falta-para-o-anuncio-de-dorival-no-corinthians\/#primaryimage"},"image":{"@id":"https:\/\/www.gaveanews.com\/index.php\/2025\/04\/26\/o-que-falta-para-o-anuncio-de-dorival-no-corinthians\/#primaryimage"},"thumbnailUrl":"https:\/\/www.gaveanews.com\/wp-content\/uploads\/Treinador-Dorival-Junior-durante-o-jogo-entre-Flamengo-x-Cuiaba-pelo-Campeonato-Brasileiro-de-2022.webp","datePublished":"2025-04-27T02:15:00+00:00","author":{"@id":"https:\/\/www.gaveanews.com\/#\/schema\/person\/3b19f7288b0ce20372991275e4f2e6c2"},"breadcrumb":{"@id":"https:\/\/www.gaveanews.com\/index.php\/2025\/04\/26\/o-que-falta-para-o-anuncio-de-dorival-no-corinthians\/#breadcrumb"},"inLanguage":"pt-BR","potentialAction":[{"@type":"ReadAction","target":["https:\/\/www.gaveanews.com\/index.php\/2025\/04\/26\/o-que-falta-para-o-anuncio-de-dorival-no-corinthians\/"]}]},{"@type":"ImageObject","inLanguage":"pt-BR","@id":"https:\/\/www.gaveanews.com\/index.php\/2025\/04\/26\/o-que-falta-para-o-anuncio-de-dorival-no-corinthians\/#primaryimage","url":"https:\/\/www.gaveanews.com\/wp-content\/uploads\/Treinador-Dorival-Junior-durante-o-jogo-entre-Flamengo-x-Cuiaba-pelo-Campeonato-Brasileiro-de-2022.webp","contentUrl":"https:\/\/www.gaveanews.com\/wp-content\/uploads\/Treinador-Dorival-Junior-durante-o-jogo-entre-Flamengo-x-Cuiaba-pelo-Campeonato-Brasileiro-de-2022.webp","width":799,"height":532,"caption":"Treinador Dorival Junior durante o jogo entre Flamengo x Cuiab\u00e1 pelo Campeonato Brasileiro de 2022 (Foto: Reprodu\u00e7\u00e3o\/Flamengo\/Flickr)"},{"@type":"BreadcrumbList","@id":"https:\/\/www.gaveanews.com\/index.php\/2025\/04\/26\/o-que-falta-para-o-anuncio-de-dorival-no-corinthians\/#breadcrumb","itemListElement":[{"@type":"ListItem","position":1,"name":"Home","item":"https:\/\/www.gaveanews.com\/"},{"@type":"ListItem","position":2,"name":"O que falta para o an\u00fancio de Dorival no Corinthians?"}]},{"@type":"WebSite","@id":"https:\/\/www.gaveanews.com\/#website","url":"https:\/\/www.gaveanews.com\/","name":"G\u00e1vea News","description":"Veja todas as not\u00edcias sobre o Flamengo: Contrata\u00e7\u00f5es, categorias de base, resultados das partidas, tabela de classifica\u00e7\u00e3o, pr\u00f3ximos jogos!","potentialAction":[{"@type":"SearchAction","target":{"@type":"EntryPoint","urlTemplate":"https:\/\/www.gaveanews.com\/?s={search_term_string}"},"query-input":{"@type":"PropertyValueSpecification","valueRequired":true,"valueName":"search_term_string"}}],"inLanguage":"pt-BR"},{"@type":"Person","@id":"https:\/\/www.gaveanews.com\/#\/schema\/person\/3b19f7288b0ce20372991275e4f2e6c2","name":"Ana Teixeira","image":{"@type":"ImageObject","inLanguage":"pt-BR","@id":"https:\/\/www.gaveanews.com\/#\/schema\/person\/image\/","url":"https:\/\/secure.gravatar.com\/avatar\/0a73f5a5258f3fed37fc2fa641892f3f7a4748456d4d4792f9bc550e6c19e06c?s=96&d=mm&r=g","contentUrl":"https:\/\/secure.gravatar.com\/avatar\/0a73f5a5258f3fed37fc2fa641892f3f7a4748456d4d4792f9bc550e6c19e06c?s=96&d=mm&r=g","caption":"Ana Teixeira"}}]}},"_links":{"self":[{"href":"https:\/\/www.gaveanews.com\/index.php\/wp-json\/wp\/v2\/posts\/257991","targetHints":{"allow":["GET"]}}],"collection":[{"href":"https:\/\/www.gaveanews.com\/index.php\/wp-json\/wp\/v2\/posts"}],"about":[{"href":"https:\/\/www.gaveanews.com\/index.php\/wp-json\/wp\/v2\/types\/post"}],"author":[{"embeddable":true,"href":"https:\/\/www.gaveanews.com\/index.php\/wp-json\/wp\/v2\/users\/30"}],"replies":[{"embeddable":true,"href":"https:\/\/www.gaveanews.com\/index.php\/wp-json\/wp\/v2\/comments?post=257991"}],"version-history":[{"count":1,"href":"https:\/\/www.gaveanews.com\/index.php\/wp-json\/wp\/v2\/posts\/257991\/revisions"}],"predecessor-version":[{"id":257999,"href":"https:\/\/www.gaveanews.com\/index.php\/wp-json\/wp\/v2\/posts\/257991\/revisions\/257999"}],"wp:featuredmedia":[{"embeddable":true,"href":"https:\/\/www.gaveanews.com\/index.php\/wp-json\/wp\/v2\/media\/83258"}],"wp:attachment":[{"href":"https:\/\/www.gaveanews.com\/index.php\/wp-json\/wp\/v2\/media?parent=257991"}],"wp:term":[{"taxonomy":"category","embeddable":true,"href":"https:\/\/www.gaveanews.com\/index.php\/wp-json\/wp\/v2\/categories?post=257991"},{"taxonomy":"post_tag","embeddable":true,"href":"https:\/\/www.gaveanews.com\/index.php\/wp-json\/wp\/v2\/tags?post=257991"}],"curies":[{"name":"wp","href":"https:\/\/api.w.org\/{rel}","templated":true}]}}