{"id":258333,"date":"2025-04-28T17:20:00","date_gmt":"2025-04-28T20:20:00","guid":{"rendered":"https:\/\/www.gaveanews.com\/?p=258333"},"modified":"2025-04-28T14:01:23","modified_gmt":"2025-04-28T17:01:23","slug":"torcida-do-corinthians-aprova-retorno-de-idolo-ao-clube","status":"publish","type":"post","link":"https:\/\/www.gaveanews.com\/index.php\/2025\/04\/28\/torcida-do-corinthians-aprova-retorno-de-idolo-ao-clube\/","title":{"rendered":"Torcida do Corinthians aprova retorno de \u00eddolo ao clube"},"content":{"rendered":"\n<p>O Corinthians enfrentou uma tarde dif\u00edcil no \u00faltimo domingo (27), ao ser derrotado pelo Flamengo por 4 a 0 no Est\u00e1dio Maracan\u00e3, em duelo v\u00e1lido pela sexta rodada do Brasileir\u00e3o Betano. A goleada acendeu um sinal de alerta na equipe paulista, especialmente em rela\u00e7\u00e3o ao desempenho defensivo, que apresentou falhas consider\u00e1veis. A atua\u00e7\u00e3o no Rio de Janeiro n\u00e3o apenas incomodou a comiss\u00e3o t\u00e9cnica, mas tamb\u00e9m reacendeu pedidos da torcida por refor\u00e7os imediatos.<\/p>\n\n\n\n<p>A Fiel torcida, como \u00e9 conhecida a massa alvinegra, voltou a manifestar o desejo de ver o lateral-direito Fagner novamente com a camisa do Tim\u00e3o. O jogador, atualmente emprestado ao Cruzeiro, vem se destacando em Belo Horizonte e, conforme muitos torcedores apontam, poderia fortalecer o sistema defensivo do Corinthians. Nas redes sociais, o pedido foi claro: &#8220;Cancela o empr\u00e9stimo com o Cruzeiro e traz o Fagner de volta&#8221;, afirmaram alguns torcedores.<\/p>\n\n\n\n<figure class=\"wp-block-image size-full\"><img loading=\"lazy\" decoding=\"async\" width=\"594\" height=\"525\" src=\"http:\/\/www.gaveanews.com\/wp-content\/uploads\/Fagner-em-acao-pelo-Corinthians.webp\" alt=\"\" class=\"wp-image-165816\" srcset=\"https:\/\/www.gaveanews.com\/wp-content\/uploads\/Fagner-em-acao-pelo-Corinthians.webp 594w, https:\/\/www.gaveanews.com\/wp-content\/uploads\/Fagner-em-acao-pelo-Corinthians-300x265.webp 300w, https:\/\/www.gaveanews.com\/wp-content\/uploads\/Fagner-em-acao-pelo-Corinthians-475x420.webp 475w, https:\/\/www.gaveanews.com\/wp-content\/uploads\/Fagner-em-acao-pelo-Corinthians-100x88.webp 100w\" sizes=\"auto, (max-width: 594px) 100vw, 594px\" \/><figcaption class=\"wp-element-caption\">Fagner em a\u00e7\u00e3o pelo Corinthians (Foto: Rodrigo Coca\/Ag\u00eancia Corinthians)<\/figcaption><\/figure>\n\n\n\n<p>Apesar da press\u00e3o exercida pela torcida, a diretoria do Corinthians, ao menos por enquanto, n\u00e3o demonstra inten\u00e7\u00e3o de antecipar o retorno do jogador. Assim sendo, Fagner permanece no Cruzeiro, com contrato em vigor at\u00e9 dezembro de 2025. A decis\u00e3o, embora contestada pela Fiel, segue a linha de planejamento tra\u00e7ada pela gest\u00e3o atual do clube, que busca evitar altera\u00e7\u00f5es abruptas no elenco durante o in\u00edcio da temporada.<\/p>\n\n\n\n<p>Enquanto isso, a equipe comandada por Ant\u00f3nio Oliveira se prepara para enfrentar o Novorizontino na pr\u00f3xima quarta-feira (30), \u00e0s 21h30 (hor\u00e1rio de Bras\u00edlia), pelo jogo de ida da terceira fase da Copa Betano do Brasil. A expectativa \u00e9 de que, mesmo com a press\u00e3o externa, os laterais Matheuzinho e Angileri sejam mantidos no time titular, a menos que haja mudan\u00e7as de \u00faltima hora.<\/p>\n\n\n\n<p>Ainda que Matheuzinho e Angileri tenham se esfor\u00e7ado diante do Flamengo, a torcida entende que o setor direito da defesa carece de maior consist\u00eancia. &#8220;Enquanto a gente sofre com falta de jogadores no elenco, o Fagner t\u00e1 indo bem no Cruzeiro&#8221;, apontou um torcedor, refletindo o sentimento geral de insatisfa\u00e7\u00e3o. A avalia\u00e7\u00e3o do setor defensivo, ali\u00e1s, se intensificou ap\u00f3s a goleada sofrida no Maracan\u00e3.<\/p>\n\n\n\n<p>Portanto, o Corinthians vive um momento de press\u00e3o tanto dentro quanto fora de campo. A necessidade de refor\u00e7os \u00e9 inegavelmente um dos temas mais debatidos entre torcedores e analistas. Contudo, caber\u00e1 \u00e0 diretoria e \u00e0 comiss\u00e3o t\u00e9cnica decidir se atender\u00e3o aos clamores da arquibancada ou manter\u00e3o o planejamento atual, visando estabilidade a longo prazo.<\/p>\n","protected":false},"excerpt":{"rendered":"<p>O Corinthians enfrentou uma tarde dif\u00edcil no \u00faltimo domingo (27), ao ser derrotado pelo Flamengo por 4 a 0 no Est\u00e1dio Maracan\u00e3, em duelo v\u00e1lido pela sexta rodada do Brasileir\u00e3o Betano. A goleada acendeu um sinal de alerta na equipe paulista, especialmente em rela\u00e7\u00e3o ao desempenho defensivo, que apresentou falhas consider\u00e1veis. A atua\u00e7\u00e3o no Rio [&hellip;]<\/p>\n","protected":false},"author":33,"featured_media":249244,"comment_status":"open","ping_status":"closed","sticky":false,"template":"","format":"standard","meta":{"footnotes":""},"categories":[141],"tags":[],"class_list":["post-258333","post","type-post","status-publish","format-standard","has-post-thumbnail","hentry","category-corinthians"],"yoast_head":"<!-- This site is optimized with the Yoast SEO Premium plugin v24.2 (Yoast SEO v26.9) - https:\/\/yoast.com\/product\/yoast-seo-premium-wordpress\/ -->\n<title>Torcida do Corinthians aprova retorno de \u00eddolo ao clube<\/title>\n<meta name=\"robots\" content=\"index, follow, max-snippet:-1, max-image-preview:large, max-video-preview:-1\" \/>\n<link rel=\"canonical\" href=\"https:\/\/www.gaveanews.com\/index.php\/2025\/04\/28\/torcida-do-corinthians-aprova-retorno-de-idolo-ao-clube\/\" \/>\n<meta property=\"og:locale\" content=\"pt_BR\" \/>\n<meta property=\"og:type\" content=\"article\" \/>\n<meta property=\"og:title\" content=\"Torcida do Corinthians aprova retorno de \u00eddolo ao clube\" \/>\n<meta property=\"og:description\" content=\"O Corinthians enfrentou uma tarde dif\u00edcil no \u00faltimo domingo (27), ao ser derrotado pelo Flamengo por 4 a 0 no Est\u00e1dio Maracan\u00e3, em duelo v\u00e1lido pela sexta rodada do Brasileir\u00e3o Betano. A goleada acendeu um sinal de alerta na equipe paulista, especialmente em rela\u00e7\u00e3o ao desempenho defensivo, que apresentou falhas consider\u00e1veis. A atua\u00e7\u00e3o no Rio [&hellip;]\" \/>\n<meta property=\"og:url\" content=\"https:\/\/www.gaveanews.com\/index.php\/2025\/04\/28\/torcida-do-corinthians-aprova-retorno-de-idolo-ao-clube\/\" \/>\n<meta property=\"og:site_name\" content=\"G\u00e1vea News\" \/>\n<meta property=\"article:publisher\" content=\"https:\/\/facebook.com\/gaveaNews\/\" \/>\n<meta property=\"article:published_time\" content=\"2025-04-28T20:20:00+00:00\" \/>\n<meta property=\"og:image\" content=\"https:\/\/www.gaveanews.com\/wp-content\/uploads\/Torcida-do-Corinthians.webp\" \/>\n\t<meta property=\"og:image:width\" content=\"897\" \/>\n\t<meta property=\"og:image:height\" content=\"514\" \/>\n\t<meta property=\"og:image:type\" content=\"image\/jpeg\" \/>\n<meta name=\"author\" content=\"Brenda Cezillo\" \/>\n<meta name=\"twitter:card\" content=\"summary_large_image\" \/>\n<meta name=\"twitter:label1\" content=\"Escrito por\" \/>\n\t<meta name=\"twitter:data1\" content=\"Brenda Cezillo\" \/>\n\t<meta name=\"twitter:label2\" content=\"Est. tempo de leitura\" \/>\n\t<meta name=\"twitter:data2\" content=\"3 minutos\" \/>\n<script type=\"application\/ld+json\" class=\"yoast-schema-graph\">{\"@context\":\"https:\/\/schema.org\",\"@graph\":[{\"@type\":\"NewsArticle\",\"@id\":\"https:\/\/www.gaveanews.com\/index.php\/2025\/04\/28\/torcida-do-corinthians-aprova-retorno-de-idolo-ao-clube\/#article\",\"isPartOf\":{\"@id\":\"https:\/\/www.gaveanews.com\/index.php\/2025\/04\/28\/torcida-do-corinthians-aprova-retorno-de-idolo-ao-clube\/\"},\"author\":{\"name\":\"Brenda Cezillo\",\"@id\":\"https:\/\/www.gaveanews.com\/#\/schema\/person\/c79759ca337c40791ae8d08e2923d403\"},\"headline\":\"Torcida do Corinthians aprova retorno de \u00eddolo ao clube\",\"datePublished\":\"2025-04-28T20:20:00+00:00\",\"mainEntityOfPage\":{\"@id\":\"https:\/\/www.gaveanews.com\/index.php\/2025\/04\/28\/torcida-do-corinthians-aprova-retorno-de-idolo-ao-clube\/\"},\"wordCount\":441,\"commentCount\":0,\"image\":{\"@id\":\"https:\/\/www.gaveanews.com\/index.php\/2025\/04\/28\/torcida-do-corinthians-aprova-retorno-de-idolo-ao-clube\/#primaryimage\"},\"thumbnailUrl\":\"https:\/\/www.gaveanews.com\/wp-content\/uploads\/Torcida-do-Corinthians.webp\",\"articleSection\":[\"Corinthians\"],\"inLanguage\":\"pt-BR\",\"potentialAction\":[{\"@type\":\"CommentAction\",\"name\":\"Comment\",\"target\":[\"https:\/\/www.gaveanews.com\/index.php\/2025\/04\/28\/torcida-do-corinthians-aprova-retorno-de-idolo-ao-clube\/#respond\"]}],\"copyrightYear\":\"2025\",\"copyrightHolder\":{\"@id\":\"https:\/\/www.gaveanews.com\/#organization\"}},{\"@type\":\"WebPage\",\"@id\":\"https:\/\/www.gaveanews.com\/index.php\/2025\/04\/28\/torcida-do-corinthians-aprova-retorno-de-idolo-ao-clube\/\",\"url\":\"https:\/\/www.gaveanews.com\/index.php\/2025\/04\/28\/torcida-do-corinthians-aprova-retorno-de-idolo-ao-clube\/\",\"name\":\"Torcida do Corinthians aprova retorno de \u00eddolo ao clube\",\"isPartOf\":{\"@id\":\"https:\/\/www.gaveanews.com\/#website\"},\"primaryImageOfPage\":{\"@id\":\"https:\/\/www.gaveanews.com\/index.php\/2025\/04\/28\/torcida-do-corinthians-aprova-retorno-de-idolo-ao-clube\/#primaryimage\"},\"image\":{\"@id\":\"https:\/\/www.gaveanews.com\/index.php\/2025\/04\/28\/torcida-do-corinthians-aprova-retorno-de-idolo-ao-clube\/#primaryimage\"},\"thumbnailUrl\":\"https:\/\/www.gaveanews.com\/wp-content\/uploads\/Torcida-do-Corinthians.webp\",\"datePublished\":\"2025-04-28T20:20:00+00:00\",\"author\":{\"@id\":\"https:\/\/www.gaveanews.com\/#\/schema\/person\/c79759ca337c40791ae8d08e2923d403\"},\"breadcrumb\":{\"@id\":\"https:\/\/www.gaveanews.com\/index.php\/2025\/04\/28\/torcida-do-corinthians-aprova-retorno-de-idolo-ao-clube\/#breadcrumb\"},\"inLanguage\":\"pt-BR\",\"potentialAction\":[{\"@type\":\"ReadAction\",\"target\":[\"https:\/\/www.gaveanews.com\/index.php\/2025\/04\/28\/torcida-do-corinthians-aprova-retorno-de-idolo-ao-clube\/\"]}]},{\"@type\":\"ImageObject\",\"inLanguage\":\"pt-BR\",\"@id\":\"https:\/\/www.gaveanews.com\/index.php\/2025\/04\/28\/torcida-do-corinthians-aprova-retorno-de-idolo-ao-clube\/#primaryimage\",\"url\":\"https:\/\/www.gaveanews.com\/wp-content\/uploads\/Torcida-do-Corinthians.webp\",\"contentUrl\":\"https:\/\/www.gaveanews.com\/wp-content\/uploads\/Torcida-do-Corinthians.webp\",\"width\":897,\"height\":514,\"caption\":\"Torcida do Corinthians (Foto: Rorigo Coca\/Ag\u00eancia Corinthians)\"},{\"@type\":\"BreadcrumbList\",\"@id\":\"https:\/\/www.gaveanews.com\/index.php\/2025\/04\/28\/torcida-do-corinthians-aprova-retorno-de-idolo-ao-clube\/#breadcrumb\",\"itemListElement\":[{\"@type\":\"ListItem\",\"position\":1,\"name\":\"Home\",\"item\":\"https:\/\/www.gaveanews.com\/\"},{\"@type\":\"ListItem\",\"position\":2,\"name\":\"Torcida do Corinthians aprova retorno de \u00eddolo ao clube\"}]},{\"@type\":\"WebSite\",\"@id\":\"https:\/\/www.gaveanews.com\/#website\",\"url\":\"https:\/\/www.gaveanews.com\/\",\"name\":\"G\u00e1vea News\",\"description\":\"Veja todas as not\u00edcias sobre o Flamengo: Contrata\u00e7\u00f5es, categorias de base, resultados das partidas, tabela de classifica\u00e7\u00e3o, pr\u00f3ximos jogos!\",\"potentialAction\":[{\"@type\":\"SearchAction\",\"target\":{\"@type\":\"EntryPoint\",\"urlTemplate\":\"https:\/\/www.gaveanews.com\/?s={search_term_string}\"},\"query-input\":{\"@type\":\"PropertyValueSpecification\",\"valueRequired\":true,\"valueName\":\"search_term_string\"}}],\"inLanguage\":\"pt-BR\"},{\"@type\":\"Person\",\"@id\":\"https:\/\/www.gaveanews.com\/#\/schema\/person\/c79759ca337c40791ae8d08e2923d403\",\"name\":\"Brenda Cezillo\",\"image\":{\"@type\":\"ImageObject\",\"inLanguage\":\"pt-BR\",\"@id\":\"https:\/\/www.gaveanews.com\/#\/schema\/person\/image\/\",\"url\":\"https:\/\/secure.gravatar.com\/avatar\/1738d75cee7317f9c29ae61dd67620c5883d80a92e42a6fff88ae5d527af217a?s=96&d=mm&r=g\",\"contentUrl\":\"https:\/\/secure.gravatar.com\/avatar\/1738d75cee7317f9c29ae61dd67620c5883d80a92e42a6fff88ae5d527af217a?s=96&d=mm&r=g\",\"caption\":\"Brenda Cezillo\"}}]}<\/script>\n<!-- \/ Yoast SEO Premium plugin. -->","yoast_head_json":{"title":"Torcida do Corinthians aprova retorno de \u00eddolo ao clube","robots":{"index":"index","follow":"follow","max-snippet":"max-snippet:-1","max-image-preview":"max-image-preview:large","max-video-preview":"max-video-preview:-1"},"canonical":"https:\/\/www.gaveanews.com\/index.php\/2025\/04\/28\/torcida-do-corinthians-aprova-retorno-de-idolo-ao-clube\/","og_locale":"pt_BR","og_type":"article","og_title":"Torcida do Corinthians aprova retorno de \u00eddolo ao clube","og_description":"O Corinthians enfrentou uma tarde dif\u00edcil no \u00faltimo domingo (27), ao ser derrotado pelo Flamengo por 4 a 0 no Est\u00e1dio Maracan\u00e3, em duelo v\u00e1lido pela sexta rodada do Brasileir\u00e3o Betano. A goleada acendeu um sinal de alerta na equipe paulista, especialmente em rela\u00e7\u00e3o ao desempenho defensivo, que apresentou falhas consider\u00e1veis. A atua\u00e7\u00e3o no Rio [&hellip;]","og_url":"https:\/\/www.gaveanews.com\/index.php\/2025\/04\/28\/torcida-do-corinthians-aprova-retorno-de-idolo-ao-clube\/","og_site_name":"G\u00e1vea News","article_publisher":"https:\/\/facebook.com\/gaveaNews\/","article_published_time":"2025-04-28T20:20:00+00:00","og_image":[{"width":897,"height":514,"url":"https:\/\/www.gaveanews.com\/wp-content\/uploads\/Torcida-do-Corinthians.webp","type":"image\/jpeg"}],"author":"Brenda Cezillo","twitter_card":"summary_large_image","twitter_misc":{"Escrito por":"Brenda Cezillo","Est. tempo de leitura":"3 minutos"},"schema":{"@context":"https:\/\/schema.org","@graph":[{"@type":"NewsArticle","@id":"https:\/\/www.gaveanews.com\/index.php\/2025\/04\/28\/torcida-do-corinthians-aprova-retorno-de-idolo-ao-clube\/#article","isPartOf":{"@id":"https:\/\/www.gaveanews.com\/index.php\/2025\/04\/28\/torcida-do-corinthians-aprova-retorno-de-idolo-ao-clube\/"},"author":{"name":"Brenda Cezillo","@id":"https:\/\/www.gaveanews.com\/#\/schema\/person\/c79759ca337c40791ae8d08e2923d403"},"headline":"Torcida do Corinthians aprova retorno de \u00eddolo ao clube","datePublished":"2025-04-28T20:20:00+00:00","mainEntityOfPage":{"@id":"https:\/\/www.gaveanews.com\/index.php\/2025\/04\/28\/torcida-do-corinthians-aprova-retorno-de-idolo-ao-clube\/"},"wordCount":441,"commentCount":0,"image":{"@id":"https:\/\/www.gaveanews.com\/index.php\/2025\/04\/28\/torcida-do-corinthians-aprova-retorno-de-idolo-ao-clube\/#primaryimage"},"thumbnailUrl":"https:\/\/www.gaveanews.com\/wp-content\/uploads\/Torcida-do-Corinthians.webp","articleSection":["Corinthians"],"inLanguage":"pt-BR","potentialAction":[{"@type":"CommentAction","name":"Comment","target":["https:\/\/www.gaveanews.com\/index.php\/2025\/04\/28\/torcida-do-corinthians-aprova-retorno-de-idolo-ao-clube\/#respond"]}],"copyrightYear":"2025","copyrightHolder":{"@id":"https:\/\/www.gaveanews.com\/#organization"}},{"@type":"WebPage","@id":"https:\/\/www.gaveanews.com\/index.php\/2025\/04\/28\/torcida-do-corinthians-aprova-retorno-de-idolo-ao-clube\/","url":"https:\/\/www.gaveanews.com\/index.php\/2025\/04\/28\/torcida-do-corinthians-aprova-retorno-de-idolo-ao-clube\/","name":"Torcida do Corinthians aprova retorno de \u00eddolo ao clube","isPartOf":{"@id":"https:\/\/www.gaveanews.com\/#website"},"primaryImageOfPage":{"@id":"https:\/\/www.gaveanews.com\/index.php\/2025\/04\/28\/torcida-do-corinthians-aprova-retorno-de-idolo-ao-clube\/#primaryimage"},"image":{"@id":"https:\/\/www.gaveanews.com\/index.php\/2025\/04\/28\/torcida-do-corinthians-aprova-retorno-de-idolo-ao-clube\/#primaryimage"},"thumbnailUrl":"https:\/\/www.gaveanews.com\/wp-content\/uploads\/Torcida-do-Corinthians.webp","datePublished":"2025-04-28T20:20:00+00:00","author":{"@id":"https:\/\/www.gaveanews.com\/#\/schema\/person\/c79759ca337c40791ae8d08e2923d403"},"breadcrumb":{"@id":"https:\/\/www.gaveanews.com\/index.php\/2025\/04\/28\/torcida-do-corinthians-aprova-retorno-de-idolo-ao-clube\/#breadcrumb"},"inLanguage":"pt-BR","potentialAction":[{"@type":"ReadAction","target":["https:\/\/www.gaveanews.com\/index.php\/2025\/04\/28\/torcida-do-corinthians-aprova-retorno-de-idolo-ao-clube\/"]}]},{"@type":"ImageObject","inLanguage":"pt-BR","@id":"https:\/\/www.gaveanews.com\/index.php\/2025\/04\/28\/torcida-do-corinthians-aprova-retorno-de-idolo-ao-clube\/#primaryimage","url":"https:\/\/www.gaveanews.com\/wp-content\/uploads\/Torcida-do-Corinthians.webp","contentUrl":"https:\/\/www.gaveanews.com\/wp-content\/uploads\/Torcida-do-Corinthians.webp","width":897,"height":514,"caption":"Torcida do Corinthians (Foto: Rorigo Coca\/Ag\u00eancia Corinthians)"},{"@type":"BreadcrumbList","@id":"https:\/\/www.gaveanews.com\/index.php\/2025\/04\/28\/torcida-do-corinthians-aprova-retorno-de-idolo-ao-clube\/#breadcrumb","itemListElement":[{"@type":"ListItem","position":1,"name":"Home","item":"https:\/\/www.gaveanews.com\/"},{"@type":"ListItem","position":2,"name":"Torcida do Corinthians aprova retorno de \u00eddolo ao clube"}]},{"@type":"WebSite","@id":"https:\/\/www.gaveanews.com\/#website","url":"https:\/\/www.gaveanews.com\/","name":"G\u00e1vea News","description":"Veja todas as not\u00edcias sobre o Flamengo: Contrata\u00e7\u00f5es, categorias de base, resultados das partidas, tabela de classifica\u00e7\u00e3o, pr\u00f3ximos jogos!","potentialAction":[{"@type":"SearchAction","target":{"@type":"EntryPoint","urlTemplate":"https:\/\/www.gaveanews.com\/?s={search_term_string}"},"query-input":{"@type":"PropertyValueSpecification","valueRequired":true,"valueName":"search_term_string"}}],"inLanguage":"pt-BR"},{"@type":"Person","@id":"https:\/\/www.gaveanews.com\/#\/schema\/person\/c79759ca337c40791ae8d08e2923d403","name":"Brenda Cezillo","image":{"@type":"ImageObject","inLanguage":"pt-BR","@id":"https:\/\/www.gaveanews.com\/#\/schema\/person\/image\/","url":"https:\/\/secure.gravatar.com\/avatar\/1738d75cee7317f9c29ae61dd67620c5883d80a92e42a6fff88ae5d527af217a?s=96&d=mm&r=g","contentUrl":"https:\/\/secure.gravatar.com\/avatar\/1738d75cee7317f9c29ae61dd67620c5883d80a92e42a6fff88ae5d527af217a?s=96&d=mm&r=g","caption":"Brenda Cezillo"}}]}},"_links":{"self":[{"href":"https:\/\/www.gaveanews.com\/index.php\/wp-json\/wp\/v2\/posts\/258333","targetHints":{"allow":["GET"]}}],"collection":[{"href":"https:\/\/www.gaveanews.com\/index.php\/wp-json\/wp\/v2\/posts"}],"about":[{"href":"https:\/\/www.gaveanews.com\/index.php\/wp-json\/wp\/v2\/types\/post"}],"author":[{"embeddable":true,"href":"https:\/\/www.gaveanews.com\/index.php\/wp-json\/wp\/v2\/users\/33"}],"replies":[{"embeddable":true,"href":"https:\/\/www.gaveanews.com\/index.php\/wp-json\/wp\/v2\/comments?post=258333"}],"version-history":[{"count":1,"href":"https:\/\/www.gaveanews.com\/index.php\/wp-json\/wp\/v2\/posts\/258333\/revisions"}],"predecessor-version":[{"id":258336,"href":"https:\/\/www.gaveanews.com\/index.php\/wp-json\/wp\/v2\/posts\/258333\/revisions\/258336"}],"wp:featuredmedia":[{"embeddable":true,"href":"https:\/\/www.gaveanews.com\/index.php\/wp-json\/wp\/v2\/media\/249244"}],"wp:attachment":[{"href":"https:\/\/www.gaveanews.com\/index.php\/wp-json\/wp\/v2\/media?parent=258333"}],"wp:term":[{"taxonomy":"category","embeddable":true,"href":"https:\/\/www.gaveanews.com\/index.php\/wp-json\/wp\/v2\/categories?post=258333"},{"taxonomy":"post_tag","embeddable":true,"href":"https:\/\/www.gaveanews.com\/index.php\/wp-json\/wp\/v2\/tags?post=258333"}],"curies":[{"name":"wp","href":"https:\/\/api.w.org\/{rel}","templated":true}]}}