{"id":258550,"date":"2025-04-28T23:40:00","date_gmt":"2025-04-29T02:40:00","guid":{"rendered":"https:\/\/www.gaveanews.com\/?p=258550"},"modified":"2025-04-28T18:43:12","modified_gmt":"2025-04-28T21:43:12","slug":"video-lance-envolvendo-everton-ribeiro-e-rogerio-ceni-do-bahia-viraliza-nas-redes-sociais","status":"publish","type":"post","link":"https:\/\/www.gaveanews.com\/index.php\/2025\/04\/28\/video-lance-envolvendo-everton-ribeiro-e-rogerio-ceni-do-bahia-viraliza-nas-redes-sociais\/","title":{"rendered":"V\u00eddeo: lance envolvendo Everton Ribeiro e Rogerio Ceni, do Bahia, viraliza nas redes sociais"},"content":{"rendered":"\n<p>O Bahia conquistou uma vit\u00f3ria importante diante do Palmeiras, vencendo por 1 a 0 no Allianz Parque, na noite de domingo (27), pela sexta rodada do Campeonato Brasileiro. Entretanto, o duelo tamb\u00e9m foi marcado por um momento inusitado que chamou a aten\u00e7\u00e3o dos torcedores.<\/p>\n\n\n\n<p>Na reta final do primeiro tempo, enquanto o time tricolor se defendia da press\u00e3o dos paulistas, Everton Ribeiro protagonizou uma cena curiosa. Em uma tentativa de intercepta\u00e7\u00e3o pr\u00f3xima \u00e0 linha lateral, o camisa 10 aplicou um carrinho para cortar a trajet\u00f3ria da bola e quase atingiu Rog\u00e9rio Ceni, que estava \u00e0 beira do gramado. O treinador, com reflexos r\u00e1pidos, conseguiu evitar a queda, e a situa\u00e7\u00e3o n\u00e3o passou de um susto.<\/p>\n\n\n\n<p>Posteriormente ao ocorrido, o pr\u00f3prio Everton abordou o epis\u00f3dio de forma bem-humorada em suas redes sociais. &#8220;Todos os jogos valem os mesmos pontos, mas alguns resultados dizem muito sobre o que somos e o que queremos. Que orgulho deste grupo. BORA, BAH\u00caA!! ps: foi mal, professor Rog\u00e9rio Ceni! Tava dando a vida, igual voc\u00ea pediu\u2026&#8221;, escreveu o atleta.<\/p>\n\n\n\n<figure class=\"wp-block-embed is-type-rich is-provider-twitter wp-block-embed-twitter\"><div class=\"wp-block-embed__wrapper\">\n<blockquote class=\"twitter-tweet\" data-width=\"550\" data-dnt=\"true\"><p lang=\"pt\" dir=\"ltr\">Cuidado a\u00ed, Ceni! \ud83d\ude33<br><br>Everton Ribeiro quase levou o t\u00e9cnico do Bahia&#8230; <a href=\"https:\/\/t.co\/VAnBw9QzRd\">pic.twitter.com\/VAnBw9QzRd<\/a><\/p>&mdash; ge (@geglobo) <a href=\"https:\/\/twitter.com\/geglobo\/status\/1916618033013145728?ref_src=twsrc%5Etfw\">April 27, 2025<\/a><\/blockquote><script async src=\"https:\/\/platform.twitter.com\/widgets.js\" charset=\"utf-8\"><\/script>\n<\/div><\/figure>\n\n\n\n<p>Atualmente, no Bahia, Everton Ribeiro vem mostrando um perfil ainda mais combativo ao habitual, contribuindo ativamente na marca\u00e7\u00e3o e na recomposi\u00e7\u00e3o defensiva. Na temporada, o jogador j\u00e1 contabiliza 22 partidas disputadas, com dois gols marcados e duas assist\u00eancias.<\/p>\n\n\n\n<p>O gol da vit\u00f3ria tricolor foi anotado por Kayky nos acr\u00e9scimos do segundo tempo, ap\u00f3s uma boa troca de passes com Cauly. O resultado levou o Bahia aos nove pontos no Brasileir\u00e3o, reafirmando o crescimento da equipe sob comando de Ceni, mesmo diante de advers\u00e1rios de alta competitividade.<\/p>\n\n\n\n<p>O Bahia de Ribeiro e Ceni retorna a campo nesta quarta-feira (30), \u00e0s 21h30. A partida de ida contra o Paysandu, no Mangueir\u00e3o, marcar\u00e1 a estreia do Esquadr\u00e3o de A\u00e7o nesta edi\u00e7\u00e3o da Copa do Brasil, pela terceira fase da competi\u00e7\u00e3o. <\/p>\n","protected":false},"excerpt":{"rendered":"<p>O Bahia conquistou uma vit\u00f3ria importante diante do Palmeiras, vencendo por 1 a 0 no Allianz Parque, na noite de domingo (27), pela sexta rodada do Campeonato Brasileiro. Entretanto, o duelo tamb\u00e9m foi marcado por um momento inusitado que chamou a aten\u00e7\u00e3o dos torcedores. Na reta final do primeiro tempo, enquanto o time tricolor se [&hellip;]<\/p>\n","protected":false},"author":30,"featured_media":148291,"comment_status":"open","ping_status":"closed","sticky":false,"template":"","format":"standard","meta":{"footnotes":""},"categories":[137,133],"tags":[],"class_list":["post-258550","post","type-post","status-publish","format-standard","has-post-thumbnail","hentry","category-bahia","category-brasileirao"],"yoast_head":"<!-- This site is optimized with the Yoast SEO Premium plugin v24.2 (Yoast SEO v26.9) - https:\/\/yoast.com\/product\/yoast-seo-premium-wordpress\/ -->\n<title>V\u00eddeo: lance envolvendo Everton Ribeiro e Rogerio Ceni, do Bahia, viraliza nas redes sociais<\/title>\n<meta name=\"robots\" content=\"index, follow, max-snippet:-1, max-image-preview:large, max-video-preview:-1\" \/>\n<link rel=\"canonical\" href=\"https:\/\/www.gaveanews.com\/index.php\/2025\/04\/28\/video-lance-envolvendo-everton-ribeiro-e-rogerio-ceni-do-bahia-viraliza-nas-redes-sociais\/\" \/>\n<meta property=\"og:locale\" content=\"pt_BR\" \/>\n<meta property=\"og:type\" content=\"article\" \/>\n<meta property=\"og:title\" content=\"V\u00eddeo: lance envolvendo Everton Ribeiro e Rogerio Ceni, do Bahia, viraliza nas redes sociais\" \/>\n<meta property=\"og:description\" content=\"O Bahia conquistou uma vit\u00f3ria importante diante do Palmeiras, vencendo por 1 a 0 no Allianz Parque, na noite de domingo (27), pela sexta rodada do Campeonato Brasileiro. Entretanto, o duelo tamb\u00e9m foi marcado por um momento inusitado que chamou a aten\u00e7\u00e3o dos torcedores. Na reta final do primeiro tempo, enquanto o time tricolor se [&hellip;]\" \/>\n<meta property=\"og:url\" content=\"https:\/\/www.gaveanews.com\/index.php\/2025\/04\/28\/video-lance-envolvendo-everton-ribeiro-e-rogerio-ceni-do-bahia-viraliza-nas-redes-sociais\/\" \/>\n<meta property=\"og:site_name\" content=\"G\u00e1vea News\" \/>\n<meta property=\"article:publisher\" content=\"https:\/\/facebook.com\/gaveaNews\/\" \/>\n<meta property=\"article:published_time\" content=\"2025-04-29T02:40:00+00:00\" \/>\n<meta name=\"author\" content=\"Ana Teixeira\" \/>\n<meta name=\"twitter:card\" content=\"summary_large_image\" \/>\n<meta name=\"twitter:label1\" content=\"Escrito por\" \/>\n\t<meta name=\"twitter:data1\" content=\"Ana Teixeira\" \/>\n\t<meta name=\"twitter:label2\" content=\"Est. tempo de leitura\" \/>\n\t<meta name=\"twitter:data2\" content=\"2 minutos\" \/>\n<script type=\"application\/ld+json\" class=\"yoast-schema-graph\">{\"@context\":\"https:\/\/schema.org\",\"@graph\":[{\"@type\":\"NewsArticle\",\"@id\":\"https:\/\/www.gaveanews.com\/index.php\/2025\/04\/28\/video-lance-envolvendo-everton-ribeiro-e-rogerio-ceni-do-bahia-viraliza-nas-redes-sociais\/#article\",\"isPartOf\":{\"@id\":\"https:\/\/www.gaveanews.com\/index.php\/2025\/04\/28\/video-lance-envolvendo-everton-ribeiro-e-rogerio-ceni-do-bahia-viraliza-nas-redes-sociais\/\"},\"author\":{\"name\":\"Ana Teixeira\",\"@id\":\"https:\/\/www.gaveanews.com\/#\/schema\/person\/3b19f7288b0ce20372991275e4f2e6c2\"},\"headline\":\"V\u00eddeo: lance envolvendo Everton Ribeiro e Rogerio Ceni, do Bahia, viraliza nas redes sociais\",\"datePublished\":\"2025-04-29T02:40:00+00:00\",\"mainEntityOfPage\":{\"@id\":\"https:\/\/www.gaveanews.com\/index.php\/2025\/04\/28\/video-lance-envolvendo-everton-ribeiro-e-rogerio-ceni-do-bahia-viraliza-nas-redes-sociais\/\"},\"wordCount\":340,\"commentCount\":0,\"image\":{\"@id\":\"https:\/\/www.gaveanews.com\/index.php\/2025\/04\/28\/video-lance-envolvendo-everton-ribeiro-e-rogerio-ceni-do-bahia-viraliza-nas-redes-sociais\/#primaryimage\"},\"thumbnailUrl\":\"https:\/\/www.gaveanews.com\/wp-content\/uploads\/53630999807-63f737b3c1-k.avif\",\"articleSection\":[\"Bahia\",\"Brasileir\u00e3o\"],\"inLanguage\":\"pt-BR\",\"potentialAction\":[{\"@type\":\"CommentAction\",\"name\":\"Comment\",\"target\":[\"https:\/\/www.gaveanews.com\/index.php\/2025\/04\/28\/video-lance-envolvendo-everton-ribeiro-e-rogerio-ceni-do-bahia-viraliza-nas-redes-sociais\/#respond\"]}],\"copyrightYear\":\"2025\",\"copyrightHolder\":{\"@id\":\"https:\/\/www.gaveanews.com\/#organization\"}},{\"@type\":\"WebPage\",\"@id\":\"https:\/\/www.gaveanews.com\/index.php\/2025\/04\/28\/video-lance-envolvendo-everton-ribeiro-e-rogerio-ceni-do-bahia-viraliza-nas-redes-sociais\/\",\"url\":\"https:\/\/www.gaveanews.com\/index.php\/2025\/04\/28\/video-lance-envolvendo-everton-ribeiro-e-rogerio-ceni-do-bahia-viraliza-nas-redes-sociais\/\",\"name\":\"V\u00eddeo: lance envolvendo Everton Ribeiro e Rogerio Ceni, do Bahia, viraliza nas redes sociais\",\"isPartOf\":{\"@id\":\"https:\/\/www.gaveanews.com\/#website\"},\"primaryImageOfPage\":{\"@id\":\"https:\/\/www.gaveanews.com\/index.php\/2025\/04\/28\/video-lance-envolvendo-everton-ribeiro-e-rogerio-ceni-do-bahia-viraliza-nas-redes-sociais\/#primaryimage\"},\"image\":{\"@id\":\"https:\/\/www.gaveanews.com\/index.php\/2025\/04\/28\/video-lance-envolvendo-everton-ribeiro-e-rogerio-ceni-do-bahia-viraliza-nas-redes-sociais\/#primaryimage\"},\"thumbnailUrl\":\"https:\/\/www.gaveanews.com\/wp-content\/uploads\/53630999807-63f737b3c1-k.avif\",\"datePublished\":\"2025-04-29T02:40:00+00:00\",\"author\":{\"@id\":\"https:\/\/www.gaveanews.com\/#\/schema\/person\/3b19f7288b0ce20372991275e4f2e6c2\"},\"breadcrumb\":{\"@id\":\"https:\/\/www.gaveanews.com\/index.php\/2025\/04\/28\/video-lance-envolvendo-everton-ribeiro-e-rogerio-ceni-do-bahia-viraliza-nas-redes-sociais\/#breadcrumb\"},\"inLanguage\":\"pt-BR\",\"potentialAction\":[{\"@type\":\"ReadAction\",\"target\":[\"https:\/\/www.gaveanews.com\/index.php\/2025\/04\/28\/video-lance-envolvendo-everton-ribeiro-e-rogerio-ceni-do-bahia-viraliza-nas-redes-sociais\/\"]}]},{\"@type\":\"ImageObject\",\"inLanguage\":\"pt-BR\",\"@id\":\"https:\/\/www.gaveanews.com\/index.php\/2025\/04\/28\/video-lance-envolvendo-everton-ribeiro-e-rogerio-ceni-do-bahia-viraliza-nas-redes-sociais\/#primaryimage\",\"url\":\"https:\/\/www.gaveanews.com\/wp-content\/uploads\/53630999807-63f737b3c1-k.avif\",\"contentUrl\":\"https:\/\/www.gaveanews.com\/wp-content\/uploads\/53630999807-63f737b3c1-k.avif\",\"width\":984,\"height\":656,\"caption\":\"Everton Ribeiro em treino do Bahia \u2014 Foto: Tiago Caldas \/ EC Bahia\"},{\"@type\":\"BreadcrumbList\",\"@id\":\"https:\/\/www.gaveanews.com\/index.php\/2025\/04\/28\/video-lance-envolvendo-everton-ribeiro-e-rogerio-ceni-do-bahia-viraliza-nas-redes-sociais\/#breadcrumb\",\"itemListElement\":[{\"@type\":\"ListItem\",\"position\":1,\"name\":\"Home\",\"item\":\"https:\/\/www.gaveanews.com\/\"},{\"@type\":\"ListItem\",\"position\":2,\"name\":\"V\u00eddeo: lance envolvendo Everton Ribeiro e Rogerio Ceni, do Bahia, viraliza nas redes sociais\"}]},{\"@type\":\"WebSite\",\"@id\":\"https:\/\/www.gaveanews.com\/#website\",\"url\":\"https:\/\/www.gaveanews.com\/\",\"name\":\"G\u00e1vea News\",\"description\":\"Veja todas as not\u00edcias sobre o Flamengo: Contrata\u00e7\u00f5es, categorias de base, resultados das partidas, tabela de classifica\u00e7\u00e3o, pr\u00f3ximos jogos!\",\"potentialAction\":[{\"@type\":\"SearchAction\",\"target\":{\"@type\":\"EntryPoint\",\"urlTemplate\":\"https:\/\/www.gaveanews.com\/?s={search_term_string}\"},\"query-input\":{\"@type\":\"PropertyValueSpecification\",\"valueRequired\":true,\"valueName\":\"search_term_string\"}}],\"inLanguage\":\"pt-BR\"},{\"@type\":\"Person\",\"@id\":\"https:\/\/www.gaveanews.com\/#\/schema\/person\/3b19f7288b0ce20372991275e4f2e6c2\",\"name\":\"Ana Teixeira\",\"image\":{\"@type\":\"ImageObject\",\"inLanguage\":\"pt-BR\",\"@id\":\"https:\/\/www.gaveanews.com\/#\/schema\/person\/image\/\",\"url\":\"https:\/\/secure.gravatar.com\/avatar\/0a73f5a5258f3fed37fc2fa641892f3f7a4748456d4d4792f9bc550e6c19e06c?s=96&d=mm&r=g\",\"contentUrl\":\"https:\/\/secure.gravatar.com\/avatar\/0a73f5a5258f3fed37fc2fa641892f3f7a4748456d4d4792f9bc550e6c19e06c?s=96&d=mm&r=g\",\"caption\":\"Ana Teixeira\"}}]}<\/script>\n<!-- \/ Yoast SEO Premium plugin. -->","yoast_head_json":{"title":"V\u00eddeo: lance envolvendo Everton Ribeiro e Rogerio Ceni, do Bahia, viraliza nas redes sociais","robots":{"index":"index","follow":"follow","max-snippet":"max-snippet:-1","max-image-preview":"max-image-preview:large","max-video-preview":"max-video-preview:-1"},"canonical":"https:\/\/www.gaveanews.com\/index.php\/2025\/04\/28\/video-lance-envolvendo-everton-ribeiro-e-rogerio-ceni-do-bahia-viraliza-nas-redes-sociais\/","og_locale":"pt_BR","og_type":"article","og_title":"V\u00eddeo: lance envolvendo Everton Ribeiro e Rogerio Ceni, do Bahia, viraliza nas redes sociais","og_description":"O Bahia conquistou uma vit\u00f3ria importante diante do Palmeiras, vencendo por 1 a 0 no Allianz Parque, na noite de domingo (27), pela sexta rodada do Campeonato Brasileiro. Entretanto, o duelo tamb\u00e9m foi marcado por um momento inusitado que chamou a aten\u00e7\u00e3o dos torcedores. Na reta final do primeiro tempo, enquanto o time tricolor se [&hellip;]","og_url":"https:\/\/www.gaveanews.com\/index.php\/2025\/04\/28\/video-lance-envolvendo-everton-ribeiro-e-rogerio-ceni-do-bahia-viraliza-nas-redes-sociais\/","og_site_name":"G\u00e1vea News","article_publisher":"https:\/\/facebook.com\/gaveaNews\/","article_published_time":"2025-04-29T02:40:00+00:00","author":"Ana Teixeira","twitter_card":"summary_large_image","twitter_misc":{"Escrito por":"Ana Teixeira","Est. tempo de leitura":"2 minutos"},"schema":{"@context":"https:\/\/schema.org","@graph":[{"@type":"NewsArticle","@id":"https:\/\/www.gaveanews.com\/index.php\/2025\/04\/28\/video-lance-envolvendo-everton-ribeiro-e-rogerio-ceni-do-bahia-viraliza-nas-redes-sociais\/#article","isPartOf":{"@id":"https:\/\/www.gaveanews.com\/index.php\/2025\/04\/28\/video-lance-envolvendo-everton-ribeiro-e-rogerio-ceni-do-bahia-viraliza-nas-redes-sociais\/"},"author":{"name":"Ana Teixeira","@id":"https:\/\/www.gaveanews.com\/#\/schema\/person\/3b19f7288b0ce20372991275e4f2e6c2"},"headline":"V\u00eddeo: lance envolvendo Everton Ribeiro e Rogerio Ceni, do Bahia, viraliza nas redes sociais","datePublished":"2025-04-29T02:40:00+00:00","mainEntityOfPage":{"@id":"https:\/\/www.gaveanews.com\/index.php\/2025\/04\/28\/video-lance-envolvendo-everton-ribeiro-e-rogerio-ceni-do-bahia-viraliza-nas-redes-sociais\/"},"wordCount":340,"commentCount":0,"image":{"@id":"https:\/\/www.gaveanews.com\/index.php\/2025\/04\/28\/video-lance-envolvendo-everton-ribeiro-e-rogerio-ceni-do-bahia-viraliza-nas-redes-sociais\/#primaryimage"},"thumbnailUrl":"https:\/\/www.gaveanews.com\/wp-content\/uploads\/53630999807-63f737b3c1-k.avif","articleSection":["Bahia","Brasileir\u00e3o"],"inLanguage":"pt-BR","potentialAction":[{"@type":"CommentAction","name":"Comment","target":["https:\/\/www.gaveanews.com\/index.php\/2025\/04\/28\/video-lance-envolvendo-everton-ribeiro-e-rogerio-ceni-do-bahia-viraliza-nas-redes-sociais\/#respond"]}],"copyrightYear":"2025","copyrightHolder":{"@id":"https:\/\/www.gaveanews.com\/#organization"}},{"@type":"WebPage","@id":"https:\/\/www.gaveanews.com\/index.php\/2025\/04\/28\/video-lance-envolvendo-everton-ribeiro-e-rogerio-ceni-do-bahia-viraliza-nas-redes-sociais\/","url":"https:\/\/www.gaveanews.com\/index.php\/2025\/04\/28\/video-lance-envolvendo-everton-ribeiro-e-rogerio-ceni-do-bahia-viraliza-nas-redes-sociais\/","name":"V\u00eddeo: lance envolvendo Everton Ribeiro e Rogerio Ceni, do Bahia, viraliza nas redes sociais","isPartOf":{"@id":"https:\/\/www.gaveanews.com\/#website"},"primaryImageOfPage":{"@id":"https:\/\/www.gaveanews.com\/index.php\/2025\/04\/28\/video-lance-envolvendo-everton-ribeiro-e-rogerio-ceni-do-bahia-viraliza-nas-redes-sociais\/#primaryimage"},"image":{"@id":"https:\/\/www.gaveanews.com\/index.php\/2025\/04\/28\/video-lance-envolvendo-everton-ribeiro-e-rogerio-ceni-do-bahia-viraliza-nas-redes-sociais\/#primaryimage"},"thumbnailUrl":"https:\/\/www.gaveanews.com\/wp-content\/uploads\/53630999807-63f737b3c1-k.avif","datePublished":"2025-04-29T02:40:00+00:00","author":{"@id":"https:\/\/www.gaveanews.com\/#\/schema\/person\/3b19f7288b0ce20372991275e4f2e6c2"},"breadcrumb":{"@id":"https:\/\/www.gaveanews.com\/index.php\/2025\/04\/28\/video-lance-envolvendo-everton-ribeiro-e-rogerio-ceni-do-bahia-viraliza-nas-redes-sociais\/#breadcrumb"},"inLanguage":"pt-BR","potentialAction":[{"@type":"ReadAction","target":["https:\/\/www.gaveanews.com\/index.php\/2025\/04\/28\/video-lance-envolvendo-everton-ribeiro-e-rogerio-ceni-do-bahia-viraliza-nas-redes-sociais\/"]}]},{"@type":"ImageObject","inLanguage":"pt-BR","@id":"https:\/\/www.gaveanews.com\/index.php\/2025\/04\/28\/video-lance-envolvendo-everton-ribeiro-e-rogerio-ceni-do-bahia-viraliza-nas-redes-sociais\/#primaryimage","url":"https:\/\/www.gaveanews.com\/wp-content\/uploads\/53630999807-63f737b3c1-k.avif","contentUrl":"https:\/\/www.gaveanews.com\/wp-content\/uploads\/53630999807-63f737b3c1-k.avif","width":984,"height":656,"caption":"Everton Ribeiro em treino do Bahia \u2014 Foto: Tiago Caldas \/ EC Bahia"},{"@type":"BreadcrumbList","@id":"https:\/\/www.gaveanews.com\/index.php\/2025\/04\/28\/video-lance-envolvendo-everton-ribeiro-e-rogerio-ceni-do-bahia-viraliza-nas-redes-sociais\/#breadcrumb","itemListElement":[{"@type":"ListItem","position":1,"name":"Home","item":"https:\/\/www.gaveanews.com\/"},{"@type":"ListItem","position":2,"name":"V\u00eddeo: lance envolvendo Everton Ribeiro e Rogerio Ceni, do Bahia, viraliza nas redes sociais"}]},{"@type":"WebSite","@id":"https:\/\/www.gaveanews.com\/#website","url":"https:\/\/www.gaveanews.com\/","name":"G\u00e1vea News","description":"Veja todas as not\u00edcias sobre o Flamengo: Contrata\u00e7\u00f5es, categorias de base, resultados das partidas, tabela de classifica\u00e7\u00e3o, pr\u00f3ximos jogos!","potentialAction":[{"@type":"SearchAction","target":{"@type":"EntryPoint","urlTemplate":"https:\/\/www.gaveanews.com\/?s={search_term_string}"},"query-input":{"@type":"PropertyValueSpecification","valueRequired":true,"valueName":"search_term_string"}}],"inLanguage":"pt-BR"},{"@type":"Person","@id":"https:\/\/www.gaveanews.com\/#\/schema\/person\/3b19f7288b0ce20372991275e4f2e6c2","name":"Ana Teixeira","image":{"@type":"ImageObject","inLanguage":"pt-BR","@id":"https:\/\/www.gaveanews.com\/#\/schema\/person\/image\/","url":"https:\/\/secure.gravatar.com\/avatar\/0a73f5a5258f3fed37fc2fa641892f3f7a4748456d4d4792f9bc550e6c19e06c?s=96&d=mm&r=g","contentUrl":"https:\/\/secure.gravatar.com\/avatar\/0a73f5a5258f3fed37fc2fa641892f3f7a4748456d4d4792f9bc550e6c19e06c?s=96&d=mm&r=g","caption":"Ana Teixeira"}}]}},"_links":{"self":[{"href":"https:\/\/www.gaveanews.com\/index.php\/wp-json\/wp\/v2\/posts\/258550","targetHints":{"allow":["GET"]}}],"collection":[{"href":"https:\/\/www.gaveanews.com\/index.php\/wp-json\/wp\/v2\/posts"}],"about":[{"href":"https:\/\/www.gaveanews.com\/index.php\/wp-json\/wp\/v2\/types\/post"}],"author":[{"embeddable":true,"href":"https:\/\/www.gaveanews.com\/index.php\/wp-json\/wp\/v2\/users\/30"}],"replies":[{"embeddable":true,"href":"https:\/\/www.gaveanews.com\/index.php\/wp-json\/wp\/v2\/comments?post=258550"}],"version-history":[{"count":1,"href":"https:\/\/www.gaveanews.com\/index.php\/wp-json\/wp\/v2\/posts\/258550\/revisions"}],"predecessor-version":[{"id":258562,"href":"https:\/\/www.gaveanews.com\/index.php\/wp-json\/wp\/v2\/posts\/258550\/revisions\/258562"}],"wp:featuredmedia":[{"embeddable":true,"href":"https:\/\/www.gaveanews.com\/index.php\/wp-json\/wp\/v2\/media\/148291"}],"wp:attachment":[{"href":"https:\/\/www.gaveanews.com\/index.php\/wp-json\/wp\/v2\/media?parent=258550"}],"wp:term":[{"taxonomy":"category","embeddable":true,"href":"https:\/\/www.gaveanews.com\/index.php\/wp-json\/wp\/v2\/categories?post=258550"},{"taxonomy":"post_tag","embeddable":true,"href":"https:\/\/www.gaveanews.com\/index.php\/wp-json\/wp\/v2\/tags?post=258550"}],"curies":[{"name":"wp","href":"https:\/\/api.w.org\/{rel}","templated":true}]}}