{"id":258551,"date":"2025-04-28T23:45:00","date_gmt":"2025-04-29T02:45:00","guid":{"rendered":"https:\/\/www.gaveanews.com\/?p=258551"},"modified":"2025-04-28T18:49:20","modified_gmt":"2025-04-28T21:49:20","slug":"video-a-declaracao-de-andre-rizek-sobre-flamengo-x-corinthians","status":"publish","type":"post","link":"https:\/\/www.gaveanews.com\/index.php\/2025\/04\/28\/video-a-declaracao-de-andre-rizek-sobre-flamengo-x-corinthians\/","title":{"rendered":"V\u00eddeo: a declara\u00e7\u00e3o de Andr\u00e9 Rizek sobre Flamengo x Corinthians"},"content":{"rendered":"\n<p>O Maracan\u00e3 foi palco, no domingo (27), de uma atua\u00e7\u00e3o emblem\u00e1tica do Flamengo, que n\u00e3o apenas derrotou o Corinthians por 4 a 0, mas tamb\u00e9m exp\u00f4s, de maneira ineg\u00e1vel, a diferen\u00e7a de patamar entre os dois clubes. Em sua an\u00e1lise no <strong>ge<\/strong>, Andr\u00e9 Rizek apontou que o &#8220;atropelo que aconteceu no Maracan\u00e3 n\u00e3o deveria surpreender muita gente&#8221;, destacando que o atual abismo entre as equipes \u00e9 fruto de processos de gest\u00e3o muito distintos ao longo da \u00faltima d\u00e9cada.<\/p>\n\n\n\n<p>&#8220;S\u00e3o 13 jogos de Campeonato Brasileiro, com 8 vit\u00f3rias do Flamengo, 2 empates e apenas 3 vit\u00f3rias do Corinthians. Se fosse um placar agregado, seria 26 a 11 para o Flamengo. Sem contar Libertadores, eles se enfrentaram uma vez, deu Flamengo. E Copa do Brasil, de 2019 pra c\u00e1, se enfrentaram duas vezes e deu Flamengo de novo&#8221;, apontou o jornalista. <\/p>\n\n\n\n<p>O comentarista foi al\u00e9m ao situar o in\u00edcio dessa discrep\u00e2ncia em 2013, ano em que o Corinthians era campe\u00e3o mundial e possu\u00eda um dos elencos mais fortes do pa\u00eds, enquanto o Flamengo come\u00e7ava seu projeto de reestrutura\u00e7\u00e3o financeira. <\/p>\n\n\n\n<p>&#8220;Esse jogo n\u00e3o come\u00e7ou em 2019 pro Flamengo. Esse jogo come\u00e7ou em 2013, quando o Corinthians estava bombando, campe\u00e3o do mundo, um super time, um superelenco, e o Flamengo come\u00e7ava a se preparar para pagar as contas, sanear e organizar o clube. Ent\u00e3o ele est\u00e1 colhendo frutos do que come\u00e7ou em 2013&#8221;, prosseguiu. <\/p>\n\n\n\n<p>Enquanto o Flamengo apresenta uma estrutura s\u00f3lida e um planejamento consistente, o Corinthians enfrenta dificuldades cr\u00f4nicas, como evidenciado pela crise pol\u00edtica e administrativa. Embora reconhe\u00e7a que a gest\u00e3o esportiva do clube carioca poderia ser ainda melhor, Rizek ressaltou que, atualmente, &#8220;o Flamengo \u00e9 um clube saneado, estruturado e bem organizado&#8221;.<\/p>\n\n\n\n<h2 class=\"wp-block-heading\" id=\"h-a-atuacao-em-campo\">A atua\u00e7\u00e3o em campo<\/h2>\n\n\n\n<p>Dentro de campo, a superioridade do Flamengo foi incontest\u00e1vel. Pedro, titular pela primeira vez ap\u00f3s longa recupera\u00e7\u00e3o de les\u00e3o, brilhou intensamente ao marcar dois gols. Arrascaeta tamb\u00e9m se destacou, n\u00e3o apenas ao anotar o dele, mas ao protagonizar jogadas ofensivas que abriram espa\u00e7os e criaram oportunidades. A atua\u00e7\u00e3o de ambos foi decisiva para recolocar o Flamengo na lideran\u00e7a do Brasileir\u00e3o, superando o Palmeiras, que perdeu para o Bahia.<\/p>\n\n\n\n<p>Ainda no primeiro tempo, Everton Cebolinha abriu o caminho para a goleada, convertendo um belo chute no canto do ex-goleiro rubro-negro Hugo Souza, que falhou posteriormente e entregou a bola no p\u00e9 de Pedro para mais um gol. Assim sendo, o dom\u00ednio flamenguista foi consolidado sem grandes resist\u00eancias por parte de um Corinthians desorganizado e fragilizado, conforme registrado nos relatos.<\/p>\n\n\n\n<h2 class=\"wp-block-heading\" id=\"h-a-dificil-missao-de-dorival-junior\">A dif\u00edcil miss\u00e3o de Dorival J\u00fanior<\/h2>\n\n\n\n<p>Dorival J\u00fanior, que assistiu \u00e0 partida de um camarote, certamente teve um vislumbre da complexidade do desafio que ter\u00e1 pela frente. Conforme an\u00e1lise publicada no <strong>ge<\/strong>, embora a mudan\u00e7a de t\u00e9cnico possa trazer melhorias t\u00e1ticas, a raiz dos problemas corintianos vai al\u00e9m do campo: est\u00e1 no caos financeiro, na gest\u00e3o ineficaz e na estrutura pol\u00edtica inst\u00e1vel do clube.<\/p>\n\n\n\n<p>O Corinthians apresentou falhas de marca\u00e7\u00e3o evidentes, principalmente no meio-campo e na zaga, abrindo espa\u00e7os que foram facilmente explorados pelo advers\u00e1rio. Al\u00e9m disso, a falta de solu\u00e7\u00f5es ofensivas ficou clara, com Memphis e Romero ineficazes e um time sufocado pela press\u00e3o alta imposta pelo Flamengo desde os primeiros minutos.<\/p>\n\n\n\n<h2 class=\"wp-block-heading\" id=\"h-estrutura-organizacional\">Estrutura organizacional <\/h2>\n\n\n\n<p>Rizek destacou que o Flamengo &#8220;vai brigar por todos os t\u00edtulos da temporada&#8221; justamente por ter saneado suas finan\u00e7as e estruturado o clube de forma profissional. J\u00e1 o Corinthians, atolado em d\u00edvidas e sem sinais de mudan\u00e7as administrativas significativas, &#8220;n\u00e3o tem perspectiva de brigar pelo Brasileiro&#8221; e aposta em milagres pontuais, como campanhas de Copa do Brasil e Sul-Americana.<\/p>\n\n\n\n<p>&#8220;Corinthians \u00e9 um clube cuja d\u00edvida n\u00e3o para de crescer, nesse momento est\u00e1 em 2 bilh\u00f5es e meio, n\u00e3o consegue se organizar, e a tend\u00eancia \u00e9 que isso, quando eles se encontrarem, se repita mais algumas vezes. Porque nada indica que as gest\u00f5es do Corinthians tenham aprendido com o exemplo do Flamengo, que elas queiram seguir o exemplo do Flamengo, pelo contr\u00e1rio, a d\u00edvida n\u00e3o para de aumentar&#8221;, avaliou.<\/p>\n\n\n\n<p>Embora reconhe\u00e7a que t\u00edtulos isolados ainda possam ser conquistados \u2014 como ocorreu recentemente no Campeonato Paulista \u2014, o comentarista foi categ\u00f3rico ao afirmar que essas conquistas pontuais apenas mascaram a real situa\u00e7\u00e3o do clube paulista.<\/p>\n\n\n\n<p>&#8220;Ent\u00e3o hoje o Flamengo vai brigar por todos os t\u00edtulos da temporada, Libertadores, Campeonato Brasileiro, Copa do Brasil. O Corinthians, n\u00e3o tem perspectiva de brigar para o Brasileiro, est\u00e1 tentando sobreviver na Sul-Americana e tenta um milagre na Copa do Brasil, porque s\u00e3o as campanhas estadual, Copa do Brasil, que mascaram muitas vezes a incompet\u00eancia administrativa, dos grandes clubes, grandes clubes, mesmo endividados, mesmo numa bagun\u00e7a&#8221;, completou. <\/p>\n\n\n\n<blockquote class=\"twitter-tweet\" data-media-max-width=\"560\"><p lang=\"pt\" dir=\"ltr\">&quot;Domingo no Maracan\u00e3, o atropelo que foi, deu a l\u00f3gica&quot;, diz Rizek, sobre Flamengo e Corinthians. Concorda? <a href=\"https:\/\/t.co\/gWlRtU3UDN\">pic.twitter.com\/gWlRtU3UDN<\/a><\/p>&mdash; ge (@geglobo) <a href=\"https:\/\/twitter.com\/geglobo\/status\/1916885256558330239?ref_src=twsrc%5Etfw\">April 28, 2025<\/a><\/blockquote> <script async src=\"https:\/\/platform.twitter.com\/widgets.js\" charset=\"utf-8\"><\/script>\n","protected":false},"excerpt":{"rendered":"<p>O Maracan\u00e3 foi palco, no domingo (27), de uma atua\u00e7\u00e3o emblem\u00e1tica do Flamengo, que n\u00e3o apenas derrotou o Corinthians por 4 a 0, mas tamb\u00e9m exp\u00f4s, de maneira ineg\u00e1vel, a diferen\u00e7a de patamar entre os dois clubes. Em sua an\u00e1lise no ge, Andr\u00e9 Rizek apontou que o &#8220;atropelo que aconteceu no Maracan\u00e3 n\u00e3o deveria surpreender [&hellip;]<\/p>\n","protected":false},"author":30,"featured_media":258385,"comment_status":"open","ping_status":"closed","sticky":false,"template":"","format":"standard","meta":{"footnotes":""},"categories":[133,141,1],"tags":[],"class_list":["post-258551","post","type-post","status-publish","format-standard","has-post-thumbnail","hentry","category-brasileirao","category-corinthians","category-flamengo"],"yoast_head":"<!-- This site is optimized with the Yoast SEO Premium plugin v24.2 (Yoast SEO v26.9) - https:\/\/yoast.com\/product\/yoast-seo-premium-wordpress\/ -->\n<title>V\u00eddeo: a declara\u00e7\u00e3o de Andr\u00e9 Rizek sobre Flamengo x Corinthians<\/title>\n<meta name=\"robots\" content=\"index, follow, max-snippet:-1, max-image-preview:large, max-video-preview:-1\" \/>\n<link rel=\"canonical\" href=\"https:\/\/www.gaveanews.com\/index.php\/2025\/04\/28\/video-a-declaracao-de-andre-rizek-sobre-flamengo-x-corinthians\/\" \/>\n<meta property=\"og:locale\" content=\"pt_BR\" \/>\n<meta property=\"og:type\" content=\"article\" \/>\n<meta property=\"og:title\" content=\"V\u00eddeo: a declara\u00e7\u00e3o de Andr\u00e9 Rizek sobre Flamengo x Corinthians\" \/>\n<meta property=\"og:description\" content=\"O Maracan\u00e3 foi palco, no domingo (27), de uma atua\u00e7\u00e3o emblem\u00e1tica do Flamengo, que n\u00e3o apenas derrotou o Corinthians por 4 a 0, mas tamb\u00e9m exp\u00f4s, de maneira ineg\u00e1vel, a diferen\u00e7a de patamar entre os dois clubes. Em sua an\u00e1lise no ge, Andr\u00e9 Rizek apontou que o &#8220;atropelo que aconteceu no Maracan\u00e3 n\u00e3o deveria surpreender [&hellip;]\" \/>\n<meta property=\"og:url\" content=\"https:\/\/www.gaveanews.com\/index.php\/2025\/04\/28\/video-a-declaracao-de-andre-rizek-sobre-flamengo-x-corinthians\/\" \/>\n<meta property=\"og:site_name\" content=\"G\u00e1vea News\" \/>\n<meta property=\"article:publisher\" content=\"https:\/\/facebook.com\/gaveaNews\/\" \/>\n<meta property=\"article:published_time\" content=\"2025-04-29T02:45:00+00:00\" \/>\n<meta property=\"og:image\" content=\"https:\/\/www.gaveanews.com\/wp-content\/uploads\/Arrascaeta-desfila-bom-futebol-em-goleada-do-Flamengo-sobre-o-Corinthians-no-Maracana_Easy-Resize.com_.webp\" \/>\n\t<meta property=\"og:image:width\" content=\"1200\" \/>\n\t<meta property=\"og:image:height\" content=\"900\" \/>\n\t<meta property=\"og:image:type\" content=\"image\/webp\" \/>\n<meta name=\"author\" content=\"Ana Teixeira\" \/>\n<meta name=\"twitter:card\" content=\"summary_large_image\" \/>\n<meta name=\"twitter:label1\" content=\"Escrito por\" \/>\n\t<meta name=\"twitter:data1\" content=\"Ana Teixeira\" \/>\n\t<meta name=\"twitter:label2\" content=\"Est. tempo de leitura\" \/>\n\t<meta name=\"twitter:data2\" content=\"5 minutos\" \/>\n<script type=\"application\/ld+json\" class=\"yoast-schema-graph\">{\"@context\":\"https:\/\/schema.org\",\"@graph\":[{\"@type\":\"NewsArticle\",\"@id\":\"https:\/\/www.gaveanews.com\/index.php\/2025\/04\/28\/video-a-declaracao-de-andre-rizek-sobre-flamengo-x-corinthians\/#article\",\"isPartOf\":{\"@id\":\"https:\/\/www.gaveanews.com\/index.php\/2025\/04\/28\/video-a-declaracao-de-andre-rizek-sobre-flamengo-x-corinthians\/\"},\"author\":{\"name\":\"Ana Teixeira\",\"@id\":\"https:\/\/www.gaveanews.com\/#\/schema\/person\/3b19f7288b0ce20372991275e4f2e6c2\"},\"headline\":\"V\u00eddeo: a declara\u00e7\u00e3o de Andr\u00e9 Rizek sobre Flamengo x Corinthians\",\"datePublished\":\"2025-04-29T02:45:00+00:00\",\"mainEntityOfPage\":{\"@id\":\"https:\/\/www.gaveanews.com\/index.php\/2025\/04\/28\/video-a-declaracao-de-andre-rizek-sobre-flamengo-x-corinthians\/\"},\"wordCount\":865,\"commentCount\":0,\"image\":{\"@id\":\"https:\/\/www.gaveanews.com\/index.php\/2025\/04\/28\/video-a-declaracao-de-andre-rizek-sobre-flamengo-x-corinthians\/#primaryimage\"},\"thumbnailUrl\":\"https:\/\/www.gaveanews.com\/wp-content\/uploads\/Arrascaeta-desfila-bom-futebol-em-goleada-do-Flamengo-sobre-o-Corinthians-no-Maracana_Easy-Resize.com_.webp\",\"articleSection\":[\"Brasileir\u00e3o\",\"Corinthians\",\"Flamengo\"],\"inLanguage\":\"pt-BR\",\"potentialAction\":[{\"@type\":\"CommentAction\",\"name\":\"Comment\",\"target\":[\"https:\/\/www.gaveanews.com\/index.php\/2025\/04\/28\/video-a-declaracao-de-andre-rizek-sobre-flamengo-x-corinthians\/#respond\"]}],\"copyrightYear\":\"2025\",\"copyrightHolder\":{\"@id\":\"https:\/\/www.gaveanews.com\/#organization\"}},{\"@type\":\"WebPage\",\"@id\":\"https:\/\/www.gaveanews.com\/index.php\/2025\/04\/28\/video-a-declaracao-de-andre-rizek-sobre-flamengo-x-corinthians\/\",\"url\":\"https:\/\/www.gaveanews.com\/index.php\/2025\/04\/28\/video-a-declaracao-de-andre-rizek-sobre-flamengo-x-corinthians\/\",\"name\":\"V\u00eddeo: a declara\u00e7\u00e3o de Andr\u00e9 Rizek sobre Flamengo x Corinthians\",\"isPartOf\":{\"@id\":\"https:\/\/www.gaveanews.com\/#website\"},\"primaryImageOfPage\":{\"@id\":\"https:\/\/www.gaveanews.com\/index.php\/2025\/04\/28\/video-a-declaracao-de-andre-rizek-sobre-flamengo-x-corinthians\/#primaryimage\"},\"image\":{\"@id\":\"https:\/\/www.gaveanews.com\/index.php\/2025\/04\/28\/video-a-declaracao-de-andre-rizek-sobre-flamengo-x-corinthians\/#primaryimage\"},\"thumbnailUrl\":\"https:\/\/www.gaveanews.com\/wp-content\/uploads\/Arrascaeta-desfila-bom-futebol-em-goleada-do-Flamengo-sobre-o-Corinthians-no-Maracana_Easy-Resize.com_.webp\",\"datePublished\":\"2025-04-29T02:45:00+00:00\",\"author\":{\"@id\":\"https:\/\/www.gaveanews.com\/#\/schema\/person\/3b19f7288b0ce20372991275e4f2e6c2\"},\"breadcrumb\":{\"@id\":\"https:\/\/www.gaveanews.com\/index.php\/2025\/04\/28\/video-a-declaracao-de-andre-rizek-sobre-flamengo-x-corinthians\/#breadcrumb\"},\"inLanguage\":\"pt-BR\",\"potentialAction\":[{\"@type\":\"ReadAction\",\"target\":[\"https:\/\/www.gaveanews.com\/index.php\/2025\/04\/28\/video-a-declaracao-de-andre-rizek-sobre-flamengo-x-corinthians\/\"]}]},{\"@type\":\"ImageObject\",\"inLanguage\":\"pt-BR\",\"@id\":\"https:\/\/www.gaveanews.com\/index.php\/2025\/04\/28\/video-a-declaracao-de-andre-rizek-sobre-flamengo-x-corinthians\/#primaryimage\",\"url\":\"https:\/\/www.gaveanews.com\/wp-content\/uploads\/Arrascaeta-desfila-bom-futebol-em-goleada-do-Flamengo-sobre-o-Corinthians-no-Maracana_Easy-Resize.com_.webp\",\"contentUrl\":\"https:\/\/www.gaveanews.com\/wp-content\/uploads\/Arrascaeta-desfila-bom-futebol-em-goleada-do-Flamengo-sobre-o-Corinthians-no-Maracana_Easy-Resize.com_.webp\",\"width\":1200,\"height\":900},{\"@type\":\"BreadcrumbList\",\"@id\":\"https:\/\/www.gaveanews.com\/index.php\/2025\/04\/28\/video-a-declaracao-de-andre-rizek-sobre-flamengo-x-corinthians\/#breadcrumb\",\"itemListElement\":[{\"@type\":\"ListItem\",\"position\":1,\"name\":\"Home\",\"item\":\"https:\/\/www.gaveanews.com\/\"},{\"@type\":\"ListItem\",\"position\":2,\"name\":\"V\u00eddeo: a declara\u00e7\u00e3o de Andr\u00e9 Rizek sobre Flamengo x Corinthians\"}]},{\"@type\":\"WebSite\",\"@id\":\"https:\/\/www.gaveanews.com\/#website\",\"url\":\"https:\/\/www.gaveanews.com\/\",\"name\":\"G\u00e1vea News\",\"description\":\"Veja todas as not\u00edcias sobre o Flamengo: Contrata\u00e7\u00f5es, categorias de base, resultados das partidas, tabela de classifica\u00e7\u00e3o, pr\u00f3ximos jogos!\",\"potentialAction\":[{\"@type\":\"SearchAction\",\"target\":{\"@type\":\"EntryPoint\",\"urlTemplate\":\"https:\/\/www.gaveanews.com\/?s={search_term_string}\"},\"query-input\":{\"@type\":\"PropertyValueSpecification\",\"valueRequired\":true,\"valueName\":\"search_term_string\"}}],\"inLanguage\":\"pt-BR\"},{\"@type\":\"Person\",\"@id\":\"https:\/\/www.gaveanews.com\/#\/schema\/person\/3b19f7288b0ce20372991275e4f2e6c2\",\"name\":\"Ana Teixeira\",\"image\":{\"@type\":\"ImageObject\",\"inLanguage\":\"pt-BR\",\"@id\":\"https:\/\/www.gaveanews.com\/#\/schema\/person\/image\/\",\"url\":\"https:\/\/secure.gravatar.com\/avatar\/0a73f5a5258f3fed37fc2fa641892f3f7a4748456d4d4792f9bc550e6c19e06c?s=96&d=mm&r=g\",\"contentUrl\":\"https:\/\/secure.gravatar.com\/avatar\/0a73f5a5258f3fed37fc2fa641892f3f7a4748456d4d4792f9bc550e6c19e06c?s=96&d=mm&r=g\",\"caption\":\"Ana Teixeira\"}}]}<\/script>\n<!-- \/ Yoast SEO Premium plugin. -->","yoast_head_json":{"title":"V\u00eddeo: a declara\u00e7\u00e3o de Andr\u00e9 Rizek sobre Flamengo x Corinthians","robots":{"index":"index","follow":"follow","max-snippet":"max-snippet:-1","max-image-preview":"max-image-preview:large","max-video-preview":"max-video-preview:-1"},"canonical":"https:\/\/www.gaveanews.com\/index.php\/2025\/04\/28\/video-a-declaracao-de-andre-rizek-sobre-flamengo-x-corinthians\/","og_locale":"pt_BR","og_type":"article","og_title":"V\u00eddeo: a declara\u00e7\u00e3o de Andr\u00e9 Rizek sobre Flamengo x Corinthians","og_description":"O Maracan\u00e3 foi palco, no domingo (27), de uma atua\u00e7\u00e3o emblem\u00e1tica do Flamengo, que n\u00e3o apenas derrotou o Corinthians por 4 a 0, mas tamb\u00e9m exp\u00f4s, de maneira ineg\u00e1vel, a diferen\u00e7a de patamar entre os dois clubes. Em sua an\u00e1lise no ge, Andr\u00e9 Rizek apontou que o &#8220;atropelo que aconteceu no Maracan\u00e3 n\u00e3o deveria surpreender [&hellip;]","og_url":"https:\/\/www.gaveanews.com\/index.php\/2025\/04\/28\/video-a-declaracao-de-andre-rizek-sobre-flamengo-x-corinthians\/","og_site_name":"G\u00e1vea News","article_publisher":"https:\/\/facebook.com\/gaveaNews\/","article_published_time":"2025-04-29T02:45:00+00:00","og_image":[{"width":1200,"height":900,"url":"https:\/\/www.gaveanews.com\/wp-content\/uploads\/Arrascaeta-desfila-bom-futebol-em-goleada-do-Flamengo-sobre-o-Corinthians-no-Maracana_Easy-Resize.com_.webp","type":"image\/webp"}],"author":"Ana Teixeira","twitter_card":"summary_large_image","twitter_misc":{"Escrito por":"Ana Teixeira","Est. tempo de leitura":"5 minutos"},"schema":{"@context":"https:\/\/schema.org","@graph":[{"@type":"NewsArticle","@id":"https:\/\/www.gaveanews.com\/index.php\/2025\/04\/28\/video-a-declaracao-de-andre-rizek-sobre-flamengo-x-corinthians\/#article","isPartOf":{"@id":"https:\/\/www.gaveanews.com\/index.php\/2025\/04\/28\/video-a-declaracao-de-andre-rizek-sobre-flamengo-x-corinthians\/"},"author":{"name":"Ana Teixeira","@id":"https:\/\/www.gaveanews.com\/#\/schema\/person\/3b19f7288b0ce20372991275e4f2e6c2"},"headline":"V\u00eddeo: a declara\u00e7\u00e3o de Andr\u00e9 Rizek sobre Flamengo x Corinthians","datePublished":"2025-04-29T02:45:00+00:00","mainEntityOfPage":{"@id":"https:\/\/www.gaveanews.com\/index.php\/2025\/04\/28\/video-a-declaracao-de-andre-rizek-sobre-flamengo-x-corinthians\/"},"wordCount":865,"commentCount":0,"image":{"@id":"https:\/\/www.gaveanews.com\/index.php\/2025\/04\/28\/video-a-declaracao-de-andre-rizek-sobre-flamengo-x-corinthians\/#primaryimage"},"thumbnailUrl":"https:\/\/www.gaveanews.com\/wp-content\/uploads\/Arrascaeta-desfila-bom-futebol-em-goleada-do-Flamengo-sobre-o-Corinthians-no-Maracana_Easy-Resize.com_.webp","articleSection":["Brasileir\u00e3o","Corinthians","Flamengo"],"inLanguage":"pt-BR","potentialAction":[{"@type":"CommentAction","name":"Comment","target":["https:\/\/www.gaveanews.com\/index.php\/2025\/04\/28\/video-a-declaracao-de-andre-rizek-sobre-flamengo-x-corinthians\/#respond"]}],"copyrightYear":"2025","copyrightHolder":{"@id":"https:\/\/www.gaveanews.com\/#organization"}},{"@type":"WebPage","@id":"https:\/\/www.gaveanews.com\/index.php\/2025\/04\/28\/video-a-declaracao-de-andre-rizek-sobre-flamengo-x-corinthians\/","url":"https:\/\/www.gaveanews.com\/index.php\/2025\/04\/28\/video-a-declaracao-de-andre-rizek-sobre-flamengo-x-corinthians\/","name":"V\u00eddeo: a declara\u00e7\u00e3o de Andr\u00e9 Rizek sobre Flamengo x Corinthians","isPartOf":{"@id":"https:\/\/www.gaveanews.com\/#website"},"primaryImageOfPage":{"@id":"https:\/\/www.gaveanews.com\/index.php\/2025\/04\/28\/video-a-declaracao-de-andre-rizek-sobre-flamengo-x-corinthians\/#primaryimage"},"image":{"@id":"https:\/\/www.gaveanews.com\/index.php\/2025\/04\/28\/video-a-declaracao-de-andre-rizek-sobre-flamengo-x-corinthians\/#primaryimage"},"thumbnailUrl":"https:\/\/www.gaveanews.com\/wp-content\/uploads\/Arrascaeta-desfila-bom-futebol-em-goleada-do-Flamengo-sobre-o-Corinthians-no-Maracana_Easy-Resize.com_.webp","datePublished":"2025-04-29T02:45:00+00:00","author":{"@id":"https:\/\/www.gaveanews.com\/#\/schema\/person\/3b19f7288b0ce20372991275e4f2e6c2"},"breadcrumb":{"@id":"https:\/\/www.gaveanews.com\/index.php\/2025\/04\/28\/video-a-declaracao-de-andre-rizek-sobre-flamengo-x-corinthians\/#breadcrumb"},"inLanguage":"pt-BR","potentialAction":[{"@type":"ReadAction","target":["https:\/\/www.gaveanews.com\/index.php\/2025\/04\/28\/video-a-declaracao-de-andre-rizek-sobre-flamengo-x-corinthians\/"]}]},{"@type":"ImageObject","inLanguage":"pt-BR","@id":"https:\/\/www.gaveanews.com\/index.php\/2025\/04\/28\/video-a-declaracao-de-andre-rizek-sobre-flamengo-x-corinthians\/#primaryimage","url":"https:\/\/www.gaveanews.com\/wp-content\/uploads\/Arrascaeta-desfila-bom-futebol-em-goleada-do-Flamengo-sobre-o-Corinthians-no-Maracana_Easy-Resize.com_.webp","contentUrl":"https:\/\/www.gaveanews.com\/wp-content\/uploads\/Arrascaeta-desfila-bom-futebol-em-goleada-do-Flamengo-sobre-o-Corinthians-no-Maracana_Easy-Resize.com_.webp","width":1200,"height":900},{"@type":"BreadcrumbList","@id":"https:\/\/www.gaveanews.com\/index.php\/2025\/04\/28\/video-a-declaracao-de-andre-rizek-sobre-flamengo-x-corinthians\/#breadcrumb","itemListElement":[{"@type":"ListItem","position":1,"name":"Home","item":"https:\/\/www.gaveanews.com\/"},{"@type":"ListItem","position":2,"name":"V\u00eddeo: a declara\u00e7\u00e3o de Andr\u00e9 Rizek sobre Flamengo x Corinthians"}]},{"@type":"WebSite","@id":"https:\/\/www.gaveanews.com\/#website","url":"https:\/\/www.gaveanews.com\/","name":"G\u00e1vea News","description":"Veja todas as not\u00edcias sobre o Flamengo: Contrata\u00e7\u00f5es, categorias de base, resultados das partidas, tabela de classifica\u00e7\u00e3o, pr\u00f3ximos jogos!","potentialAction":[{"@type":"SearchAction","target":{"@type":"EntryPoint","urlTemplate":"https:\/\/www.gaveanews.com\/?s={search_term_string}"},"query-input":{"@type":"PropertyValueSpecification","valueRequired":true,"valueName":"search_term_string"}}],"inLanguage":"pt-BR"},{"@type":"Person","@id":"https:\/\/www.gaveanews.com\/#\/schema\/person\/3b19f7288b0ce20372991275e4f2e6c2","name":"Ana Teixeira","image":{"@type":"ImageObject","inLanguage":"pt-BR","@id":"https:\/\/www.gaveanews.com\/#\/schema\/person\/image\/","url":"https:\/\/secure.gravatar.com\/avatar\/0a73f5a5258f3fed37fc2fa641892f3f7a4748456d4d4792f9bc550e6c19e06c?s=96&d=mm&r=g","contentUrl":"https:\/\/secure.gravatar.com\/avatar\/0a73f5a5258f3fed37fc2fa641892f3f7a4748456d4d4792f9bc550e6c19e06c?s=96&d=mm&r=g","caption":"Ana Teixeira"}}]}},"_links":{"self":[{"href":"https:\/\/www.gaveanews.com\/index.php\/wp-json\/wp\/v2\/posts\/258551","targetHints":{"allow":["GET"]}}],"collection":[{"href":"https:\/\/www.gaveanews.com\/index.php\/wp-json\/wp\/v2\/posts"}],"about":[{"href":"https:\/\/www.gaveanews.com\/index.php\/wp-json\/wp\/v2\/types\/post"}],"author":[{"embeddable":true,"href":"https:\/\/www.gaveanews.com\/index.php\/wp-json\/wp\/v2\/users\/30"}],"replies":[{"embeddable":true,"href":"https:\/\/www.gaveanews.com\/index.php\/wp-json\/wp\/v2\/comments?post=258551"}],"version-history":[{"count":1,"href":"https:\/\/www.gaveanews.com\/index.php\/wp-json\/wp\/v2\/posts\/258551\/revisions"}],"predecessor-version":[{"id":258565,"href":"https:\/\/www.gaveanews.com\/index.php\/wp-json\/wp\/v2\/posts\/258551\/revisions\/258565"}],"wp:featuredmedia":[{"embeddable":true,"href":"https:\/\/www.gaveanews.com\/index.php\/wp-json\/wp\/v2\/media\/258385"}],"wp:attachment":[{"href":"https:\/\/www.gaveanews.com\/index.php\/wp-json\/wp\/v2\/media?parent=258551"}],"wp:term":[{"taxonomy":"category","embeddable":true,"href":"https:\/\/www.gaveanews.com\/index.php\/wp-json\/wp\/v2\/categories?post=258551"},{"taxonomy":"post_tag","embeddable":true,"href":"https:\/\/www.gaveanews.com\/index.php\/wp-json\/wp\/v2\/tags?post=258551"}],"curies":[{"name":"wp","href":"https:\/\/api.w.org\/{rel}","templated":true}]}}