{"id":258552,"date":"2025-04-28T23:30:00","date_gmt":"2025-04-29T02:30:00","guid":{"rendered":"https:\/\/www.gaveanews.com\/?p=258552"},"modified":"2025-04-28T18:31:23","modified_gmt":"2025-04-28T21:31:23","slug":"video-jogador-do-cruzeiro-provoca-o-vasco-apos-vitoria","status":"publish","type":"post","link":"https:\/\/www.gaveanews.com\/index.php\/2025\/04\/28\/video-jogador-do-cruzeiro-provoca-o-vasco-apos-vitoria\/","title":{"rendered":"V\u00eddeo: jogador do Cruzeiro provoca o Vasco ap\u00f3s vit\u00f3ria"},"content":{"rendered":"\n<p>A vit\u00f3ria do Cruzeiro por 1 a 0 diante do Vasco, no domingo (27), pela sexta rodada do Campeonato Brasileiro, gerou repercuss\u00e3o tamb\u00e9m fora das quatro linhas. Principalmente pelas redes sociais, onde o atacante Yannick Bolasie, do clube mineiro, utilizou sua conta para celebrar o resultado e, de forma provocativa, relembrar o hist\u00f3rico recente contra a equipe carioca.<\/p>\n\n\n\n<p>O congol\u00eas, que entrou em campo apenas aos 46 minutos do segundo tempo, substituindo Kaio Jorge, publicou um v\u00eddeo em seu perfil oficial comemorando o triunfo. Em tom descontra\u00eddo, Bolasie afirmou: <\/p>\n\n\n\n<p>\u201cOntem, tr\u00eas pontos! Parab\u00e9ns ao Christian, primeiro gol. Voc\u00ea sabe que eu gosto de voltar para casa contra o Vasco com tr\u00eas pontos? Let&#8217;s bora!\u201d. A postagem ainda contou com emojis alusivos ao Cruzeiro e rapidamente atraiu milhares de intera\u00e7\u00f5es entre os torcedores.<\/p>\n\n\n\n<p>Em sua publica\u00e7\u00e3o, al\u00e9m da provoca\u00e7\u00e3o, Bolasie tamb\u00e9m destacou a felicidade pelo retorno aos gramados. Afinal, o atacante voltou a jogar ap\u00f3s se recuperar de les\u00e3o, que o afastou dos compromissos oficiais desde a estreia cruzeirense no Campeonato Brasileiro, ocorrida no dia 29 de mar\u00e7o contra o Mirassol.<\/p>\n\n\n\n<blockquote class=\"twitter-tweet\" data-media-max-width=\"560\"><p lang=\"pt\" dir=\"ltr\">Bolasie provoca Vasco ap\u00f3s vit\u00f3ria do Cruzeiro:<br><br>&quot;Voc\u00eas sabem que eu gosto de voltar para casa com 3 pontos contra o Vasco.&quot;<br><br>\ud83c\udfa5 Reprodu\u00e7\u00e3o <a href=\"https:\/\/t.co\/PcIJiMFfmb\">pic.twitter.com\/PcIJiMFfmb<\/a><\/p>&mdash; Planeta do Futebol \ud83c\udf0e (@futebol_info) <a href=\"https:\/\/twitter.com\/futebol_info\/status\/1916851093629276295?ref_src=twsrc%5Etfw\">April 28, 2025<\/a><\/blockquote> <script async src=\"https:\/\/platform.twitter.com\/widgets.js\" charset=\"utf-8\"><\/script>\n\n\n\n<p>O atacante, de 35 anos, ainda n\u00e3o marcou gols pelo Cruzeiro no atual Campeonato Brasileiro. Suas \u00fanicas redes balan\u00e7adas em 2025 ocorreram durante a disputa do Campeonato Mineiro. Mesmo assim, sua rela\u00e7\u00e3o com o Vasco j\u00e1 \u00e9 marcada por atua\u00e7\u00f5es destacadas. <\/p>\n\n\n\n<p>Em 2024, enquanto defendia o Crici\u00fama, Bolasie enfrentou os cariocas em duas oportunidades e acumulou tr\u00eas gols e duas assist\u00eancias, ajudando seu ent\u00e3o clube a garantir uma vit\u00f3ria em S\u00e3o Janu\u00e1rio e um empate no Heriberto H\u00fclse.<\/p>\n\n\n\n<p>Ali\u00e1s, o hist\u00f3rico positivo do atacante frente ao time cruz-maltino contribuiu para refor\u00e7ar a atmosfera de rivalidade. Na atual temporada, Bolasie assinou com o Cruzeiro, ap\u00f3s se destacar no Crici\u00fama. Anteriormente, o jogador construiu carreira relevante na Inglaterra, atuando por clubes como Everton, Aston Villa e Crystal Palace. Apesar de ser natural da Fran\u00e7a, possui nacionalidade congolesa e inglesa.<\/p>\n\n\n\n<h2 class=\"wp-block-heading\" id=\"h-cruzeiro-no-brasileirao\">Cruzeiro no Brasileir\u00e3o<\/h2>\n\n\n\n<p>Enquanto isso, a Raposa consolidou sua terceira vit\u00f3ria na competi\u00e7\u00e3o, alcan\u00e7ando dez pontos e subindo para a quarta coloca\u00e7\u00e3o da tabela. Agora, o pr\u00f3ximo compromisso do time ser\u00e1 diante do Flamengo, no Mineir\u00e3o, no domingo (04 de maio), \u00e0s 18h30 (hor\u00e1rio de Bras\u00edlia).<\/p>\n\n\n\n<p><\/p>\n","protected":false},"excerpt":{"rendered":"<p>A vit\u00f3ria do Cruzeiro por 1 a 0 diante do Vasco, no domingo (27), pela sexta rodada do Campeonato Brasileiro, gerou repercuss\u00e3o tamb\u00e9m fora das quatro linhas. Principalmente pelas redes sociais, onde o atacante Yannick Bolasie, do clube mineiro, utilizou sua conta para celebrar o resultado e, de forma provocativa, relembrar o hist\u00f3rico recente contra [&hellip;]<\/p>\n","protected":false},"author":30,"featured_media":165466,"comment_status":"open","ping_status":"closed","sticky":false,"template":"","format":"standard","meta":{"footnotes":""},"categories":[152],"tags":[],"class_list":["post-258552","post","type-post","status-publish","format-standard","has-post-thumbnail","hentry","category-vasco"],"yoast_head":"<!-- This site is optimized with the Yoast SEO Premium plugin v24.2 (Yoast SEO v26.9) - https:\/\/yoast.com\/product\/yoast-seo-premium-wordpress\/ -->\n<title>V\u00eddeo: jogador do Cruzeiro provoca o Vasco ap\u00f3s vit\u00f3ria<\/title>\n<meta name=\"robots\" content=\"index, follow, max-snippet:-1, max-image-preview:large, max-video-preview:-1\" \/>\n<link rel=\"canonical\" href=\"https:\/\/www.gaveanews.com\/index.php\/2025\/04\/28\/video-jogador-do-cruzeiro-provoca-o-vasco-apos-vitoria\/\" \/>\n<meta property=\"og:locale\" content=\"pt_BR\" \/>\n<meta property=\"og:type\" content=\"article\" \/>\n<meta property=\"og:title\" content=\"V\u00eddeo: jogador do Cruzeiro provoca o Vasco ap\u00f3s vit\u00f3ria\" \/>\n<meta property=\"og:description\" content=\"A vit\u00f3ria do Cruzeiro por 1 a 0 diante do Vasco, no domingo (27), pela sexta rodada do Campeonato Brasileiro, gerou repercuss\u00e3o tamb\u00e9m fora das quatro linhas. Principalmente pelas redes sociais, onde o atacante Yannick Bolasie, do clube mineiro, utilizou sua conta para celebrar o resultado e, de forma provocativa, relembrar o hist\u00f3rico recente contra [&hellip;]\" \/>\n<meta property=\"og:url\" content=\"https:\/\/www.gaveanews.com\/index.php\/2025\/04\/28\/video-jogador-do-cruzeiro-provoca-o-vasco-apos-vitoria\/\" \/>\n<meta property=\"og:site_name\" content=\"G\u00e1vea News\" \/>\n<meta property=\"article:publisher\" content=\"https:\/\/facebook.com\/gaveaNews\/\" \/>\n<meta property=\"article:published_time\" content=\"2025-04-29T02:30:00+00:00\" \/>\n<meta property=\"og:image\" content=\"https:\/\/www.gaveanews.com\/wp-content\/uploads\/Escudo-do-Cruzeiro.webp\" \/>\n\t<meta property=\"og:image:width\" content=\"1387\" \/>\n\t<meta property=\"og:image:height\" content=\"924\" \/>\n\t<meta property=\"og:image:type\" content=\"image\/webp\" \/>\n<meta name=\"author\" content=\"Ana Teixeira\" \/>\n<meta name=\"twitter:card\" content=\"summary_large_image\" \/>\n<meta name=\"twitter:label1\" content=\"Escrito por\" \/>\n\t<meta name=\"twitter:data1\" content=\"Ana Teixeira\" \/>\n\t<meta name=\"twitter:label2\" content=\"Est. tempo de leitura\" \/>\n\t<meta name=\"twitter:data2\" content=\"3 minutos\" \/>\n<script type=\"application\/ld+json\" class=\"yoast-schema-graph\">{\"@context\":\"https:\/\/schema.org\",\"@graph\":[{\"@type\":\"NewsArticle\",\"@id\":\"https:\/\/www.gaveanews.com\/index.php\/2025\/04\/28\/video-jogador-do-cruzeiro-provoca-o-vasco-apos-vitoria\/#article\",\"isPartOf\":{\"@id\":\"https:\/\/www.gaveanews.com\/index.php\/2025\/04\/28\/video-jogador-do-cruzeiro-provoca-o-vasco-apos-vitoria\/\"},\"author\":{\"name\":\"Ana Teixeira\",\"@id\":\"https:\/\/www.gaveanews.com\/#\/schema\/person\/3b19f7288b0ce20372991275e4f2e6c2\"},\"headline\":\"V\u00eddeo: jogador do Cruzeiro provoca o Vasco ap\u00f3s vit\u00f3ria\",\"datePublished\":\"2025-04-29T02:30:00+00:00\",\"mainEntityOfPage\":{\"@id\":\"https:\/\/www.gaveanews.com\/index.php\/2025\/04\/28\/video-jogador-do-cruzeiro-provoca-o-vasco-apos-vitoria\/\"},\"wordCount\":450,\"commentCount\":0,\"image\":{\"@id\":\"https:\/\/www.gaveanews.com\/index.php\/2025\/04\/28\/video-jogador-do-cruzeiro-provoca-o-vasco-apos-vitoria\/#primaryimage\"},\"thumbnailUrl\":\"https:\/\/www.gaveanews.com\/wp-content\/uploads\/Escudo-do-Cruzeiro.webp\",\"articleSection\":[\"Vasco\"],\"inLanguage\":\"pt-BR\",\"potentialAction\":[{\"@type\":\"CommentAction\",\"name\":\"Comment\",\"target\":[\"https:\/\/www.gaveanews.com\/index.php\/2025\/04\/28\/video-jogador-do-cruzeiro-provoca-o-vasco-apos-vitoria\/#respond\"]}],\"copyrightYear\":\"2025\",\"copyrightHolder\":{\"@id\":\"https:\/\/www.gaveanews.com\/#organization\"}},{\"@type\":\"WebPage\",\"@id\":\"https:\/\/www.gaveanews.com\/index.php\/2025\/04\/28\/video-jogador-do-cruzeiro-provoca-o-vasco-apos-vitoria\/\",\"url\":\"https:\/\/www.gaveanews.com\/index.php\/2025\/04\/28\/video-jogador-do-cruzeiro-provoca-o-vasco-apos-vitoria\/\",\"name\":\"V\u00eddeo: jogador do Cruzeiro provoca o Vasco ap\u00f3s vit\u00f3ria\",\"isPartOf\":{\"@id\":\"https:\/\/www.gaveanews.com\/#website\"},\"primaryImageOfPage\":{\"@id\":\"https:\/\/www.gaveanews.com\/index.php\/2025\/04\/28\/video-jogador-do-cruzeiro-provoca-o-vasco-apos-vitoria\/#primaryimage\"},\"image\":{\"@id\":\"https:\/\/www.gaveanews.com\/index.php\/2025\/04\/28\/video-jogador-do-cruzeiro-provoca-o-vasco-apos-vitoria\/#primaryimage\"},\"thumbnailUrl\":\"https:\/\/www.gaveanews.com\/wp-content\/uploads\/Escudo-do-Cruzeiro.webp\",\"datePublished\":\"2025-04-29T02:30:00+00:00\",\"author\":{\"@id\":\"https:\/\/www.gaveanews.com\/#\/schema\/person\/3b19f7288b0ce20372991275e4f2e6c2\"},\"breadcrumb\":{\"@id\":\"https:\/\/www.gaveanews.com\/index.php\/2025\/04\/28\/video-jogador-do-cruzeiro-provoca-o-vasco-apos-vitoria\/#breadcrumb\"},\"inLanguage\":\"pt-BR\",\"potentialAction\":[{\"@type\":\"ReadAction\",\"target\":[\"https:\/\/www.gaveanews.com\/index.php\/2025\/04\/28\/video-jogador-do-cruzeiro-provoca-o-vasco-apos-vitoria\/\"]}]},{\"@type\":\"ImageObject\",\"inLanguage\":\"pt-BR\",\"@id\":\"https:\/\/www.gaveanews.com\/index.php\/2025\/04\/28\/video-jogador-do-cruzeiro-provoca-o-vasco-apos-vitoria\/#primaryimage\",\"url\":\"https:\/\/www.gaveanews.com\/wp-content\/uploads\/Escudo-do-Cruzeiro.webp\",\"contentUrl\":\"https:\/\/www.gaveanews.com\/wp-content\/uploads\/Escudo-do-Cruzeiro.webp\",\"width\":1387,\"height\":924,\"caption\":\"Escudo do Cruzeiro (Foto: Reprodu\u00e7\u00e3o\/Cruzeiro)\"},{\"@type\":\"BreadcrumbList\",\"@id\":\"https:\/\/www.gaveanews.com\/index.php\/2025\/04\/28\/video-jogador-do-cruzeiro-provoca-o-vasco-apos-vitoria\/#breadcrumb\",\"itemListElement\":[{\"@type\":\"ListItem\",\"position\":1,\"name\":\"Home\",\"item\":\"https:\/\/www.gaveanews.com\/\"},{\"@type\":\"ListItem\",\"position\":2,\"name\":\"V\u00eddeo: jogador do Cruzeiro provoca o Vasco ap\u00f3s vit\u00f3ria\"}]},{\"@type\":\"WebSite\",\"@id\":\"https:\/\/www.gaveanews.com\/#website\",\"url\":\"https:\/\/www.gaveanews.com\/\",\"name\":\"G\u00e1vea News\",\"description\":\"Veja todas as not\u00edcias sobre o Flamengo: Contrata\u00e7\u00f5es, categorias de base, resultados das partidas, tabela de classifica\u00e7\u00e3o, pr\u00f3ximos jogos!\",\"potentialAction\":[{\"@type\":\"SearchAction\",\"target\":{\"@type\":\"EntryPoint\",\"urlTemplate\":\"https:\/\/www.gaveanews.com\/?s={search_term_string}\"},\"query-input\":{\"@type\":\"PropertyValueSpecification\",\"valueRequired\":true,\"valueName\":\"search_term_string\"}}],\"inLanguage\":\"pt-BR\"},{\"@type\":\"Person\",\"@id\":\"https:\/\/www.gaveanews.com\/#\/schema\/person\/3b19f7288b0ce20372991275e4f2e6c2\",\"name\":\"Ana Teixeira\",\"image\":{\"@type\":\"ImageObject\",\"inLanguage\":\"pt-BR\",\"@id\":\"https:\/\/www.gaveanews.com\/#\/schema\/person\/image\/\",\"url\":\"https:\/\/secure.gravatar.com\/avatar\/0a73f5a5258f3fed37fc2fa641892f3f7a4748456d4d4792f9bc550e6c19e06c?s=96&d=mm&r=g\",\"contentUrl\":\"https:\/\/secure.gravatar.com\/avatar\/0a73f5a5258f3fed37fc2fa641892f3f7a4748456d4d4792f9bc550e6c19e06c?s=96&d=mm&r=g\",\"caption\":\"Ana Teixeira\"}}]}<\/script>\n<!-- \/ Yoast SEO Premium plugin. -->","yoast_head_json":{"title":"V\u00eddeo: jogador do Cruzeiro provoca o Vasco ap\u00f3s vit\u00f3ria","robots":{"index":"index","follow":"follow","max-snippet":"max-snippet:-1","max-image-preview":"max-image-preview:large","max-video-preview":"max-video-preview:-1"},"canonical":"https:\/\/www.gaveanews.com\/index.php\/2025\/04\/28\/video-jogador-do-cruzeiro-provoca-o-vasco-apos-vitoria\/","og_locale":"pt_BR","og_type":"article","og_title":"V\u00eddeo: jogador do Cruzeiro provoca o Vasco ap\u00f3s vit\u00f3ria","og_description":"A vit\u00f3ria do Cruzeiro por 1 a 0 diante do Vasco, no domingo (27), pela sexta rodada do Campeonato Brasileiro, gerou repercuss\u00e3o tamb\u00e9m fora das quatro linhas. Principalmente pelas redes sociais, onde o atacante Yannick Bolasie, do clube mineiro, utilizou sua conta para celebrar o resultado e, de forma provocativa, relembrar o hist\u00f3rico recente contra [&hellip;]","og_url":"https:\/\/www.gaveanews.com\/index.php\/2025\/04\/28\/video-jogador-do-cruzeiro-provoca-o-vasco-apos-vitoria\/","og_site_name":"G\u00e1vea News","article_publisher":"https:\/\/facebook.com\/gaveaNews\/","article_published_time":"2025-04-29T02:30:00+00:00","og_image":[{"width":1387,"height":924,"url":"https:\/\/www.gaveanews.com\/wp-content\/uploads\/Escudo-do-Cruzeiro.webp","type":"image\/webp"}],"author":"Ana Teixeira","twitter_card":"summary_large_image","twitter_misc":{"Escrito por":"Ana Teixeira","Est. tempo de leitura":"3 minutos"},"schema":{"@context":"https:\/\/schema.org","@graph":[{"@type":"NewsArticle","@id":"https:\/\/www.gaveanews.com\/index.php\/2025\/04\/28\/video-jogador-do-cruzeiro-provoca-o-vasco-apos-vitoria\/#article","isPartOf":{"@id":"https:\/\/www.gaveanews.com\/index.php\/2025\/04\/28\/video-jogador-do-cruzeiro-provoca-o-vasco-apos-vitoria\/"},"author":{"name":"Ana Teixeira","@id":"https:\/\/www.gaveanews.com\/#\/schema\/person\/3b19f7288b0ce20372991275e4f2e6c2"},"headline":"V\u00eddeo: jogador do Cruzeiro provoca o Vasco ap\u00f3s vit\u00f3ria","datePublished":"2025-04-29T02:30:00+00:00","mainEntityOfPage":{"@id":"https:\/\/www.gaveanews.com\/index.php\/2025\/04\/28\/video-jogador-do-cruzeiro-provoca-o-vasco-apos-vitoria\/"},"wordCount":450,"commentCount":0,"image":{"@id":"https:\/\/www.gaveanews.com\/index.php\/2025\/04\/28\/video-jogador-do-cruzeiro-provoca-o-vasco-apos-vitoria\/#primaryimage"},"thumbnailUrl":"https:\/\/www.gaveanews.com\/wp-content\/uploads\/Escudo-do-Cruzeiro.webp","articleSection":["Vasco"],"inLanguage":"pt-BR","potentialAction":[{"@type":"CommentAction","name":"Comment","target":["https:\/\/www.gaveanews.com\/index.php\/2025\/04\/28\/video-jogador-do-cruzeiro-provoca-o-vasco-apos-vitoria\/#respond"]}],"copyrightYear":"2025","copyrightHolder":{"@id":"https:\/\/www.gaveanews.com\/#organization"}},{"@type":"WebPage","@id":"https:\/\/www.gaveanews.com\/index.php\/2025\/04\/28\/video-jogador-do-cruzeiro-provoca-o-vasco-apos-vitoria\/","url":"https:\/\/www.gaveanews.com\/index.php\/2025\/04\/28\/video-jogador-do-cruzeiro-provoca-o-vasco-apos-vitoria\/","name":"V\u00eddeo: jogador do Cruzeiro provoca o Vasco ap\u00f3s vit\u00f3ria","isPartOf":{"@id":"https:\/\/www.gaveanews.com\/#website"},"primaryImageOfPage":{"@id":"https:\/\/www.gaveanews.com\/index.php\/2025\/04\/28\/video-jogador-do-cruzeiro-provoca-o-vasco-apos-vitoria\/#primaryimage"},"image":{"@id":"https:\/\/www.gaveanews.com\/index.php\/2025\/04\/28\/video-jogador-do-cruzeiro-provoca-o-vasco-apos-vitoria\/#primaryimage"},"thumbnailUrl":"https:\/\/www.gaveanews.com\/wp-content\/uploads\/Escudo-do-Cruzeiro.webp","datePublished":"2025-04-29T02:30:00+00:00","author":{"@id":"https:\/\/www.gaveanews.com\/#\/schema\/person\/3b19f7288b0ce20372991275e4f2e6c2"},"breadcrumb":{"@id":"https:\/\/www.gaveanews.com\/index.php\/2025\/04\/28\/video-jogador-do-cruzeiro-provoca-o-vasco-apos-vitoria\/#breadcrumb"},"inLanguage":"pt-BR","potentialAction":[{"@type":"ReadAction","target":["https:\/\/www.gaveanews.com\/index.php\/2025\/04\/28\/video-jogador-do-cruzeiro-provoca-o-vasco-apos-vitoria\/"]}]},{"@type":"ImageObject","inLanguage":"pt-BR","@id":"https:\/\/www.gaveanews.com\/index.php\/2025\/04\/28\/video-jogador-do-cruzeiro-provoca-o-vasco-apos-vitoria\/#primaryimage","url":"https:\/\/www.gaveanews.com\/wp-content\/uploads\/Escudo-do-Cruzeiro.webp","contentUrl":"https:\/\/www.gaveanews.com\/wp-content\/uploads\/Escudo-do-Cruzeiro.webp","width":1387,"height":924,"caption":"Escudo do Cruzeiro (Foto: Reprodu\u00e7\u00e3o\/Cruzeiro)"},{"@type":"BreadcrumbList","@id":"https:\/\/www.gaveanews.com\/index.php\/2025\/04\/28\/video-jogador-do-cruzeiro-provoca-o-vasco-apos-vitoria\/#breadcrumb","itemListElement":[{"@type":"ListItem","position":1,"name":"Home","item":"https:\/\/www.gaveanews.com\/"},{"@type":"ListItem","position":2,"name":"V\u00eddeo: jogador do Cruzeiro provoca o Vasco ap\u00f3s vit\u00f3ria"}]},{"@type":"WebSite","@id":"https:\/\/www.gaveanews.com\/#website","url":"https:\/\/www.gaveanews.com\/","name":"G\u00e1vea News","description":"Veja todas as not\u00edcias sobre o Flamengo: Contrata\u00e7\u00f5es, categorias de base, resultados das partidas, tabela de classifica\u00e7\u00e3o, pr\u00f3ximos jogos!","potentialAction":[{"@type":"SearchAction","target":{"@type":"EntryPoint","urlTemplate":"https:\/\/www.gaveanews.com\/?s={search_term_string}"},"query-input":{"@type":"PropertyValueSpecification","valueRequired":true,"valueName":"search_term_string"}}],"inLanguage":"pt-BR"},{"@type":"Person","@id":"https:\/\/www.gaveanews.com\/#\/schema\/person\/3b19f7288b0ce20372991275e4f2e6c2","name":"Ana Teixeira","image":{"@type":"ImageObject","inLanguage":"pt-BR","@id":"https:\/\/www.gaveanews.com\/#\/schema\/person\/image\/","url":"https:\/\/secure.gravatar.com\/avatar\/0a73f5a5258f3fed37fc2fa641892f3f7a4748456d4d4792f9bc550e6c19e06c?s=96&d=mm&r=g","contentUrl":"https:\/\/secure.gravatar.com\/avatar\/0a73f5a5258f3fed37fc2fa641892f3f7a4748456d4d4792f9bc550e6c19e06c?s=96&d=mm&r=g","caption":"Ana Teixeira"}}]}},"_links":{"self":[{"href":"https:\/\/www.gaveanews.com\/index.php\/wp-json\/wp\/v2\/posts\/258552","targetHints":{"allow":["GET"]}}],"collection":[{"href":"https:\/\/www.gaveanews.com\/index.php\/wp-json\/wp\/v2\/posts"}],"about":[{"href":"https:\/\/www.gaveanews.com\/index.php\/wp-json\/wp\/v2\/types\/post"}],"author":[{"embeddable":true,"href":"https:\/\/www.gaveanews.com\/index.php\/wp-json\/wp\/v2\/users\/30"}],"replies":[{"embeddable":true,"href":"https:\/\/www.gaveanews.com\/index.php\/wp-json\/wp\/v2\/comments?post=258552"}],"version-history":[{"count":1,"href":"https:\/\/www.gaveanews.com\/index.php\/wp-json\/wp\/v2\/posts\/258552\/revisions"}],"predecessor-version":[{"id":258554,"href":"https:\/\/www.gaveanews.com\/index.php\/wp-json\/wp\/v2\/posts\/258552\/revisions\/258554"}],"wp:featuredmedia":[{"embeddable":true,"href":"https:\/\/www.gaveanews.com\/index.php\/wp-json\/wp\/v2\/media\/165466"}],"wp:attachment":[{"href":"https:\/\/www.gaveanews.com\/index.php\/wp-json\/wp\/v2\/media?parent=258552"}],"wp:term":[{"taxonomy":"category","embeddable":true,"href":"https:\/\/www.gaveanews.com\/index.php\/wp-json\/wp\/v2\/categories?post=258552"},{"taxonomy":"post_tag","embeddable":true,"href":"https:\/\/www.gaveanews.com\/index.php\/wp-json\/wp\/v2\/tags?post=258552"}],"curies":[{"name":"wp","href":"https:\/\/api.w.org\/{rel}","templated":true}]}}