{"id":258683,"date":"2025-04-10T10:50:55","date_gmt":"2025-04-10T13:50:55","guid":{"rendered":"https:\/\/www.gaveanews.com\/?p=258683"},"modified":"2025-04-30T09:58:03","modified_gmt":"2025-04-30T12:58:03","slug":"pedrinho-manda-a-real-sobre-a-contratacao-de-reforcos-no-vasco","status":"publish","type":"post","link":"https:\/\/www.gaveanews.com\/index.php\/2025\/04\/10\/pedrinho-manda-a-real-sobre-a-contratacao-de-reforcos-no-vasco\/","title":{"rendered":"Pedrinho manda a real sobre a contrata\u00e7\u00e3o de refor\u00e7os no Vasco"},"content":{"rendered":"\n<h2 class=\"wp-block-heading\" id=\"h-vasco-enfrenta-reestruturacao-pedrinho-pede-cautela-clube-demite-tecnico-fabio-carille\">Vasco enfrenta reestrutura\u00e7\u00e3o: Pedrinho pede cautela; clube demite t\u00e9cnico F\u00e1bio Carille<\/h2>\n\n\n\n<p>O Club de Regatas Vasco da Gama atravessa um momento de redefini\u00e7\u00e3o tanto dentro quanto fora de campo. Enquanto a diretoria, sob a lideran\u00e7a do presidente Pedrinho, examina cuidadosamente o mercado de transfer\u00eancias, o clube tamb\u00e9m anunciou uma altera\u00e7\u00e3o significativa no comando t\u00e9cnico da equipe principal.<\/p>\n\n\n\n<p>Em uma entrevista concedida ao BTB Sports, o presidente Pedrinho discutiu abertamente a busca por refor\u00e7os para o elenco vasca\u00edno. Na ocasi\u00e3o, ele destacou a necessidade de incorporar novos jogadores, por\u00e9m sublinhou que o clube proceder\u00e1 com grande cautela durante a janela de transfer\u00eancias.<\/p>\n\n\n\n<p>Pedrinho reiterou o compromisso da administra\u00e7\u00e3o com a gest\u00e3o financeira respons\u00e1vel em todas as futuras negocia\u00e7\u00f5es. Embora compreenda o anseio dos torcedores por contrata\u00e7\u00f5es de peso, especialmente em face do desempenho recente dos rivais, ele solicitou paci\u00eancia. &#8220;Eu sei que h\u00e1 um anseio&#8221;, reconheceu, observando que isso &#8220;aumenta a expectativa&#8221;.<\/p>\n\n\n\n<p>Adicionalmente, o mandat\u00e1rio expressou sua compreens\u00e3o sobre a frustra\u00e7\u00e3o que a espera pode gerar na torcida. Contudo, ele enfatizou a import\u00e2ncia do per\u00edodo atual para o clube, afirmando: &#8220;precisamos passar por um momento de reestrutura\u00e7\u00e3o&#8221;.<\/p>\n\n\n\n<p>O presidente detalhou ainda que o clube se esfor\u00e7a para tomar as decis\u00f5es mais acertadas poss\u00edveis, sempre respeitando as condi\u00e7\u00f5es financeiras existentes. Ele garantiu que nenhuma contrata\u00e7\u00e3o acontece sem uma an\u00e1lise criteriosa e informa\u00e7\u00f5es pr\u00e9vias, pois o objetivo \u00e9 agir de forma estrat\u00e9gica.<\/p>\n\n\n\n<p>Al\u00e9m disso, Pedrinho mencionou que o sucesso de um novo jogador envolve vari\u00e1veis como a adapta\u00e7\u00e3o ao clube e ao ambiente. &#8220;Temos algumas necessidades ainda&#8221;, afirmou, &#8220;e iremos buscar ser estrat\u00e9gicos mais uma vez nesta janela de transfer\u00eancia.&#8221;<\/p>\n\n\n\n<h2 class=\"wp-block-heading\" id=\"h-fabio-carille-desligado-apos-derrota\">F\u00e1bio Carille desligado ap\u00f3s derrota<\/h2>\n\n\n\n<p>Paralelamente aos planos para o mercado, o Vasco da Gama confirmou a sa\u00edda do t\u00e9cnico F\u00e1bio Carille. O clube oficializou a decis\u00e3o na noite do \u00faltimo domingo, dia 27, comunicando tamb\u00e9m o desligamento de toda a sua comiss\u00e3o t\u00e9cnica.<\/p>\n\n\n\n<figure class=\"wp-block-image size-full is-resized\"><img loading=\"lazy\" decoding=\"async\" width=\"738\" height=\"469\" src=\"http:\/\/www.gaveanews.com\/wp-content\/uploads\/Carille-pelo-Vasco.webp\" alt=\"Carille pelo Vasco\" class=\"wp-image-220355\" style=\"width:840px;height:auto\"\/><figcaption class=\"wp-element-caption\">Carille pelo Vasco (Foto: Reprodu\u00e7\u00e3o) <\/figcaption><\/figure>\n\n\n\n<p>A resolu\u00e7\u00e3o de encerrar o v\u00ednculo com Carille ocorreu logo ap\u00f3s a derrota da equipe para o Cruzeiro pelo placar de 1 a 0. A partida era v\u00e1lida pela sexta rodada do Campeonato Brasileiro. Consequentemente, Felipe Loureiro, figura conhecida no clube, assume interinamente a fun\u00e7\u00e3o de treinador da equipe principal.<\/p>\n\n\n\n<p>Atrav\u00e9s de um comunicado oficial, o clube informou: &#8220;O Vasco da Gama comunica que F\u00e1bio Carille e sua comiss\u00e3o foram desligados do comando t\u00e9cnico da equipe.&#8221;<\/p>\n\n\n\n<p>Na mesma nota, a institui\u00e7\u00e3o expressou sua gratid\u00e3o pelos servi\u00e7os prestados pelos profissionais. &#8220;O clube agradece aos profissionais e deseja sorte na sequ\u00eancia de suas carreiras&#8221;, declarou o Vasco, reiterando tamb\u00e9m a solu\u00e7\u00e3o interina: &#8220;Felipe Loureiro assumir\u00e1 o comando da equipe de forma interina&#8221;.<\/p>\n","protected":false},"excerpt":{"rendered":"<p>Vasco enfrenta reestrutura\u00e7\u00e3o: Pedrinho pede cautela; clube demite t\u00e9cnico F\u00e1bio Carille O Club de Regatas Vasco da Gama atravessa um momento de redefini\u00e7\u00e3o tanto dentro quanto fora de campo. Enquanto a diretoria, sob a lideran\u00e7a do presidente Pedrinho, examina cuidadosamente o mercado de transfer\u00eancias, o clube tamb\u00e9m anunciou uma altera\u00e7\u00e3o significativa no comando t\u00e9cnico da [&hellip;]<\/p>\n","protected":false},"author":28,"featured_media":146559,"comment_status":"open","ping_status":"closed","sticky":false,"template":"","format":"standard","meta":{"footnotes":""},"categories":[152],"tags":[],"class_list":["post-258683","post","type-post","status-publish","format-standard","has-post-thumbnail","hentry","category-vasco"],"yoast_head":"<!-- This site is optimized with the Yoast SEO Premium plugin v24.2 (Yoast SEO v26.9) - https:\/\/yoast.com\/product\/yoast-seo-premium-wordpress\/ -->\n<title>Pedrinho manda a real sobre a contrata\u00e7\u00e3o de refor\u00e7os no Vasco<\/title>\n<meta name=\"robots\" content=\"index, follow, max-snippet:-1, max-image-preview:large, max-video-preview:-1\" \/>\n<link rel=\"canonical\" href=\"https:\/\/www.gaveanews.com\/index.php\/2025\/04\/10\/pedrinho-manda-a-real-sobre-a-contratacao-de-reforcos-no-vasco\/\" \/>\n<meta property=\"og:locale\" content=\"pt_BR\" \/>\n<meta property=\"og:type\" content=\"article\" \/>\n<meta property=\"og:title\" content=\"Pedrinho manda a real sobre a contrata\u00e7\u00e3o de refor\u00e7os no Vasco\" \/>\n<meta property=\"og:description\" content=\"Vasco enfrenta reestrutura\u00e7\u00e3o: Pedrinho pede cautela; clube demite t\u00e9cnico F\u00e1bio Carille O Club de Regatas Vasco da Gama atravessa um momento de redefini\u00e7\u00e3o tanto dentro quanto fora de campo. Enquanto a diretoria, sob a lideran\u00e7a do presidente Pedrinho, examina cuidadosamente o mercado de transfer\u00eancias, o clube tamb\u00e9m anunciou uma altera\u00e7\u00e3o significativa no comando t\u00e9cnico da [&hellip;]\" \/>\n<meta property=\"og:url\" content=\"https:\/\/www.gaveanews.com\/index.php\/2025\/04\/10\/pedrinho-manda-a-real-sobre-a-contratacao-de-reforcos-no-vasco\/\" \/>\n<meta property=\"og:site_name\" content=\"G\u00e1vea News\" \/>\n<meta property=\"article:publisher\" content=\"https:\/\/facebook.com\/gaveaNews\/\" \/>\n<meta property=\"article:published_time\" content=\"2025-04-10T13:50:55+00:00\" \/>\n<meta property=\"article:modified_time\" content=\"2025-04-30T12:58:03+00:00\" \/>\n<meta property=\"og:image\" content=\"http:\/\/www.gaveanews.com\/wp-content\/uploads\/Pedrinho-presidente-do-Vasco.webp\" \/>\n\t<meta property=\"og:image:width\" content=\"1024\" \/>\n\t<meta property=\"og:image:height\" content=\"562\" \/>\n\t<meta property=\"og:image:type\" content=\"image\/jpeg\" \/>\n<meta name=\"author\" content=\"Hudson Pereira\" \/>\n<meta name=\"twitter:card\" content=\"summary_large_image\" \/>\n<meta name=\"twitter:label1\" content=\"Escrito por\" \/>\n\t<meta name=\"twitter:data1\" content=\"Hudson Pereira\" \/>\n\t<meta name=\"twitter:label2\" content=\"Est. tempo de leitura\" \/>\n\t<meta name=\"twitter:data2\" content=\"3 minutos\" \/>\n<script type=\"application\/ld+json\" class=\"yoast-schema-graph\">{\"@context\":\"https:\/\/schema.org\",\"@graph\":[{\"@type\":\"NewsArticle\",\"@id\":\"https:\/\/www.gaveanews.com\/index.php\/2025\/04\/10\/pedrinho-manda-a-real-sobre-a-contratacao-de-reforcos-no-vasco\/#article\",\"isPartOf\":{\"@id\":\"https:\/\/www.gaveanews.com\/index.php\/2025\/04\/10\/pedrinho-manda-a-real-sobre-a-contratacao-de-reforcos-no-vasco\/\"},\"author\":{\"name\":\"Hudson Pereira\",\"@id\":\"https:\/\/www.gaveanews.com\/#\/schema\/person\/bd08f00534b403119b92741a6d469ef0\"},\"headline\":\"Pedrinho manda a real sobre a contrata\u00e7\u00e3o de refor\u00e7os no Vasco\",\"datePublished\":\"2025-04-10T13:50:55+00:00\",\"dateModified\":\"2025-04-30T12:58:03+00:00\",\"mainEntityOfPage\":{\"@id\":\"https:\/\/www.gaveanews.com\/index.php\/2025\/04\/10\/pedrinho-manda-a-real-sobre-a-contratacao-de-reforcos-no-vasco\/\"},\"wordCount\":510,\"commentCount\":0,\"image\":{\"@id\":\"https:\/\/www.gaveanews.com\/index.php\/2025\/04\/10\/pedrinho-manda-a-real-sobre-a-contratacao-de-reforcos-no-vasco\/#primaryimage\"},\"thumbnailUrl\":\"https:\/\/www.gaveanews.com\/wp-content\/uploads\/Pedrinho-presidente-do-Vasco.webp\",\"articleSection\":[\"Vasco\"],\"inLanguage\":\"pt-BR\",\"potentialAction\":[{\"@type\":\"CommentAction\",\"name\":\"Comment\",\"target\":[\"https:\/\/www.gaveanews.com\/index.php\/2025\/04\/10\/pedrinho-manda-a-real-sobre-a-contratacao-de-reforcos-no-vasco\/#respond\"]}],\"copyrightYear\":\"2025\",\"copyrightHolder\":{\"@id\":\"https:\/\/www.gaveanews.com\/#organization\"}},{\"@type\":\"WebPage\",\"@id\":\"https:\/\/www.gaveanews.com\/index.php\/2025\/04\/10\/pedrinho-manda-a-real-sobre-a-contratacao-de-reforcos-no-vasco\/\",\"url\":\"https:\/\/www.gaveanews.com\/index.php\/2025\/04\/10\/pedrinho-manda-a-real-sobre-a-contratacao-de-reforcos-no-vasco\/\",\"name\":\"Pedrinho manda a real sobre a contrata\u00e7\u00e3o de refor\u00e7os no Vasco\",\"isPartOf\":{\"@id\":\"https:\/\/www.gaveanews.com\/#website\"},\"primaryImageOfPage\":{\"@id\":\"https:\/\/www.gaveanews.com\/index.php\/2025\/04\/10\/pedrinho-manda-a-real-sobre-a-contratacao-de-reforcos-no-vasco\/#primaryimage\"},\"image\":{\"@id\":\"https:\/\/www.gaveanews.com\/index.php\/2025\/04\/10\/pedrinho-manda-a-real-sobre-a-contratacao-de-reforcos-no-vasco\/#primaryimage\"},\"thumbnailUrl\":\"https:\/\/www.gaveanews.com\/wp-content\/uploads\/Pedrinho-presidente-do-Vasco.webp\",\"datePublished\":\"2025-04-10T13:50:55+00:00\",\"dateModified\":\"2025-04-30T12:58:03+00:00\",\"author\":{\"@id\":\"https:\/\/www.gaveanews.com\/#\/schema\/person\/bd08f00534b403119b92741a6d469ef0\"},\"breadcrumb\":{\"@id\":\"https:\/\/www.gaveanews.com\/index.php\/2025\/04\/10\/pedrinho-manda-a-real-sobre-a-contratacao-de-reforcos-no-vasco\/#breadcrumb\"},\"inLanguage\":\"pt-BR\",\"potentialAction\":[{\"@type\":\"ReadAction\",\"target\":[\"https:\/\/www.gaveanews.com\/index.php\/2025\/04\/10\/pedrinho-manda-a-real-sobre-a-contratacao-de-reforcos-no-vasco\/\"]}]},{\"@type\":\"ImageObject\",\"inLanguage\":\"pt-BR\",\"@id\":\"https:\/\/www.gaveanews.com\/index.php\/2025\/04\/10\/pedrinho-manda-a-real-sobre-a-contratacao-de-reforcos-no-vasco\/#primaryimage\",\"url\":\"https:\/\/www.gaveanews.com\/wp-content\/uploads\/Pedrinho-presidente-do-Vasco.webp\",\"contentUrl\":\"https:\/\/www.gaveanews.com\/wp-content\/uploads\/Pedrinho-presidente-do-Vasco.webp\",\"width\":1024,\"height\":562,\"caption\":\"Pedrinho, presidente do Vasco (Foto: Reprodu\u00e7\u00e3o\/Vasco TV)\"},{\"@type\":\"BreadcrumbList\",\"@id\":\"https:\/\/www.gaveanews.com\/index.php\/2025\/04\/10\/pedrinho-manda-a-real-sobre-a-contratacao-de-reforcos-no-vasco\/#breadcrumb\",\"itemListElement\":[{\"@type\":\"ListItem\",\"position\":1,\"name\":\"Home\",\"item\":\"https:\/\/www.gaveanews.com\/\"},{\"@type\":\"ListItem\",\"position\":2,\"name\":\"Pedrinho manda a real sobre a contrata\u00e7\u00e3o de refor\u00e7os no Vasco\"}]},{\"@type\":\"WebSite\",\"@id\":\"https:\/\/www.gaveanews.com\/#website\",\"url\":\"https:\/\/www.gaveanews.com\/\",\"name\":\"G\u00e1vea News\",\"description\":\"Veja todas as not\u00edcias sobre o Flamengo: Contrata\u00e7\u00f5es, categorias de base, resultados das partidas, tabela de classifica\u00e7\u00e3o, pr\u00f3ximos jogos!\",\"potentialAction\":[{\"@type\":\"SearchAction\",\"target\":{\"@type\":\"EntryPoint\",\"urlTemplate\":\"https:\/\/www.gaveanews.com\/?s={search_term_string}\"},\"query-input\":{\"@type\":\"PropertyValueSpecification\",\"valueRequired\":true,\"valueName\":\"search_term_string\"}}],\"inLanguage\":\"pt-BR\"},{\"@type\":\"Person\",\"@id\":\"https:\/\/www.gaveanews.com\/#\/schema\/person\/bd08f00534b403119b92741a6d469ef0\",\"name\":\"Hudson Pereira\",\"image\":{\"@type\":\"ImageObject\",\"inLanguage\":\"pt-BR\",\"@id\":\"https:\/\/www.gaveanews.com\/#\/schema\/person\/image\/\",\"url\":\"https:\/\/secure.gravatar.com\/avatar\/ecc491b489e454e510efffc9b23c1052ce5fb4f2e05555768ba65819cd55f03e?s=96&d=mm&r=g\",\"contentUrl\":\"https:\/\/secure.gravatar.com\/avatar\/ecc491b489e454e510efffc9b23c1052ce5fb4f2e05555768ba65819cd55f03e?s=96&d=mm&r=g\",\"caption\":\"Hudson Pereira\"}}]}<\/script>\n<!-- \/ Yoast SEO Premium plugin. -->","yoast_head_json":{"title":"Pedrinho manda a real sobre a contrata\u00e7\u00e3o de refor\u00e7os no Vasco","robots":{"index":"index","follow":"follow","max-snippet":"max-snippet:-1","max-image-preview":"max-image-preview:large","max-video-preview":"max-video-preview:-1"},"canonical":"https:\/\/www.gaveanews.com\/index.php\/2025\/04\/10\/pedrinho-manda-a-real-sobre-a-contratacao-de-reforcos-no-vasco\/","og_locale":"pt_BR","og_type":"article","og_title":"Pedrinho manda a real sobre a contrata\u00e7\u00e3o de refor\u00e7os no Vasco","og_description":"Vasco enfrenta reestrutura\u00e7\u00e3o: Pedrinho pede cautela; clube demite t\u00e9cnico F\u00e1bio Carille O Club de Regatas Vasco da Gama atravessa um momento de redefini\u00e7\u00e3o tanto dentro quanto fora de campo. Enquanto a diretoria, sob a lideran\u00e7a do presidente Pedrinho, examina cuidadosamente o mercado de transfer\u00eancias, o clube tamb\u00e9m anunciou uma altera\u00e7\u00e3o significativa no comando t\u00e9cnico da [&hellip;]","og_url":"https:\/\/www.gaveanews.com\/index.php\/2025\/04\/10\/pedrinho-manda-a-real-sobre-a-contratacao-de-reforcos-no-vasco\/","og_site_name":"G\u00e1vea News","article_publisher":"https:\/\/facebook.com\/gaveaNews\/","article_published_time":"2025-04-10T13:50:55+00:00","article_modified_time":"2025-04-30T12:58:03+00:00","og_image":[{"width":1024,"height":562,"url":"http:\/\/www.gaveanews.com\/wp-content\/uploads\/Pedrinho-presidente-do-Vasco.webp","type":"image\/jpeg"}],"author":"Hudson Pereira","twitter_card":"summary_large_image","twitter_misc":{"Escrito por":"Hudson Pereira","Est. tempo de leitura":"3 minutos"},"schema":{"@context":"https:\/\/schema.org","@graph":[{"@type":"NewsArticle","@id":"https:\/\/www.gaveanews.com\/index.php\/2025\/04\/10\/pedrinho-manda-a-real-sobre-a-contratacao-de-reforcos-no-vasco\/#article","isPartOf":{"@id":"https:\/\/www.gaveanews.com\/index.php\/2025\/04\/10\/pedrinho-manda-a-real-sobre-a-contratacao-de-reforcos-no-vasco\/"},"author":{"name":"Hudson Pereira","@id":"https:\/\/www.gaveanews.com\/#\/schema\/person\/bd08f00534b403119b92741a6d469ef0"},"headline":"Pedrinho manda a real sobre a contrata\u00e7\u00e3o de refor\u00e7os no Vasco","datePublished":"2025-04-10T13:50:55+00:00","dateModified":"2025-04-30T12:58:03+00:00","mainEntityOfPage":{"@id":"https:\/\/www.gaveanews.com\/index.php\/2025\/04\/10\/pedrinho-manda-a-real-sobre-a-contratacao-de-reforcos-no-vasco\/"},"wordCount":510,"commentCount":0,"image":{"@id":"https:\/\/www.gaveanews.com\/index.php\/2025\/04\/10\/pedrinho-manda-a-real-sobre-a-contratacao-de-reforcos-no-vasco\/#primaryimage"},"thumbnailUrl":"https:\/\/www.gaveanews.com\/wp-content\/uploads\/Pedrinho-presidente-do-Vasco.webp","articleSection":["Vasco"],"inLanguage":"pt-BR","potentialAction":[{"@type":"CommentAction","name":"Comment","target":["https:\/\/www.gaveanews.com\/index.php\/2025\/04\/10\/pedrinho-manda-a-real-sobre-a-contratacao-de-reforcos-no-vasco\/#respond"]}],"copyrightYear":"2025","copyrightHolder":{"@id":"https:\/\/www.gaveanews.com\/#organization"}},{"@type":"WebPage","@id":"https:\/\/www.gaveanews.com\/index.php\/2025\/04\/10\/pedrinho-manda-a-real-sobre-a-contratacao-de-reforcos-no-vasco\/","url":"https:\/\/www.gaveanews.com\/index.php\/2025\/04\/10\/pedrinho-manda-a-real-sobre-a-contratacao-de-reforcos-no-vasco\/","name":"Pedrinho manda a real sobre a contrata\u00e7\u00e3o de refor\u00e7os no Vasco","isPartOf":{"@id":"https:\/\/www.gaveanews.com\/#website"},"primaryImageOfPage":{"@id":"https:\/\/www.gaveanews.com\/index.php\/2025\/04\/10\/pedrinho-manda-a-real-sobre-a-contratacao-de-reforcos-no-vasco\/#primaryimage"},"image":{"@id":"https:\/\/www.gaveanews.com\/index.php\/2025\/04\/10\/pedrinho-manda-a-real-sobre-a-contratacao-de-reforcos-no-vasco\/#primaryimage"},"thumbnailUrl":"https:\/\/www.gaveanews.com\/wp-content\/uploads\/Pedrinho-presidente-do-Vasco.webp","datePublished":"2025-04-10T13:50:55+00:00","dateModified":"2025-04-30T12:58:03+00:00","author":{"@id":"https:\/\/www.gaveanews.com\/#\/schema\/person\/bd08f00534b403119b92741a6d469ef0"},"breadcrumb":{"@id":"https:\/\/www.gaveanews.com\/index.php\/2025\/04\/10\/pedrinho-manda-a-real-sobre-a-contratacao-de-reforcos-no-vasco\/#breadcrumb"},"inLanguage":"pt-BR","potentialAction":[{"@type":"ReadAction","target":["https:\/\/www.gaveanews.com\/index.php\/2025\/04\/10\/pedrinho-manda-a-real-sobre-a-contratacao-de-reforcos-no-vasco\/"]}]},{"@type":"ImageObject","inLanguage":"pt-BR","@id":"https:\/\/www.gaveanews.com\/index.php\/2025\/04\/10\/pedrinho-manda-a-real-sobre-a-contratacao-de-reforcos-no-vasco\/#primaryimage","url":"https:\/\/www.gaveanews.com\/wp-content\/uploads\/Pedrinho-presidente-do-Vasco.webp","contentUrl":"https:\/\/www.gaveanews.com\/wp-content\/uploads\/Pedrinho-presidente-do-Vasco.webp","width":1024,"height":562,"caption":"Pedrinho, presidente do Vasco (Foto: Reprodu\u00e7\u00e3o\/Vasco TV)"},{"@type":"BreadcrumbList","@id":"https:\/\/www.gaveanews.com\/index.php\/2025\/04\/10\/pedrinho-manda-a-real-sobre-a-contratacao-de-reforcos-no-vasco\/#breadcrumb","itemListElement":[{"@type":"ListItem","position":1,"name":"Home","item":"https:\/\/www.gaveanews.com\/"},{"@type":"ListItem","position":2,"name":"Pedrinho manda a real sobre a contrata\u00e7\u00e3o de refor\u00e7os no Vasco"}]},{"@type":"WebSite","@id":"https:\/\/www.gaveanews.com\/#website","url":"https:\/\/www.gaveanews.com\/","name":"G\u00e1vea News","description":"Veja todas as not\u00edcias sobre o Flamengo: Contrata\u00e7\u00f5es, categorias de base, resultados das partidas, tabela de classifica\u00e7\u00e3o, pr\u00f3ximos jogos!","potentialAction":[{"@type":"SearchAction","target":{"@type":"EntryPoint","urlTemplate":"https:\/\/www.gaveanews.com\/?s={search_term_string}"},"query-input":{"@type":"PropertyValueSpecification","valueRequired":true,"valueName":"search_term_string"}}],"inLanguage":"pt-BR"},{"@type":"Person","@id":"https:\/\/www.gaveanews.com\/#\/schema\/person\/bd08f00534b403119b92741a6d469ef0","name":"Hudson Pereira","image":{"@type":"ImageObject","inLanguage":"pt-BR","@id":"https:\/\/www.gaveanews.com\/#\/schema\/person\/image\/","url":"https:\/\/secure.gravatar.com\/avatar\/ecc491b489e454e510efffc9b23c1052ce5fb4f2e05555768ba65819cd55f03e?s=96&d=mm&r=g","contentUrl":"https:\/\/secure.gravatar.com\/avatar\/ecc491b489e454e510efffc9b23c1052ce5fb4f2e05555768ba65819cd55f03e?s=96&d=mm&r=g","caption":"Hudson Pereira"}}]}},"_links":{"self":[{"href":"https:\/\/www.gaveanews.com\/index.php\/wp-json\/wp\/v2\/posts\/258683","targetHints":{"allow":["GET"]}}],"collection":[{"href":"https:\/\/www.gaveanews.com\/index.php\/wp-json\/wp\/v2\/posts"}],"about":[{"href":"https:\/\/www.gaveanews.com\/index.php\/wp-json\/wp\/v2\/types\/post"}],"author":[{"embeddable":true,"href":"https:\/\/www.gaveanews.com\/index.php\/wp-json\/wp\/v2\/users\/28"}],"replies":[{"embeddable":true,"href":"https:\/\/www.gaveanews.com\/index.php\/wp-json\/wp\/v2\/comments?post=258683"}],"version-history":[{"count":2,"href":"https:\/\/www.gaveanews.com\/index.php\/wp-json\/wp\/v2\/posts\/258683\/revisions"}],"predecessor-version":[{"id":258685,"href":"https:\/\/www.gaveanews.com\/index.php\/wp-json\/wp\/v2\/posts\/258683\/revisions\/258685"}],"wp:featuredmedia":[{"embeddable":true,"href":"https:\/\/www.gaveanews.com\/index.php\/wp-json\/wp\/v2\/media\/146559"}],"wp:attachment":[{"href":"https:\/\/www.gaveanews.com\/index.php\/wp-json\/wp\/v2\/media?parent=258683"}],"wp:term":[{"taxonomy":"category","embeddable":true,"href":"https:\/\/www.gaveanews.com\/index.php\/wp-json\/wp\/v2\/categories?post=258683"},{"taxonomy":"post_tag","embeddable":true,"href":"https:\/\/www.gaveanews.com\/index.php\/wp-json\/wp\/v2\/tags?post=258683"}],"curies":[{"name":"wp","href":"https:\/\/api.w.org\/{rel}","templated":true}]}}