{"id":258944,"date":"2025-04-29T21:20:00","date_gmt":"2025-04-30T00:20:00","guid":{"rendered":"https:\/\/www.gaveanews.com\/?p=258944"},"modified":"2025-04-29T17:40:12","modified_gmt":"2025-04-29T20:40:12","slug":"video-veja-a-chamada-da-rede-globo-para-o-mundial-de-clubes","status":"publish","type":"post","link":"https:\/\/www.gaveanews.com\/index.php\/2025\/04\/29\/video-veja-a-chamada-da-rede-globo-para-o-mundial-de-clubes\/","title":{"rendered":"V\u00eddeo: veja a chamada da Rede Globo para o Mundial de Clubes"},"content":{"rendered":"\n<p>A Rede Globo divulgou oficialmente a sua campanha promocional para o Super Mundial de Clubes de 2025, que ser\u00e1 disputado entre os dias 14 de junho e 13 de julho, nos Estados Unidos. Com quatro representantes do Brasil confirmados na competi\u00e7\u00e3o \u2013 Flamengo, Palmeiras, Botafogo e Fluminense \u2013, a emissora apostou em uma chamada de impacto, mesclando emo\u00e7\u00e3o e grandiosidade para marcar presen\u00e7a na cobertura do torneio.<\/p>\n\n\n\n<p>A nova pe\u00e7a publicit\u00e1ria exibida na televis\u00e3o aberta e compartilhada nas redes sociais destaca a participa\u00e7\u00e3o das equipes brasileiras atrav\u00e9s de imagens emblem\u00e1ticas, como os momentos das conquistas da Libertadores que garantiram vaga no torneio. <\/p>\n\n\n\n<p>Conforme o v\u00eddeo avan\u00e7a, \u00e9 poss\u00edvel ver os lances das finais e os trof\u00e9us sendo erguidos por jogadores dos quatro clubes. A ordem de apari\u00e7\u00e3o seguiu uma sequ\u00eancia espec\u00edfica: Palmeiras, Fluminense, Flamengo e Botafogo.<\/p>\n\n\n\n<p>&#8220;2025 \u00e9 ano de Copa, sim. E essa \u00e9 in\u00e9dita&#8221;, afirma o locutor no in\u00edcio do v\u00eddeo. Em seguida, o material ressalta o novo formato do campeonato, que contar\u00e1 com 32 equipes de todos os continentes, reunindo os campe\u00f5es de suas respectivas competi\u00e7\u00f5es. Ainda segundo a chamada, o torneio ser\u00e1 &#8220;um m\u00eas de Copa do Mundo na Globo&#8221;, com &#8220;camisas pesadas do futebol brasileiro, estrelas mundiais e s\u00f3 joga\u00e7os da mais alta prateleira&#8221;.<\/p>\n\n\n\n<p>Ao lado dos brasileiros, o torneio tamb\u00e9m reunir\u00e1 pot\u00eancias europeias como Real Madrid, Manchester City, PSG, Bayern de Munique, Chelsea e Juventus. Jogadores de renome internacional, como Lionel Messi, Vini Jr., Haaland e Mbapp\u00e9, s\u00e3o mencionados como atra\u00e7\u00f5es do evento, o que refor\u00e7a a tentativa da emissora de associar a cobertura ao n\u00edvel de uma Copa do Mundo tradicional.<\/p>\n\n\n\n<blockquote class=\"twitter-tweet\" data-media-max-width=\"560\"><p lang=\"pt\" dir=\"ltr\">A chamada da Globo para o Super Mundial.<br><br>\ud83c\udfa5 <a href=\"https:\/\/twitter.com\/tvglobo?ref_src=twsrc%5Etfw\">@tvglobo<\/a> <a href=\"https:\/\/t.co\/WEniEORJBR\">pic.twitter.com\/WEniEORJBR<\/a><\/p>&mdash; Planeta do Futebol \ud83c\udf0e (@futebol_info) <a href=\"https:\/\/twitter.com\/futebol_info\/status\/1916956540843512209?ref_src=twsrc%5Etfw\">April 28, 2025<\/a><\/blockquote> <script async src=\"https:\/\/platform.twitter.com\/widgets.js\" charset=\"utf-8\"><\/script>\n\n\n\n<h2 class=\"wp-block-heading\" id=\"h-grupos-definidos-e-rivais-conhecidos\">Grupos definidos e rivais conhecidos<\/h2>\n\n\n\n<p>O sorteio do Mundial definiu os grupos com a participa\u00e7\u00e3o dos brasileiros. O Palmeiras integra o Grupo A, ao lado de Al Ahly (Egito), Inter Miami (Estados Unidos) e Porto (Portugal). O Botafogo aparece no Grupo B, enfrentando PSG (Fran\u00e7a), Atl\u00e9tico de Madrid (Espanha) e Seattle Sounders (Estados Unidos).<\/p>\n\n\n\n<p>J\u00e1 o Flamengo est\u00e1 no Grupo D, com Chelsea (Inglaterra), Esp\u00e9rance (Tun\u00edsia) e outro advers\u00e1rio ainda n\u00e3o confirmado. O Fluminense, por sua vez, comp\u00f5e o Grupo F, enfrentando Borussia Dortmund (Alemanha), Mamelodi Sundowns (\u00c1frica do Sul) e Ulsan HD (Coreia do Sul).<\/p>\n\n\n\n<h2 class=\"wp-block-heading\" id=\"h-envolvimento-da-patrocinadora-oficial\">Envolvimento da patrocinadora oficial<\/h2>\n\n\n\n<p>Al\u00e9m da campanha da Globo, a Budweiser, patrocinadora oficial da competi\u00e7\u00e3o, lan\u00e7ou a a\u00e7\u00e3o promocional \u201cBud te Leva\u201d. A iniciativa pretende levar torcedores \u00e0 decis\u00e3o do torneio, que acontecer\u00e1 no MetLife Stadium, em Nova Jersey, oferecendo passagens, hospedagem e ingressos. Para participar, os interessados precisam adquirir produtos da marca, cadastrar os cupons fiscais e acompanhar o sorteio.<\/p>\n\n\n\n<p>A promo\u00e7\u00e3o tamb\u00e9m prev\u00ea premia\u00e7\u00f5es paralelas, como kits com televis\u00e3o de 55 polegadas, soundbar, minigeladeira abastecida com produtos da marca e camisas oficiais dos clubes brasileiros. Vouchers, caixas de som JBL e uniformes internacionais tamb\u00e9m fazem parte do pacote de pr\u00eamios.<\/p>\n\n\n\n<h2 class=\"wp-block-heading\" id=\"h-repercussao-entre-os-torcedores\">Repercuss\u00e3o entre os torcedores<\/h2>\n\n\n\n<p>A campanha da Globo rapidamente repercutiu nas redes sociais, gerando coment\u00e1rios diversos entre os torcedores. Enquanto parte do p\u00fablico exaltou a produ\u00e7\u00e3o e demonstrou empolga\u00e7\u00e3o com o evento, outras manifesta\u00e7\u00f5es adotaram tom ir\u00f4nico ou provocativo. Algumas mensagens satirizaram clubes ausentes, enquanto outras enalteceram o feito dos times cariocas e paulistas por estarem entre os 32 participantes.<\/p>\n\n\n\n<p>O engajamento digital em torno da chamada comprova, de fato, o interesse do p\u00fablico brasileiro pelo torneio, que, embora reformulado, segue com forte apelo popular. A participa\u00e7\u00e3o dos quatro clubes nacionais, somada ao peso das estrelas internacionais envolvidas, tende a manter alta a expectativa em torno da competi\u00e7\u00e3o, principalmente com a cobertura ampla prometida pela emissora carioca.<\/p>\n","protected":false},"excerpt":{"rendered":"<p>A Rede Globo divulgou oficialmente a sua campanha promocional para o Super Mundial de Clubes de 2025, que ser\u00e1 disputado entre os dias 14 de junho e 13 de julho, nos Estados Unidos. Com quatro representantes do Brasil confirmados na competi\u00e7\u00e3o \u2013 Flamengo, Palmeiras, Botafogo e Fluminense \u2013, a emissora apostou em uma chamada de [&hellip;]<\/p>\n","protected":false},"author":30,"featured_media":185794,"comment_status":"open","ping_status":"closed","sticky":false,"template":"","format":"standard","meta":{"footnotes":""},"categories":[138,478,47,1,145,150],"tags":[],"class_list":["post-258944","post","type-post","status-publish","format-standard","has-post-thumbnail","hentry","category-botafogo","category-brasil","category-destaques","category-flamengo","category-fluminense","category-palmeiras"],"yoast_head":"<!-- This site is optimized with the Yoast SEO Premium plugin v24.2 (Yoast SEO v26.9) - https:\/\/yoast.com\/product\/yoast-seo-premium-wordpress\/ -->\n<title>V\u00eddeo: veja a chamada da Rede Globo para o Mundial de Clubes<\/title>\n<meta name=\"robots\" content=\"index, follow, max-snippet:-1, max-image-preview:large, max-video-preview:-1\" \/>\n<link rel=\"canonical\" href=\"https:\/\/www.gaveanews.com\/index.php\/2025\/04\/29\/video-veja-a-chamada-da-rede-globo-para-o-mundial-de-clubes\/\" \/>\n<meta property=\"og:locale\" content=\"pt_BR\" \/>\n<meta property=\"og:type\" content=\"article\" \/>\n<meta property=\"og:title\" content=\"V\u00eddeo: veja a chamada da Rede Globo para o Mundial de Clubes\" \/>\n<meta property=\"og:description\" content=\"A Rede Globo divulgou oficialmente a sua campanha promocional para o Super Mundial de Clubes de 2025, que ser\u00e1 disputado entre os dias 14 de junho e 13 de julho, nos Estados Unidos. Com quatro representantes do Brasil confirmados na competi\u00e7\u00e3o \u2013 Flamengo, Palmeiras, Botafogo e Fluminense \u2013, a emissora apostou em uma chamada de [&hellip;]\" \/>\n<meta property=\"og:url\" content=\"https:\/\/www.gaveanews.com\/index.php\/2025\/04\/29\/video-veja-a-chamada-da-rede-globo-para-o-mundial-de-clubes\/\" \/>\n<meta property=\"og:site_name\" content=\"G\u00e1vea News\" \/>\n<meta property=\"article:publisher\" content=\"https:\/\/facebook.com\/gaveaNews\/\" \/>\n<meta property=\"article:published_time\" content=\"2025-04-30T00:20:00+00:00\" \/>\n<meta property=\"og:image\" content=\"https:\/\/www.gaveanews.com\/wp-content\/uploads\/trofeu-do-super-mundial-de-clubes-da-fifa-1731601569969_v2_450x450.png.webp\" \/>\n\t<meta property=\"og:image:width\" content=\"450\" \/>\n\t<meta property=\"og:image:height\" content=\"450\" \/>\n\t<meta property=\"og:image:type\" content=\"image\/webp\" \/>\n<meta name=\"author\" content=\"Ana Teixeira\" \/>\n<meta name=\"twitter:card\" content=\"summary_large_image\" \/>\n<meta name=\"twitter:label1\" content=\"Escrito por\" \/>\n\t<meta name=\"twitter:data1\" content=\"Ana Teixeira\" \/>\n\t<meta name=\"twitter:label2\" content=\"Est. tempo de leitura\" \/>\n\t<meta name=\"twitter:data2\" content=\"4 minutos\" \/>\n<script type=\"application\/ld+json\" class=\"yoast-schema-graph\">{\"@context\":\"https:\/\/schema.org\",\"@graph\":[{\"@type\":\"NewsArticle\",\"@id\":\"https:\/\/www.gaveanews.com\/index.php\/2025\/04\/29\/video-veja-a-chamada-da-rede-globo-para-o-mundial-de-clubes\/#article\",\"isPartOf\":{\"@id\":\"https:\/\/www.gaveanews.com\/index.php\/2025\/04\/29\/video-veja-a-chamada-da-rede-globo-para-o-mundial-de-clubes\/\"},\"author\":{\"name\":\"Ana Teixeira\",\"@id\":\"https:\/\/www.gaveanews.com\/#\/schema\/person\/3b19f7288b0ce20372991275e4f2e6c2\"},\"headline\":\"V\u00eddeo: veja a chamada da Rede Globo para o Mundial de Clubes\",\"datePublished\":\"2025-04-30T00:20:00+00:00\",\"mainEntityOfPage\":{\"@id\":\"https:\/\/www.gaveanews.com\/index.php\/2025\/04\/29\/video-veja-a-chamada-da-rede-globo-para-o-mundial-de-clubes\/\"},\"wordCount\":661,\"commentCount\":0,\"image\":{\"@id\":\"https:\/\/www.gaveanews.com\/index.php\/2025\/04\/29\/video-veja-a-chamada-da-rede-globo-para-o-mundial-de-clubes\/#primaryimage\"},\"thumbnailUrl\":\"https:\/\/www.gaveanews.com\/wp-content\/uploads\/trofeu-do-super-mundial-de-clubes-da-fifa-1731601569969_v2_450x450.png.webp\",\"articleSection\":[\"Botafogo\",\"Brasil\",\"Destaques\",\"Flamengo\",\"Fluminense\",\"Palmeiras\"],\"inLanguage\":\"pt-BR\",\"potentialAction\":[{\"@type\":\"CommentAction\",\"name\":\"Comment\",\"target\":[\"https:\/\/www.gaveanews.com\/index.php\/2025\/04\/29\/video-veja-a-chamada-da-rede-globo-para-o-mundial-de-clubes\/#respond\"]}],\"copyrightYear\":\"2025\",\"copyrightHolder\":{\"@id\":\"https:\/\/www.gaveanews.com\/#organization\"}},{\"@type\":\"WebPage\",\"@id\":\"https:\/\/www.gaveanews.com\/index.php\/2025\/04\/29\/video-veja-a-chamada-da-rede-globo-para-o-mundial-de-clubes\/\",\"url\":\"https:\/\/www.gaveanews.com\/index.php\/2025\/04\/29\/video-veja-a-chamada-da-rede-globo-para-o-mundial-de-clubes\/\",\"name\":\"V\u00eddeo: veja a chamada da Rede Globo para o Mundial de Clubes\",\"isPartOf\":{\"@id\":\"https:\/\/www.gaveanews.com\/#website\"},\"primaryImageOfPage\":{\"@id\":\"https:\/\/www.gaveanews.com\/index.php\/2025\/04\/29\/video-veja-a-chamada-da-rede-globo-para-o-mundial-de-clubes\/#primaryimage\"},\"image\":{\"@id\":\"https:\/\/www.gaveanews.com\/index.php\/2025\/04\/29\/video-veja-a-chamada-da-rede-globo-para-o-mundial-de-clubes\/#primaryimage\"},\"thumbnailUrl\":\"https:\/\/www.gaveanews.com\/wp-content\/uploads\/trofeu-do-super-mundial-de-clubes-da-fifa-1731601569969_v2_450x450.png.webp\",\"datePublished\":\"2025-04-30T00:20:00+00:00\",\"author\":{\"@id\":\"https:\/\/www.gaveanews.com\/#\/schema\/person\/3b19f7288b0ce20372991275e4f2e6c2\"},\"breadcrumb\":{\"@id\":\"https:\/\/www.gaveanews.com\/index.php\/2025\/04\/29\/video-veja-a-chamada-da-rede-globo-para-o-mundial-de-clubes\/#breadcrumb\"},\"inLanguage\":\"pt-BR\",\"potentialAction\":[{\"@type\":\"ReadAction\",\"target\":[\"https:\/\/www.gaveanews.com\/index.php\/2025\/04\/29\/video-veja-a-chamada-da-rede-globo-para-o-mundial-de-clubes\/\"]}]},{\"@type\":\"ImageObject\",\"inLanguage\":\"pt-BR\",\"@id\":\"https:\/\/www.gaveanews.com\/index.php\/2025\/04\/29\/video-veja-a-chamada-da-rede-globo-para-o-mundial-de-clubes\/#primaryimage\",\"url\":\"https:\/\/www.gaveanews.com\/wp-content\/uploads\/trofeu-do-super-mundial-de-clubes-da-fifa-1731601569969_v2_450x450.png.webp\",\"contentUrl\":\"https:\/\/www.gaveanews.com\/wp-content\/uploads\/trofeu-do-super-mundial-de-clubes-da-fifa-1731601569969_v2_450x450.png.webp\",\"width\":450,\"height\":450,\"caption\":\"Trof\u00e9u do Super Mundial de Clubes da Fifa Imagem: Divulga\u00e7\u00e3o\/Fifa\"},{\"@type\":\"BreadcrumbList\",\"@id\":\"https:\/\/www.gaveanews.com\/index.php\/2025\/04\/29\/video-veja-a-chamada-da-rede-globo-para-o-mundial-de-clubes\/#breadcrumb\",\"itemListElement\":[{\"@type\":\"ListItem\",\"position\":1,\"name\":\"Home\",\"item\":\"https:\/\/www.gaveanews.com\/\"},{\"@type\":\"ListItem\",\"position\":2,\"name\":\"V\u00eddeo: veja a chamada da Rede Globo para o Mundial de Clubes\"}]},{\"@type\":\"WebSite\",\"@id\":\"https:\/\/www.gaveanews.com\/#website\",\"url\":\"https:\/\/www.gaveanews.com\/\",\"name\":\"G\u00e1vea News\",\"description\":\"Veja todas as not\u00edcias sobre o Flamengo: Contrata\u00e7\u00f5es, categorias de base, resultados das partidas, tabela de classifica\u00e7\u00e3o, pr\u00f3ximos jogos!\",\"potentialAction\":[{\"@type\":\"SearchAction\",\"target\":{\"@type\":\"EntryPoint\",\"urlTemplate\":\"https:\/\/www.gaveanews.com\/?s={search_term_string}\"},\"query-input\":{\"@type\":\"PropertyValueSpecification\",\"valueRequired\":true,\"valueName\":\"search_term_string\"}}],\"inLanguage\":\"pt-BR\"},{\"@type\":\"Person\",\"@id\":\"https:\/\/www.gaveanews.com\/#\/schema\/person\/3b19f7288b0ce20372991275e4f2e6c2\",\"name\":\"Ana Teixeira\",\"image\":{\"@type\":\"ImageObject\",\"inLanguage\":\"pt-BR\",\"@id\":\"https:\/\/www.gaveanews.com\/#\/schema\/person\/image\/\",\"url\":\"https:\/\/secure.gravatar.com\/avatar\/0a73f5a5258f3fed37fc2fa641892f3f7a4748456d4d4792f9bc550e6c19e06c?s=96&d=mm&r=g\",\"contentUrl\":\"https:\/\/secure.gravatar.com\/avatar\/0a73f5a5258f3fed37fc2fa641892f3f7a4748456d4d4792f9bc550e6c19e06c?s=96&d=mm&r=g\",\"caption\":\"Ana Teixeira\"}}]}<\/script>\n<!-- \/ Yoast SEO Premium plugin. -->","yoast_head_json":{"title":"V\u00eddeo: veja a chamada da Rede Globo para o Mundial de Clubes","robots":{"index":"index","follow":"follow","max-snippet":"max-snippet:-1","max-image-preview":"max-image-preview:large","max-video-preview":"max-video-preview:-1"},"canonical":"https:\/\/www.gaveanews.com\/index.php\/2025\/04\/29\/video-veja-a-chamada-da-rede-globo-para-o-mundial-de-clubes\/","og_locale":"pt_BR","og_type":"article","og_title":"V\u00eddeo: veja a chamada da Rede Globo para o Mundial de Clubes","og_description":"A Rede Globo divulgou oficialmente a sua campanha promocional para o Super Mundial de Clubes de 2025, que ser\u00e1 disputado entre os dias 14 de junho e 13 de julho, nos Estados Unidos. Com quatro representantes do Brasil confirmados na competi\u00e7\u00e3o \u2013 Flamengo, Palmeiras, Botafogo e Fluminense \u2013, a emissora apostou em uma chamada de [&hellip;]","og_url":"https:\/\/www.gaveanews.com\/index.php\/2025\/04\/29\/video-veja-a-chamada-da-rede-globo-para-o-mundial-de-clubes\/","og_site_name":"G\u00e1vea News","article_publisher":"https:\/\/facebook.com\/gaveaNews\/","article_published_time":"2025-04-30T00:20:00+00:00","og_image":[{"width":450,"height":450,"url":"https:\/\/www.gaveanews.com\/wp-content\/uploads\/trofeu-do-super-mundial-de-clubes-da-fifa-1731601569969_v2_450x450.png.webp","type":"image\/webp"}],"author":"Ana Teixeira","twitter_card":"summary_large_image","twitter_misc":{"Escrito por":"Ana Teixeira","Est. tempo de leitura":"4 minutos"},"schema":{"@context":"https:\/\/schema.org","@graph":[{"@type":"NewsArticle","@id":"https:\/\/www.gaveanews.com\/index.php\/2025\/04\/29\/video-veja-a-chamada-da-rede-globo-para-o-mundial-de-clubes\/#article","isPartOf":{"@id":"https:\/\/www.gaveanews.com\/index.php\/2025\/04\/29\/video-veja-a-chamada-da-rede-globo-para-o-mundial-de-clubes\/"},"author":{"name":"Ana Teixeira","@id":"https:\/\/www.gaveanews.com\/#\/schema\/person\/3b19f7288b0ce20372991275e4f2e6c2"},"headline":"V\u00eddeo: veja a chamada da Rede Globo para o Mundial de Clubes","datePublished":"2025-04-30T00:20:00+00:00","mainEntityOfPage":{"@id":"https:\/\/www.gaveanews.com\/index.php\/2025\/04\/29\/video-veja-a-chamada-da-rede-globo-para-o-mundial-de-clubes\/"},"wordCount":661,"commentCount":0,"image":{"@id":"https:\/\/www.gaveanews.com\/index.php\/2025\/04\/29\/video-veja-a-chamada-da-rede-globo-para-o-mundial-de-clubes\/#primaryimage"},"thumbnailUrl":"https:\/\/www.gaveanews.com\/wp-content\/uploads\/trofeu-do-super-mundial-de-clubes-da-fifa-1731601569969_v2_450x450.png.webp","articleSection":["Botafogo","Brasil","Destaques","Flamengo","Fluminense","Palmeiras"],"inLanguage":"pt-BR","potentialAction":[{"@type":"CommentAction","name":"Comment","target":["https:\/\/www.gaveanews.com\/index.php\/2025\/04\/29\/video-veja-a-chamada-da-rede-globo-para-o-mundial-de-clubes\/#respond"]}],"copyrightYear":"2025","copyrightHolder":{"@id":"https:\/\/www.gaveanews.com\/#organization"}},{"@type":"WebPage","@id":"https:\/\/www.gaveanews.com\/index.php\/2025\/04\/29\/video-veja-a-chamada-da-rede-globo-para-o-mundial-de-clubes\/","url":"https:\/\/www.gaveanews.com\/index.php\/2025\/04\/29\/video-veja-a-chamada-da-rede-globo-para-o-mundial-de-clubes\/","name":"V\u00eddeo: veja a chamada da Rede Globo para o Mundial de Clubes","isPartOf":{"@id":"https:\/\/www.gaveanews.com\/#website"},"primaryImageOfPage":{"@id":"https:\/\/www.gaveanews.com\/index.php\/2025\/04\/29\/video-veja-a-chamada-da-rede-globo-para-o-mundial-de-clubes\/#primaryimage"},"image":{"@id":"https:\/\/www.gaveanews.com\/index.php\/2025\/04\/29\/video-veja-a-chamada-da-rede-globo-para-o-mundial-de-clubes\/#primaryimage"},"thumbnailUrl":"https:\/\/www.gaveanews.com\/wp-content\/uploads\/trofeu-do-super-mundial-de-clubes-da-fifa-1731601569969_v2_450x450.png.webp","datePublished":"2025-04-30T00:20:00+00:00","author":{"@id":"https:\/\/www.gaveanews.com\/#\/schema\/person\/3b19f7288b0ce20372991275e4f2e6c2"},"breadcrumb":{"@id":"https:\/\/www.gaveanews.com\/index.php\/2025\/04\/29\/video-veja-a-chamada-da-rede-globo-para-o-mundial-de-clubes\/#breadcrumb"},"inLanguage":"pt-BR","potentialAction":[{"@type":"ReadAction","target":["https:\/\/www.gaveanews.com\/index.php\/2025\/04\/29\/video-veja-a-chamada-da-rede-globo-para-o-mundial-de-clubes\/"]}]},{"@type":"ImageObject","inLanguage":"pt-BR","@id":"https:\/\/www.gaveanews.com\/index.php\/2025\/04\/29\/video-veja-a-chamada-da-rede-globo-para-o-mundial-de-clubes\/#primaryimage","url":"https:\/\/www.gaveanews.com\/wp-content\/uploads\/trofeu-do-super-mundial-de-clubes-da-fifa-1731601569969_v2_450x450.png.webp","contentUrl":"https:\/\/www.gaveanews.com\/wp-content\/uploads\/trofeu-do-super-mundial-de-clubes-da-fifa-1731601569969_v2_450x450.png.webp","width":450,"height":450,"caption":"Trof\u00e9u do Super Mundial de Clubes da Fifa Imagem: Divulga\u00e7\u00e3o\/Fifa"},{"@type":"BreadcrumbList","@id":"https:\/\/www.gaveanews.com\/index.php\/2025\/04\/29\/video-veja-a-chamada-da-rede-globo-para-o-mundial-de-clubes\/#breadcrumb","itemListElement":[{"@type":"ListItem","position":1,"name":"Home","item":"https:\/\/www.gaveanews.com\/"},{"@type":"ListItem","position":2,"name":"V\u00eddeo: veja a chamada da Rede Globo para o Mundial de Clubes"}]},{"@type":"WebSite","@id":"https:\/\/www.gaveanews.com\/#website","url":"https:\/\/www.gaveanews.com\/","name":"G\u00e1vea News","description":"Veja todas as not\u00edcias sobre o Flamengo: Contrata\u00e7\u00f5es, categorias de base, resultados das partidas, tabela de classifica\u00e7\u00e3o, pr\u00f3ximos jogos!","potentialAction":[{"@type":"SearchAction","target":{"@type":"EntryPoint","urlTemplate":"https:\/\/www.gaveanews.com\/?s={search_term_string}"},"query-input":{"@type":"PropertyValueSpecification","valueRequired":true,"valueName":"search_term_string"}}],"inLanguage":"pt-BR"},{"@type":"Person","@id":"https:\/\/www.gaveanews.com\/#\/schema\/person\/3b19f7288b0ce20372991275e4f2e6c2","name":"Ana Teixeira","image":{"@type":"ImageObject","inLanguage":"pt-BR","@id":"https:\/\/www.gaveanews.com\/#\/schema\/person\/image\/","url":"https:\/\/secure.gravatar.com\/avatar\/0a73f5a5258f3fed37fc2fa641892f3f7a4748456d4d4792f9bc550e6c19e06c?s=96&d=mm&r=g","contentUrl":"https:\/\/secure.gravatar.com\/avatar\/0a73f5a5258f3fed37fc2fa641892f3f7a4748456d4d4792f9bc550e6c19e06c?s=96&d=mm&r=g","caption":"Ana Teixeira"}}]}},"_links":{"self":[{"href":"https:\/\/www.gaveanews.com\/index.php\/wp-json\/wp\/v2\/posts\/258944","targetHints":{"allow":["GET"]}}],"collection":[{"href":"https:\/\/www.gaveanews.com\/index.php\/wp-json\/wp\/v2\/posts"}],"about":[{"href":"https:\/\/www.gaveanews.com\/index.php\/wp-json\/wp\/v2\/types\/post"}],"author":[{"embeddable":true,"href":"https:\/\/www.gaveanews.com\/index.php\/wp-json\/wp\/v2\/users\/30"}],"replies":[{"embeddable":true,"href":"https:\/\/www.gaveanews.com\/index.php\/wp-json\/wp\/v2\/comments?post=258944"}],"version-history":[{"count":1,"href":"https:\/\/www.gaveanews.com\/index.php\/wp-json\/wp\/v2\/posts\/258944\/revisions"}],"predecessor-version":[{"id":258957,"href":"https:\/\/www.gaveanews.com\/index.php\/wp-json\/wp\/v2\/posts\/258944\/revisions\/258957"}],"wp:featuredmedia":[{"embeddable":true,"href":"https:\/\/www.gaveanews.com\/index.php\/wp-json\/wp\/v2\/media\/185794"}],"wp:attachment":[{"href":"https:\/\/www.gaveanews.com\/index.php\/wp-json\/wp\/v2\/media?parent=258944"}],"wp:term":[{"taxonomy":"category","embeddable":true,"href":"https:\/\/www.gaveanews.com\/index.php\/wp-json\/wp\/v2\/categories?post=258944"},{"taxonomy":"post_tag","embeddable":true,"href":"https:\/\/www.gaveanews.com\/index.php\/wp-json\/wp\/v2\/tags?post=258944"}],"curies":[{"name":"wp","href":"https:\/\/api.w.org\/{rel}","templated":true}]}}