{"id":258967,"date":"2025-04-29T22:25:00","date_gmt":"2025-04-30T01:25:00","guid":{"rendered":"https:\/\/www.gaveanews.com\/?p=258967"},"modified":"2025-04-29T17:55:48","modified_gmt":"2025-04-29T20:55:48","slug":"luxemburgo-abel-ferreira-lula-muricy-ramalho-rubens-minellis-os-tecnicos-mais-vencedores-do-brasileirao","status":"publish","type":"post","link":"https:\/\/www.gaveanews.com\/index.php\/2025\/04\/29\/luxemburgo-abel-ferreira-lula-muricy-ramalho-rubens-minellis-os-tecnicos-mais-vencedores-do-brasileirao\/","title":{"rendered":"Luxemburgo, Abel Ferreira, Lula, Muricy Ramalho, Rubens Minellis: os t\u00e9cnicos mais vencedores do Brasileir\u00e3o"},"content":{"rendered":"\n<p>O Campeonato Brasileiro, ao longo de sua trajet\u00f3ria, tem sido palco de in\u00fameros momentos marcantes e disputas acirradas. Entre os grandes protagonistas dessas hist\u00f3rias est\u00e3o os treinadores, que, com vis\u00e3o t\u00e1tica e capacidade de lideran\u00e7a, conduzem suas equipes em busca da gl\u00f3ria nacional. A influ\u00eancia desses profissionais vai al\u00e9m das quatro linhas, afetando diretamente o desempenho dos times ao longo das temporadas.<\/p>\n\n\n\n<p>Vanderlei Luxemburgo e Lula se destacam como os t\u00e9cnicos mais vencedores da hist\u00f3ria da competi\u00e7\u00e3o, ambos com cinco conquistas cada. Esse feito os coloca no topo do ranking de comandantes mais bem-sucedidos no torneio, refletindo n\u00e3o apenas a frequ\u00eancia com que estiveram em equipes competitivas, mas principalmente a consist\u00eancia de seus trabalhos ao longo dos anos.<\/p>\n\n\n\n<figure class=\"wp-block-image size-large\"><img loading=\"lazy\" decoding=\"async\" width=\"1024\" height=\"576\" src=\"http:\/\/www.gaveanews.com\/wp-content\/uploads\/Abel-Ferreira-e-fotografado-passando-instrucoes-durante-um-jogo-do-Palmeiras-1024x576.webp\" alt=\"\" class=\"wp-image-157845\" srcset=\"https:\/\/www.gaveanews.com\/wp-content\/uploads\/Abel-Ferreira-e-fotografado-passando-instrucoes-durante-um-jogo-do-Palmeiras-1024x576.webp 1024w, https:\/\/www.gaveanews.com\/wp-content\/uploads\/Abel-Ferreira-e-fotografado-passando-instrucoes-durante-um-jogo-do-Palmeiras-300x169.webp 300w, https:\/\/www.gaveanews.com\/wp-content\/uploads\/Abel-Ferreira-e-fotografado-passando-instrucoes-durante-um-jogo-do-Palmeiras-768x432.webp 768w, https:\/\/www.gaveanews.com\/wp-content\/uploads\/Abel-Ferreira-e-fotografado-passando-instrucoes-durante-um-jogo-do-Palmeiras-746x420.webp 746w, https:\/\/www.gaveanews.com\/wp-content\/uploads\/Abel-Ferreira-e-fotografado-passando-instrucoes-durante-um-jogo-do-Palmeiras-1493x840.webp 1493w, https:\/\/www.gaveanews.com\/wp-content\/uploads\/Abel-Ferreira-e-fotografado-passando-instrucoes-durante-um-jogo-do-Palmeiras-640x360.webp 640w, https:\/\/www.gaveanews.com\/wp-content\/uploads\/Abel-Ferreira-e-fotografado-passando-instrucoes-durante-um-jogo-do-Palmeiras-1280x720.webp 1280w, https:\/\/www.gaveanews.com\/wp-content\/uploads\/Abel-Ferreira-e-fotografado-passando-instrucoes-durante-um-jogo-do-Palmeiras-681x383.webp 681w, https:\/\/www.gaveanews.com\/wp-content\/uploads\/Abel-Ferreira-e-fotografado-passando-instrucoes-durante-um-jogo-do-Palmeiras-1362x766.webp 1362w, https:\/\/www.gaveanews.com\/wp-content\/uploads\/Abel-Ferreira-e-fotografado-passando-instrucoes-durante-um-jogo-do-Palmeiras-100x56.webp 100w, https:\/\/www.gaveanews.com\/wp-content\/uploads\/Abel-Ferreira-e-fotografado-passando-instrucoes-durante-um-jogo-do-Palmeiras.webp 1500w\" sizes=\"auto, (max-width: 1024px) 100vw, 1024px\" \/><figcaption class=\"wp-element-caption\">Abel Ferreira \u00e9 fotografado passando instru\u00e7\u00f5es durante um jogo do Palmeiras (Foto: Cesar Greco\/Palmeiras)<\/figcaption><\/figure>\n\n\n\n<p>A import\u00e2ncia do papel do treinador no Campeonato Brasileiro \u00e9, ali\u00e1s, indiscut\u00edvel. Afinal, em um torneio longo e equilibrado como o Brasileir\u00e3o, a capacidade de adaptar estrat\u00e9gias, gerir elencos e lidar com press\u00f5es externas \u00e9 essencial para alcan\u00e7ar o t\u00edtulo. Luxemburgo, por exemplo, acumulou suas conquistas entre os anos 1990 e 2000, per\u00edodo em que tamb\u00e9m esteve \u00e0 frente da sele\u00e7\u00e3o brasileira. J\u00e1 Lula foi respons\u00e1vel por liderar o Santos em uma das eras mais vitoriosas do clube, durante as d\u00e9cadas de 1960 e 1970.<\/p>\n\n\n\n<p>Essas estat\u00edsticas consideram todas as edi\u00e7\u00f5es do campeonato reconhecidas oficialmente pela Confedera\u00e7\u00e3o Brasileira de Futebol. Isso inclui tanto o formato atual dos pontos corridos quanto os anteriores, com fases eliminat\u00f3rias. Portanto, a compara\u00e7\u00e3o entre diferentes \u00e9pocas leva em conta o reconhecimento da entidade m\u00e1xima do futebol nacional, o que confere legitimidade \u00e0 lista.<\/p>\n\n\n\n<p>Al\u00e9m de destacar os mais vitoriosos, o levantamento evidencia a diversidade de estilos e contextos em que esses t\u00edtulos foram conquistados. Enquanto alguns treinadores chegaram ao topo com elencos recheados de estrelas, outros triunfaram com elencos mais modestos, mas extremamente organizados. Assim, a trajet\u00f3ria dos campe\u00f5es ajuda a ilustrar a pluralidade t\u00e1tica e hist\u00f3rica do futebol brasileiro.<\/p>\n\n\n\n<p>Em resumo, o legado de t\u00e9cnicos como Luxemburgo e Lula ultrapassa as conquistas em si. Eles representam diferentes momentos do futebol nacional, mas compartilham o mesmo m\u00e9rito: conduzir seus times ao topo do Brasil em mais de uma ocasi\u00e3o. Com isso, inscrevem seus nomes entre os grandes respons\u00e1veis por cap\u00edtulos memor\u00e1veis do esporte no pa\u00eds.<\/p>\n","protected":false},"excerpt":{"rendered":"<p>O Campeonato Brasileiro, ao longo de sua trajet\u00f3ria, tem sido palco de in\u00fameros momentos marcantes e disputas acirradas. Entre os grandes protagonistas dessas hist\u00f3rias est\u00e3o os treinadores, que, com vis\u00e3o t\u00e1tica e capacidade de lideran\u00e7a, conduzem suas equipes em busca da gl\u00f3ria nacional. A influ\u00eancia desses profissionais vai al\u00e9m das quatro linhas, afetando diretamente o [&hellip;]<\/p>\n","protected":false},"author":27,"featured_media":33887,"comment_status":"open","ping_status":"closed","sticky":false,"template":"","format":"standard","meta":{"footnotes":""},"categories":[136,137,138,140,158,141,142,1,145,146,147,148,149,520,139,151,154,152,153],"tags":[],"class_list":["post-258967","post","type-post","status-publish","format-standard","has-post-thumbnail","hentry","category-atletico-mg","category-bahia","category-botafogo","category-bragantino","category-ceara","category-corinthians","category-criciuma","category-flamengo","category-fluminense","category-fortaleza","category-gremio","category-internacional","category-juventude","category-mirassol","category-santos","category-sao-paulo","category-sport","category-vasco","category-vitoria"],"yoast_head":"<!-- This site is optimized with the Yoast SEO Premium plugin v24.2 (Yoast SEO v26.9) - https:\/\/yoast.com\/product\/yoast-seo-premium-wordpress\/ -->\n<title>Luxemburgo, Abel Ferreira, Lula, Muricy Ramalho, Rubens Minellis: os t\u00e9cnicos mais vencedores do Brasileir\u00e3o<\/title>\n<meta name=\"robots\" content=\"index, follow, max-snippet:-1, max-image-preview:large, max-video-preview:-1\" \/>\n<link rel=\"canonical\" href=\"https:\/\/www.gaveanews.com\/index.php\/2025\/04\/29\/luxemburgo-abel-ferreira-lula-muricy-ramalho-rubens-minellis-os-tecnicos-mais-vencedores-do-brasileirao\/\" \/>\n<meta property=\"og:locale\" content=\"pt_BR\" \/>\n<meta property=\"og:type\" content=\"article\" \/>\n<meta property=\"og:title\" content=\"Luxemburgo, Abel Ferreira, Lula, Muricy Ramalho, Rubens Minellis: os t\u00e9cnicos mais vencedores do Brasileir\u00e3o\" \/>\n<meta property=\"og:description\" content=\"O Campeonato Brasileiro, ao longo de sua trajet\u00f3ria, tem sido palco de in\u00fameros momentos marcantes e disputas acirradas. Entre os grandes protagonistas dessas hist\u00f3rias est\u00e3o os treinadores, que, com vis\u00e3o t\u00e1tica e capacidade de lideran\u00e7a, conduzem suas equipes em busca da gl\u00f3ria nacional. A influ\u00eancia desses profissionais vai al\u00e9m das quatro linhas, afetando diretamente o [&hellip;]\" \/>\n<meta property=\"og:url\" content=\"https:\/\/www.gaveanews.com\/index.php\/2025\/04\/29\/luxemburgo-abel-ferreira-lula-muricy-ramalho-rubens-minellis-os-tecnicos-mais-vencedores-do-brasileirao\/\" \/>\n<meta property=\"og:site_name\" content=\"G\u00e1vea News\" \/>\n<meta property=\"article:publisher\" content=\"https:\/\/facebook.com\/gaveaNews\/\" \/>\n<meta property=\"article:published_time\" content=\"2025-04-30T01:25:00+00:00\" \/>\n<meta property=\"og:image\" content=\"https:\/\/www.gaveanews.com\/wp-content\/uploads\/esporte-vanderlei-luxemburgo-28092015-001-scaled.webp\" \/>\n\t<meta property=\"og:image:width\" content=\"2560\" \/>\n\t<meta property=\"og:image:height\" content=\"1707\" \/>\n\t<meta property=\"og:image:type\" content=\"image\/jpeg\" \/>\n<meta name=\"author\" content=\"Matheus Felipe\" \/>\n<meta name=\"twitter:card\" content=\"summary_large_image\" \/>\n<meta name=\"twitter:label1\" content=\"Escrito por\" \/>\n\t<meta name=\"twitter:data1\" content=\"Matheus Felipe\" \/>\n\t<meta name=\"twitter:label2\" content=\"Est. tempo de leitura\" \/>\n\t<meta name=\"twitter:data2\" content=\"3 minutos\" \/>\n<script type=\"application\/ld+json\" class=\"yoast-schema-graph\">{\"@context\":\"https:\/\/schema.org\",\"@graph\":[{\"@type\":\"NewsArticle\",\"@id\":\"https:\/\/www.gaveanews.com\/index.php\/2025\/04\/29\/luxemburgo-abel-ferreira-lula-muricy-ramalho-rubens-minellis-os-tecnicos-mais-vencedores-do-brasileirao\/#article\",\"isPartOf\":{\"@id\":\"https:\/\/www.gaveanews.com\/index.php\/2025\/04\/29\/luxemburgo-abel-ferreira-lula-muricy-ramalho-rubens-minellis-os-tecnicos-mais-vencedores-do-brasileirao\/\"},\"author\":{\"name\":\"Matheus Felipe\",\"@id\":\"https:\/\/www.gaveanews.com\/#\/schema\/person\/8207cd4627f56151707418bfc835b2fb\"},\"headline\":\"Luxemburgo, Abel Ferreira, Lula, Muricy Ramalho, Rubens Minellis: os t\u00e9cnicos mais vencedores do Brasileir\u00e3o\",\"datePublished\":\"2025-04-30T01:25:00+00:00\",\"mainEntityOfPage\":{\"@id\":\"https:\/\/www.gaveanews.com\/index.php\/2025\/04\/29\/luxemburgo-abel-ferreira-lula-muricy-ramalho-rubens-minellis-os-tecnicos-mais-vencedores-do-brasileirao\/\"},\"wordCount\":439,\"commentCount\":0,\"image\":{\"@id\":\"https:\/\/www.gaveanews.com\/index.php\/2025\/04\/29\/luxemburgo-abel-ferreira-lula-muricy-ramalho-rubens-minellis-os-tecnicos-mais-vencedores-do-brasileirao\/#primaryimage\"},\"thumbnailUrl\":\"https:\/\/www.gaveanews.com\/wp-content\/uploads\/esporte-vanderlei-luxemburgo-28092015-001-scaled.webp\",\"articleSection\":[\"Atl\u00e9tico-MG\",\"Bahia\",\"Botafogo\",\"Bragantino\",\"Cear\u00e1\",\"Corinthians\",\"Crici\u00fama\",\"Flamengo\",\"Fluminense\",\"Fortaleza\",\"Gr\u00eamio\",\"Internacional\",\"Juventude\",\"Mirassol\",\"Santos\",\"S\u00e3o Paulo\",\"Sport\",\"Vasco\",\"Vit\u00f3ria\"],\"inLanguage\":\"pt-BR\",\"potentialAction\":[{\"@type\":\"CommentAction\",\"name\":\"Comment\",\"target\":[\"https:\/\/www.gaveanews.com\/index.php\/2025\/04\/29\/luxemburgo-abel-ferreira-lula-muricy-ramalho-rubens-minellis-os-tecnicos-mais-vencedores-do-brasileirao\/#respond\"]}],\"copyrightYear\":\"2025\",\"copyrightHolder\":{\"@id\":\"https:\/\/www.gaveanews.com\/#organization\"}},{\"@type\":\"WebPage\",\"@id\":\"https:\/\/www.gaveanews.com\/index.php\/2025\/04\/29\/luxemburgo-abel-ferreira-lula-muricy-ramalho-rubens-minellis-os-tecnicos-mais-vencedores-do-brasileirao\/\",\"url\":\"https:\/\/www.gaveanews.com\/index.php\/2025\/04\/29\/luxemburgo-abel-ferreira-lula-muricy-ramalho-rubens-minellis-os-tecnicos-mais-vencedores-do-brasileirao\/\",\"name\":\"Luxemburgo, Abel Ferreira, Lula, Muricy Ramalho, Rubens Minellis: os t\u00e9cnicos mais vencedores do Brasileir\u00e3o\",\"isPartOf\":{\"@id\":\"https:\/\/www.gaveanews.com\/#website\"},\"primaryImageOfPage\":{\"@id\":\"https:\/\/www.gaveanews.com\/index.php\/2025\/04\/29\/luxemburgo-abel-ferreira-lula-muricy-ramalho-rubens-minellis-os-tecnicos-mais-vencedores-do-brasileirao\/#primaryimage\"},\"image\":{\"@id\":\"https:\/\/www.gaveanews.com\/index.php\/2025\/04\/29\/luxemburgo-abel-ferreira-lula-muricy-ramalho-rubens-minellis-os-tecnicos-mais-vencedores-do-brasileirao\/#primaryimage\"},\"thumbnailUrl\":\"https:\/\/www.gaveanews.com\/wp-content\/uploads\/esporte-vanderlei-luxemburgo-28092015-001-scaled.webp\",\"datePublished\":\"2025-04-30T01:25:00+00:00\",\"author\":{\"@id\":\"https:\/\/www.gaveanews.com\/#\/schema\/person\/8207cd4627f56151707418bfc835b2fb\"},\"breadcrumb\":{\"@id\":\"https:\/\/www.gaveanews.com\/index.php\/2025\/04\/29\/luxemburgo-abel-ferreira-lula-muricy-ramalho-rubens-minellis-os-tecnicos-mais-vencedores-do-brasileirao\/#breadcrumb\"},\"inLanguage\":\"pt-BR\",\"potentialAction\":[{\"@type\":\"ReadAction\",\"target\":[\"https:\/\/www.gaveanews.com\/index.php\/2025\/04\/29\/luxemburgo-abel-ferreira-lula-muricy-ramalho-rubens-minellis-os-tecnicos-mais-vencedores-do-brasileirao\/\"]}]},{\"@type\":\"ImageObject\",\"inLanguage\":\"pt-BR\",\"@id\":\"https:\/\/www.gaveanews.com\/index.php\/2025\/04\/29\/luxemburgo-abel-ferreira-lula-muricy-ramalho-rubens-minellis-os-tecnicos-mais-vencedores-do-brasileirao\/#primaryimage\",\"url\":\"https:\/\/www.gaveanews.com\/wp-content\/uploads\/esporte-vanderlei-luxemburgo-28092015-001-scaled.webp\",\"contentUrl\":\"https:\/\/www.gaveanews.com\/wp-content\/uploads\/esporte-vanderlei-luxemburgo-28092015-001-scaled.webp\",\"width\":2560,\"height\":1707,\"caption\":\"Vanderlei Luxemburgo (Photo by VCG\/VCG via Getty Images)\"},{\"@type\":\"BreadcrumbList\",\"@id\":\"https:\/\/www.gaveanews.com\/index.php\/2025\/04\/29\/luxemburgo-abel-ferreira-lula-muricy-ramalho-rubens-minellis-os-tecnicos-mais-vencedores-do-brasileirao\/#breadcrumb\",\"itemListElement\":[{\"@type\":\"ListItem\",\"position\":1,\"name\":\"Home\",\"item\":\"https:\/\/www.gaveanews.com\/\"},{\"@type\":\"ListItem\",\"position\":2,\"name\":\"Luxemburgo, Abel Ferreira, Lula, Muricy Ramalho, Rubens Minellis: os t\u00e9cnicos mais vencedores do Brasileir\u00e3o\"}]},{\"@type\":\"WebSite\",\"@id\":\"https:\/\/www.gaveanews.com\/#website\",\"url\":\"https:\/\/www.gaveanews.com\/\",\"name\":\"G\u00e1vea News\",\"description\":\"Veja todas as not\u00edcias sobre o Flamengo: Contrata\u00e7\u00f5es, categorias de base, resultados das partidas, tabela de classifica\u00e7\u00e3o, pr\u00f3ximos jogos!\",\"potentialAction\":[{\"@type\":\"SearchAction\",\"target\":{\"@type\":\"EntryPoint\",\"urlTemplate\":\"https:\/\/www.gaveanews.com\/?s={search_term_string}\"},\"query-input\":{\"@type\":\"PropertyValueSpecification\",\"valueRequired\":true,\"valueName\":\"search_term_string\"}}],\"inLanguage\":\"pt-BR\"},{\"@type\":\"Person\",\"@id\":\"https:\/\/www.gaveanews.com\/#\/schema\/person\/8207cd4627f56151707418bfc835b2fb\",\"name\":\"Matheus Felipe\",\"image\":{\"@type\":\"ImageObject\",\"inLanguage\":\"pt-BR\",\"@id\":\"https:\/\/www.gaveanews.com\/#\/schema\/person\/image\/\",\"url\":\"https:\/\/secure.gravatar.com\/avatar\/a452ffbed9130f726358b298bb3a99ce4bd3c5338411f8440e87e14d74c7c087?s=96&d=mm&r=g\",\"contentUrl\":\"https:\/\/secure.gravatar.com\/avatar\/a452ffbed9130f726358b298bb3a99ce4bd3c5338411f8440e87e14d74c7c087?s=96&d=mm&r=g\",\"caption\":\"Matheus Felipe\"}}]}<\/script>\n<!-- \/ Yoast SEO Premium plugin. -->","yoast_head_json":{"title":"Luxemburgo, Abel Ferreira, Lula, Muricy Ramalho, Rubens Minellis: os t\u00e9cnicos mais vencedores do Brasileir\u00e3o","robots":{"index":"index","follow":"follow","max-snippet":"max-snippet:-1","max-image-preview":"max-image-preview:large","max-video-preview":"max-video-preview:-1"},"canonical":"https:\/\/www.gaveanews.com\/index.php\/2025\/04\/29\/luxemburgo-abel-ferreira-lula-muricy-ramalho-rubens-minellis-os-tecnicos-mais-vencedores-do-brasileirao\/","og_locale":"pt_BR","og_type":"article","og_title":"Luxemburgo, Abel Ferreira, Lula, Muricy Ramalho, Rubens Minellis: os t\u00e9cnicos mais vencedores do Brasileir\u00e3o","og_description":"O Campeonato Brasileiro, ao longo de sua trajet\u00f3ria, tem sido palco de in\u00fameros momentos marcantes e disputas acirradas. Entre os grandes protagonistas dessas hist\u00f3rias est\u00e3o os treinadores, que, com vis\u00e3o t\u00e1tica e capacidade de lideran\u00e7a, conduzem suas equipes em busca da gl\u00f3ria nacional. A influ\u00eancia desses profissionais vai al\u00e9m das quatro linhas, afetando diretamente o [&hellip;]","og_url":"https:\/\/www.gaveanews.com\/index.php\/2025\/04\/29\/luxemburgo-abel-ferreira-lula-muricy-ramalho-rubens-minellis-os-tecnicos-mais-vencedores-do-brasileirao\/","og_site_name":"G\u00e1vea News","article_publisher":"https:\/\/facebook.com\/gaveaNews\/","article_published_time":"2025-04-30T01:25:00+00:00","og_image":[{"width":2560,"height":1707,"url":"https:\/\/www.gaveanews.com\/wp-content\/uploads\/esporte-vanderlei-luxemburgo-28092015-001-scaled.webp","type":"image\/jpeg"}],"author":"Matheus Felipe","twitter_card":"summary_large_image","twitter_misc":{"Escrito por":"Matheus Felipe","Est. tempo de leitura":"3 minutos"},"schema":{"@context":"https:\/\/schema.org","@graph":[{"@type":"NewsArticle","@id":"https:\/\/www.gaveanews.com\/index.php\/2025\/04\/29\/luxemburgo-abel-ferreira-lula-muricy-ramalho-rubens-minellis-os-tecnicos-mais-vencedores-do-brasileirao\/#article","isPartOf":{"@id":"https:\/\/www.gaveanews.com\/index.php\/2025\/04\/29\/luxemburgo-abel-ferreira-lula-muricy-ramalho-rubens-minellis-os-tecnicos-mais-vencedores-do-brasileirao\/"},"author":{"name":"Matheus Felipe","@id":"https:\/\/www.gaveanews.com\/#\/schema\/person\/8207cd4627f56151707418bfc835b2fb"},"headline":"Luxemburgo, Abel Ferreira, Lula, Muricy Ramalho, Rubens Minellis: os t\u00e9cnicos mais vencedores do Brasileir\u00e3o","datePublished":"2025-04-30T01:25:00+00:00","mainEntityOfPage":{"@id":"https:\/\/www.gaveanews.com\/index.php\/2025\/04\/29\/luxemburgo-abel-ferreira-lula-muricy-ramalho-rubens-minellis-os-tecnicos-mais-vencedores-do-brasileirao\/"},"wordCount":439,"commentCount":0,"image":{"@id":"https:\/\/www.gaveanews.com\/index.php\/2025\/04\/29\/luxemburgo-abel-ferreira-lula-muricy-ramalho-rubens-minellis-os-tecnicos-mais-vencedores-do-brasileirao\/#primaryimage"},"thumbnailUrl":"https:\/\/www.gaveanews.com\/wp-content\/uploads\/esporte-vanderlei-luxemburgo-28092015-001-scaled.webp","articleSection":["Atl\u00e9tico-MG","Bahia","Botafogo","Bragantino","Cear\u00e1","Corinthians","Crici\u00fama","Flamengo","Fluminense","Fortaleza","Gr\u00eamio","Internacional","Juventude","Mirassol","Santos","S\u00e3o Paulo","Sport","Vasco","Vit\u00f3ria"],"inLanguage":"pt-BR","potentialAction":[{"@type":"CommentAction","name":"Comment","target":["https:\/\/www.gaveanews.com\/index.php\/2025\/04\/29\/luxemburgo-abel-ferreira-lula-muricy-ramalho-rubens-minellis-os-tecnicos-mais-vencedores-do-brasileirao\/#respond"]}],"copyrightYear":"2025","copyrightHolder":{"@id":"https:\/\/www.gaveanews.com\/#organization"}},{"@type":"WebPage","@id":"https:\/\/www.gaveanews.com\/index.php\/2025\/04\/29\/luxemburgo-abel-ferreira-lula-muricy-ramalho-rubens-minellis-os-tecnicos-mais-vencedores-do-brasileirao\/","url":"https:\/\/www.gaveanews.com\/index.php\/2025\/04\/29\/luxemburgo-abel-ferreira-lula-muricy-ramalho-rubens-minellis-os-tecnicos-mais-vencedores-do-brasileirao\/","name":"Luxemburgo, Abel Ferreira, Lula, Muricy Ramalho, Rubens Minellis: os t\u00e9cnicos mais vencedores do Brasileir\u00e3o","isPartOf":{"@id":"https:\/\/www.gaveanews.com\/#website"},"primaryImageOfPage":{"@id":"https:\/\/www.gaveanews.com\/index.php\/2025\/04\/29\/luxemburgo-abel-ferreira-lula-muricy-ramalho-rubens-minellis-os-tecnicos-mais-vencedores-do-brasileirao\/#primaryimage"},"image":{"@id":"https:\/\/www.gaveanews.com\/index.php\/2025\/04\/29\/luxemburgo-abel-ferreira-lula-muricy-ramalho-rubens-minellis-os-tecnicos-mais-vencedores-do-brasileirao\/#primaryimage"},"thumbnailUrl":"https:\/\/www.gaveanews.com\/wp-content\/uploads\/esporte-vanderlei-luxemburgo-28092015-001-scaled.webp","datePublished":"2025-04-30T01:25:00+00:00","author":{"@id":"https:\/\/www.gaveanews.com\/#\/schema\/person\/8207cd4627f56151707418bfc835b2fb"},"breadcrumb":{"@id":"https:\/\/www.gaveanews.com\/index.php\/2025\/04\/29\/luxemburgo-abel-ferreira-lula-muricy-ramalho-rubens-minellis-os-tecnicos-mais-vencedores-do-brasileirao\/#breadcrumb"},"inLanguage":"pt-BR","potentialAction":[{"@type":"ReadAction","target":["https:\/\/www.gaveanews.com\/index.php\/2025\/04\/29\/luxemburgo-abel-ferreira-lula-muricy-ramalho-rubens-minellis-os-tecnicos-mais-vencedores-do-brasileirao\/"]}]},{"@type":"ImageObject","inLanguage":"pt-BR","@id":"https:\/\/www.gaveanews.com\/index.php\/2025\/04\/29\/luxemburgo-abel-ferreira-lula-muricy-ramalho-rubens-minellis-os-tecnicos-mais-vencedores-do-brasileirao\/#primaryimage","url":"https:\/\/www.gaveanews.com\/wp-content\/uploads\/esporte-vanderlei-luxemburgo-28092015-001-scaled.webp","contentUrl":"https:\/\/www.gaveanews.com\/wp-content\/uploads\/esporte-vanderlei-luxemburgo-28092015-001-scaled.webp","width":2560,"height":1707,"caption":"Vanderlei Luxemburgo (Photo by VCG\/VCG via Getty Images)"},{"@type":"BreadcrumbList","@id":"https:\/\/www.gaveanews.com\/index.php\/2025\/04\/29\/luxemburgo-abel-ferreira-lula-muricy-ramalho-rubens-minellis-os-tecnicos-mais-vencedores-do-brasileirao\/#breadcrumb","itemListElement":[{"@type":"ListItem","position":1,"name":"Home","item":"https:\/\/www.gaveanews.com\/"},{"@type":"ListItem","position":2,"name":"Luxemburgo, Abel Ferreira, Lula, Muricy Ramalho, Rubens Minellis: os t\u00e9cnicos mais vencedores do Brasileir\u00e3o"}]},{"@type":"WebSite","@id":"https:\/\/www.gaveanews.com\/#website","url":"https:\/\/www.gaveanews.com\/","name":"G\u00e1vea News","description":"Veja todas as not\u00edcias sobre o Flamengo: Contrata\u00e7\u00f5es, categorias de base, resultados das partidas, tabela de classifica\u00e7\u00e3o, pr\u00f3ximos jogos!","potentialAction":[{"@type":"SearchAction","target":{"@type":"EntryPoint","urlTemplate":"https:\/\/www.gaveanews.com\/?s={search_term_string}"},"query-input":{"@type":"PropertyValueSpecification","valueRequired":true,"valueName":"search_term_string"}}],"inLanguage":"pt-BR"},{"@type":"Person","@id":"https:\/\/www.gaveanews.com\/#\/schema\/person\/8207cd4627f56151707418bfc835b2fb","name":"Matheus Felipe","image":{"@type":"ImageObject","inLanguage":"pt-BR","@id":"https:\/\/www.gaveanews.com\/#\/schema\/person\/image\/","url":"https:\/\/secure.gravatar.com\/avatar\/a452ffbed9130f726358b298bb3a99ce4bd3c5338411f8440e87e14d74c7c087?s=96&d=mm&r=g","contentUrl":"https:\/\/secure.gravatar.com\/avatar\/a452ffbed9130f726358b298bb3a99ce4bd3c5338411f8440e87e14d74c7c087?s=96&d=mm&r=g","caption":"Matheus Felipe"}}]}},"_links":{"self":[{"href":"https:\/\/www.gaveanews.com\/index.php\/wp-json\/wp\/v2\/posts\/258967","targetHints":{"allow":["GET"]}}],"collection":[{"href":"https:\/\/www.gaveanews.com\/index.php\/wp-json\/wp\/v2\/posts"}],"about":[{"href":"https:\/\/www.gaveanews.com\/index.php\/wp-json\/wp\/v2\/types\/post"}],"author":[{"embeddable":true,"href":"https:\/\/www.gaveanews.com\/index.php\/wp-json\/wp\/v2\/users\/27"}],"replies":[{"embeddable":true,"href":"https:\/\/www.gaveanews.com\/index.php\/wp-json\/wp\/v2\/comments?post=258967"}],"version-history":[{"count":1,"href":"https:\/\/www.gaveanews.com\/index.php\/wp-json\/wp\/v2\/posts\/258967\/revisions"}],"predecessor-version":[{"id":258971,"href":"https:\/\/www.gaveanews.com\/index.php\/wp-json\/wp\/v2\/posts\/258967\/revisions\/258971"}],"wp:featuredmedia":[{"embeddable":true,"href":"https:\/\/www.gaveanews.com\/index.php\/wp-json\/wp\/v2\/media\/33887"}],"wp:attachment":[{"href":"https:\/\/www.gaveanews.com\/index.php\/wp-json\/wp\/v2\/media?parent=258967"}],"wp:term":[{"taxonomy":"category","embeddable":true,"href":"https:\/\/www.gaveanews.com\/index.php\/wp-json\/wp\/v2\/categories?post=258967"},{"taxonomy":"post_tag","embeddable":true,"href":"https:\/\/www.gaveanews.com\/index.php\/wp-json\/wp\/v2\/tags?post=258967"}],"curies":[{"name":"wp","href":"https:\/\/api.w.org\/{rel}","templated":true}]}}