{"id":258996,"date":"2025-04-29T23:00:00","date_gmt":"2025-04-30T02:00:00","guid":{"rendered":"https:\/\/www.gaveanews.com\/?p=258996"},"modified":"2025-04-29T18:14:36","modified_gmt":"2025-04-29T21:14:36","slug":"muller-crava-ponto-fraco-do-time-do-santos-e-fragil","status":"publish","type":"post","link":"https:\/\/www.gaveanews.com\/index.php\/2025\/04\/29\/muller-crava-ponto-fraco-do-time-do-santos-e-fragil\/","title":{"rendered":"Muller crava ponto fraco do time do Santos: &#8220;\u00e9 fr\u00e1gil\u2026&#8221;"},"content":{"rendered":"\n<p>O in\u00edcio de campanha do Santos na S\u00e9rie A do Campeonato Brasileiro tem gerado forte preocupa\u00e7\u00e3o. Em participa\u00e7\u00e3o no programa <em>Gazeta Esportiva<\/em>, o ex-jogador Muller avaliou a situa\u00e7\u00e3o do clube como alarmante e fez duras cr\u00edticas \u00e0 atua\u00e7\u00e3o da equipe. Segundo ele, o time precisa reagir rapidamente para evitar uma nova luta contra o rebaixamento.<\/p>\n\n\n\n<p>\u201cTime grande n\u00e3o sabe como sair da zona do rebaixamento\u201d, afirmou Muller, destacando que o desempenho atual compromete o planejamento da temporada. O comentarista cobrou a diretoria santista por uma resposta imediata no mercado, ainda que o clube atravesse dificuldades financeiras. Para ele, \u00e9 preciso encontrar alternativas vi\u00e1veis, como parcerias, a fim de refor\u00e7ar o elenco.<\/p>\n\n\n\n<figure class=\"wp-block-image size-full\"><img loading=\"lazy\" decoding=\"async\" width=\"2126\" height=\"1549\" src=\"http:\/\/www.gaveanews.com\/wp-content\/uploads\/Sao-Paulo-e-Santos-pelo-Brasileirao-2025-no-Morumbis.webp\" alt=\"S\u00e3o Paulo e Santos pelo Brasileir\u00e3o 2025, no Morumbis - Foto: Rubens Chiri \/ S\u00e3o Paulo FC\" class=\"wp-image-255806\"\/><figcaption class=\"wp-element-caption\">S\u00e3o Paulo e Santos pelo Brasileir\u00e3o 2025, no Morumbis &#8211; Foto: Rubens Chiri \/ S\u00e3o Paulo FC<\/figcaption><\/figure>\n\n\n\n<p>No momento, o Santos ocupa a pen\u00faltima coloca\u00e7\u00e3o do Brasileir\u00e3o, somando apenas quatro pontos em seis partidas. Est\u00e1 \u00e0 frente apenas do Sport, que ainda n\u00e3o venceu na competi\u00e7\u00e3o. Esse in\u00edcio abaixo do esperado acendeu o alerta entre torcedores e analistas, principalmente pelo hist\u00f3rico recente da equipe em situa\u00e7\u00f5es semelhantes.<\/p>\n\n\n\n<p>Muller tamb\u00e9m destacou a fragilidade defensiva como um dos principais problemas do time. \u201cAcho que o Santos n\u00e3o tem goleiro, n\u00e3o tem defesa. O meio-campo \u00e9 fr\u00e1gil, que n\u00e3o protege a defesa, que fica exposta\u201d, criticou o ex-atacante. At\u00e9 aqui, o clube j\u00e1 foi vazado 25 vezes em 20 jogos na temporada, sendo nove desses gols sofridos nos seis confrontos da S\u00e9rie A.<\/p>\n\n\n\n<p>Enquanto tenta encontrar solu\u00e7\u00f5es no elenco, o Santos volta suas aten\u00e7\u00f5es para outro desafio: a Copa do Brasil. O time enfrentar\u00e1 o CRB nesta quinta-feira (01), \u00e0s 18h (hor\u00e1rio de Bras\u00edlia), no jogo de ida da terceira fase do torneio. A partida ser\u00e1 realizada na Vila Belmiro.<\/p>\n\n\n\n<p>Ali\u00e1s, o confronto marcar\u00e1 a estreia de Cl\u00e9ber Xavier como t\u00e9cnico principal. Substituto de Pedro Caixinha, Cl\u00e9ber assume o comando ap\u00f3s anos atuando como auxiliar t\u00e9cnico, incluindo um longo per\u00edodo ao lado de Tite. Sua miss\u00e3o, a princ\u00edpio, ser\u00e1 estabilizar o desempenho da equipe tanto no mata-mata quanto no Campeonato Brasileiro.<\/p>\n","protected":false},"excerpt":{"rendered":"<p>O in\u00edcio de campanha do Santos na S\u00e9rie A do Campeonato Brasileiro tem gerado forte preocupa\u00e7\u00e3o. Em participa\u00e7\u00e3o no programa Gazeta Esportiva, o ex-jogador Muller avaliou a situa\u00e7\u00e3o do clube como alarmante e fez duras cr\u00edticas \u00e0 atua\u00e7\u00e3o da equipe. Segundo ele, o time precisa reagir rapidamente para evitar uma nova luta contra o rebaixamento. [&hellip;]<\/p>\n","protected":false},"author":27,"featured_media":212474,"comment_status":"open","ping_status":"closed","sticky":false,"template":"","format":"standard","meta":{"footnotes":""},"categories":[139],"tags":[],"class_list":["post-258996","post","type-post","status-publish","format-standard","has-post-thumbnail","hentry","category-santos"],"yoast_head":"<!-- This site is optimized with the Yoast SEO Premium plugin v24.2 (Yoast SEO v26.9) - https:\/\/yoast.com\/product\/yoast-seo-premium-wordpress\/ -->\n<title>Muller crava ponto fraco do time do Santos: &quot;\u00e9 fr\u00e1gil\u2026&quot;<\/title>\n<meta name=\"robots\" content=\"index, follow, max-snippet:-1, max-image-preview:large, max-video-preview:-1\" \/>\n<link rel=\"canonical\" href=\"https:\/\/www.gaveanews.com\/index.php\/2025\/04\/29\/muller-crava-ponto-fraco-do-time-do-santos-e-fragil\/\" \/>\n<meta property=\"og:locale\" content=\"pt_BR\" \/>\n<meta property=\"og:type\" content=\"article\" \/>\n<meta property=\"og:title\" content=\"Muller crava ponto fraco do time do Santos: &quot;\u00e9 fr\u00e1gil\u2026&quot;\" \/>\n<meta property=\"og:description\" content=\"O in\u00edcio de campanha do Santos na S\u00e9rie A do Campeonato Brasileiro tem gerado forte preocupa\u00e7\u00e3o. Em participa\u00e7\u00e3o no programa Gazeta Esportiva, o ex-jogador Muller avaliou a situa\u00e7\u00e3o do clube como alarmante e fez duras cr\u00edticas \u00e0 atua\u00e7\u00e3o da equipe. Segundo ele, o time precisa reagir rapidamente para evitar uma nova luta contra o rebaixamento. [&hellip;]\" \/>\n<meta property=\"og:url\" content=\"https:\/\/www.gaveanews.com\/index.php\/2025\/04\/29\/muller-crava-ponto-fraco-do-time-do-santos-e-fragil\/\" \/>\n<meta property=\"og:site_name\" content=\"G\u00e1vea News\" \/>\n<meta property=\"article:publisher\" content=\"https:\/\/facebook.com\/gaveaNews\/\" \/>\n<meta property=\"article:published_time\" content=\"2025-04-30T02:00:00+00:00\" \/>\n<meta property=\"og:image\" content=\"https:\/\/www.gaveanews.com\/wp-content\/uploads\/Muller-durante-a-programacao-da-ESPN.webp\" \/>\n\t<meta property=\"og:image:width\" content=\"1536\" \/>\n\t<meta property=\"og:image:height\" content=\"864\" \/>\n\t<meta property=\"og:image:type\" content=\"image\/jpeg\" \/>\n<meta name=\"author\" content=\"Matheus Felipe\" \/>\n<meta name=\"twitter:card\" content=\"summary_large_image\" \/>\n<meta name=\"twitter:label1\" content=\"Escrito por\" \/>\n\t<meta name=\"twitter:data1\" content=\"Matheus Felipe\" \/>\n\t<meta name=\"twitter:label2\" content=\"Est. tempo de leitura\" \/>\n\t<meta name=\"twitter:data2\" content=\"3 minutos\" \/>\n<script type=\"application\/ld+json\" class=\"yoast-schema-graph\">{\"@context\":\"https:\/\/schema.org\",\"@graph\":[{\"@type\":\"NewsArticle\",\"@id\":\"https:\/\/www.gaveanews.com\/index.php\/2025\/04\/29\/muller-crava-ponto-fraco-do-time-do-santos-e-fragil\/#article\",\"isPartOf\":{\"@id\":\"https:\/\/www.gaveanews.com\/index.php\/2025\/04\/29\/muller-crava-ponto-fraco-do-time-do-santos-e-fragil\/\"},\"author\":{\"name\":\"Matheus Felipe\",\"@id\":\"https:\/\/www.gaveanews.com\/#\/schema\/person\/8207cd4627f56151707418bfc835b2fb\"},\"headline\":\"Muller crava ponto fraco do time do Santos: &#8220;\u00e9 fr\u00e1gil\u2026&#8221;\",\"datePublished\":\"2025-04-30T02:00:00+00:00\",\"mainEntityOfPage\":{\"@id\":\"https:\/\/www.gaveanews.com\/index.php\/2025\/04\/29\/muller-crava-ponto-fraco-do-time-do-santos-e-fragil\/\"},\"wordCount\":380,\"commentCount\":0,\"image\":{\"@id\":\"https:\/\/www.gaveanews.com\/index.php\/2025\/04\/29\/muller-crava-ponto-fraco-do-time-do-santos-e-fragil\/#primaryimage\"},\"thumbnailUrl\":\"https:\/\/www.gaveanews.com\/wp-content\/uploads\/Muller-durante-a-programacao-da-ESPN.webp\",\"articleSection\":[\"Santos\"],\"inLanguage\":\"pt-BR\",\"potentialAction\":[{\"@type\":\"CommentAction\",\"name\":\"Comment\",\"target\":[\"https:\/\/www.gaveanews.com\/index.php\/2025\/04\/29\/muller-crava-ponto-fraco-do-time-do-santos-e-fragil\/#respond\"]}],\"copyrightYear\":\"2025\",\"copyrightHolder\":{\"@id\":\"https:\/\/www.gaveanews.com\/#organization\"}},{\"@type\":\"WebPage\",\"@id\":\"https:\/\/www.gaveanews.com\/index.php\/2025\/04\/29\/muller-crava-ponto-fraco-do-time-do-santos-e-fragil\/\",\"url\":\"https:\/\/www.gaveanews.com\/index.php\/2025\/04\/29\/muller-crava-ponto-fraco-do-time-do-santos-e-fragil\/\",\"name\":\"Muller crava ponto fraco do time do Santos: \\\"\u00e9 fr\u00e1gil\u2026\\\"\",\"isPartOf\":{\"@id\":\"https:\/\/www.gaveanews.com\/#website\"},\"primaryImageOfPage\":{\"@id\":\"https:\/\/www.gaveanews.com\/index.php\/2025\/04\/29\/muller-crava-ponto-fraco-do-time-do-santos-e-fragil\/#primaryimage\"},\"image\":{\"@id\":\"https:\/\/www.gaveanews.com\/index.php\/2025\/04\/29\/muller-crava-ponto-fraco-do-time-do-santos-e-fragil\/#primaryimage\"},\"thumbnailUrl\":\"https:\/\/www.gaveanews.com\/wp-content\/uploads\/Muller-durante-a-programacao-da-ESPN.webp\",\"datePublished\":\"2025-04-30T02:00:00+00:00\",\"author\":{\"@id\":\"https:\/\/www.gaveanews.com\/#\/schema\/person\/8207cd4627f56151707418bfc835b2fb\"},\"breadcrumb\":{\"@id\":\"https:\/\/www.gaveanews.com\/index.php\/2025\/04\/29\/muller-crava-ponto-fraco-do-time-do-santos-e-fragil\/#breadcrumb\"},\"inLanguage\":\"pt-BR\",\"potentialAction\":[{\"@type\":\"ReadAction\",\"target\":[\"https:\/\/www.gaveanews.com\/index.php\/2025\/04\/29\/muller-crava-ponto-fraco-do-time-do-santos-e-fragil\/\"]}]},{\"@type\":\"ImageObject\",\"inLanguage\":\"pt-BR\",\"@id\":\"https:\/\/www.gaveanews.com\/index.php\/2025\/04\/29\/muller-crava-ponto-fraco-do-time-do-santos-e-fragil\/#primaryimage\",\"url\":\"https:\/\/www.gaveanews.com\/wp-content\/uploads\/Muller-durante-a-programacao-da-ESPN.webp\",\"contentUrl\":\"https:\/\/www.gaveanews.com\/wp-content\/uploads\/Muller-durante-a-programacao-da-ESPN.webp\",\"width\":1536,\"height\":864,\"caption\":\"Muller durante a programa\u00e7\u00e3o da ESPN (Foto: Reprodu\u00e7\u00e3o\/ESPN)\"},{\"@type\":\"BreadcrumbList\",\"@id\":\"https:\/\/www.gaveanews.com\/index.php\/2025\/04\/29\/muller-crava-ponto-fraco-do-time-do-santos-e-fragil\/#breadcrumb\",\"itemListElement\":[{\"@type\":\"ListItem\",\"position\":1,\"name\":\"Home\",\"item\":\"https:\/\/www.gaveanews.com\/\"},{\"@type\":\"ListItem\",\"position\":2,\"name\":\"Muller crava ponto fraco do time do Santos: &#8220;\u00e9 fr\u00e1gil\u2026&#8221;\"}]},{\"@type\":\"WebSite\",\"@id\":\"https:\/\/www.gaveanews.com\/#website\",\"url\":\"https:\/\/www.gaveanews.com\/\",\"name\":\"G\u00e1vea News\",\"description\":\"Veja todas as not\u00edcias sobre o Flamengo: Contrata\u00e7\u00f5es, categorias de base, resultados das partidas, tabela de classifica\u00e7\u00e3o, pr\u00f3ximos jogos!\",\"potentialAction\":[{\"@type\":\"SearchAction\",\"target\":{\"@type\":\"EntryPoint\",\"urlTemplate\":\"https:\/\/www.gaveanews.com\/?s={search_term_string}\"},\"query-input\":{\"@type\":\"PropertyValueSpecification\",\"valueRequired\":true,\"valueName\":\"search_term_string\"}}],\"inLanguage\":\"pt-BR\"},{\"@type\":\"Person\",\"@id\":\"https:\/\/www.gaveanews.com\/#\/schema\/person\/8207cd4627f56151707418bfc835b2fb\",\"name\":\"Matheus Felipe\",\"image\":{\"@type\":\"ImageObject\",\"inLanguage\":\"pt-BR\",\"@id\":\"https:\/\/www.gaveanews.com\/#\/schema\/person\/image\/\",\"url\":\"https:\/\/secure.gravatar.com\/avatar\/a452ffbed9130f726358b298bb3a99ce4bd3c5338411f8440e87e14d74c7c087?s=96&d=mm&r=g\",\"contentUrl\":\"https:\/\/secure.gravatar.com\/avatar\/a452ffbed9130f726358b298bb3a99ce4bd3c5338411f8440e87e14d74c7c087?s=96&d=mm&r=g\",\"caption\":\"Matheus Felipe\"}}]}<\/script>\n<!-- \/ Yoast SEO Premium plugin. -->","yoast_head_json":{"title":"Muller crava ponto fraco do time do Santos: \"\u00e9 fr\u00e1gil\u2026\"","robots":{"index":"index","follow":"follow","max-snippet":"max-snippet:-1","max-image-preview":"max-image-preview:large","max-video-preview":"max-video-preview:-1"},"canonical":"https:\/\/www.gaveanews.com\/index.php\/2025\/04\/29\/muller-crava-ponto-fraco-do-time-do-santos-e-fragil\/","og_locale":"pt_BR","og_type":"article","og_title":"Muller crava ponto fraco do time do Santos: \"\u00e9 fr\u00e1gil\u2026\"","og_description":"O in\u00edcio de campanha do Santos na S\u00e9rie A do Campeonato Brasileiro tem gerado forte preocupa\u00e7\u00e3o. Em participa\u00e7\u00e3o no programa Gazeta Esportiva, o ex-jogador Muller avaliou a situa\u00e7\u00e3o do clube como alarmante e fez duras cr\u00edticas \u00e0 atua\u00e7\u00e3o da equipe. Segundo ele, o time precisa reagir rapidamente para evitar uma nova luta contra o rebaixamento. [&hellip;]","og_url":"https:\/\/www.gaveanews.com\/index.php\/2025\/04\/29\/muller-crava-ponto-fraco-do-time-do-santos-e-fragil\/","og_site_name":"G\u00e1vea News","article_publisher":"https:\/\/facebook.com\/gaveaNews\/","article_published_time":"2025-04-30T02:00:00+00:00","og_image":[{"width":1536,"height":864,"url":"https:\/\/www.gaveanews.com\/wp-content\/uploads\/Muller-durante-a-programacao-da-ESPN.webp","type":"image\/jpeg"}],"author":"Matheus Felipe","twitter_card":"summary_large_image","twitter_misc":{"Escrito por":"Matheus Felipe","Est. tempo de leitura":"3 minutos"},"schema":{"@context":"https:\/\/schema.org","@graph":[{"@type":"NewsArticle","@id":"https:\/\/www.gaveanews.com\/index.php\/2025\/04\/29\/muller-crava-ponto-fraco-do-time-do-santos-e-fragil\/#article","isPartOf":{"@id":"https:\/\/www.gaveanews.com\/index.php\/2025\/04\/29\/muller-crava-ponto-fraco-do-time-do-santos-e-fragil\/"},"author":{"name":"Matheus Felipe","@id":"https:\/\/www.gaveanews.com\/#\/schema\/person\/8207cd4627f56151707418bfc835b2fb"},"headline":"Muller crava ponto fraco do time do Santos: &#8220;\u00e9 fr\u00e1gil\u2026&#8221;","datePublished":"2025-04-30T02:00:00+00:00","mainEntityOfPage":{"@id":"https:\/\/www.gaveanews.com\/index.php\/2025\/04\/29\/muller-crava-ponto-fraco-do-time-do-santos-e-fragil\/"},"wordCount":380,"commentCount":0,"image":{"@id":"https:\/\/www.gaveanews.com\/index.php\/2025\/04\/29\/muller-crava-ponto-fraco-do-time-do-santos-e-fragil\/#primaryimage"},"thumbnailUrl":"https:\/\/www.gaveanews.com\/wp-content\/uploads\/Muller-durante-a-programacao-da-ESPN.webp","articleSection":["Santos"],"inLanguage":"pt-BR","potentialAction":[{"@type":"CommentAction","name":"Comment","target":["https:\/\/www.gaveanews.com\/index.php\/2025\/04\/29\/muller-crava-ponto-fraco-do-time-do-santos-e-fragil\/#respond"]}],"copyrightYear":"2025","copyrightHolder":{"@id":"https:\/\/www.gaveanews.com\/#organization"}},{"@type":"WebPage","@id":"https:\/\/www.gaveanews.com\/index.php\/2025\/04\/29\/muller-crava-ponto-fraco-do-time-do-santos-e-fragil\/","url":"https:\/\/www.gaveanews.com\/index.php\/2025\/04\/29\/muller-crava-ponto-fraco-do-time-do-santos-e-fragil\/","name":"Muller crava ponto fraco do time do Santos: \"\u00e9 fr\u00e1gil\u2026\"","isPartOf":{"@id":"https:\/\/www.gaveanews.com\/#website"},"primaryImageOfPage":{"@id":"https:\/\/www.gaveanews.com\/index.php\/2025\/04\/29\/muller-crava-ponto-fraco-do-time-do-santos-e-fragil\/#primaryimage"},"image":{"@id":"https:\/\/www.gaveanews.com\/index.php\/2025\/04\/29\/muller-crava-ponto-fraco-do-time-do-santos-e-fragil\/#primaryimage"},"thumbnailUrl":"https:\/\/www.gaveanews.com\/wp-content\/uploads\/Muller-durante-a-programacao-da-ESPN.webp","datePublished":"2025-04-30T02:00:00+00:00","author":{"@id":"https:\/\/www.gaveanews.com\/#\/schema\/person\/8207cd4627f56151707418bfc835b2fb"},"breadcrumb":{"@id":"https:\/\/www.gaveanews.com\/index.php\/2025\/04\/29\/muller-crava-ponto-fraco-do-time-do-santos-e-fragil\/#breadcrumb"},"inLanguage":"pt-BR","potentialAction":[{"@type":"ReadAction","target":["https:\/\/www.gaveanews.com\/index.php\/2025\/04\/29\/muller-crava-ponto-fraco-do-time-do-santos-e-fragil\/"]}]},{"@type":"ImageObject","inLanguage":"pt-BR","@id":"https:\/\/www.gaveanews.com\/index.php\/2025\/04\/29\/muller-crava-ponto-fraco-do-time-do-santos-e-fragil\/#primaryimage","url":"https:\/\/www.gaveanews.com\/wp-content\/uploads\/Muller-durante-a-programacao-da-ESPN.webp","contentUrl":"https:\/\/www.gaveanews.com\/wp-content\/uploads\/Muller-durante-a-programacao-da-ESPN.webp","width":1536,"height":864,"caption":"Muller durante a programa\u00e7\u00e3o da ESPN (Foto: Reprodu\u00e7\u00e3o\/ESPN)"},{"@type":"BreadcrumbList","@id":"https:\/\/www.gaveanews.com\/index.php\/2025\/04\/29\/muller-crava-ponto-fraco-do-time-do-santos-e-fragil\/#breadcrumb","itemListElement":[{"@type":"ListItem","position":1,"name":"Home","item":"https:\/\/www.gaveanews.com\/"},{"@type":"ListItem","position":2,"name":"Muller crava ponto fraco do time do Santos: &#8220;\u00e9 fr\u00e1gil\u2026&#8221;"}]},{"@type":"WebSite","@id":"https:\/\/www.gaveanews.com\/#website","url":"https:\/\/www.gaveanews.com\/","name":"G\u00e1vea News","description":"Veja todas as not\u00edcias sobre o Flamengo: Contrata\u00e7\u00f5es, categorias de base, resultados das partidas, tabela de classifica\u00e7\u00e3o, pr\u00f3ximos jogos!","potentialAction":[{"@type":"SearchAction","target":{"@type":"EntryPoint","urlTemplate":"https:\/\/www.gaveanews.com\/?s={search_term_string}"},"query-input":{"@type":"PropertyValueSpecification","valueRequired":true,"valueName":"search_term_string"}}],"inLanguage":"pt-BR"},{"@type":"Person","@id":"https:\/\/www.gaveanews.com\/#\/schema\/person\/8207cd4627f56151707418bfc835b2fb","name":"Matheus Felipe","image":{"@type":"ImageObject","inLanguage":"pt-BR","@id":"https:\/\/www.gaveanews.com\/#\/schema\/person\/image\/","url":"https:\/\/secure.gravatar.com\/avatar\/a452ffbed9130f726358b298bb3a99ce4bd3c5338411f8440e87e14d74c7c087?s=96&d=mm&r=g","contentUrl":"https:\/\/secure.gravatar.com\/avatar\/a452ffbed9130f726358b298bb3a99ce4bd3c5338411f8440e87e14d74c7c087?s=96&d=mm&r=g","caption":"Matheus Felipe"}}]}},"_links":{"self":[{"href":"https:\/\/www.gaveanews.com\/index.php\/wp-json\/wp\/v2\/posts\/258996","targetHints":{"allow":["GET"]}}],"collection":[{"href":"https:\/\/www.gaveanews.com\/index.php\/wp-json\/wp\/v2\/posts"}],"about":[{"href":"https:\/\/www.gaveanews.com\/index.php\/wp-json\/wp\/v2\/types\/post"}],"author":[{"embeddable":true,"href":"https:\/\/www.gaveanews.com\/index.php\/wp-json\/wp\/v2\/users\/27"}],"replies":[{"embeddable":true,"href":"https:\/\/www.gaveanews.com\/index.php\/wp-json\/wp\/v2\/comments?post=258996"}],"version-history":[{"count":1,"href":"https:\/\/www.gaveanews.com\/index.php\/wp-json\/wp\/v2\/posts\/258996\/revisions"}],"predecessor-version":[{"id":258999,"href":"https:\/\/www.gaveanews.com\/index.php\/wp-json\/wp\/v2\/posts\/258996\/revisions\/258999"}],"wp:featuredmedia":[{"embeddable":true,"href":"https:\/\/www.gaveanews.com\/index.php\/wp-json\/wp\/v2\/media\/212474"}],"wp:attachment":[{"href":"https:\/\/www.gaveanews.com\/index.php\/wp-json\/wp\/v2\/media?parent=258996"}],"wp:term":[{"taxonomy":"category","embeddable":true,"href":"https:\/\/www.gaveanews.com\/index.php\/wp-json\/wp\/v2\/categories?post=258996"},{"taxonomy":"post_tag","embeddable":true,"href":"https:\/\/www.gaveanews.com\/index.php\/wp-json\/wp\/v2\/tags?post=258996"}],"curies":[{"name":"wp","href":"https:\/\/api.w.org\/{rel}","templated":true}]}}